{"id":4267,"date":"2022-09-14T16:31:32","date_gmt":"2022-09-14T19:31:32","guid":{"rendered":"http:\/\/portalmf.com.br\/?p=4267"},"modified":"2022-09-14T16:31:34","modified_gmt":"2022-09-14T19:31:34","slug":"jeronimo-se-compromete-a-zerar-a-fila-do-sistema-de-regulacao","status":"publish","type":"post","link":"https:\/\/portalmf.com.br\/index.php\/2022\/09\/14\/jeronimo-se-compromete-a-zerar-a-fila-do-sistema-de-regulacao\/","title":{"rendered":"Jer\u00f4nimo se compromete a zerar a fila do sistema de regula\u00e7\u00e3o"},"content":{"rendered":"\n<p>O candidato a governador Jer\u00f4nimo Rodrigues (PT) se comprometeu a zerar a fila da regula\u00e7\u00e3o no Estado durante seu mandato, na sabatina promovida, nesta quarta-feira (14), pela TV Bahia. <em>\u201cVou assumir um Estado com uma infraestrutura grande e moderna na Sa\u00fade, e que continua crescendo\u201d, contou Jer\u00f4nimo. \u201cFizemos o maior investimento do Pa\u00eds em Sa\u00fade. Vamos garantir o que j\u00e1 foi feito, seguir investindo na infraestrutura e fazer funcionar plenamente os equipamento<\/em>s.\u201d<\/p>\n\n\n\n<p><em>\u201cNossos governos, do time que cuida de gente, j\u00e1 entregaram mais de 20 hospitais regionais e vamos entregar mais sete\u201d, <\/em>conta o candidato. <em>\u201cHoje, mesmo, o governador Rui Costa est\u00e1 inaugurando o Hospital do Homem (unidade anexa ao Hospital-Geral Roberto Santos, em Salvador). Ontem, em Irec\u00ea, entregou uma unidade de alta complexidade. J\u00e1 entregamos 24 policl\u00ednicas. Vamos entregar mais seis. Policl\u00ednicas (praticamente) n\u00e3o existiam antes, na Bahia. Estamos em contato frequente com os munic\u00edpios, analisando possibilidades (de ampliar o atendimento). Entre muitas outras a\u00e7\u00f5es.\u201d<\/em><\/p>\n\n\n\n<p>De acordo com Jer\u00f4nimo, os novos equipamentos entregues pelo governo demandam tempo para que tenham plena capacidade de atendimento.<em> \u201cAinda n\u00e3o deu tempo para os hospitais e as policl\u00ednicas funcionarem a \u2018todo vapor\u2019\u201d,<\/em> argumenta. \u201cMas encontrarei um Estado com equipamentos novos, modernos e bem distribu\u00eddos, mais perto da popula\u00e7\u00e3o de toda a Bahia, o que nos permitir\u00e1 zerar a fila da regula\u00e7\u00e3o.\u201d<\/p>\n\n\n\n<p>O candidato tamb\u00e9m fez uma defesa enf\u00e1tica do sistema de regula\u00e7\u00e3o, implementada pelos governos do PT no Estado, baseada na pr\u00f3pria experi\u00eancia pessoal.<em> \u201cEu mesmo sofri muito com a falta da regula\u00e7\u00e3o\u201d,<\/em> explicou. <em>\u201cNo lugar em que eu nasci (Aiquara), o hospital mais pr\u00f3ximo ficava em Jequi\u00e9, o Hospital Prado Valadares. Ali, s\u00f3 era atendido quem tinha \u201cpistol\u00e3o\u201d, quem conhecia o diretor do hospital. Era um neg\u00f3cio vergonhoso. A regula\u00e7\u00e3o entrou para acabar com isso.\u201d<\/em><\/p>\n","protected":false},"excerpt":{"rendered":"<p>O candidato a governador Jer\u00f4nimo Rodrigues (PT) se comprometeu a zerar a fila da regula\u00e7\u00e3o no Estado durante seu mandato, na sabatina promovida, nesta quarta-feira (14), pela TV Bahia. \u201cVou assumir um Estado com uma infraestrutura grande e moderna na Sa\u00fade, e que continua crescendo\u201d, contou Jer\u00f4nimo. \u201cFizemos o maior investimento do Pa\u00eds em Sa\u00fade. [&hellip;]<\/p>\n","protected":false},"author":2,"featured_media":4268,"comment_status":"open","ping_status":"open","sticky":false,"template":"","format":"standard","meta":{"_monsterinsights_skip_tracking":false,"_monsterinsights_sitenote_active":false,"_monsterinsights_sitenote_note":"","_monsterinsights_sitenote_category":0,"footnotes":""},"categories":[34],"tags":[],"yoast_head":"<!-- This site is optimized with the Yoast SEO plugin v22.9 - https:\/\/yoast.com\/wordpress\/plugins\/seo\/ -->\n<title>Jer\u00f4nimo se compromete a zerar a fila do sistema de regula\u00e7\u00e3o - Portal MF<\/title>\n<meta name=\"robots\" content=\"index, follow, max-snippet:-1, max-image-preview:large, max-video-preview:-1\" \/>\n<link rel=\"canonical\" href=\"https:\/\/portalmf.com.br\/index.php\/2022\/09\/14\/jeronimo-se-compromete-a-zerar-a-fila-do-sistema-de-regulacao\/\" \/>\n<meta property=\"og:locale\" content=\"pt_BR\" \/>\n<meta property=\"og:type\" content=\"article\" \/>\n<meta property=\"og:title\" content=\"Jer\u00f4nimo se compromete a zerar a fila do sistema de regula\u00e7\u00e3o - Portal MF\" \/>\n<meta property=\"og:description\" content=\"O candidato a governador Jer\u00f4nimo Rodrigues (PT) se comprometeu a zerar a fila da regula\u00e7\u00e3o no Estado durante seu mandato, na sabatina promovida, nesta quarta-feira (14), pela TV Bahia. \u201cVou assumir um Estado com uma infraestrutura grande e moderna na Sa\u00fade, e que continua crescendo\u201d, contou Jer\u00f4nimo. \u201cFizemos o maior investimento do Pa\u00eds em Sa\u00fade. [&hellip;]\" \/>\n<meta property=\"og:url\" content=\"https:\/\/portalmf.com.br\/index.php\/2022\/09\/14\/jeronimo-se-compromete-a-zerar-a-fila-do-sistema-de-regulacao\/\" \/>\n<meta property=\"og:site_name\" content=\"Portal MF\" \/>\n<meta property=\"article:author\" content=\"reginaldojrfsa\" \/>\n<meta property=\"article:published_time\" content=\"2022-09-14T19:31:32+00:00\" \/>\n<meta property=\"article:modified_time\" content=\"2022-09-14T19:31:34+00:00\" \/>\n<meta property=\"og:image\" content=\"https:\/\/portalmf.com.br\/wp-content\/uploads\/2022\/09\/Jeronimo-se-compromete-a-zerar-a-fila-do-sistema-de-regulacao.jpeg\" \/>\n\t<meta property=\"og:image:width\" content=\"1600\" \/>\n\t<meta property=\"og:image:height\" content=\"900\" \/>\n\t<meta property=\"og:image:type\" content=\"image\/jpeg\" \/>\n<meta name=\"author\" content=\"Reginaldo J\u00fanior\" \/>\n<meta name=\"twitter:card\" content=\"summary_large_image\" \/>\n<meta name=\"twitter:creator\" content=\"@reginaldojrmf\" \/>\n<meta name=\"twitter:label1\" content=\"Escrito por\" \/>\n\t<meta name=\"twitter:data1\" content=\"Reginaldo J\u00fanior\" \/>\n\t<meta name=\"twitter:label2\" content=\"Est. tempo de leitura\" \/>\n\t<meta name=\"twitter:data2\" content=\"2 minutos\" \/>\n<script type=\"application\/ld+json\" class=\"yoast-schema-graph\">{\"@context\":\"https:\/\/schema.org\",\"@graph\":[{\"@type\":\"WebPage\",\"@id\":\"https:\/\/portalmf.com.br\/index.php\/2022\/09\/14\/jeronimo-se-compromete-a-zerar-a-fila-do-sistema-de-regulacao\/\",\"url\":\"https:\/\/portalmf.com.br\/index.php\/2022\/09\/14\/jeronimo-se-compromete-a-zerar-a-fila-do-sistema-de-regulacao\/\",\"name\":\"Jer\u00f4nimo se compromete a zerar a fila do sistema de regula\u00e7\u00e3o - Portal MF\",\"isPartOf\":{\"@id\":\"https:\/\/portalmf.com.br\/#website\"},\"primaryImageOfPage\":{\"@id\":\"https:\/\/portalmf.com.br\/index.php\/2022\/09\/14\/jeronimo-se-compromete-a-zerar-a-fila-do-sistema-de-regulacao\/#primaryimage\"},\"image\":{\"@id\":\"https:\/\/portalmf.com.br\/index.php\/2022\/09\/14\/jeronimo-se-compromete-a-zerar-a-fila-do-sistema-de-regulacao\/#primaryimage\"},\"thumbnailUrl\":\"https:\/\/portalmf.com.br\/wp-content\/uploads\/2022\/09\/Jeronimo-se-compromete-a-zerar-a-fila-do-sistema-de-regulacao.jpeg\",\"datePublished\":\"2022-09-14T19:31:32+00:00\",\"dateModified\":\"2022-09-14T19:31:34+00:00\",\"author\":{\"@id\":\"https:\/\/portalmf.com.br\/#\/schema\/person\/11c82086fe8abc05a19147e964587285\"},\"breadcrumb\":{\"@id\":\"https:\/\/portalmf.com.br\/index.php\/2022\/09\/14\/jeronimo-se-compromete-a-zerar-a-fila-do-sistema-de-regulacao\/#breadcrumb\"},\"inLanguage\":\"pt-BR\",\"potentialAction\":[{\"@type\":\"ReadAction\",\"target\":[\"https:\/\/portalmf.com.br\/index.php\/2022\/09\/14\/jeronimo-se-compromete-a-zerar-a-fila-do-sistema-de-regulacao\/\"]}]},{\"@type\":\"ImageObject\",\"inLanguage\":\"pt-BR\",\"@id\":\"https:\/\/portalmf.com.br\/index.php\/2022\/09\/14\/jeronimo-se-compromete-a-zerar-a-fila-do-sistema-de-regulacao\/#primaryimage\",\"url\":\"https:\/\/portalmf.com.br\/wp-content\/uploads\/2022\/09\/Jeronimo-se-compromete-a-zerar-a-fila-do-sistema-de-regulacao.jpeg\",\"contentUrl\":\"https:\/\/portalmf.com.br\/wp-content\/uploads\/2022\/09\/Jeronimo-se-compromete-a-zerar-a-fila-do-sistema-de-regulacao.jpeg\",\"width\":1600,\"height\":900},{\"@type\":\"BreadcrumbList\",\"@id\":\"https:\/\/portalmf.com.br\/index.php\/2022\/09\/14\/jeronimo-se-compromete-a-zerar-a-fila-do-sistema-de-regulacao\/#breadcrumb\",\"itemListElement\":[{\"@type\":\"ListItem\",\"position\":1,\"name\":\"In\u00edcio\",\"item\":\"https:\/\/portalmf.com.br\/\"},{\"@type\":\"ListItem\",\"position\":2,\"name\":\"Jer\u00f4nimo se compromete a zerar a fila do sistema de regula\u00e7\u00e3o\"}]},{\"@type\":\"WebSite\",\"@id\":\"https:\/\/portalmf.com.br\/#website\",\"url\":\"https:\/\/portalmf.com.br\/\",\"name\":\"Portal MF\",\"description\":\"Voc\u00ea conectado com a informa\u00e7\u00e3o\",\"potentialAction\":[{\"@type\":\"SearchAction\",\"target\":{\"@type\":\"EntryPoint\",\"urlTemplate\":\"https:\/\/portalmf.com.br\/?s={search_term_string}\"},\"query-input\":\"required name=search_term_string\"}],\"inLanguage\":\"pt-BR\"},{\"@type\":\"Person\",\"@id\":\"https:\/\/portalmf.com.br\/#\/schema\/person\/11c82086fe8abc05a19147e964587285\",\"name\":\"Reginaldo J\u00fanior\",\"image\":{\"@type\":\"ImageObject\",\"inLanguage\":\"pt-BR\",\"@id\":\"https:\/\/portalmf.com.br\/#\/schema\/person\/image\/\",\"url\":\"https:\/\/secure.gravatar.com\/avatar\/32a3c797cd0ac47cc53b8644c62776f9?s=96&d=mm&r=g\",\"contentUrl\":\"https:\/\/secure.gravatar.com\/avatar\/32a3c797cd0ac47cc53b8644c62776f9?s=96&d=mm&r=g\",\"caption\":\"Reginaldo J\u00fanior\"},\"description\":\"Jornalista e idealizador Portal MF\",\"sameAs\":[\"https:\/\/portalmf.com.br\/index.php\/author\/reginaldojr\/\",\"reginaldojrfsa\",\"reginaldojuniormf\",\"https:\/\/x.com\/reginaldojrmf\"],\"url\":\"https:\/\/portalmf.com.br\/index.php\/author\/reginaldojr\/\"}]}<\/script>\n<!-- \/ Yoast SEO plugin. -->","yoast_head_json":{"title":"Jer\u00f4nimo se compromete a zerar a fila do sistema de regula\u00e7\u00e3o - Portal MF","robots":{"index":"index","follow":"follow","max-snippet":"max-snippet:-1","max-image-preview":"max-image-preview:large","max-video-preview":"max-video-preview:-1"},"canonical":"https:\/\/portalmf.com.br\/index.php\/2022\/09\/14\/jeronimo-se-compromete-a-zerar-a-fila-do-sistema-de-regulacao\/","og_locale":"pt_BR","og_type":"article","og_title":"Jer\u00f4nimo se compromete a zerar a fila do sistema de regula\u00e7\u00e3o - Portal MF","og_description":"O candidato a governador Jer\u00f4nimo Rodrigues (PT) se comprometeu a zerar a fila da regula\u00e7\u00e3o no Estado durante seu mandato, na sabatina promovida, nesta quarta-feira (14), pela TV Bahia. \u201cVou assumir um Estado com uma infraestrutura grande e moderna na Sa\u00fade, e que continua crescendo\u201d, contou Jer\u00f4nimo. \u201cFizemos o maior investimento do Pa\u00eds em Sa\u00fade. [&hellip;]","og_url":"https:\/\/portalmf.com.br\/index.php\/2022\/09\/14\/jeronimo-se-compromete-a-zerar-a-fila-do-sistema-de-regulacao\/","og_site_name":"Portal MF","article_author":"reginaldojrfsa","article_published_time":"2022-09-14T19:31:32+00:00","article_modified_time":"2022-09-14T19:31:34+00:00","og_image":[{"width":1600,"height":900,"url":"https:\/\/portalmf.com.br\/wp-content\/uploads\/2022\/09\/Jeronimo-se-compromete-a-zerar-a-fila-do-sistema-de-regulacao.jpeg","type":"image\/jpeg"}],"author":"Reginaldo J\u00fanior","twitter_card":"summary_large_image","twitter_creator":"@reginaldojrmf","twitter_misc":{"Escrito por":"Reginaldo J\u00fanior","Est. tempo de leitura":"2 minutos"},"schema":{"@context":"https:\/\/schema.org","@graph":[{"@type":"WebPage","@id":"https:\/\/portalmf.com.br\/index.php\/2022\/09\/14\/jeronimo-se-compromete-a-zerar-a-fila-do-sistema-de-regulacao\/","url":"https:\/\/portalmf.com.br\/index.php\/2022\/09\/14\/jeronimo-se-compromete-a-zerar-a-fila-do-sistema-de-regulacao\/","name":"Jer\u00f4nimo se compromete a zerar a fila do sistema de regula\u00e7\u00e3o - Portal MF","isPartOf":{"@id":"https:\/\/portalmf.com.br\/#website"},"primaryImageOfPage":{"@id":"https:\/\/portalmf.com.br\/index.php\/2022\/09\/14\/jeronimo-se-compromete-a-zerar-a-fila-do-sistema-de-regulacao\/#primaryimage"},"image":{"@id":"https:\/\/portalmf.com.br\/index.php\/2022\/09\/14\/jeronimo-se-compromete-a-zerar-a-fila-do-sistema-de-regulacao\/#primaryimage"},"thumbnailUrl":"https:\/\/portalmf.com.br\/wp-content\/uploads\/2022\/09\/Jeronimo-se-compromete-a-zerar-a-fila-do-sistema-de-regulacao.jpeg","datePublished":"2022-09-14T19:31:32+00:00","dateModified":"2022-09-14T19:31:34+00:00","author":{"@id":"https:\/\/portalmf.com.br\/#\/schema\/person\/11c82086fe8abc05a19147e964587285"},"breadcrumb":{"@id":"https:\/\/portalmf.com.br\/index.php\/2022\/09\/14\/jeronimo-se-compromete-a-zerar-a-fila-do-sistema-de-regulacao\/#breadcrumb"},"inLanguage":"pt-BR","potentialAction":[{"@type":"ReadAction","target":["https:\/\/portalmf.com.br\/index.php\/2022\/09\/14\/jeronimo-se-compromete-a-zerar-a-fila-do-sistema-de-regulacao\/"]}]},{"@type":"ImageObject","inLanguage":"pt-BR","@id":"https:\/\/portalmf.com.br\/index.php\/2022\/09\/14\/jeronimo-se-compromete-a-zerar-a-fila-do-sistema-de-regulacao\/#primaryimage","url":"https:\/\/portalmf.com.br\/wp-content\/uploads\/2022\/09\/Jeronimo-se-compromete-a-zerar-a-fila-do-sistema-de-regulacao.jpeg","contentUrl":"https:\/\/portalmf.com.br\/wp-content\/uploads\/2022\/09\/Jeronimo-se-compromete-a-zerar-a-fila-do-sistema-de-regulacao.jpeg","width":1600,"height":900},{"@type":"BreadcrumbList","@id":"https:\/\/portalmf.com.br\/index.php\/2022\/09\/14\/jeronimo-se-compromete-a-zerar-a-fila-do-sistema-de-regulacao\/#breadcrumb","itemListElement":[{"@type":"ListItem","position":1,"name":"In\u00edcio","item":"https:\/\/portalmf.com.br\/"},{"@type":"ListItem","position":2,"name":"Jer\u00f4nimo se compromete a zerar a fila do sistema de regula\u00e7\u00e3o"}]},{"@type":"WebSite","@id":"https:\/\/portalmf.com.br\/#website","url":"https:\/\/portalmf.com.br\/","name":"Portal MF","description":"Voc\u00ea conectado com a informa\u00e7\u00e3o","potentialAction":[{"@type":"SearchAction","target":{"@type":"EntryPoint","urlTemplate":"https:\/\/portalmf.com.br\/?s={search_term_string}"},"query-input":"required name=search_term_string"}],"inLanguage":"pt-BR"},{"@type":"Person","@id":"https:\/\/portalmf.com.br\/#\/schema\/person\/11c82086fe8abc05a19147e964587285","name":"Reginaldo J\u00fanior","image":{"@type":"ImageObject","inLanguage":"pt-BR","@id":"https:\/\/portalmf.com.br\/#\/schema\/person\/image\/","url":"https:\/\/secure.gravatar.com\/avatar\/32a3c797cd0ac47cc53b8644c62776f9?s=96&d=mm&r=g","contentUrl":"https:\/\/secure.gravatar.com\/avatar\/32a3c797cd0ac47cc53b8644c62776f9?s=96&d=mm&r=g","caption":"Reginaldo J\u00fanior"},"description":"Jornalista e idealizador Portal MF","sameAs":["https:\/\/portalmf.com.br\/index.php\/author\/reginaldojr\/","reginaldojrfsa","reginaldojuniormf","https:\/\/x.com\/reginaldojrmf"],"url":"https:\/\/portalmf.com.br\/index.php\/author\/reginaldojr\/"}]}},"_links":{"self":[{"href":"https:\/\/portalmf.com.br\/index.php\/wp-json\/wp\/v2\/posts\/4267"}],"collection":[{"href":"https:\/\/portalmf.com.br\/index.php\/wp-json\/wp\/v2\/posts"}],"about":[{"href":"https:\/\/portalmf.com.br\/index.php\/wp-json\/wp\/v2\/types\/post"}],"author":[{"embeddable":true,"href":"https:\/\/portalmf.com.br\/index.php\/wp-json\/wp\/v2\/users\/2"}],"replies":[{"embeddable":true,"href":"https:\/\/portalmf.com.br\/index.php\/wp-json\/wp\/v2\/comments?post=4267"}],"version-history":[{"count":1,"href":"https:\/\/portalmf.com.br\/index.php\/wp-json\/wp\/v2\/posts\/4267\/revisions"}],"predecessor-version":[{"id":4269,"href":"https:\/\/portalmf.com.br\/index.php\/wp-json\/wp\/v2\/posts\/4267\/revisions\/4269"}],"wp:featuredmedia":[{"embeddable":true,"href":"https:\/\/portalmf.com.br\/index.php\/wp-json\/wp\/v2\/media\/4268"}],"wp:attachment":[{"href":"https:\/\/portalmf.com.br\/index.php\/wp-json\/wp\/v2\/media?parent=4267"}],"wp:term":[{"taxonomy":"category","embeddable":true,"href":"https:\/\/portalmf.com.br\/index.php\/wp-json\/wp\/v2\/categories?post=4267"},{"taxonomy":"post_tag","embeddable":true,"href":"https:\/\/portalmf.com.br\/index.php\/wp-json\/wp\/v2\/tags?post=4267"}],"curies":[{"name":"wp","href":"https:\/\/api.w.org\/{rel}","templated":true}]}}