{"id":4264,"date":"2022-09-14T16:29:13","date_gmt":"2022-09-14T19:29:13","guid":{"rendered":"http:\/\/portalmf.com.br\/?p=4264"},"modified":"2022-09-14T16:29:15","modified_gmt":"2022-09-14T19:29:15","slug":"acm-neto-reune-no-mesmo-palanque-em-candeias-apoio-de-prefeito-e-oposicao-na-cidade","status":"publish","type":"post","link":"https:\/\/portalmf.com.br\/index.php\/2022\/09\/14\/acm-neto-reune-no-mesmo-palanque-em-candeias-apoio-de-prefeito-e-oposicao-na-cidade\/","title":{"rendered":"ACM Neto re\u00fane no mesmo palanque em Candeias apoio de prefeito e oposi\u00e7\u00e3o na cidade"},"content":{"rendered":"\n<p>O candidato a governador ACM Neto (Uni\u00e3o Brasil) reuniu no mesmo palanque as chamadas \u201cbanda A\u201d e \u201cbanda B\u201d de Candeias durante com\u00edcio no munic\u00edpio da regi\u00e3o metropolitana de Salvador na noite desta ter\u00e7a-feira (13). Participaram do evento pol\u00edtico, que reuniu uma multid\u00e3o na Rua da Igreja, o prefeito da cidade, Dr. Pit\u00e1goras (PP), e a ex-prefeita Tonha Magalh\u00e3es (Uni\u00e3o Brasil). Em seu discurso, o ex-prefeito de Salvador ressaltou que a reuni\u00e3o das duas principais for\u00e7as pol\u00edticas da cidade \u00e9 uma demonstra\u00e7\u00e3o de compromisso coletivo com o futuro da Bahia.<\/p>\n\n\n\n<p>\u201cEsses l\u00edderes pol\u00edticos n\u00e3o estariam reunidos no mesmo palanque se n\u00e3o fosse para abra\u00e7ar uma causa que eles compreendem que \u00e9 muito maior do que as disputas locais e as diferen\u00e7as pol\u00edticas. \u00c9 por uma causa que, no fundo, diz respeito \u00e0 vida de todos os baianos. Porque \u00e9 isso que est\u00e1 em jogo\u201d, disse.<\/p>\n\n\n\n<p>\u201cCada l\u00edder pol\u00edtico que p\u00f4de se manifestar aqui demonstrou maturidade, responsabilidade e esp\u00edrito p\u00fablico. Eu sei que no passado era imposs\u00edvel juntar lideran\u00e7as que, de maneira leg\u00edtima, t\u00eam as suas diferen\u00e7as locais. Entretanto, estamos vendo hoje, que mais do que o projeto pol\u00edtico individual, n\u00f3s temos um compromisso coletivo com a Bahia. E \u00e9 por isso que eu tenho aqui ao meu lado o prefeito desta cidade, que tem o respaldo, o reconhecimento e o carinho do seu povo, Dr. Pit\u00e1goras, e a ex-prefeita e grande lideran\u00e7a pol\u00edtica de Candeias, Tonha Magalh\u00e3es\u201d, apontou o candidato.<\/p>\n\n\n\n<p>Dr. Pit\u00e1goras enfatizou que o ato representou um exemplo de democracia. \u201cN\u00f3s estamos nos unindo \u00e0 sua for\u00e7a, \u00e0 sua coragem porque temos certeza que voc\u00ea \u00e9 o melhor nome para a Bahia. Nesse momento, n\u00f3s deixamos as nossas diferen\u00e7as municipais de lado, para prezar pela transforma\u00e7\u00e3o da Bahia. Porque queremos o melhor para a Bahia, e ningu\u00e9m melhor que esse jovem que transformou a cidade de Salvador\u201d, destacou o prefeito de Candeias.<\/p>\n\n\n\n<p>Tonha Magalh\u00e3es tamb\u00e9m exaltou a boa gest\u00e3o feita por Neto em Salvador, e afirmou que o ex-prefeito da capital baiana j\u00e1 deu exemplo de que sabe percorrer o caminho do desenvolvimento econ\u00f4mico e do combate aos problemas que mais atingem a vida da popula\u00e7\u00e3o. <em>\u201cCandeias e a Bahia precisam de pessoas que nos defendam, que tragam benef\u00edcios, que ajudem a retomarmos o ritmo de desenvolvimento da nossa cidade e do nosso estado\u201d, <\/em>disse.<\/p>\n\n\n\n<p>Acompanhado pelos candidatos a vice-governadora, Ana Coelho (Republicanos), e ao Senado, Cac\u00e1 Le\u00e3o (PP), Neto falou que todo esse movimento de confian\u00e7a de lideran\u00e7as pol\u00edticas em seu projeto para o Governo da Bahia, toda a esperan\u00e7a depositada pelos baianos na mudan\u00e7a da realidade vivida hoje no estado, s\u00e3o motivos que o fazem ter energia e for\u00e7a para continuar.<\/p>\n\n\n\n<p><em>\u201cQuando vivemos momentos assim, com essa recep\u00e7\u00e3o maravilhosa que tivemos em S\u00e3o Francisco do Conde e aqui, em Candeias. Quando n\u00f3s firmamos apoios hist\u00f3ricos como esses, eu percebo que n\u00e3o h\u00e1 nada que possa nos impedir de cumprir essa jornada. A gente pede e vai procurar energia onde for preciso, at\u00e9 o \u00faltimo instante, para assegurar que a Bahia vai come\u00e7ar, em outubro deste ano, a escrever um novo momento na sua hist\u00f3ria pol\u00edtica\u201d<\/em>, destacou o candidato a governador.<\/p>\n\n\n\n<p><strong>S\u00e3o Francisco do Conde<\/strong><br>Ao visitar a cidade de S\u00e3o Francisco do Conde, tamb\u00e9m na noite de ontem (13), a comitiva da coliga\u00e7\u00e3o Pra Mudar a Bahia foi recebida por uma multid\u00e3o que lotou as ruas da cidade. Durante todo o percurso, Neto esteve acompanhado pelo prefeito Calmon (PP), que criticou o descaso das \u00faltimas gest\u00f5es estaduais com a principal estrada de liga\u00e7\u00e3o da cidade a outros munic\u00edpios da regi\u00e3o.<\/p>\n\n\n\n<p><em>\u201cEssa estrada foi constru\u00edda na \u00e9poca que o seu av\u00f4 (o ex-senador ACM) foi governador da Bahia. Durante todos esses anos os moradores t\u00eam passado a maior dificuldade com as estradas esburacadas e n\u00f3s n\u00e3o recebemos apoio\u201d,<\/em> disse.<\/p>\n\n\n\n<p>ACM Neto, que percorreu todo o trajeto de carro at\u00e9 chegar na cidade, disse que ter\u00e1 aten\u00e7\u00e3o com toda a infraestrutura das estradas da Bahia. Em seu Plano de Governo, o candidato destaca que cuidar\u00e1 permanentemente da rede rodovi\u00e1ria, complementando e modernizando o necess\u00e1rio para garantir condi\u00e7\u00f5es de mobilidade a todos os baianos.<\/p>\n\n\n\n<p><em>\u201c\u00c9 por isso que, mais do que pedir o voto em mim, eu pe\u00e7o que voc\u00eas analisem a hist\u00f3ria, a trajet\u00f3ria e as realiza\u00e7\u00f5es que cada um daqueles que neste momento disputam o Governo do Estado da Bahia. Voc\u00eas sabem como Salvador estava no passado e a transforma\u00e7\u00e3o que a gente fez\u201d,<\/em> pontuou.<\/p>\n","protected":false},"excerpt":{"rendered":"<p>O candidato a governador ACM Neto (Uni\u00e3o Brasil) reuniu no mesmo palanque as chamadas \u201cbanda A\u201d e \u201cbanda B\u201d de Candeias durante com\u00edcio no munic\u00edpio da regi\u00e3o metropolitana de Salvador na noite desta ter\u00e7a-feira (13). Participaram do evento pol\u00edtico, que reuniu uma multid\u00e3o na Rua da Igreja, o prefeito da cidade, Dr. Pit\u00e1goras (PP), e [&hellip;]<\/p>\n","protected":false},"author":2,"featured_media":4265,"comment_status":"open","ping_status":"open","sticky":false,"template":"","format":"standard","meta":{"_monsterinsights_skip_tracking":false,"_monsterinsights_sitenote_active":false,"_monsterinsights_sitenote_note":"","_monsterinsights_sitenote_category":0,"footnotes":""},"categories":[34],"tags":[69,66,67],"yoast_head":"<!-- This site is optimized with the Yoast SEO plugin v22.9 - https:\/\/yoast.com\/wordpress\/plugins\/seo\/ -->\n<title>ACM Neto re\u00fane no mesmo palanque em Candeias apoio de prefeito e oposi\u00e7\u00e3o na cidade - Portal MF<\/title>\n<meta name=\"robots\" content=\"index, follow, max-snippet:-1, max-image-preview:large, max-video-preview:-1\" \/>\n<link rel=\"canonical\" href=\"https:\/\/portalmf.com.br\/index.php\/2022\/09\/14\/acm-neto-reune-no-mesmo-palanque-em-candeias-apoio-de-prefeito-e-oposicao-na-cidade\/\" \/>\n<meta property=\"og:locale\" content=\"pt_BR\" \/>\n<meta property=\"og:type\" content=\"article\" \/>\n<meta property=\"og:title\" content=\"ACM Neto re\u00fane no mesmo palanque em Candeias apoio de prefeito e oposi\u00e7\u00e3o na cidade - Portal MF\" \/>\n<meta property=\"og:description\" content=\"O candidato a governador ACM Neto (Uni\u00e3o Brasil) reuniu no mesmo palanque as chamadas \u201cbanda A\u201d e \u201cbanda B\u201d de Candeias durante com\u00edcio no munic\u00edpio da regi\u00e3o metropolitana de Salvador na noite desta ter\u00e7a-feira (13). Participaram do evento pol\u00edtico, que reuniu uma multid\u00e3o na Rua da Igreja, o prefeito da cidade, Dr. Pit\u00e1goras (PP), e [&hellip;]\" \/>\n<meta property=\"og:url\" content=\"https:\/\/portalmf.com.br\/index.php\/2022\/09\/14\/acm-neto-reune-no-mesmo-palanque-em-candeias-apoio-de-prefeito-e-oposicao-na-cidade\/\" \/>\n<meta property=\"og:site_name\" content=\"Portal MF\" \/>\n<meta property=\"article:author\" content=\"reginaldojrfsa\" \/>\n<meta property=\"article:published_time\" content=\"2022-09-14T19:29:13+00:00\" \/>\n<meta property=\"article:modified_time\" content=\"2022-09-14T19:29:15+00:00\" \/>\n<meta property=\"og:image\" content=\"https:\/\/portalmf.com.br\/wp-content\/uploads\/2022\/09\/ACM-Neto-reune-no-mesmo-palanque-em-Candeias-apoio-de-prefeito-e-oposicao-na-cidade.jpeg\" \/>\n\t<meta property=\"og:image:width\" content=\"1599\" \/>\n\t<meta property=\"og:image:height\" content=\"1066\" \/>\n\t<meta property=\"og:image:type\" content=\"image\/jpeg\" \/>\n<meta name=\"author\" content=\"Reginaldo J\u00fanior\" \/>\n<meta name=\"twitter:card\" content=\"summary_large_image\" \/>\n<meta name=\"twitter:creator\" content=\"@reginaldojrmf\" \/>\n<meta name=\"twitter:label1\" content=\"Escrito por\" \/>\n\t<meta name=\"twitter:data1\" content=\"Reginaldo J\u00fanior\" \/>\n\t<meta name=\"twitter:label2\" content=\"Est. tempo de leitura\" \/>\n\t<meta name=\"twitter:data2\" content=\"5 minutos\" \/>\n<script type=\"application\/ld+json\" class=\"yoast-schema-graph\">{\"@context\":\"https:\/\/schema.org\",\"@graph\":[{\"@type\":\"WebPage\",\"@id\":\"https:\/\/portalmf.com.br\/index.php\/2022\/09\/14\/acm-neto-reune-no-mesmo-palanque-em-candeias-apoio-de-prefeito-e-oposicao-na-cidade\/\",\"url\":\"https:\/\/portalmf.com.br\/index.php\/2022\/09\/14\/acm-neto-reune-no-mesmo-palanque-em-candeias-apoio-de-prefeito-e-oposicao-na-cidade\/\",\"name\":\"ACM Neto re\u00fane no mesmo palanque em Candeias apoio de prefeito e oposi\u00e7\u00e3o na cidade - Portal MF\",\"isPartOf\":{\"@id\":\"https:\/\/portalmf.com.br\/#website\"},\"primaryImageOfPage\":{\"@id\":\"https:\/\/portalmf.com.br\/index.php\/2022\/09\/14\/acm-neto-reune-no-mesmo-palanque-em-candeias-apoio-de-prefeito-e-oposicao-na-cidade\/#primaryimage\"},\"image\":{\"@id\":\"https:\/\/portalmf.com.br\/index.php\/2022\/09\/14\/acm-neto-reune-no-mesmo-palanque-em-candeias-apoio-de-prefeito-e-oposicao-na-cidade\/#primaryimage\"},\"thumbnailUrl\":\"https:\/\/portalmf.com.br\/wp-content\/uploads\/2022\/09\/ACM-Neto-reune-no-mesmo-palanque-em-Candeias-apoio-de-prefeito-e-oposicao-na-cidade.jpeg\",\"datePublished\":\"2022-09-14T19:29:13+00:00\",\"dateModified\":\"2022-09-14T19:29:15+00:00\",\"author\":{\"@id\":\"https:\/\/portalmf.com.br\/#\/schema\/person\/11c82086fe8abc05a19147e964587285\"},\"breadcrumb\":{\"@id\":\"https:\/\/portalmf.com.br\/index.php\/2022\/09\/14\/acm-neto-reune-no-mesmo-palanque-em-candeias-apoio-de-prefeito-e-oposicao-na-cidade\/#breadcrumb\"},\"inLanguage\":\"pt-BR\",\"potentialAction\":[{\"@type\":\"ReadAction\",\"target\":[\"https:\/\/portalmf.com.br\/index.php\/2022\/09\/14\/acm-neto-reune-no-mesmo-palanque-em-candeias-apoio-de-prefeito-e-oposicao-na-cidade\/\"]}]},{\"@type\":\"ImageObject\",\"inLanguage\":\"pt-BR\",\"@id\":\"https:\/\/portalmf.com.br\/index.php\/2022\/09\/14\/acm-neto-reune-no-mesmo-palanque-em-candeias-apoio-de-prefeito-e-oposicao-na-cidade\/#primaryimage\",\"url\":\"https:\/\/portalmf.com.br\/wp-content\/uploads\/2022\/09\/ACM-Neto-reune-no-mesmo-palanque-em-Candeias-apoio-de-prefeito-e-oposicao-na-cidade.jpeg\",\"contentUrl\":\"https:\/\/portalmf.com.br\/wp-content\/uploads\/2022\/09\/ACM-Neto-reune-no-mesmo-palanque-em-Candeias-apoio-de-prefeito-e-oposicao-na-cidade.jpeg\",\"width\":1599,\"height\":1066},{\"@type\":\"BreadcrumbList\",\"@id\":\"https:\/\/portalmf.com.br\/index.php\/2022\/09\/14\/acm-neto-reune-no-mesmo-palanque-em-candeias-apoio-de-prefeito-e-oposicao-na-cidade\/#breadcrumb\",\"itemListElement\":[{\"@type\":\"ListItem\",\"position\":1,\"name\":\"In\u00edcio\",\"item\":\"https:\/\/portalmf.com.br\/\"},{\"@type\":\"ListItem\",\"position\":2,\"name\":\"ACM Neto re\u00fane no mesmo palanque em Candeias apoio de prefeito e oposi\u00e7\u00e3o na cidade\"}]},{\"@type\":\"WebSite\",\"@id\":\"https:\/\/portalmf.com.br\/#website\",\"url\":\"https:\/\/portalmf.com.br\/\",\"name\":\"Portal MF\",\"description\":\"Voc\u00ea conectado com a informa\u00e7\u00e3o\",\"potentialAction\":[{\"@type\":\"SearchAction\",\"target\":{\"@type\":\"EntryPoint\",\"urlTemplate\":\"https:\/\/portalmf.com.br\/?s={search_term_string}\"},\"query-input\":\"required name=search_term_string\"}],\"inLanguage\":\"pt-BR\"},{\"@type\":\"Person\",\"@id\":\"https:\/\/portalmf.com.br\/#\/schema\/person\/11c82086fe8abc05a19147e964587285\",\"name\":\"Reginaldo J\u00fanior\",\"image\":{\"@type\":\"ImageObject\",\"inLanguage\":\"pt-BR\",\"@id\":\"https:\/\/portalmf.com.br\/#\/schema\/person\/image\/\",\"url\":\"https:\/\/secure.gravatar.com\/avatar\/32a3c797cd0ac47cc53b8644c62776f9?s=96&d=mm&r=g\",\"contentUrl\":\"https:\/\/secure.gravatar.com\/avatar\/32a3c797cd0ac47cc53b8644c62776f9?s=96&d=mm&r=g\",\"caption\":\"Reginaldo J\u00fanior\"},\"description\":\"Jornalista e idealizador Portal MF\",\"sameAs\":[\"https:\/\/portalmf.com.br\/index.php\/author\/reginaldojr\/\",\"reginaldojrfsa\",\"reginaldojuniormf\",\"https:\/\/x.com\/reginaldojrmf\"],\"url\":\"https:\/\/portalmf.com.br\/index.php\/author\/reginaldojr\/\"}]}<\/script>\n<!-- \/ Yoast SEO plugin. -->","yoast_head_json":{"title":"ACM Neto re\u00fane no mesmo palanque em Candeias apoio de prefeito e oposi\u00e7\u00e3o na cidade - Portal MF","robots":{"index":"index","follow":"follow","max-snippet":"max-snippet:-1","max-image-preview":"max-image-preview:large","max-video-preview":"max-video-preview:-1"},"canonical":"https:\/\/portalmf.com.br\/index.php\/2022\/09\/14\/acm-neto-reune-no-mesmo-palanque-em-candeias-apoio-de-prefeito-e-oposicao-na-cidade\/","og_locale":"pt_BR","og_type":"article","og_title":"ACM Neto re\u00fane no mesmo palanque em Candeias apoio de prefeito e oposi\u00e7\u00e3o na cidade - Portal MF","og_description":"O candidato a governador ACM Neto (Uni\u00e3o Brasil) reuniu no mesmo palanque as chamadas \u201cbanda A\u201d e \u201cbanda B\u201d de Candeias durante com\u00edcio no munic\u00edpio da regi\u00e3o metropolitana de Salvador na noite desta ter\u00e7a-feira (13). Participaram do evento pol\u00edtico, que reuniu uma multid\u00e3o na Rua da Igreja, o prefeito da cidade, Dr. Pit\u00e1goras (PP), e [&hellip;]","og_url":"https:\/\/portalmf.com.br\/index.php\/2022\/09\/14\/acm-neto-reune-no-mesmo-palanque-em-candeias-apoio-de-prefeito-e-oposicao-na-cidade\/","og_site_name":"Portal MF","article_author":"reginaldojrfsa","article_published_time":"2022-09-14T19:29:13+00:00","article_modified_time":"2022-09-14T19:29:15+00:00","og_image":[{"width":1599,"height":1066,"url":"https:\/\/portalmf.com.br\/wp-content\/uploads\/2022\/09\/ACM-Neto-reune-no-mesmo-palanque-em-Candeias-apoio-de-prefeito-e-oposicao-na-cidade.jpeg","type":"image\/jpeg"}],"author":"Reginaldo J\u00fanior","twitter_card":"summary_large_image","twitter_creator":"@reginaldojrmf","twitter_misc":{"Escrito por":"Reginaldo J\u00fanior","Est. tempo de leitura":"5 minutos"},"schema":{"@context":"https:\/\/schema.org","@graph":[{"@type":"WebPage","@id":"https:\/\/portalmf.com.br\/index.php\/2022\/09\/14\/acm-neto-reune-no-mesmo-palanque-em-candeias-apoio-de-prefeito-e-oposicao-na-cidade\/","url":"https:\/\/portalmf.com.br\/index.php\/2022\/09\/14\/acm-neto-reune-no-mesmo-palanque-em-candeias-apoio-de-prefeito-e-oposicao-na-cidade\/","name":"ACM Neto re\u00fane no mesmo palanque em Candeias apoio de prefeito e oposi\u00e7\u00e3o na cidade - Portal MF","isPartOf":{"@id":"https:\/\/portalmf.com.br\/#website"},"primaryImageOfPage":{"@id":"https:\/\/portalmf.com.br\/index.php\/2022\/09\/14\/acm-neto-reune-no-mesmo-palanque-em-candeias-apoio-de-prefeito-e-oposicao-na-cidade\/#primaryimage"},"image":{"@id":"https:\/\/portalmf.com.br\/index.php\/2022\/09\/14\/acm-neto-reune-no-mesmo-palanque-em-candeias-apoio-de-prefeito-e-oposicao-na-cidade\/#primaryimage"},"thumbnailUrl":"https:\/\/portalmf.com.br\/wp-content\/uploads\/2022\/09\/ACM-Neto-reune-no-mesmo-palanque-em-Candeias-apoio-de-prefeito-e-oposicao-na-cidade.jpeg","datePublished":"2022-09-14T19:29:13+00:00","dateModified":"2022-09-14T19:29:15+00:00","author":{"@id":"https:\/\/portalmf.com.br\/#\/schema\/person\/11c82086fe8abc05a19147e964587285"},"breadcrumb":{"@id":"https:\/\/portalmf.com.br\/index.php\/2022\/09\/14\/acm-neto-reune-no-mesmo-palanque-em-candeias-apoio-de-prefeito-e-oposicao-na-cidade\/#breadcrumb"},"inLanguage":"pt-BR","potentialAction":[{"@type":"ReadAction","target":["https:\/\/portalmf.com.br\/index.php\/2022\/09\/14\/acm-neto-reune-no-mesmo-palanque-em-candeias-apoio-de-prefeito-e-oposicao-na-cidade\/"]}]},{"@type":"ImageObject","inLanguage":"pt-BR","@id":"https:\/\/portalmf.com.br\/index.php\/2022\/09\/14\/acm-neto-reune-no-mesmo-palanque-em-candeias-apoio-de-prefeito-e-oposicao-na-cidade\/#primaryimage","url":"https:\/\/portalmf.com.br\/wp-content\/uploads\/2022\/09\/ACM-Neto-reune-no-mesmo-palanque-em-Candeias-apoio-de-prefeito-e-oposicao-na-cidade.jpeg","contentUrl":"https:\/\/portalmf.com.br\/wp-content\/uploads\/2022\/09\/ACM-Neto-reune-no-mesmo-palanque-em-Candeias-apoio-de-prefeito-e-oposicao-na-cidade.jpeg","width":1599,"height":1066},{"@type":"BreadcrumbList","@id":"https:\/\/portalmf.com.br\/index.php\/2022\/09\/14\/acm-neto-reune-no-mesmo-palanque-em-candeias-apoio-de-prefeito-e-oposicao-na-cidade\/#breadcrumb","itemListElement":[{"@type":"ListItem","position":1,"name":"In\u00edcio","item":"https:\/\/portalmf.com.br\/"},{"@type":"ListItem","position":2,"name":"ACM Neto re\u00fane no mesmo palanque em Candeias apoio de prefeito e oposi\u00e7\u00e3o na cidade"}]},{"@type":"WebSite","@id":"https:\/\/portalmf.com.br\/#website","url":"https:\/\/portalmf.com.br\/","name":"Portal MF","description":"Voc\u00ea conectado com a informa\u00e7\u00e3o","potentialAction":[{"@type":"SearchAction","target":{"@type":"EntryPoint","urlTemplate":"https:\/\/portalmf.com.br\/?s={search_term_string}"},"query-input":"required name=search_term_string"}],"inLanguage":"pt-BR"},{"@type":"Person","@id":"https:\/\/portalmf.com.br\/#\/schema\/person\/11c82086fe8abc05a19147e964587285","name":"Reginaldo J\u00fanior","image":{"@type":"ImageObject","inLanguage":"pt-BR","@id":"https:\/\/portalmf.com.br\/#\/schema\/person\/image\/","url":"https:\/\/secure.gravatar.com\/avatar\/32a3c797cd0ac47cc53b8644c62776f9?s=96&d=mm&r=g","contentUrl":"https:\/\/secure.gravatar.com\/avatar\/32a3c797cd0ac47cc53b8644c62776f9?s=96&d=mm&r=g","caption":"Reginaldo J\u00fanior"},"description":"Jornalista e idealizador Portal MF","sameAs":["https:\/\/portalmf.com.br\/index.php\/author\/reginaldojr\/","reginaldojrfsa","reginaldojuniormf","https:\/\/x.com\/reginaldojrmf"],"url":"https:\/\/portalmf.com.br\/index.php\/author\/reginaldojr\/"}]}},"_links":{"self":[{"href":"https:\/\/portalmf.com.br\/index.php\/wp-json\/wp\/v2\/posts\/4264"}],"collection":[{"href":"https:\/\/portalmf.com.br\/index.php\/wp-json\/wp\/v2\/posts"}],"about":[{"href":"https:\/\/portalmf.com.br\/index.php\/wp-json\/wp\/v2\/types\/post"}],"author":[{"embeddable":true,"href":"https:\/\/portalmf.com.br\/index.php\/wp-json\/wp\/v2\/users\/2"}],"replies":[{"embeddable":true,"href":"https:\/\/portalmf.com.br\/index.php\/wp-json\/wp\/v2\/comments?post=4264"}],"version-history":[{"count":1,"href":"https:\/\/portalmf.com.br\/index.php\/wp-json\/wp\/v2\/posts\/4264\/revisions"}],"predecessor-version":[{"id":4266,"href":"https:\/\/portalmf.com.br\/index.php\/wp-json\/wp\/v2\/posts\/4264\/revisions\/4266"}],"wp:featuredmedia":[{"embeddable":true,"href":"https:\/\/portalmf.com.br\/index.php\/wp-json\/wp\/v2\/media\/4265"}],"wp:attachment":[{"href":"https:\/\/portalmf.com.br\/index.php\/wp-json\/wp\/v2\/media?parent=4264"}],"wp:term":[{"taxonomy":"category","embeddable":true,"href":"https:\/\/portalmf.com.br\/index.php\/wp-json\/wp\/v2\/categories?post=4264"},{"taxonomy":"post_tag","embeddable":true,"href":"https:\/\/portalmf.com.br\/index.php\/wp-json\/wp\/v2\/tags?post=4264"}],"curies":[{"name":"wp","href":"https:\/\/api.w.org\/{rel}","templated":true}]}}