{"id":42607,"date":"2026-03-14T07:29:03","date_gmt":"2026-03-14T10:29:03","guid":{"rendered":"https:\/\/portalmf.com.br\/?p=42607"},"modified":"2026-03-14T07:29:04","modified_gmt":"2026-03-14T10:29:04","slug":"programa-mais-saude-com-agente-forma-447-profissionais-da-saude-no-municipio","status":"publish","type":"post","link":"https:\/\/portalmf.com.br\/index.php\/2026\/03\/14\/programa-mais-saude-com-agente-forma-447-profissionais-da-saude-no-municipio\/","title":{"rendered":"Programa Mais Sa\u00fade com Agente forma 447 profissionais da sa\u00fade no munic\u00edpio"},"content":{"rendered":"\n<p>Agentes Comunit\u00e1rios de Sa\u00fade (ACS) e Agentes de Combate \u00e0s Endemias (ACE) foram diplomados na tarde desta sexta-feira (13), durante a cerim\u00f4nia de conclus\u00e3o do curso t\u00e9cnico promovido pelo programa Mais Sa\u00fade com Agente. O evento foi realizado na Igreja Evang\u00e9lica Avivamento B\u00edblico, na avenida Senhor dos Passos.<\/p>\n\n\n\n<p>Ao todo, 447 profissionais conclu\u00edram a qualifica\u00e7\u00e3o, sendo 237 agentes comunit\u00e1rios de sa\u00fade e 210 agentes de combate \u00e0s endemias. A forma\u00e7\u00e3o teve como objetivo ampliar conhecimentos e desenvolver habilidades essenciais para o cuidado em sa\u00fade, com foco no fortalecimento do Sistema \u00danico de Sa\u00fade (SUS), da Aten\u00e7\u00e3o Prim\u00e1ria e das a\u00e7\u00f5es de vigil\u00e2ncia em sa\u00fade.<\/p>\n\n\n\n<p>Participaram da solenidade, compondo a mesa de honra, o secret\u00e1rio municipal de Sa\u00fade, Rodrigo Matos; a chefe da Aten\u00e7\u00e3o Prim\u00e1ria \u00e0 Sa\u00fade, Ver\u00f4nica Cavalcante; a chefe da Vigil\u00e2ncia Epidemiol\u00f3gica, Verena Leal; a agente comunit\u00e1ria de sa\u00fade Maria L\u00facia Gutemberg; a agente de combate \u00e0s endemias Maria Helena Maciel; al\u00e9m do deputado federal Jos\u00e9 Cerqueira Neto.<\/p>\n\n\n\n<p>O secret\u00e1rio municipal de Sa\u00fade, Rodrigo Matos, destacou o compromisso e a dedica\u00e7\u00e3o dos profissionais durante o processo de forma\u00e7\u00e3o. Segundo ele, o avan\u00e7o da sa\u00fade p\u00fablica depende do trabalho coletivo e do empenho de cada agente. \u201cSempre digo que n\u00e3o fa\u00e7o nada sozinho. Precisamos efetivamente de voc\u00eas nesse processo, com esse esp\u00edrito inquieto de quem quer melhorar cada vez mais a sa\u00fade\u201d, afirmou, ressaltando que o trabalho na \u00e1rea exige di\u00e1logo constante, responsabilidade e compromisso com o cuidado humano.<\/p>\n\n\n\n<p>A chefe da Vigil\u00e2ncia Epidemiol\u00f3gica, Verena Leal, destacou que a conclus\u00e3o do curso representa mais do que uma qualifica\u00e7\u00e3o profissional para os agentes. Segundo ela, o momento simboliza tamb\u00e9m um reconhecimento \u00e0 import\u00e2ncia das categorias para o fortalecimento da sa\u00fade p\u00fablica.<\/p>\n\n\n\n<p><em>\u201cN\u00e3o \u00e9 apenas uma forma\u00e7\u00e3o, mas um processo de reconhecimento. Acreditamos no potencial de cada um e sabemos que a for\u00e7a do SUS tamb\u00e9m est\u00e1 em voc\u00eas, que fazem esse sistema funcionar todos os dias\u201d<\/em>, afirmou.<\/p>\n\n\n\n<p>Verena ressaltou ainda que a forma\u00e7\u00e3o t\u00e9cnica em vigil\u00e2ncia em sa\u00fade representa um marco hist\u00f3rico para os agentes comunit\u00e1rios de sa\u00fade e de combate \u00e0s endemias, parabenizando os profissionais pela conquista e incentivando-os a seguirem firmes na atua\u00e7\u00e3o junto \u00e0s comunidades.<\/p>\n\n\n\n<p>A chefe da Aten\u00e7\u00e3o Prim\u00e1ria \u00e0 Sa\u00fade, Ver\u00f4nica Cavalcante, tamb\u00e9m parabenizou os profissionais e ressaltou o crescimento dos agentes comunit\u00e1rios de sa\u00fade ao longo dos anos, que t\u00eam papel fundamental na Aten\u00e7\u00e3o Prim\u00e1ria, porta de entrada do Sistema \u00danico de Sa\u00fade.<em> \u201cSomos os ordenadores do cuidado na Aten\u00e7\u00e3o Prim\u00e1ria e, juntos, vamos continuar fazendo a diferen\u00e7a e construindo uma linda hist\u00f3ria no SU<\/em>S\u201d, concluiu.<\/p>\n\n\n\n<figure class=\"wp-block-image size-large\"><img fetchpriority=\"high\" decoding=\"async\" width=\"1024\" height=\"768\" src=\"https:\/\/portalmf.com.br\/wp-content\/uploads\/2026\/03\/ca31bbd3-c88c-4448-b8a7-d34b32e21f98-1024x768.jpg\" alt=\"\" class=\"wp-image-42608\" srcset=\"https:\/\/portalmf.com.br\/wp-content\/uploads\/2026\/03\/ca31bbd3-c88c-4448-b8a7-d34b32e21f98-1024x768.jpg 1024w, https:\/\/portalmf.com.br\/wp-content\/uploads\/2026\/03\/ca31bbd3-c88c-4448-b8a7-d34b32e21f98-300x225.jpg 300w, https:\/\/portalmf.com.br\/wp-content\/uploads\/2026\/03\/ca31bbd3-c88c-4448-b8a7-d34b32e21f98-768x576.jpg 768w, https:\/\/portalmf.com.br\/wp-content\/uploads\/2026\/03\/ca31bbd3-c88c-4448-b8a7-d34b32e21f98-1536x1152.jpg 1536w, https:\/\/portalmf.com.br\/wp-content\/uploads\/2026\/03\/ca31bbd3-c88c-4448-b8a7-d34b32e21f98-696x522.jpg 696w, https:\/\/portalmf.com.br\/wp-content\/uploads\/2026\/03\/ca31bbd3-c88c-4448-b8a7-d34b32e21f98-1068x801.jpg 1068w, https:\/\/portalmf.com.br\/wp-content\/uploads\/2026\/03\/ca31bbd3-c88c-4448-b8a7-d34b32e21f98.jpg 1600w\" sizes=\"(max-width: 1024px) 100vw, 1024px\" \/><figcaption class=\"wp-element-caption\"><strong><strong>Fotos: Renata Leite<\/strong><\/strong><\/figcaption><\/figure>\n\n\n\n<p><strong>ATUALIZA\u00c7\u00c3O PROFISSIONAL<\/strong><\/p>\n\n\n\n<p>Agente comunit\u00e1ria de sa\u00fade h\u00e1 25 anos, Marize de Jesus Ferreira destacou a import\u00e2ncia do curso para a atualiza\u00e7\u00e3o profissional. Segundo ela, a forma\u00e7\u00e3o foi \u201cmaravilhosa\u201d, principalmente por preparar os profissionais para lidar com as constantes mudan\u00e7as na \u00e1rea da sa\u00fade.<\/p>\n\n\n\n<p>O curso teve dura\u00e7\u00e3o de um ano, com aulas presenciais e virtuais realizadas de segunda a sexta-feira. Durante um turno, os profissionais mantinham suas atividades de trabalho e, no outro, participavam das atividades de forma\u00e7\u00e3o.<\/p>\n\n\n\n<p>Entre os conte\u00fados abordados, Marize destacou temas relacionados \u00e0s doen\u00e7as transmiss\u00edveis e \u00e0s doen\u00e7as cr\u00f4nicas n\u00e3o transmiss\u00edveis, al\u00e9m de assuntos como diabetes tipos 1 e 2, hipertens\u00e3o arterial e o cuidado com pessoas em situa\u00e7\u00e3o de maior vulnerabilidade.<\/p>\n\n\n\n<figure class=\"wp-block-image size-large\"><img decoding=\"async\" width=\"1024\" height=\"768\" src=\"https:\/\/portalmf.com.br\/wp-content\/uploads\/2026\/03\/c17a4abb-5d60-457a-9d40-2a2d786c4235-1024x768.jpg\" alt=\"\" class=\"wp-image-42609\" srcset=\"https:\/\/portalmf.com.br\/wp-content\/uploads\/2026\/03\/c17a4abb-5d60-457a-9d40-2a2d786c4235-1024x768.jpg 1024w, https:\/\/portalmf.com.br\/wp-content\/uploads\/2026\/03\/c17a4abb-5d60-457a-9d40-2a2d786c4235-300x225.jpg 300w, https:\/\/portalmf.com.br\/wp-content\/uploads\/2026\/03\/c17a4abb-5d60-457a-9d40-2a2d786c4235-768x576.jpg 768w, https:\/\/portalmf.com.br\/wp-content\/uploads\/2026\/03\/c17a4abb-5d60-457a-9d40-2a2d786c4235-1536x1152.jpg 1536w, https:\/\/portalmf.com.br\/wp-content\/uploads\/2026\/03\/c17a4abb-5d60-457a-9d40-2a2d786c4235-696x522.jpg 696w, https:\/\/portalmf.com.br\/wp-content\/uploads\/2026\/03\/c17a4abb-5d60-457a-9d40-2a2d786c4235-1068x801.jpg 1068w, https:\/\/portalmf.com.br\/wp-content\/uploads\/2026\/03\/c17a4abb-5d60-457a-9d40-2a2d786c4235.jpg 1600w\" sizes=\"(max-width: 1024px) 100vw, 1024px\" \/><figcaption class=\"wp-element-caption\"><strong>Fotos: Renata Leite<\/strong><\/figcaption><\/figure>\n\n\n\n<p><em>\u201cA gente aprendeu a ter um olhar mais atento e diferenciado para as pessoas com comorbidades, que precisam de mais aten\u00e7\u00e3o durante as visitas domiciliares\u201d<\/em>, afirmou. Para ela, a oportunidade foi ainda mais significativa por representar sua primeira forma\u00e7\u00e3o t\u00e9cnica ap\u00f3s 25 anos de atua\u00e7\u00e3o na \u00e1rea.<\/p>\n\n\n\n<p>Quem tamb\u00e9m comemorou a conquista foi a agente comunit\u00e1ria de sa\u00fade Janilde Silva de Souza, que atua h\u00e1 27 anos no distrito de Jaguara. Ela participou da cerim\u00f4nia acompanhada da filha e dos tr\u00eas netos.<\/p>\n\n\n\n<p><em>\u201cO curso trouxe novos conhecimentos importantes para o trabalho di\u00e1rio que desenvolvo junto \u00e0 minha comunidade, como saber aferir corretamente a press\u00e3o arterial, medir a glicemia e no\u00e7\u00f5es de primeiros socorros\u201d<\/em>, relatou.<\/p>\n","protected":false},"excerpt":{"rendered":"<p>Agentes Comunit\u00e1rios de Sa\u00fade (ACS) e Agentes de Combate \u00e0s Endemias (ACE) foram diplomados na tarde desta sexta-feira (13), durante a cerim\u00f4nia de conclus\u00e3o do curso t\u00e9cnico promovido pelo programa Mais Sa\u00fade com Agente. O evento foi realizado na Igreja Evang\u00e9lica Avivamento B\u00edblico, na avenida Senhor dos Passos. Ao todo, 447 profissionais conclu\u00edram a qualifica\u00e7\u00e3o, [&hellip;]<\/p>\n","protected":false},"author":3,"featured_media":42610,"comment_status":"open","ping_status":"open","sticky":false,"template":"","format":"standard","meta":{"_monsterinsights_skip_tracking":false,"_monsterinsights_sitenote_active":false,"_monsterinsights_sitenote_note":"","_monsterinsights_sitenote_category":0,"footnotes":""},"categories":[34],"tags":[],"yoast_head":"<!-- This site is optimized with the Yoast SEO plugin v22.9 - https:\/\/yoast.com\/wordpress\/plugins\/seo\/ -->\n<title>Programa Mais Sa\u00fade com Agente forma 447 profissionais da sa\u00fade no munic\u00edpio - Portal MF<\/title>\n<meta name=\"robots\" content=\"index, follow, max-snippet:-1, max-image-preview:large, max-video-preview:-1\" \/>\n<link rel=\"canonical\" href=\"https:\/\/portalmf.com.br\/index.php\/2026\/03\/14\/programa-mais-saude-com-agente-forma-447-profissionais-da-saude-no-municipio\/\" \/>\n<meta property=\"og:locale\" content=\"pt_BR\" \/>\n<meta property=\"og:type\" content=\"article\" \/>\n<meta property=\"og:title\" content=\"Programa Mais Sa\u00fade com Agente forma 447 profissionais da sa\u00fade no munic\u00edpio - Portal MF\" \/>\n<meta property=\"og:description\" content=\"Agentes Comunit\u00e1rios de Sa\u00fade (ACS) e Agentes de Combate \u00e0s Endemias (ACE) foram diplomados na tarde desta sexta-feira (13), durante a cerim\u00f4nia de conclus\u00e3o do curso t\u00e9cnico promovido pelo programa Mais Sa\u00fade com Agente. O evento foi realizado na Igreja Evang\u00e9lica Avivamento B\u00edblico, na avenida Senhor dos Passos. Ao todo, 447 profissionais conclu\u00edram a qualifica\u00e7\u00e3o, [&hellip;]\" \/>\n<meta property=\"og:url\" content=\"https:\/\/portalmf.com.br\/index.php\/2026\/03\/14\/programa-mais-saude-com-agente-forma-447-profissionais-da-saude-no-municipio\/\" \/>\n<meta property=\"og:site_name\" content=\"Portal MF\" \/>\n<meta property=\"article:author\" content=\"https:\/\/www.facebook.com\/portalmfoficial\" \/>\n<meta property=\"article:published_time\" content=\"2026-03-14T10:29:03+00:00\" \/>\n<meta property=\"article:modified_time\" content=\"2026-03-14T10:29:04+00:00\" \/>\n<meta property=\"og:image\" content=\"https:\/\/portalmf.com.br\/wp-content\/uploads\/2026\/03\/13032026205012-1.jpg\" \/>\n\t<meta property=\"og:image:width\" content=\"1306\" \/>\n\t<meta property=\"og:image:height\" content=\"979\" \/>\n\t<meta property=\"og:image:type\" content=\"image\/jpeg\" \/>\n<meta name=\"author\" content=\"Reda\u00e7\u00e3o Portal MF\" \/>\n<meta name=\"twitter:card\" content=\"summary_large_image\" \/>\n<meta name=\"twitter:creator\" content=\"@https:\/\/x.com\/portalmfoficial\" \/>\n<meta name=\"twitter:label1\" content=\"Escrito por\" \/>\n\t<meta name=\"twitter:data1\" content=\"Reda\u00e7\u00e3o Portal MF\" \/>\n\t<meta name=\"twitter:label2\" content=\"Est. tempo de leitura\" \/>\n\t<meta name=\"twitter:data2\" content=\"5 minutos\" \/>\n<script type=\"application\/ld+json\" class=\"yoast-schema-graph\">{\"@context\":\"https:\/\/schema.org\",\"@graph\":[{\"@type\":\"WebPage\",\"@id\":\"https:\/\/portalmf.com.br\/index.php\/2026\/03\/14\/programa-mais-saude-com-agente-forma-447-profissionais-da-saude-no-municipio\/\",\"url\":\"https:\/\/portalmf.com.br\/index.php\/2026\/03\/14\/programa-mais-saude-com-agente-forma-447-profissionais-da-saude-no-municipio\/\",\"name\":\"Programa Mais Sa\u00fade com Agente forma 447 profissionais da sa\u00fade no munic\u00edpio - Portal MF\",\"isPartOf\":{\"@id\":\"https:\/\/portalmf.com.br\/#website\"},\"primaryImageOfPage\":{\"@id\":\"https:\/\/portalmf.com.br\/index.php\/2026\/03\/14\/programa-mais-saude-com-agente-forma-447-profissionais-da-saude-no-municipio\/#primaryimage\"},\"image\":{\"@id\":\"https:\/\/portalmf.com.br\/index.php\/2026\/03\/14\/programa-mais-saude-com-agente-forma-447-profissionais-da-saude-no-municipio\/#primaryimage\"},\"thumbnailUrl\":\"https:\/\/portalmf.com.br\/wp-content\/uploads\/2026\/03\/13032026205012-1.jpg\",\"datePublished\":\"2026-03-14T10:29:03+00:00\",\"dateModified\":\"2026-03-14T10:29:04+00:00\",\"author\":{\"@id\":\"https:\/\/portalmf.com.br\/#\/schema\/person\/9ec101baf56233e53520c26de5d6f6f0\"},\"breadcrumb\":{\"@id\":\"https:\/\/portalmf.com.br\/index.php\/2026\/03\/14\/programa-mais-saude-com-agente-forma-447-profissionais-da-saude-no-municipio\/#breadcrumb\"},\"inLanguage\":\"pt-BR\",\"potentialAction\":[{\"@type\":\"ReadAction\",\"target\":[\"https:\/\/portalmf.com.br\/index.php\/2026\/03\/14\/programa-mais-saude-com-agente-forma-447-profissionais-da-saude-no-municipio\/\"]}]},{\"@type\":\"ImageObject\",\"inLanguage\":\"pt-BR\",\"@id\":\"https:\/\/portalmf.com.br\/index.php\/2026\/03\/14\/programa-mais-saude-com-agente-forma-447-profissionais-da-saude-no-municipio\/#primaryimage\",\"url\":\"https:\/\/portalmf.com.br\/wp-content\/uploads\/2026\/03\/13032026205012-1.jpg\",\"contentUrl\":\"https:\/\/portalmf.com.br\/wp-content\/uploads\/2026\/03\/13032026205012-1.jpg\",\"width\":1306,\"height\":979,\"caption\":\"Fotos: Renata Leite\"},{\"@type\":\"BreadcrumbList\",\"@id\":\"https:\/\/portalmf.com.br\/index.php\/2026\/03\/14\/programa-mais-saude-com-agente-forma-447-profissionais-da-saude-no-municipio\/#breadcrumb\",\"itemListElement\":[{\"@type\":\"ListItem\",\"position\":1,\"name\":\"In\u00edcio\",\"item\":\"https:\/\/portalmf.com.br\/\"},{\"@type\":\"ListItem\",\"position\":2,\"name\":\"Programa Mais Sa\u00fade com Agente forma 447 profissionais da sa\u00fade no munic\u00edpio\"}]},{\"@type\":\"WebSite\",\"@id\":\"https:\/\/portalmf.com.br\/#website\",\"url\":\"https:\/\/portalmf.com.br\/\",\"name\":\"Portal MF\",\"description\":\"Voc\u00ea conectado com a informa\u00e7\u00e3o\",\"potentialAction\":[{\"@type\":\"SearchAction\",\"target\":{\"@type\":\"EntryPoint\",\"urlTemplate\":\"https:\/\/portalmf.com.br\/?s={search_term_string}\"},\"query-input\":\"required name=search_term_string\"}],\"inLanguage\":\"pt-BR\"},{\"@type\":\"Person\",\"@id\":\"https:\/\/portalmf.com.br\/#\/schema\/person\/9ec101baf56233e53520c26de5d6f6f0\",\"name\":\"Reda\u00e7\u00e3o Portal MF\",\"image\":{\"@type\":\"ImageObject\",\"inLanguage\":\"pt-BR\",\"@id\":\"https:\/\/portalmf.com.br\/#\/schema\/person\/image\/\",\"url\":\"https:\/\/secure.gravatar.com\/avatar\/41b9aaeb2100835f7c64362330f74c7f?s=96&d=mm&r=g\",\"contentUrl\":\"https:\/\/secure.gravatar.com\/avatar\/41b9aaeb2100835f7c64362330f74c7f?s=96&d=mm&r=g\",\"caption\":\"Reda\u00e7\u00e3o Portal MF\"},\"description\":\"Sejam bem-vindos o portal de informa\u00e7\u00f5es de entretenimento de Feira de Santana, desde 2006 realiza coberturas dos principais eventos com entrevistas exclusivas com as principais personalidades mundiais. Fique conectado tamb\u00e9m nas redes sociais.\",\"sameAs\":[\"http:\/\/www.portalmf.com.br\/\",\"https:\/\/www.facebook.com\/portalmfoficial\",\"https:\/\/www.instagram.com\/portalmf\/\",\"https:\/\/x.com\/https:\/\/x.com\/portalmfoficial\",\"https:\/\/www.youtube.com\/@portalmfoficial\"],\"url\":\"https:\/\/portalmf.com.br\/index.php\/author\/junior\/\"}]}<\/script>\n<!-- \/ Yoast SEO plugin. -->","yoast_head_json":{"title":"Programa Mais Sa\u00fade com Agente forma 447 profissionais da sa\u00fade no munic\u00edpio - Portal MF","robots":{"index":"index","follow":"follow","max-snippet":"max-snippet:-1","max-image-preview":"max-image-preview:large","max-video-preview":"max-video-preview:-1"},"canonical":"https:\/\/portalmf.com.br\/index.php\/2026\/03\/14\/programa-mais-saude-com-agente-forma-447-profissionais-da-saude-no-municipio\/","og_locale":"pt_BR","og_type":"article","og_title":"Programa Mais Sa\u00fade com Agente forma 447 profissionais da sa\u00fade no munic\u00edpio - Portal MF","og_description":"Agentes Comunit\u00e1rios de Sa\u00fade (ACS) e Agentes de Combate \u00e0s Endemias (ACE) foram diplomados na tarde desta sexta-feira (13), durante a cerim\u00f4nia de conclus\u00e3o do curso t\u00e9cnico promovido pelo programa Mais Sa\u00fade com Agente. O evento foi realizado na Igreja Evang\u00e9lica Avivamento B\u00edblico, na avenida Senhor dos Passos. Ao todo, 447 profissionais conclu\u00edram a qualifica\u00e7\u00e3o, [&hellip;]","og_url":"https:\/\/portalmf.com.br\/index.php\/2026\/03\/14\/programa-mais-saude-com-agente-forma-447-profissionais-da-saude-no-municipio\/","og_site_name":"Portal MF","article_author":"https:\/\/www.facebook.com\/portalmfoficial","article_published_time":"2026-03-14T10:29:03+00:00","article_modified_time":"2026-03-14T10:29:04+00:00","og_image":[{"width":1306,"height":979,"url":"https:\/\/portalmf.com.br\/wp-content\/uploads\/2026\/03\/13032026205012-1.jpg","type":"image\/jpeg"}],"author":"Reda\u00e7\u00e3o Portal MF","twitter_card":"summary_large_image","twitter_creator":"@https:\/\/x.com\/portalmfoficial","twitter_misc":{"Escrito por":"Reda\u00e7\u00e3o Portal MF","Est. tempo de leitura":"5 minutos"},"schema":{"@context":"https:\/\/schema.org","@graph":[{"@type":"WebPage","@id":"https:\/\/portalmf.com.br\/index.php\/2026\/03\/14\/programa-mais-saude-com-agente-forma-447-profissionais-da-saude-no-municipio\/","url":"https:\/\/portalmf.com.br\/index.php\/2026\/03\/14\/programa-mais-saude-com-agente-forma-447-profissionais-da-saude-no-municipio\/","name":"Programa Mais Sa\u00fade com Agente forma 447 profissionais da sa\u00fade no munic\u00edpio - Portal MF","isPartOf":{"@id":"https:\/\/portalmf.com.br\/#website"},"primaryImageOfPage":{"@id":"https:\/\/portalmf.com.br\/index.php\/2026\/03\/14\/programa-mais-saude-com-agente-forma-447-profissionais-da-saude-no-municipio\/#primaryimage"},"image":{"@id":"https:\/\/portalmf.com.br\/index.php\/2026\/03\/14\/programa-mais-saude-com-agente-forma-447-profissionais-da-saude-no-municipio\/#primaryimage"},"thumbnailUrl":"https:\/\/portalmf.com.br\/wp-content\/uploads\/2026\/03\/13032026205012-1.jpg","datePublished":"2026-03-14T10:29:03+00:00","dateModified":"2026-03-14T10:29:04+00:00","author":{"@id":"https:\/\/portalmf.com.br\/#\/schema\/person\/9ec101baf56233e53520c26de5d6f6f0"},"breadcrumb":{"@id":"https:\/\/portalmf.com.br\/index.php\/2026\/03\/14\/programa-mais-saude-com-agente-forma-447-profissionais-da-saude-no-municipio\/#breadcrumb"},"inLanguage":"pt-BR","potentialAction":[{"@type":"ReadAction","target":["https:\/\/portalmf.com.br\/index.php\/2026\/03\/14\/programa-mais-saude-com-agente-forma-447-profissionais-da-saude-no-municipio\/"]}]},{"@type":"ImageObject","inLanguage":"pt-BR","@id":"https:\/\/portalmf.com.br\/index.php\/2026\/03\/14\/programa-mais-saude-com-agente-forma-447-profissionais-da-saude-no-municipio\/#primaryimage","url":"https:\/\/portalmf.com.br\/wp-content\/uploads\/2026\/03\/13032026205012-1.jpg","contentUrl":"https:\/\/portalmf.com.br\/wp-content\/uploads\/2026\/03\/13032026205012-1.jpg","width":1306,"height":979,"caption":"Fotos: Renata Leite"},{"@type":"BreadcrumbList","@id":"https:\/\/portalmf.com.br\/index.php\/2026\/03\/14\/programa-mais-saude-com-agente-forma-447-profissionais-da-saude-no-municipio\/#breadcrumb","itemListElement":[{"@type":"ListItem","position":1,"name":"In\u00edcio","item":"https:\/\/portalmf.com.br\/"},{"@type":"ListItem","position":2,"name":"Programa Mais Sa\u00fade com Agente forma 447 profissionais da sa\u00fade no munic\u00edpio"}]},{"@type":"WebSite","@id":"https:\/\/portalmf.com.br\/#website","url":"https:\/\/portalmf.com.br\/","name":"Portal MF","description":"Voc\u00ea conectado com a informa\u00e7\u00e3o","potentialAction":[{"@type":"SearchAction","target":{"@type":"EntryPoint","urlTemplate":"https:\/\/portalmf.com.br\/?s={search_term_string}"},"query-input":"required name=search_term_string"}],"inLanguage":"pt-BR"},{"@type":"Person","@id":"https:\/\/portalmf.com.br\/#\/schema\/person\/9ec101baf56233e53520c26de5d6f6f0","name":"Reda\u00e7\u00e3o Portal MF","image":{"@type":"ImageObject","inLanguage":"pt-BR","@id":"https:\/\/portalmf.com.br\/#\/schema\/person\/image\/","url":"https:\/\/secure.gravatar.com\/avatar\/41b9aaeb2100835f7c64362330f74c7f?s=96&d=mm&r=g","contentUrl":"https:\/\/secure.gravatar.com\/avatar\/41b9aaeb2100835f7c64362330f74c7f?s=96&d=mm&r=g","caption":"Reda\u00e7\u00e3o Portal MF"},"description":"Sejam bem-vindos o portal de informa\u00e7\u00f5es de entretenimento de Feira de Santana, desde 2006 realiza coberturas dos principais eventos com entrevistas exclusivas com as principais personalidades mundiais. Fique conectado tamb\u00e9m nas redes sociais.","sameAs":["http:\/\/www.portalmf.com.br\/","https:\/\/www.facebook.com\/portalmfoficial","https:\/\/www.instagram.com\/portalmf\/","https:\/\/x.com\/https:\/\/x.com\/portalmfoficial","https:\/\/www.youtube.com\/@portalmfoficial"],"url":"https:\/\/portalmf.com.br\/index.php\/author\/junior\/"}]}},"_links":{"self":[{"href":"https:\/\/portalmf.com.br\/index.php\/wp-json\/wp\/v2\/posts\/42607"}],"collection":[{"href":"https:\/\/portalmf.com.br\/index.php\/wp-json\/wp\/v2\/posts"}],"about":[{"href":"https:\/\/portalmf.com.br\/index.php\/wp-json\/wp\/v2\/types\/post"}],"author":[{"embeddable":true,"href":"https:\/\/portalmf.com.br\/index.php\/wp-json\/wp\/v2\/users\/3"}],"replies":[{"embeddable":true,"href":"https:\/\/portalmf.com.br\/index.php\/wp-json\/wp\/v2\/comments?post=42607"}],"version-history":[{"count":1,"href":"https:\/\/portalmf.com.br\/index.php\/wp-json\/wp\/v2\/posts\/42607\/revisions"}],"predecessor-version":[{"id":42611,"href":"https:\/\/portalmf.com.br\/index.php\/wp-json\/wp\/v2\/posts\/42607\/revisions\/42611"}],"wp:featuredmedia":[{"embeddable":true,"href":"https:\/\/portalmf.com.br\/index.php\/wp-json\/wp\/v2\/media\/42610"}],"wp:attachment":[{"href":"https:\/\/portalmf.com.br\/index.php\/wp-json\/wp\/v2\/media?parent=42607"}],"wp:term":[{"taxonomy":"category","embeddable":true,"href":"https:\/\/portalmf.com.br\/index.php\/wp-json\/wp\/v2\/categories?post=42607"},{"taxonomy":"post_tag","embeddable":true,"href":"https:\/\/portalmf.com.br\/index.php\/wp-json\/wp\/v2\/tags?post=42607"}],"curies":[{"name":"wp","href":"https:\/\/api.w.org\/{rel}","templated":true}]}}