{"id":42594,"date":"2026-03-13T18:19:38","date_gmt":"2026-03-13T21:19:38","guid":{"rendered":"https:\/\/portalmf.com.br\/?p=42594"},"modified":"2026-03-13T18:19:39","modified_gmt":"2026-03-13T21:19:39","slug":"pabllo-vittar-anuncia-as-atracoes-da-sua-curadoria-do-as-one-in-the-park-festival-em-londres","status":"publish","type":"post","link":"https:\/\/portalmf.com.br\/index.php\/2026\/03\/13\/pabllo-vittar-anuncia-as-atracoes-da-sua-curadoria-do-as-one-in-the-park-festival-em-londres\/","title":{"rendered":"Pabllo Vittar anuncia as atra\u00e7\u00f5es da sua curadoria do As One in The Park Festival em Londres"},"content":{"rendered":"\n<p>No ano em que celebra 10 anos de carreira,\u00a0<strong>Pabllo Vittar<\/strong>\u00a0vai se apresentar como DJ pela primeira vez no exterior. O\u00a0<strong>Club Vittar<\/strong>\u00a0ser\u00e1 apresentado em cinco cidades em julho e em uma das apresenta\u00e7\u00f5es a cantora vai realizar um\u00a0<strong>stage take over<\/strong>. No dia 18\/07 a artista se apresenta no\u00a0<strong>As One In The Park Festival<\/strong>\u00a0e ser\u00e1 a respons\u00e1vel pela curadoria de todas as atra\u00e7\u00f5es de um dos palcos do evento. Anne Louise, Filipe Guerra, Clementaum, Mario Beckman, Miss Tacac\u00e1 e Milian Dolla s\u00e3o os artistas selecionados por Pabllo Vittar para integrar o line up do festival em Londres do Club Vittar UK Stage Takeover.<\/p>\n\n\n\n<p>Pabllo Vittar comenta sobre a escolha dos artistas para se apresentar no festival no palco em que \u00e9 a respons\u00e1vel pela curadoria.<em> \u201cEles s\u00e3o refer\u00eancias na cena eletr\u00f4nica brasileira, profissionais que acompanho e admiro o trabalho. \u00c9 um festival que celebra a diversidade e trouxe isso para a curadoria do meu palco, mostrando toda a pluralidade art\u00edstica brasileira com DJs que exploram as diferentes vertentes da m\u00fasica eletr\u00f4nica. Vai ser incr\u00edvel me apresentar em Londres ao lado de tantos talentos da nossa m\u00fasica\u201d,<\/em> diz a cantora.<\/p>\n\n\n\n<p>Al\u00e9m de Londres, o\u00a0<strong>Club Vittar Eurotour<\/strong>\u00a0tamb\u00e9m ser\u00e1 apresentado em Dublin, Paris, Berlim e Amsterdam. O primeiro Club Vittar internacional acontece no Button Factory no dia 17 de julho, em Dublin. No dia seguinte, 18\/07, a cantora desembarca em Londres no lineup do As One In The Park Festival, no Walpole Park. J\u00e1 a capital francesa recebe a artista no dia 23\/07 no FVTVR. Em Berlin, a apresenta\u00e7\u00e3o ser\u00e1 no Huxleys Neue Welt em 24\/07. A Eurotour do Club Vittar ser\u00e1 encerrada em Amsterdam no Melkweg Max at World Pride Festival e no Westerpark at Milkshake Festival nos dias 24 e 25 de julho, respectivamente.<\/p>\n\n\n\n<p><em>\u201cFiz algumas turn\u00eas em outros pa\u00edses ao longo dos meus 10 anos de carreira, mas agora ser\u00e1 a primeira vez que vou me apresentar fora do Brasil como DJ. Estou muito empolgada com essa novidade porque comandar as pick-ups \u00e9 algo que gosto muito! Estou amando viajar pelo Brasil com o Club Vittar e ser\u00e1 incr\u00edvel levar esse projeto para outros pa\u00edses\u201d<\/em>, conta Pabllo Vittar que nos pr\u00f3ximos dias vai anunciar mais datas da turn\u00ea internacional do Club Vittar.\u00a0<\/p>\n\n\n\n<p><strong>Pabllo Vittar: Tour 10 Anos de Carreira<\/strong><\/p>\n\n\n\n<p>No Brasil, a artista vai viajar pelo pa\u00eds celebrando uma d\u00e9cada de sucesso. As primeiras apresenta\u00e7\u00f5es da turn\u00ea comemorativa de 10 anos ser\u00e3o realizadas em Vinhedo (SP), Recife (PE), Uberaba (MG) e Belo Horizonte (MG). A estreia ser\u00e1 em 25 de abril no Hopi Pride. Em maio \u00e9 a vez de Recife receber a artista no Gola 20 Anos. J\u00e1 em junho, Pabllo \u00e9 uma das atra\u00e7\u00f5es da CIA 2026 (Copa Inter Atl\u00e9ticas), em Uberaba. Na capital mineira, o Festival Sensacional ser\u00e1 o palco para a celebra\u00e7\u00e3o de Vittar no dia 08 de agosto. Nas pr\u00f3ximas semanas novas datas ser\u00e3o anunciadas.<\/p>\n\n\n\n<p>Pabllo Vittar conta que o show de 10 anos ser\u00e1 uma celebra\u00e7\u00e3o da sua trajet\u00f3ria e que passar\u00e1 por todas as suas eras. \u201cEstou preparando uma apresenta\u00e7\u00e3o em que o repert\u00f3rio ter\u00e1 m\u00fasicas de todos os meus \u00e1lbuns e do meu primeiro EP. Vou levar para o palco os hits da minha carreira e relembrar momentos especiais que vivi nesses dez anos. Vai ser algo bem especial e estou muito empolgada para este momento! Essa turn\u00ea \u00e9 apenas um dos v\u00e1rios projetos que preparei para este ano. Tem muita novidade para 2026!\u201d.<\/p>\n\n\n\n<p><strong>Club Vittar Internacional<\/strong><\/p>\n\n\n\n<p>17 de julho \u2013 Dublin &#8211; Button Factory<\/p>\n\n\n\n<p>18 de julho \u2013 Londres &#8211; As One In The Park Festival<\/p>\n\n\n\n<p>23 de julho \u2013 Paris \u2013 FVTVR<\/p>\n\n\n\n<p>24 de julho \u2013 Berlim &#8211; Huxleys Neue Welt<\/p>\n\n\n\n<p>24 de julho \u2013 Amsterdam &#8211; World Pride Festival<\/p>\n\n\n\n<p>25 de julho \u2013 Amsterdam &#8211; Westerpark at Milkshake Festival<\/p>\n\n\n\n<p><strong>Pabllo Vittar: Tour 10 Anos de carreira<\/strong><\/p>\n\n\n\n<p>25 de abril \u2013 Hopi Pride \u2013 Vinhedo\/SP<\/p>\n\n\n\n<p>09 de maio \u2013 Gola 20 Anos \u2013 Recife\/PE<\/p>\n\n\n\n<p>Junho \u2013 CIA 2026 (Copa Inter Atl\u00e9ticas) \u2013 Uberaba\/MG<\/p>\n\n\n\n<p>08 de agosto \u2013 Festival Sensacional \u2013 Belo Horizonte\/MG<\/p>\n","protected":false},"excerpt":{"rendered":"<p>No ano em que celebra 10 anos de carreira,\u00a0Pabllo Vittar\u00a0vai se apresentar como DJ pela primeira vez no exterior. O\u00a0Club Vittar\u00a0ser\u00e1 apresentado em cinco cidades em julho e em uma das apresenta\u00e7\u00f5es a cantora vai realizar um\u00a0stage take over. No dia 18\/07 a artista se apresenta no\u00a0As One In The Park Festival\u00a0e ser\u00e1 a respons\u00e1vel [&hellip;]<\/p>\n","protected":false},"author":3,"featured_media":42595,"comment_status":"open","ping_status":"open","sticky":false,"template":"","format":"standard","meta":{"_monsterinsights_skip_tracking":false,"_monsterinsights_sitenote_active":false,"_monsterinsights_sitenote_note":"","_monsterinsights_sitenote_category":0,"footnotes":""},"categories":[48,36],"tags":[],"yoast_head":"<!-- This site is optimized with the Yoast SEO plugin v22.9 - https:\/\/yoast.com\/wordpress\/plugins\/seo\/ -->\n<title>Pabllo Vittar anuncia as atra\u00e7\u00f5es da sua curadoria do As One in The Park Festival em Londres - Portal MF<\/title>\n<meta name=\"robots\" content=\"index, follow, max-snippet:-1, max-image-preview:large, max-video-preview:-1\" \/>\n<link rel=\"canonical\" href=\"https:\/\/portalmf.com.br\/index.php\/2026\/03\/13\/pabllo-vittar-anuncia-as-atracoes-da-sua-curadoria-do-as-one-in-the-park-festival-em-londres\/\" \/>\n<meta property=\"og:locale\" content=\"pt_BR\" \/>\n<meta property=\"og:type\" content=\"article\" \/>\n<meta property=\"og:title\" content=\"Pabllo Vittar anuncia as atra\u00e7\u00f5es da sua curadoria do As One in The Park Festival em Londres - Portal MF\" \/>\n<meta property=\"og:description\" content=\"No ano em que celebra 10 anos de carreira,\u00a0Pabllo Vittar\u00a0vai se apresentar como DJ pela primeira vez no exterior. O\u00a0Club Vittar\u00a0ser\u00e1 apresentado em cinco cidades em julho e em uma das apresenta\u00e7\u00f5es a cantora vai realizar um\u00a0stage take over. No dia 18\/07 a artista se apresenta no\u00a0As One In The Park Festival\u00a0e ser\u00e1 a respons\u00e1vel [&hellip;]\" \/>\n<meta property=\"og:url\" content=\"https:\/\/portalmf.com.br\/index.php\/2026\/03\/13\/pabllo-vittar-anuncia-as-atracoes-da-sua-curadoria-do-as-one-in-the-park-festival-em-londres\/\" \/>\n<meta property=\"og:site_name\" content=\"Portal MF\" \/>\n<meta property=\"article:author\" content=\"https:\/\/www.facebook.com\/portalmfoficial\" \/>\n<meta property=\"article:published_time\" content=\"2026-03-13T21:19:38+00:00\" \/>\n<meta property=\"article:modified_time\" content=\"2026-03-13T21:19:39+00:00\" \/>\n<meta property=\"og:image\" content=\"https:\/\/portalmf.com.br\/wp-content\/uploads\/2026\/03\/PV-10-Anos_pabllo_vitar-e1773436749490.jpg\" \/>\n\t<meta property=\"og:image:width\" content=\"1199\" \/>\n\t<meta property=\"og:image:height\" content=\"926\" \/>\n\t<meta property=\"og:image:type\" content=\"image\/jpeg\" \/>\n<meta name=\"author\" content=\"Reda\u00e7\u00e3o Portal MF\" \/>\n<meta name=\"twitter:card\" content=\"summary_large_image\" \/>\n<meta name=\"twitter:creator\" content=\"@https:\/\/x.com\/portalmfoficial\" \/>\n<meta name=\"twitter:label1\" content=\"Escrito por\" \/>\n\t<meta name=\"twitter:data1\" content=\"Reda\u00e7\u00e3o Portal MF\" \/>\n\t<meta name=\"twitter:label2\" content=\"Est. tempo de leitura\" \/>\n\t<meta name=\"twitter:data2\" content=\"4 minutos\" \/>\n<script type=\"application\/ld+json\" class=\"yoast-schema-graph\">{\"@context\":\"https:\/\/schema.org\",\"@graph\":[{\"@type\":\"WebPage\",\"@id\":\"https:\/\/portalmf.com.br\/index.php\/2026\/03\/13\/pabllo-vittar-anuncia-as-atracoes-da-sua-curadoria-do-as-one-in-the-park-festival-em-londres\/\",\"url\":\"https:\/\/portalmf.com.br\/index.php\/2026\/03\/13\/pabllo-vittar-anuncia-as-atracoes-da-sua-curadoria-do-as-one-in-the-park-festival-em-londres\/\",\"name\":\"Pabllo Vittar anuncia as atra\u00e7\u00f5es da sua curadoria do As One in The Park Festival em Londres - Portal MF\",\"isPartOf\":{\"@id\":\"https:\/\/portalmf.com.br\/#website\"},\"primaryImageOfPage\":{\"@id\":\"https:\/\/portalmf.com.br\/index.php\/2026\/03\/13\/pabllo-vittar-anuncia-as-atracoes-da-sua-curadoria-do-as-one-in-the-park-festival-em-londres\/#primaryimage\"},\"image\":{\"@id\":\"https:\/\/portalmf.com.br\/index.php\/2026\/03\/13\/pabllo-vittar-anuncia-as-atracoes-da-sua-curadoria-do-as-one-in-the-park-festival-em-londres\/#primaryimage\"},\"thumbnailUrl\":\"https:\/\/portalmf.com.br\/wp-content\/uploads\/2026\/03\/PV-10-Anos_pabllo_vitar-e1773436749490.jpg\",\"datePublished\":\"2026-03-13T21:19:38+00:00\",\"dateModified\":\"2026-03-13T21:19:39+00:00\",\"author\":{\"@id\":\"https:\/\/portalmf.com.br\/#\/schema\/person\/9ec101baf56233e53520c26de5d6f6f0\"},\"breadcrumb\":{\"@id\":\"https:\/\/portalmf.com.br\/index.php\/2026\/03\/13\/pabllo-vittar-anuncia-as-atracoes-da-sua-curadoria-do-as-one-in-the-park-festival-em-londres\/#breadcrumb\"},\"inLanguage\":\"pt-BR\",\"potentialAction\":[{\"@type\":\"ReadAction\",\"target\":[\"https:\/\/portalmf.com.br\/index.php\/2026\/03\/13\/pabllo-vittar-anuncia-as-atracoes-da-sua-curadoria-do-as-one-in-the-park-festival-em-londres\/\"]}]},{\"@type\":\"ImageObject\",\"inLanguage\":\"pt-BR\",\"@id\":\"https:\/\/portalmf.com.br\/index.php\/2026\/03\/13\/pabllo-vittar-anuncia-as-atracoes-da-sua-curadoria-do-as-one-in-the-park-festival-em-londres\/#primaryimage\",\"url\":\"https:\/\/portalmf.com.br\/wp-content\/uploads\/2026\/03\/PV-10-Anos_pabllo_vitar-e1773436749490.jpg\",\"contentUrl\":\"https:\/\/portalmf.com.br\/wp-content\/uploads\/2026\/03\/PV-10-Anos_pabllo_vitar-e1773436749490.jpg\",\"width\":1199,\"height\":926},{\"@type\":\"BreadcrumbList\",\"@id\":\"https:\/\/portalmf.com.br\/index.php\/2026\/03\/13\/pabllo-vittar-anuncia-as-atracoes-da-sua-curadoria-do-as-one-in-the-park-festival-em-londres\/#breadcrumb\",\"itemListElement\":[{\"@type\":\"ListItem\",\"position\":1,\"name\":\"In\u00edcio\",\"item\":\"https:\/\/portalmf.com.br\/\"},{\"@type\":\"ListItem\",\"position\":2,\"name\":\"Pabllo Vittar anuncia as atra\u00e7\u00f5es da sua curadoria do As One in The Park Festival em Londres\"}]},{\"@type\":\"WebSite\",\"@id\":\"https:\/\/portalmf.com.br\/#website\",\"url\":\"https:\/\/portalmf.com.br\/\",\"name\":\"Portal MF\",\"description\":\"Voc\u00ea conectado com a informa\u00e7\u00e3o\",\"potentialAction\":[{\"@type\":\"SearchAction\",\"target\":{\"@type\":\"EntryPoint\",\"urlTemplate\":\"https:\/\/portalmf.com.br\/?s={search_term_string}\"},\"query-input\":\"required name=search_term_string\"}],\"inLanguage\":\"pt-BR\"},{\"@type\":\"Person\",\"@id\":\"https:\/\/portalmf.com.br\/#\/schema\/person\/9ec101baf56233e53520c26de5d6f6f0\",\"name\":\"Reda\u00e7\u00e3o Portal MF\",\"image\":{\"@type\":\"ImageObject\",\"inLanguage\":\"pt-BR\",\"@id\":\"https:\/\/portalmf.com.br\/#\/schema\/person\/image\/\",\"url\":\"https:\/\/secure.gravatar.com\/avatar\/41b9aaeb2100835f7c64362330f74c7f?s=96&d=mm&r=g\",\"contentUrl\":\"https:\/\/secure.gravatar.com\/avatar\/41b9aaeb2100835f7c64362330f74c7f?s=96&d=mm&r=g\",\"caption\":\"Reda\u00e7\u00e3o Portal MF\"},\"description\":\"Sejam bem-vindos o portal de informa\u00e7\u00f5es de entretenimento de Feira de Santana, desde 2006 realiza coberturas dos principais eventos com entrevistas exclusivas com as principais personalidades mundiais. Fique conectado tamb\u00e9m nas redes sociais.\",\"sameAs\":[\"http:\/\/www.portalmf.com.br\/\",\"https:\/\/www.facebook.com\/portalmfoficial\",\"https:\/\/www.instagram.com\/portalmf\/\",\"https:\/\/x.com\/https:\/\/x.com\/portalmfoficial\",\"https:\/\/www.youtube.com\/@portalmfoficial\"],\"url\":\"https:\/\/portalmf.com.br\/index.php\/author\/junior\/\"}]}<\/script>\n<!-- \/ Yoast SEO plugin. -->","yoast_head_json":{"title":"Pabllo Vittar anuncia as atra\u00e7\u00f5es da sua curadoria do As One in The Park Festival em Londres - Portal MF","robots":{"index":"index","follow":"follow","max-snippet":"max-snippet:-1","max-image-preview":"max-image-preview:large","max-video-preview":"max-video-preview:-1"},"canonical":"https:\/\/portalmf.com.br\/index.php\/2026\/03\/13\/pabllo-vittar-anuncia-as-atracoes-da-sua-curadoria-do-as-one-in-the-park-festival-em-londres\/","og_locale":"pt_BR","og_type":"article","og_title":"Pabllo Vittar anuncia as atra\u00e7\u00f5es da sua curadoria do As One in The Park Festival em Londres - Portal MF","og_description":"No ano em que celebra 10 anos de carreira,\u00a0Pabllo Vittar\u00a0vai se apresentar como DJ pela primeira vez no exterior. O\u00a0Club Vittar\u00a0ser\u00e1 apresentado em cinco cidades em julho e em uma das apresenta\u00e7\u00f5es a cantora vai realizar um\u00a0stage take over. No dia 18\/07 a artista se apresenta no\u00a0As One In The Park Festival\u00a0e ser\u00e1 a respons\u00e1vel [&hellip;]","og_url":"https:\/\/portalmf.com.br\/index.php\/2026\/03\/13\/pabllo-vittar-anuncia-as-atracoes-da-sua-curadoria-do-as-one-in-the-park-festival-em-londres\/","og_site_name":"Portal MF","article_author":"https:\/\/www.facebook.com\/portalmfoficial","article_published_time":"2026-03-13T21:19:38+00:00","article_modified_time":"2026-03-13T21:19:39+00:00","og_image":[{"width":1199,"height":926,"url":"https:\/\/portalmf.com.br\/wp-content\/uploads\/2026\/03\/PV-10-Anos_pabllo_vitar-e1773436749490.jpg","type":"image\/jpeg"}],"author":"Reda\u00e7\u00e3o Portal MF","twitter_card":"summary_large_image","twitter_creator":"@https:\/\/x.com\/portalmfoficial","twitter_misc":{"Escrito por":"Reda\u00e7\u00e3o Portal MF","Est. tempo de leitura":"4 minutos"},"schema":{"@context":"https:\/\/schema.org","@graph":[{"@type":"WebPage","@id":"https:\/\/portalmf.com.br\/index.php\/2026\/03\/13\/pabllo-vittar-anuncia-as-atracoes-da-sua-curadoria-do-as-one-in-the-park-festival-em-londres\/","url":"https:\/\/portalmf.com.br\/index.php\/2026\/03\/13\/pabllo-vittar-anuncia-as-atracoes-da-sua-curadoria-do-as-one-in-the-park-festival-em-londres\/","name":"Pabllo Vittar anuncia as atra\u00e7\u00f5es da sua curadoria do As One in The Park Festival em Londres - Portal MF","isPartOf":{"@id":"https:\/\/portalmf.com.br\/#website"},"primaryImageOfPage":{"@id":"https:\/\/portalmf.com.br\/index.php\/2026\/03\/13\/pabllo-vittar-anuncia-as-atracoes-da-sua-curadoria-do-as-one-in-the-park-festival-em-londres\/#primaryimage"},"image":{"@id":"https:\/\/portalmf.com.br\/index.php\/2026\/03\/13\/pabllo-vittar-anuncia-as-atracoes-da-sua-curadoria-do-as-one-in-the-park-festival-em-londres\/#primaryimage"},"thumbnailUrl":"https:\/\/portalmf.com.br\/wp-content\/uploads\/2026\/03\/PV-10-Anos_pabllo_vitar-e1773436749490.jpg","datePublished":"2026-03-13T21:19:38+00:00","dateModified":"2026-03-13T21:19:39+00:00","author":{"@id":"https:\/\/portalmf.com.br\/#\/schema\/person\/9ec101baf56233e53520c26de5d6f6f0"},"breadcrumb":{"@id":"https:\/\/portalmf.com.br\/index.php\/2026\/03\/13\/pabllo-vittar-anuncia-as-atracoes-da-sua-curadoria-do-as-one-in-the-park-festival-em-londres\/#breadcrumb"},"inLanguage":"pt-BR","potentialAction":[{"@type":"ReadAction","target":["https:\/\/portalmf.com.br\/index.php\/2026\/03\/13\/pabllo-vittar-anuncia-as-atracoes-da-sua-curadoria-do-as-one-in-the-park-festival-em-londres\/"]}]},{"@type":"ImageObject","inLanguage":"pt-BR","@id":"https:\/\/portalmf.com.br\/index.php\/2026\/03\/13\/pabllo-vittar-anuncia-as-atracoes-da-sua-curadoria-do-as-one-in-the-park-festival-em-londres\/#primaryimage","url":"https:\/\/portalmf.com.br\/wp-content\/uploads\/2026\/03\/PV-10-Anos_pabllo_vitar-e1773436749490.jpg","contentUrl":"https:\/\/portalmf.com.br\/wp-content\/uploads\/2026\/03\/PV-10-Anos_pabllo_vitar-e1773436749490.jpg","width":1199,"height":926},{"@type":"BreadcrumbList","@id":"https:\/\/portalmf.com.br\/index.php\/2026\/03\/13\/pabllo-vittar-anuncia-as-atracoes-da-sua-curadoria-do-as-one-in-the-park-festival-em-londres\/#breadcrumb","itemListElement":[{"@type":"ListItem","position":1,"name":"In\u00edcio","item":"https:\/\/portalmf.com.br\/"},{"@type":"ListItem","position":2,"name":"Pabllo Vittar anuncia as atra\u00e7\u00f5es da sua curadoria do As One in The Park Festival em Londres"}]},{"@type":"WebSite","@id":"https:\/\/portalmf.com.br\/#website","url":"https:\/\/portalmf.com.br\/","name":"Portal MF","description":"Voc\u00ea conectado com a informa\u00e7\u00e3o","potentialAction":[{"@type":"SearchAction","target":{"@type":"EntryPoint","urlTemplate":"https:\/\/portalmf.com.br\/?s={search_term_string}"},"query-input":"required name=search_term_string"}],"inLanguage":"pt-BR"},{"@type":"Person","@id":"https:\/\/portalmf.com.br\/#\/schema\/person\/9ec101baf56233e53520c26de5d6f6f0","name":"Reda\u00e7\u00e3o Portal MF","image":{"@type":"ImageObject","inLanguage":"pt-BR","@id":"https:\/\/portalmf.com.br\/#\/schema\/person\/image\/","url":"https:\/\/secure.gravatar.com\/avatar\/41b9aaeb2100835f7c64362330f74c7f?s=96&d=mm&r=g","contentUrl":"https:\/\/secure.gravatar.com\/avatar\/41b9aaeb2100835f7c64362330f74c7f?s=96&d=mm&r=g","caption":"Reda\u00e7\u00e3o Portal MF"},"description":"Sejam bem-vindos o portal de informa\u00e7\u00f5es de entretenimento de Feira de Santana, desde 2006 realiza coberturas dos principais eventos com entrevistas exclusivas com as principais personalidades mundiais. Fique conectado tamb\u00e9m nas redes sociais.","sameAs":["http:\/\/www.portalmf.com.br\/","https:\/\/www.facebook.com\/portalmfoficial","https:\/\/www.instagram.com\/portalmf\/","https:\/\/x.com\/https:\/\/x.com\/portalmfoficial","https:\/\/www.youtube.com\/@portalmfoficial"],"url":"https:\/\/portalmf.com.br\/index.php\/author\/junior\/"}]}},"_links":{"self":[{"href":"https:\/\/portalmf.com.br\/index.php\/wp-json\/wp\/v2\/posts\/42594"}],"collection":[{"href":"https:\/\/portalmf.com.br\/index.php\/wp-json\/wp\/v2\/posts"}],"about":[{"href":"https:\/\/portalmf.com.br\/index.php\/wp-json\/wp\/v2\/types\/post"}],"author":[{"embeddable":true,"href":"https:\/\/portalmf.com.br\/index.php\/wp-json\/wp\/v2\/users\/3"}],"replies":[{"embeddable":true,"href":"https:\/\/portalmf.com.br\/index.php\/wp-json\/wp\/v2\/comments?post=42594"}],"version-history":[{"count":1,"href":"https:\/\/portalmf.com.br\/index.php\/wp-json\/wp\/v2\/posts\/42594\/revisions"}],"predecessor-version":[{"id":42596,"href":"https:\/\/portalmf.com.br\/index.php\/wp-json\/wp\/v2\/posts\/42594\/revisions\/42596"}],"wp:featuredmedia":[{"embeddable":true,"href":"https:\/\/portalmf.com.br\/index.php\/wp-json\/wp\/v2\/media\/42595"}],"wp:attachment":[{"href":"https:\/\/portalmf.com.br\/index.php\/wp-json\/wp\/v2\/media?parent=42594"}],"wp:term":[{"taxonomy":"category","embeddable":true,"href":"https:\/\/portalmf.com.br\/index.php\/wp-json\/wp\/v2\/categories?post=42594"},{"taxonomy":"post_tag","embeddable":true,"href":"https:\/\/portalmf.com.br\/index.php\/wp-json\/wp\/v2\/tags?post=42594"}],"curies":[{"name":"wp","href":"https:\/\/api.w.org\/{rel}","templated":true}]}}