{"id":42585,"date":"2026-03-13T11:56:00","date_gmt":"2026-03-13T14:56:00","guid":{"rendered":"https:\/\/portalmf.com.br\/?p=42585"},"modified":"2026-03-13T17:57:33","modified_gmt":"2026-03-13T20:57:33","slug":"domingo-legal-renova-cenario-e-recebe-convidados-especiais-neste-domingo","status":"publish","type":"post","link":"https:\/\/portalmf.com.br\/index.php\/2026\/03\/13\/domingo-legal-renova-cenario-e-recebe-convidados-especiais-neste-domingo\/","title":{"rendered":"Domingo Legal renova cen\u00e1rio e recebe convidados especiais neste domingo"},"content":{"rendered":"\n<p>Estreia de novo cen\u00e1rio e muita divers\u00e3o marcam o Domingo Legal deste domingo, 15 de mar\u00e7o. Ap\u00f3s cinco anos, o programa apresenta um cen\u00e1rio totalmente renovado, com uma cenografia que integra ilumina\u00e7\u00e3o e elementos visuais inspirados em ondas, criando diferentes atmosferas no palco. A logomarca tamb\u00e9m foi atualizada, ganhando cores mais vibrantes e novas nuances, sem perder a ess\u00eancia da atra\u00e7\u00e3o.<\/p>\n\n\n\n<p>Para estrear essa nova fase em grande estilo, Celso Portiolli recebe convidados especiais no tradicional Passa ou Repassa. O time azul conta com a irrever\u00eancia de Blogueirinha, Igor Cosso, Gracyanne Barbosa e Giovanna Jacobina. J\u00e1 o time amarelo \u00e9 formado por Danilo Gentili, Diguinho, Igor Guimar\u00e3es e David Brazil, que prometem uma disputa animada e cheia de momentos divertidos.<\/p>\n\n\n\n<p>O programa recebe a dupla Marcos e Belutti para cantar, ao vivo, alguns de seus maiores sucessos, Danilo &amp; Davi, tamb\u00e9m estar\u00e3o presentes no palco e embalam o domingo com seus hits. Os cantores falam de sua trajet\u00f3ria na m\u00fasica e vida pessoal.<\/p>\n\n\n\n<p>Outra novidade \u00e9 o quadro \u201cTo Liso\u201d, uma escada gigante escorregadia, em que cinco participantes por rodada tentar\u00e3o chegar ao topo da escada para ganhar um bom valor em dinheiro.<\/p>\n\n\n\n<p>&nbsp;Na estreia da nova temporada de Comprar \u00e9 Bom, Levar \u00e9 Melhor, a fam\u00edlia Casaquia, de Uberl\u00e2ndia, em Minas Gerais, enfrenta as sete temidas perguntas em busca de at\u00e9 80 mil reais em pr\u00eamios. A disputa exige racioc\u00ednio r\u00e1pido e trabalho em equipe para conquistar o maior n\u00famero poss\u00edvel de acertos.<\/p>\n\n\n\n<p>&nbsp;O dominical do SBT tamb\u00e9m traz uma edi\u00e7\u00e3o in\u00e9dita do quadro At\u00e9 Onde Voc\u00ea Chega? no qual participantes determinados encaram desafios e decis\u00f5es importantes em busca do sonho de se tornar o novo milion\u00e1rio do Brasil.<\/p>\n\n\n\n<p>O Domingo Legal vai ao ar todos os domingos, a partir das 11h15, no SBT.<\/p>\n","protected":false},"excerpt":{"rendered":"<p>Estreia de novo cen\u00e1rio e muita divers\u00e3o marcam o Domingo Legal deste domingo, 15 de mar\u00e7o. Ap\u00f3s cinco anos, o programa apresenta um cen\u00e1rio totalmente renovado, com uma cenografia que integra ilumina\u00e7\u00e3o e elementos visuais inspirados em ondas, criando diferentes atmosferas no palco. A logomarca tamb\u00e9m foi atualizada, ganhando cores mais vibrantes e novas nuances, [&hellip;]<\/p>\n","protected":false},"author":3,"featured_media":42586,"comment_status":"open","ping_status":"open","sticky":false,"template":"","format":"standard","meta":{"_monsterinsights_skip_tracking":false,"_monsterinsights_sitenote_active":false,"_monsterinsights_sitenote_note":"","_monsterinsights_sitenote_category":0,"footnotes":""},"categories":[48,43],"tags":[],"yoast_head":"<!-- This site is optimized with the Yoast SEO plugin v22.9 - https:\/\/yoast.com\/wordpress\/plugins\/seo\/ -->\n<title>Domingo Legal renova cen\u00e1rio e recebe convidados especiais neste domingo - Portal MF<\/title>\n<meta name=\"robots\" content=\"index, follow, max-snippet:-1, max-image-preview:large, max-video-preview:-1\" \/>\n<link rel=\"canonical\" href=\"https:\/\/portalmf.com.br\/index.php\/2026\/03\/13\/domingo-legal-renova-cenario-e-recebe-convidados-especiais-neste-domingo\/\" \/>\n<meta property=\"og:locale\" content=\"pt_BR\" \/>\n<meta property=\"og:type\" content=\"article\" \/>\n<meta property=\"og:title\" content=\"Domingo Legal renova cen\u00e1rio e recebe convidados especiais neste domingo - Portal MF\" \/>\n<meta property=\"og:description\" content=\"Estreia de novo cen\u00e1rio e muita divers\u00e3o marcam o Domingo Legal deste domingo, 15 de mar\u00e7o. Ap\u00f3s cinco anos, o programa apresenta um cen\u00e1rio totalmente renovado, com uma cenografia que integra ilumina\u00e7\u00e3o e elementos visuais inspirados em ondas, criando diferentes atmosferas no palco. A logomarca tamb\u00e9m foi atualizada, ganhando cores mais vibrantes e novas nuances, [&hellip;]\" \/>\n<meta property=\"og:url\" content=\"https:\/\/portalmf.com.br\/index.php\/2026\/03\/13\/domingo-legal-renova-cenario-e-recebe-convidados-especiais-neste-domingo\/\" \/>\n<meta property=\"og:site_name\" content=\"Portal MF\" \/>\n<meta property=\"article:author\" content=\"https:\/\/www.facebook.com\/portalmfoficial\" \/>\n<meta property=\"article:published_time\" content=\"2026-03-13T14:56:00+00:00\" \/>\n<meta property=\"article:modified_time\" content=\"2026-03-13T20:57:33+00:00\" \/>\n<meta property=\"og:image\" content=\"https:\/\/portalmf.com.br\/wp-content\/uploads\/2026\/03\/celso--scaled.jpg\" \/>\n\t<meta property=\"og:image:width\" content=\"2560\" \/>\n\t<meta property=\"og:image:height\" content=\"1706\" \/>\n\t<meta property=\"og:image:type\" content=\"image\/jpeg\" \/>\n<meta name=\"author\" content=\"Reda\u00e7\u00e3o Portal MF\" \/>\n<meta name=\"twitter:card\" content=\"summary_large_image\" \/>\n<meta name=\"twitter:creator\" content=\"@https:\/\/x.com\/portalmfoficial\" \/>\n<meta name=\"twitter:label1\" content=\"Escrito por\" \/>\n\t<meta name=\"twitter:data1\" content=\"Reda\u00e7\u00e3o Portal MF\" \/>\n\t<meta name=\"twitter:label2\" content=\"Est. tempo de leitura\" \/>\n\t<meta name=\"twitter:data2\" content=\"2 minutos\" \/>\n<script type=\"application\/ld+json\" class=\"yoast-schema-graph\">{\"@context\":\"https:\/\/schema.org\",\"@graph\":[{\"@type\":\"WebPage\",\"@id\":\"https:\/\/portalmf.com.br\/index.php\/2026\/03\/13\/domingo-legal-renova-cenario-e-recebe-convidados-especiais-neste-domingo\/\",\"url\":\"https:\/\/portalmf.com.br\/index.php\/2026\/03\/13\/domingo-legal-renova-cenario-e-recebe-convidados-especiais-neste-domingo\/\",\"name\":\"Domingo Legal renova cen\u00e1rio e recebe convidados especiais neste domingo - Portal MF\",\"isPartOf\":{\"@id\":\"https:\/\/portalmf.com.br\/#website\"},\"primaryImageOfPage\":{\"@id\":\"https:\/\/portalmf.com.br\/index.php\/2026\/03\/13\/domingo-legal-renova-cenario-e-recebe-convidados-especiais-neste-domingo\/#primaryimage\"},\"image\":{\"@id\":\"https:\/\/portalmf.com.br\/index.php\/2026\/03\/13\/domingo-legal-renova-cenario-e-recebe-convidados-especiais-neste-domingo\/#primaryimage\"},\"thumbnailUrl\":\"https:\/\/portalmf.com.br\/wp-content\/uploads\/2026\/03\/celso--scaled.jpg\",\"datePublished\":\"2026-03-13T14:56:00+00:00\",\"dateModified\":\"2026-03-13T20:57:33+00:00\",\"author\":{\"@id\":\"https:\/\/portalmf.com.br\/#\/schema\/person\/9ec101baf56233e53520c26de5d6f6f0\"},\"breadcrumb\":{\"@id\":\"https:\/\/portalmf.com.br\/index.php\/2026\/03\/13\/domingo-legal-renova-cenario-e-recebe-convidados-especiais-neste-domingo\/#breadcrumb\"},\"inLanguage\":\"pt-BR\",\"potentialAction\":[{\"@type\":\"ReadAction\",\"target\":[\"https:\/\/portalmf.com.br\/index.php\/2026\/03\/13\/domingo-legal-renova-cenario-e-recebe-convidados-especiais-neste-domingo\/\"]}]},{\"@type\":\"ImageObject\",\"inLanguage\":\"pt-BR\",\"@id\":\"https:\/\/portalmf.com.br\/index.php\/2026\/03\/13\/domingo-legal-renova-cenario-e-recebe-convidados-especiais-neste-domingo\/#primaryimage\",\"url\":\"https:\/\/portalmf.com.br\/wp-content\/uploads\/2026\/03\/celso--scaled.jpg\",\"contentUrl\":\"https:\/\/portalmf.com.br\/wp-content\/uploads\/2026\/03\/celso--scaled.jpg\",\"width\":2560,\"height\":1706},{\"@type\":\"BreadcrumbList\",\"@id\":\"https:\/\/portalmf.com.br\/index.php\/2026\/03\/13\/domingo-legal-renova-cenario-e-recebe-convidados-especiais-neste-domingo\/#breadcrumb\",\"itemListElement\":[{\"@type\":\"ListItem\",\"position\":1,\"name\":\"In\u00edcio\",\"item\":\"https:\/\/portalmf.com.br\/\"},{\"@type\":\"ListItem\",\"position\":2,\"name\":\"Domingo Legal renova cen\u00e1rio e recebe convidados especiais neste domingo\"}]},{\"@type\":\"WebSite\",\"@id\":\"https:\/\/portalmf.com.br\/#website\",\"url\":\"https:\/\/portalmf.com.br\/\",\"name\":\"Portal MF\",\"description\":\"Voc\u00ea conectado com a informa\u00e7\u00e3o\",\"potentialAction\":[{\"@type\":\"SearchAction\",\"target\":{\"@type\":\"EntryPoint\",\"urlTemplate\":\"https:\/\/portalmf.com.br\/?s={search_term_string}\"},\"query-input\":\"required name=search_term_string\"}],\"inLanguage\":\"pt-BR\"},{\"@type\":\"Person\",\"@id\":\"https:\/\/portalmf.com.br\/#\/schema\/person\/9ec101baf56233e53520c26de5d6f6f0\",\"name\":\"Reda\u00e7\u00e3o Portal MF\",\"image\":{\"@type\":\"ImageObject\",\"inLanguage\":\"pt-BR\",\"@id\":\"https:\/\/portalmf.com.br\/#\/schema\/person\/image\/\",\"url\":\"https:\/\/secure.gravatar.com\/avatar\/41b9aaeb2100835f7c64362330f74c7f?s=96&d=mm&r=g\",\"contentUrl\":\"https:\/\/secure.gravatar.com\/avatar\/41b9aaeb2100835f7c64362330f74c7f?s=96&d=mm&r=g\",\"caption\":\"Reda\u00e7\u00e3o Portal MF\"},\"description\":\"Sejam bem-vindos o portal de informa\u00e7\u00f5es de entretenimento de Feira de Santana, desde 2006 realiza coberturas dos principais eventos com entrevistas exclusivas com as principais personalidades mundiais. Fique conectado tamb\u00e9m nas redes sociais.\",\"sameAs\":[\"http:\/\/www.portalmf.com.br\/\",\"https:\/\/www.facebook.com\/portalmfoficial\",\"https:\/\/www.instagram.com\/portalmf\/\",\"https:\/\/x.com\/https:\/\/x.com\/portalmfoficial\",\"https:\/\/www.youtube.com\/@portalmfoficial\"],\"url\":\"https:\/\/portalmf.com.br\/index.php\/author\/junior\/\"}]}<\/script>\n<!-- \/ Yoast SEO plugin. -->","yoast_head_json":{"title":"Domingo Legal renova cen\u00e1rio e recebe convidados especiais neste domingo - Portal MF","robots":{"index":"index","follow":"follow","max-snippet":"max-snippet:-1","max-image-preview":"max-image-preview:large","max-video-preview":"max-video-preview:-1"},"canonical":"https:\/\/portalmf.com.br\/index.php\/2026\/03\/13\/domingo-legal-renova-cenario-e-recebe-convidados-especiais-neste-domingo\/","og_locale":"pt_BR","og_type":"article","og_title":"Domingo Legal renova cen\u00e1rio e recebe convidados especiais neste domingo - Portal MF","og_description":"Estreia de novo cen\u00e1rio e muita divers\u00e3o marcam o Domingo Legal deste domingo, 15 de mar\u00e7o. Ap\u00f3s cinco anos, o programa apresenta um cen\u00e1rio totalmente renovado, com uma cenografia que integra ilumina\u00e7\u00e3o e elementos visuais inspirados em ondas, criando diferentes atmosferas no palco. A logomarca tamb\u00e9m foi atualizada, ganhando cores mais vibrantes e novas nuances, [&hellip;]","og_url":"https:\/\/portalmf.com.br\/index.php\/2026\/03\/13\/domingo-legal-renova-cenario-e-recebe-convidados-especiais-neste-domingo\/","og_site_name":"Portal MF","article_author":"https:\/\/www.facebook.com\/portalmfoficial","article_published_time":"2026-03-13T14:56:00+00:00","article_modified_time":"2026-03-13T20:57:33+00:00","og_image":[{"width":2560,"height":1706,"url":"https:\/\/portalmf.com.br\/wp-content\/uploads\/2026\/03\/celso--scaled.jpg","type":"image\/jpeg"}],"author":"Reda\u00e7\u00e3o Portal MF","twitter_card":"summary_large_image","twitter_creator":"@https:\/\/x.com\/portalmfoficial","twitter_misc":{"Escrito por":"Reda\u00e7\u00e3o Portal MF","Est. tempo de leitura":"2 minutos"},"schema":{"@context":"https:\/\/schema.org","@graph":[{"@type":"WebPage","@id":"https:\/\/portalmf.com.br\/index.php\/2026\/03\/13\/domingo-legal-renova-cenario-e-recebe-convidados-especiais-neste-domingo\/","url":"https:\/\/portalmf.com.br\/index.php\/2026\/03\/13\/domingo-legal-renova-cenario-e-recebe-convidados-especiais-neste-domingo\/","name":"Domingo Legal renova cen\u00e1rio e recebe convidados especiais neste domingo - Portal MF","isPartOf":{"@id":"https:\/\/portalmf.com.br\/#website"},"primaryImageOfPage":{"@id":"https:\/\/portalmf.com.br\/index.php\/2026\/03\/13\/domingo-legal-renova-cenario-e-recebe-convidados-especiais-neste-domingo\/#primaryimage"},"image":{"@id":"https:\/\/portalmf.com.br\/index.php\/2026\/03\/13\/domingo-legal-renova-cenario-e-recebe-convidados-especiais-neste-domingo\/#primaryimage"},"thumbnailUrl":"https:\/\/portalmf.com.br\/wp-content\/uploads\/2026\/03\/celso--scaled.jpg","datePublished":"2026-03-13T14:56:00+00:00","dateModified":"2026-03-13T20:57:33+00:00","author":{"@id":"https:\/\/portalmf.com.br\/#\/schema\/person\/9ec101baf56233e53520c26de5d6f6f0"},"breadcrumb":{"@id":"https:\/\/portalmf.com.br\/index.php\/2026\/03\/13\/domingo-legal-renova-cenario-e-recebe-convidados-especiais-neste-domingo\/#breadcrumb"},"inLanguage":"pt-BR","potentialAction":[{"@type":"ReadAction","target":["https:\/\/portalmf.com.br\/index.php\/2026\/03\/13\/domingo-legal-renova-cenario-e-recebe-convidados-especiais-neste-domingo\/"]}]},{"@type":"ImageObject","inLanguage":"pt-BR","@id":"https:\/\/portalmf.com.br\/index.php\/2026\/03\/13\/domingo-legal-renova-cenario-e-recebe-convidados-especiais-neste-domingo\/#primaryimage","url":"https:\/\/portalmf.com.br\/wp-content\/uploads\/2026\/03\/celso--scaled.jpg","contentUrl":"https:\/\/portalmf.com.br\/wp-content\/uploads\/2026\/03\/celso--scaled.jpg","width":2560,"height":1706},{"@type":"BreadcrumbList","@id":"https:\/\/portalmf.com.br\/index.php\/2026\/03\/13\/domingo-legal-renova-cenario-e-recebe-convidados-especiais-neste-domingo\/#breadcrumb","itemListElement":[{"@type":"ListItem","position":1,"name":"In\u00edcio","item":"https:\/\/portalmf.com.br\/"},{"@type":"ListItem","position":2,"name":"Domingo Legal renova cen\u00e1rio e recebe convidados especiais neste domingo"}]},{"@type":"WebSite","@id":"https:\/\/portalmf.com.br\/#website","url":"https:\/\/portalmf.com.br\/","name":"Portal MF","description":"Voc\u00ea conectado com a informa\u00e7\u00e3o","potentialAction":[{"@type":"SearchAction","target":{"@type":"EntryPoint","urlTemplate":"https:\/\/portalmf.com.br\/?s={search_term_string}"},"query-input":"required name=search_term_string"}],"inLanguage":"pt-BR"},{"@type":"Person","@id":"https:\/\/portalmf.com.br\/#\/schema\/person\/9ec101baf56233e53520c26de5d6f6f0","name":"Reda\u00e7\u00e3o Portal MF","image":{"@type":"ImageObject","inLanguage":"pt-BR","@id":"https:\/\/portalmf.com.br\/#\/schema\/person\/image\/","url":"https:\/\/secure.gravatar.com\/avatar\/41b9aaeb2100835f7c64362330f74c7f?s=96&d=mm&r=g","contentUrl":"https:\/\/secure.gravatar.com\/avatar\/41b9aaeb2100835f7c64362330f74c7f?s=96&d=mm&r=g","caption":"Reda\u00e7\u00e3o Portal MF"},"description":"Sejam bem-vindos o portal de informa\u00e7\u00f5es de entretenimento de Feira de Santana, desde 2006 realiza coberturas dos principais eventos com entrevistas exclusivas com as principais personalidades mundiais. Fique conectado tamb\u00e9m nas redes sociais.","sameAs":["http:\/\/www.portalmf.com.br\/","https:\/\/www.facebook.com\/portalmfoficial","https:\/\/www.instagram.com\/portalmf\/","https:\/\/x.com\/https:\/\/x.com\/portalmfoficial","https:\/\/www.youtube.com\/@portalmfoficial"],"url":"https:\/\/portalmf.com.br\/index.php\/author\/junior\/"}]}},"_links":{"self":[{"href":"https:\/\/portalmf.com.br\/index.php\/wp-json\/wp\/v2\/posts\/42585"}],"collection":[{"href":"https:\/\/portalmf.com.br\/index.php\/wp-json\/wp\/v2\/posts"}],"about":[{"href":"https:\/\/portalmf.com.br\/index.php\/wp-json\/wp\/v2\/types\/post"}],"author":[{"embeddable":true,"href":"https:\/\/portalmf.com.br\/index.php\/wp-json\/wp\/v2\/users\/3"}],"replies":[{"embeddable":true,"href":"https:\/\/portalmf.com.br\/index.php\/wp-json\/wp\/v2\/comments?post=42585"}],"version-history":[{"count":1,"href":"https:\/\/portalmf.com.br\/index.php\/wp-json\/wp\/v2\/posts\/42585\/revisions"}],"predecessor-version":[{"id":42587,"href":"https:\/\/portalmf.com.br\/index.php\/wp-json\/wp\/v2\/posts\/42585\/revisions\/42587"}],"wp:featuredmedia":[{"embeddable":true,"href":"https:\/\/portalmf.com.br\/index.php\/wp-json\/wp\/v2\/media\/42586"}],"wp:attachment":[{"href":"https:\/\/portalmf.com.br\/index.php\/wp-json\/wp\/v2\/media?parent=42585"}],"wp:term":[{"taxonomy":"category","embeddable":true,"href":"https:\/\/portalmf.com.br\/index.php\/wp-json\/wp\/v2\/categories?post=42585"},{"taxonomy":"post_tag","embeddable":true,"href":"https:\/\/portalmf.com.br\/index.php\/wp-json\/wp\/v2\/tags?post=42585"}],"curies":[{"name":"wp","href":"https:\/\/api.w.org\/{rel}","templated":true}]}}