{"id":42546,"date":"2026-03-11T20:30:53","date_gmt":"2026-03-11T23:30:53","guid":{"rendered":"https:\/\/portalmf.com.br\/?p=42546"},"modified":"2026-03-11T20:30:53","modified_gmt":"2026-03-11T23:30:53","slug":"escandurras-grava-audiovisual-pra-god-em-tarde-emocionante-marcada-por-fe-e-musicalidade","status":"publish","type":"post","link":"https:\/\/portalmf.com.br\/index.php\/2026\/03\/11\/escandurras-grava-audiovisual-pra-god-em-tarde-emocionante-marcada-por-fe-e-musicalidade\/","title":{"rendered":"Escandurras grava audiovisual \u201cPRA GOD\u201d em tarde emocionante marcada por f\u00e9 e musicalidade"},"content":{"rendered":"\n<p><br>O cantor e compositor Filipe Escandurras viveu uma tarde especial durante a grava\u00e7\u00e3o do audiovisual PRA GOD, projeto que apresenta releituras de cl\u00e1ssicos da m\u00fasica gospel em ritmo de samba. O encontro aconteceu em clima intimista, reunindo convidados pr\u00f3ximos para celebrar a f\u00e9 e a m\u00fasica em um ambiente de emo\u00e7\u00e3o e espiritualidade.<\/p>\n\n\n\n<p>O repert\u00f3rio reuniu 7 m\u00fasicas que marcaram gera\u00e7\u00f5es, agora revisitadas em arranjos que valorizam a musicalidade do samba sem perder a for\u00e7a das mensagens de esperan\u00e7a e devo\u00e7\u00e3o.<\/p>\n\n\n\n<p>Um dos momentos mais marcantes da grava\u00e7\u00e3o foi a participa\u00e7\u00e3o do filho do artista, Davi, que dividiu o palco com o pai em uma interpreta\u00e7\u00e3o conjunta da can\u00e7\u00e3o \u201cTodavia\u201d, um cl\u00e1ssico da m\u00fasica gospel.<\/p>\n\n\n\n<p>O audiovisual tamb\u00e9m contou com uma nova vers\u00e3o de \u201cT\u00e1 Chorando Por Qu\u00ea?\u201d, composi\u00e7\u00e3o autoral de Escandurras que ganhou grande repercuss\u00e3o no segmento gospel e promete ser um dos destaques do projeto.<\/p>\n\n\n\n<p>Para o cantor, o PRA GOD representa a realiza\u00e7\u00e3o de um desejo antigo. Segundo ele, a ideia de gravar m\u00fasicas gospel em samba j\u00e1 estava em seu cora\u00e7\u00e3o h\u00e1 algum tempo e finalmente ganhou forma neste novo trabalho.<\/p>\n\n\n\n<p>Ao longo da grava\u00e7\u00e3o, Escandurras destacou que sempre gostou de explorar novas possibilidades dentro do samba. \u201cJ\u00e1 cantei sertanejo em samba, MPB em samba e at\u00e9 forr\u00f3 em samba. Estava faltando o gospel\u201d, comentou.<\/p>\n\n\n\n<p>Com performances carregadas de emo\u00e7\u00e3o, PRA GOD vem com um encontro entre f\u00e9, fam\u00edlia e m\u00fasica, prometendo tocar o p\u00fablico ao apresentar um lado ainda mais sens\u00edvel da trajet\u00f3ria de Filipe Escandurras.<\/p>\n","protected":false},"excerpt":{"rendered":"<p>O cantor e compositor Filipe Escandurras viveu uma tarde especial durante a grava\u00e7\u00e3o do audiovisual PRA GOD, projeto que apresenta releituras de cl\u00e1ssicos da m\u00fasica gospel em ritmo de samba. O encontro aconteceu em clima intimista, reunindo convidados pr\u00f3ximos para celebrar a f\u00e9 e a m\u00fasica em um ambiente de emo\u00e7\u00e3o e espiritualidade. O repert\u00f3rio [&hellip;]<\/p>\n","protected":false},"author":3,"featured_media":42547,"comment_status":"open","ping_status":"open","sticky":false,"template":"","format":"standard","meta":{"_monsterinsights_skip_tracking":false,"_monsterinsights_sitenote_active":false,"_monsterinsights_sitenote_note":"","_monsterinsights_sitenote_category":0,"footnotes":""},"categories":[48,36],"tags":[],"yoast_head":"<!-- This site is optimized with the Yoast SEO plugin v22.9 - https:\/\/yoast.com\/wordpress\/plugins\/seo\/ -->\n<title>Escandurras grava audiovisual \u201cPRA GOD\u201d em tarde emocionante marcada por f\u00e9 e musicalidade - Portal MF<\/title>\n<meta name=\"robots\" content=\"index, follow, max-snippet:-1, max-image-preview:large, max-video-preview:-1\" \/>\n<link rel=\"canonical\" href=\"https:\/\/portalmf.com.br\/index.php\/2026\/03\/11\/escandurras-grava-audiovisual-pra-god-em-tarde-emocionante-marcada-por-fe-e-musicalidade\/\" \/>\n<meta property=\"og:locale\" content=\"pt_BR\" \/>\n<meta property=\"og:type\" content=\"article\" \/>\n<meta property=\"og:title\" content=\"Escandurras grava audiovisual \u201cPRA GOD\u201d em tarde emocionante marcada por f\u00e9 e musicalidade - Portal MF\" \/>\n<meta property=\"og:description\" content=\"O cantor e compositor Filipe Escandurras viveu uma tarde especial durante a grava\u00e7\u00e3o do audiovisual PRA GOD, projeto que apresenta releituras de cl\u00e1ssicos da m\u00fasica gospel em ritmo de samba. O encontro aconteceu em clima intimista, reunindo convidados pr\u00f3ximos para celebrar a f\u00e9 e a m\u00fasica em um ambiente de emo\u00e7\u00e3o e espiritualidade. O repert\u00f3rio [&hellip;]\" \/>\n<meta property=\"og:url\" content=\"https:\/\/portalmf.com.br\/index.php\/2026\/03\/11\/escandurras-grava-audiovisual-pra-god-em-tarde-emocionante-marcada-por-fe-e-musicalidade\/\" \/>\n<meta property=\"og:site_name\" content=\"Portal MF\" \/>\n<meta property=\"article:author\" content=\"https:\/\/www.facebook.com\/portalmfoficial\" \/>\n<meta property=\"article:published_time\" content=\"2026-03-11T23:30:53+00:00\" \/>\n<meta property=\"og:image\" content=\"https:\/\/portalmf.com.br\/wp-content\/uploads\/2026\/03\/Escandurras-grava-audiovisual-scaled-e1773271839772.jpeg\" \/>\n\t<meta property=\"og:image:width\" content=\"1706\" \/>\n\t<meta property=\"og:image:height\" content=\"1109\" \/>\n\t<meta property=\"og:image:type\" content=\"image\/jpeg\" \/>\n<meta name=\"author\" content=\"Reda\u00e7\u00e3o Portal MF\" \/>\n<meta name=\"twitter:card\" content=\"summary_large_image\" \/>\n<meta name=\"twitter:creator\" content=\"@https:\/\/x.com\/portalmfoficial\" \/>\n<meta name=\"twitter:label1\" content=\"Escrito por\" \/>\n\t<meta name=\"twitter:data1\" content=\"Reda\u00e7\u00e3o Portal MF\" \/>\n\t<meta name=\"twitter:label2\" content=\"Est. tempo de leitura\" \/>\n\t<meta name=\"twitter:data2\" content=\"2 minutos\" \/>\n<script type=\"application\/ld+json\" class=\"yoast-schema-graph\">{\"@context\":\"https:\/\/schema.org\",\"@graph\":[{\"@type\":\"WebPage\",\"@id\":\"https:\/\/portalmf.com.br\/index.php\/2026\/03\/11\/escandurras-grava-audiovisual-pra-god-em-tarde-emocionante-marcada-por-fe-e-musicalidade\/\",\"url\":\"https:\/\/portalmf.com.br\/index.php\/2026\/03\/11\/escandurras-grava-audiovisual-pra-god-em-tarde-emocionante-marcada-por-fe-e-musicalidade\/\",\"name\":\"Escandurras grava audiovisual \u201cPRA GOD\u201d em tarde emocionante marcada por f\u00e9 e musicalidade - Portal MF\",\"isPartOf\":{\"@id\":\"https:\/\/portalmf.com.br\/#website\"},\"primaryImageOfPage\":{\"@id\":\"https:\/\/portalmf.com.br\/index.php\/2026\/03\/11\/escandurras-grava-audiovisual-pra-god-em-tarde-emocionante-marcada-por-fe-e-musicalidade\/#primaryimage\"},\"image\":{\"@id\":\"https:\/\/portalmf.com.br\/index.php\/2026\/03\/11\/escandurras-grava-audiovisual-pra-god-em-tarde-emocionante-marcada-por-fe-e-musicalidade\/#primaryimage\"},\"thumbnailUrl\":\"https:\/\/portalmf.com.br\/wp-content\/uploads\/2026\/03\/Escandurras-grava-audiovisual-scaled-e1773271839772.jpeg\",\"datePublished\":\"2026-03-11T23:30:53+00:00\",\"dateModified\":\"2026-03-11T23:30:53+00:00\",\"author\":{\"@id\":\"https:\/\/portalmf.com.br\/#\/schema\/person\/9ec101baf56233e53520c26de5d6f6f0\"},\"breadcrumb\":{\"@id\":\"https:\/\/portalmf.com.br\/index.php\/2026\/03\/11\/escandurras-grava-audiovisual-pra-god-em-tarde-emocionante-marcada-por-fe-e-musicalidade\/#breadcrumb\"},\"inLanguage\":\"pt-BR\",\"potentialAction\":[{\"@type\":\"ReadAction\",\"target\":[\"https:\/\/portalmf.com.br\/index.php\/2026\/03\/11\/escandurras-grava-audiovisual-pra-god-em-tarde-emocionante-marcada-por-fe-e-musicalidade\/\"]}]},{\"@type\":\"ImageObject\",\"inLanguage\":\"pt-BR\",\"@id\":\"https:\/\/portalmf.com.br\/index.php\/2026\/03\/11\/escandurras-grava-audiovisual-pra-god-em-tarde-emocionante-marcada-por-fe-e-musicalidade\/#primaryimage\",\"url\":\"https:\/\/portalmf.com.br\/wp-content\/uploads\/2026\/03\/Escandurras-grava-audiovisual-scaled-e1773271839772.jpeg\",\"contentUrl\":\"https:\/\/portalmf.com.br\/wp-content\/uploads\/2026\/03\/Escandurras-grava-audiovisual-scaled-e1773271839772.jpeg\",\"width\":1706,\"height\":1109},{\"@type\":\"BreadcrumbList\",\"@id\":\"https:\/\/portalmf.com.br\/index.php\/2026\/03\/11\/escandurras-grava-audiovisual-pra-god-em-tarde-emocionante-marcada-por-fe-e-musicalidade\/#breadcrumb\",\"itemListElement\":[{\"@type\":\"ListItem\",\"position\":1,\"name\":\"In\u00edcio\",\"item\":\"https:\/\/portalmf.com.br\/\"},{\"@type\":\"ListItem\",\"position\":2,\"name\":\"Escandurras grava audiovisual \u201cPRA GOD\u201d em tarde emocionante marcada por f\u00e9 e musicalidade\"}]},{\"@type\":\"WebSite\",\"@id\":\"https:\/\/portalmf.com.br\/#website\",\"url\":\"https:\/\/portalmf.com.br\/\",\"name\":\"Portal MF\",\"description\":\"Voc\u00ea conectado com a informa\u00e7\u00e3o\",\"potentialAction\":[{\"@type\":\"SearchAction\",\"target\":{\"@type\":\"EntryPoint\",\"urlTemplate\":\"https:\/\/portalmf.com.br\/?s={search_term_string}\"},\"query-input\":\"required name=search_term_string\"}],\"inLanguage\":\"pt-BR\"},{\"@type\":\"Person\",\"@id\":\"https:\/\/portalmf.com.br\/#\/schema\/person\/9ec101baf56233e53520c26de5d6f6f0\",\"name\":\"Reda\u00e7\u00e3o Portal MF\",\"image\":{\"@type\":\"ImageObject\",\"inLanguage\":\"pt-BR\",\"@id\":\"https:\/\/portalmf.com.br\/#\/schema\/person\/image\/\",\"url\":\"https:\/\/secure.gravatar.com\/avatar\/41b9aaeb2100835f7c64362330f74c7f?s=96&d=mm&r=g\",\"contentUrl\":\"https:\/\/secure.gravatar.com\/avatar\/41b9aaeb2100835f7c64362330f74c7f?s=96&d=mm&r=g\",\"caption\":\"Reda\u00e7\u00e3o Portal MF\"},\"description\":\"Sejam bem-vindos o portal de informa\u00e7\u00f5es de entretenimento de Feira de Santana, desde 2006 realiza coberturas dos principais eventos com entrevistas exclusivas com as principais personalidades mundiais. Fique conectado tamb\u00e9m nas redes sociais.\",\"sameAs\":[\"http:\/\/www.portalmf.com.br\/\",\"https:\/\/www.facebook.com\/portalmfoficial\",\"https:\/\/www.instagram.com\/portalmf\/\",\"https:\/\/x.com\/https:\/\/x.com\/portalmfoficial\",\"https:\/\/www.youtube.com\/@portalmfoficial\"],\"url\":\"https:\/\/portalmf.com.br\/index.php\/author\/junior\/\"}]}<\/script>\n<!-- \/ Yoast SEO plugin. -->","yoast_head_json":{"title":"Escandurras grava audiovisual \u201cPRA GOD\u201d em tarde emocionante marcada por f\u00e9 e musicalidade - Portal MF","robots":{"index":"index","follow":"follow","max-snippet":"max-snippet:-1","max-image-preview":"max-image-preview:large","max-video-preview":"max-video-preview:-1"},"canonical":"https:\/\/portalmf.com.br\/index.php\/2026\/03\/11\/escandurras-grava-audiovisual-pra-god-em-tarde-emocionante-marcada-por-fe-e-musicalidade\/","og_locale":"pt_BR","og_type":"article","og_title":"Escandurras grava audiovisual \u201cPRA GOD\u201d em tarde emocionante marcada por f\u00e9 e musicalidade - Portal MF","og_description":"O cantor e compositor Filipe Escandurras viveu uma tarde especial durante a grava\u00e7\u00e3o do audiovisual PRA GOD, projeto que apresenta releituras de cl\u00e1ssicos da m\u00fasica gospel em ritmo de samba. O encontro aconteceu em clima intimista, reunindo convidados pr\u00f3ximos para celebrar a f\u00e9 e a m\u00fasica em um ambiente de emo\u00e7\u00e3o e espiritualidade. O repert\u00f3rio [&hellip;]","og_url":"https:\/\/portalmf.com.br\/index.php\/2026\/03\/11\/escandurras-grava-audiovisual-pra-god-em-tarde-emocionante-marcada-por-fe-e-musicalidade\/","og_site_name":"Portal MF","article_author":"https:\/\/www.facebook.com\/portalmfoficial","article_published_time":"2026-03-11T23:30:53+00:00","og_image":[{"width":1706,"height":1109,"url":"https:\/\/portalmf.com.br\/wp-content\/uploads\/2026\/03\/Escandurras-grava-audiovisual-scaled-e1773271839772.jpeg","type":"image\/jpeg"}],"author":"Reda\u00e7\u00e3o Portal MF","twitter_card":"summary_large_image","twitter_creator":"@https:\/\/x.com\/portalmfoficial","twitter_misc":{"Escrito por":"Reda\u00e7\u00e3o Portal MF","Est. tempo de leitura":"2 minutos"},"schema":{"@context":"https:\/\/schema.org","@graph":[{"@type":"WebPage","@id":"https:\/\/portalmf.com.br\/index.php\/2026\/03\/11\/escandurras-grava-audiovisual-pra-god-em-tarde-emocionante-marcada-por-fe-e-musicalidade\/","url":"https:\/\/portalmf.com.br\/index.php\/2026\/03\/11\/escandurras-grava-audiovisual-pra-god-em-tarde-emocionante-marcada-por-fe-e-musicalidade\/","name":"Escandurras grava audiovisual \u201cPRA GOD\u201d em tarde emocionante marcada por f\u00e9 e musicalidade - Portal MF","isPartOf":{"@id":"https:\/\/portalmf.com.br\/#website"},"primaryImageOfPage":{"@id":"https:\/\/portalmf.com.br\/index.php\/2026\/03\/11\/escandurras-grava-audiovisual-pra-god-em-tarde-emocionante-marcada-por-fe-e-musicalidade\/#primaryimage"},"image":{"@id":"https:\/\/portalmf.com.br\/index.php\/2026\/03\/11\/escandurras-grava-audiovisual-pra-god-em-tarde-emocionante-marcada-por-fe-e-musicalidade\/#primaryimage"},"thumbnailUrl":"https:\/\/portalmf.com.br\/wp-content\/uploads\/2026\/03\/Escandurras-grava-audiovisual-scaled-e1773271839772.jpeg","datePublished":"2026-03-11T23:30:53+00:00","dateModified":"2026-03-11T23:30:53+00:00","author":{"@id":"https:\/\/portalmf.com.br\/#\/schema\/person\/9ec101baf56233e53520c26de5d6f6f0"},"breadcrumb":{"@id":"https:\/\/portalmf.com.br\/index.php\/2026\/03\/11\/escandurras-grava-audiovisual-pra-god-em-tarde-emocionante-marcada-por-fe-e-musicalidade\/#breadcrumb"},"inLanguage":"pt-BR","potentialAction":[{"@type":"ReadAction","target":["https:\/\/portalmf.com.br\/index.php\/2026\/03\/11\/escandurras-grava-audiovisual-pra-god-em-tarde-emocionante-marcada-por-fe-e-musicalidade\/"]}]},{"@type":"ImageObject","inLanguage":"pt-BR","@id":"https:\/\/portalmf.com.br\/index.php\/2026\/03\/11\/escandurras-grava-audiovisual-pra-god-em-tarde-emocionante-marcada-por-fe-e-musicalidade\/#primaryimage","url":"https:\/\/portalmf.com.br\/wp-content\/uploads\/2026\/03\/Escandurras-grava-audiovisual-scaled-e1773271839772.jpeg","contentUrl":"https:\/\/portalmf.com.br\/wp-content\/uploads\/2026\/03\/Escandurras-grava-audiovisual-scaled-e1773271839772.jpeg","width":1706,"height":1109},{"@type":"BreadcrumbList","@id":"https:\/\/portalmf.com.br\/index.php\/2026\/03\/11\/escandurras-grava-audiovisual-pra-god-em-tarde-emocionante-marcada-por-fe-e-musicalidade\/#breadcrumb","itemListElement":[{"@type":"ListItem","position":1,"name":"In\u00edcio","item":"https:\/\/portalmf.com.br\/"},{"@type":"ListItem","position":2,"name":"Escandurras grava audiovisual \u201cPRA GOD\u201d em tarde emocionante marcada por f\u00e9 e musicalidade"}]},{"@type":"WebSite","@id":"https:\/\/portalmf.com.br\/#website","url":"https:\/\/portalmf.com.br\/","name":"Portal MF","description":"Voc\u00ea conectado com a informa\u00e7\u00e3o","potentialAction":[{"@type":"SearchAction","target":{"@type":"EntryPoint","urlTemplate":"https:\/\/portalmf.com.br\/?s={search_term_string}"},"query-input":"required name=search_term_string"}],"inLanguage":"pt-BR"},{"@type":"Person","@id":"https:\/\/portalmf.com.br\/#\/schema\/person\/9ec101baf56233e53520c26de5d6f6f0","name":"Reda\u00e7\u00e3o Portal MF","image":{"@type":"ImageObject","inLanguage":"pt-BR","@id":"https:\/\/portalmf.com.br\/#\/schema\/person\/image\/","url":"https:\/\/secure.gravatar.com\/avatar\/41b9aaeb2100835f7c64362330f74c7f?s=96&d=mm&r=g","contentUrl":"https:\/\/secure.gravatar.com\/avatar\/41b9aaeb2100835f7c64362330f74c7f?s=96&d=mm&r=g","caption":"Reda\u00e7\u00e3o Portal MF"},"description":"Sejam bem-vindos o portal de informa\u00e7\u00f5es de entretenimento de Feira de Santana, desde 2006 realiza coberturas dos principais eventos com entrevistas exclusivas com as principais personalidades mundiais. Fique conectado tamb\u00e9m nas redes sociais.","sameAs":["http:\/\/www.portalmf.com.br\/","https:\/\/www.facebook.com\/portalmfoficial","https:\/\/www.instagram.com\/portalmf\/","https:\/\/x.com\/https:\/\/x.com\/portalmfoficial","https:\/\/www.youtube.com\/@portalmfoficial"],"url":"https:\/\/portalmf.com.br\/index.php\/author\/junior\/"}]}},"_links":{"self":[{"href":"https:\/\/portalmf.com.br\/index.php\/wp-json\/wp\/v2\/posts\/42546"}],"collection":[{"href":"https:\/\/portalmf.com.br\/index.php\/wp-json\/wp\/v2\/posts"}],"about":[{"href":"https:\/\/portalmf.com.br\/index.php\/wp-json\/wp\/v2\/types\/post"}],"author":[{"embeddable":true,"href":"https:\/\/portalmf.com.br\/index.php\/wp-json\/wp\/v2\/users\/3"}],"replies":[{"embeddable":true,"href":"https:\/\/portalmf.com.br\/index.php\/wp-json\/wp\/v2\/comments?post=42546"}],"version-history":[{"count":1,"href":"https:\/\/portalmf.com.br\/index.php\/wp-json\/wp\/v2\/posts\/42546\/revisions"}],"predecessor-version":[{"id":42548,"href":"https:\/\/portalmf.com.br\/index.php\/wp-json\/wp\/v2\/posts\/42546\/revisions\/42548"}],"wp:featuredmedia":[{"embeddable":true,"href":"https:\/\/portalmf.com.br\/index.php\/wp-json\/wp\/v2\/media\/42547"}],"wp:attachment":[{"href":"https:\/\/portalmf.com.br\/index.php\/wp-json\/wp\/v2\/media?parent=42546"}],"wp:term":[{"taxonomy":"category","embeddable":true,"href":"https:\/\/portalmf.com.br\/index.php\/wp-json\/wp\/v2\/categories?post=42546"},{"taxonomy":"post_tag","embeddable":true,"href":"https:\/\/portalmf.com.br\/index.php\/wp-json\/wp\/v2\/tags?post=42546"}],"curies":[{"name":"wp","href":"https:\/\/api.w.org\/{rel}","templated":true}]}}