{"id":42542,"date":"2026-03-11T20:26:59","date_gmt":"2026-03-11T23:26:59","guid":{"rendered":"https:\/\/portalmf.com.br\/?p=42542"},"modified":"2026-03-11T20:27:00","modified_gmt":"2026-03-11T23:27:00","slug":"mikael-santos-grava-audiovisual-ms-no-paredao-3-em-sergipe","status":"publish","type":"post","link":"https:\/\/portalmf.com.br\/index.php\/2026\/03\/11\/mikael-santos-grava-audiovisual-ms-no-paredao-3-em-sergipe\/","title":{"rendered":"Mikael Santos grava audiovisual \u201cMS no Pared\u00e3o 3\u201d em Sergipe"},"content":{"rendered":"\n<p>O cantor sergipano Mikael Santos, natural de Itabaiana, se prepara para mais um momento importante da sua carreira. Neste domingo, dia 15 de mar\u00e7o, ele vai gravar seu novo audiovisual, intitulado \u201cMS no Pared\u00e3o 3\u201d, em Tobias Barreto (SE). O registro ser\u00e1 a partir das 17 horas, no bairro do Cati, no Distrito Industrial, e promete reunir uma multid\u00e3o. <\/p>\n\n\n\n<p>O projeto \u201cMS no Pared\u00e3o\u201d chega \u00e0 sua terceira edi\u00e7\u00e3o com a proposta de aproximar ainda mais o cantor do p\u00fablico que acompanha o seu trabalho nas festas, nos pared\u00f5es e nas redes sociais. <\/p>\n\n\n\n<p><em>\u201cEstou muito feliz em poder gravar o \u2018MS no Pared\u00e3o 3\u2019. Esse projeto tem muito a ver com a minha hist\u00f3ria e com a galera que acompanha meu trabalho desde o in\u00edcio. Escolhemos Tobias Barreto para viver esse momento especial e tenho certeza de que vai ser uma grava\u00e7\u00e3o marcante. Estou preparando tudo com muito carinho para que o p\u00fablico curta cada m\u00fasica com a gente\u201d,<\/em> afirma o cantor, considerado uma das novas apostas do arrocha nacional.<\/p>\n","protected":false},"excerpt":{"rendered":"<p>O cantor sergipano Mikael Santos, natural de Itabaiana, se prepara para mais um momento importante da sua carreira. Neste domingo, dia 15 de mar\u00e7o, ele vai gravar seu novo audiovisual, intitulado \u201cMS no Pared\u00e3o 3\u201d, em Tobias Barreto (SE). O registro ser\u00e1 a partir das 17 horas, no bairro do Cati, no Distrito Industrial, e [&hellip;]<\/p>\n","protected":false},"author":3,"featured_media":36980,"comment_status":"open","ping_status":"open","sticky":false,"template":"","format":"standard","meta":{"_monsterinsights_skip_tracking":false,"_monsterinsights_sitenote_active":false,"_monsterinsights_sitenote_note":"","_monsterinsights_sitenote_category":0,"footnotes":""},"categories":[47,36],"tags":[],"yoast_head":"<!-- This site is optimized with the Yoast SEO plugin v22.9 - https:\/\/yoast.com\/wordpress\/plugins\/seo\/ -->\n<title>Mikael Santos grava audiovisual \u201cMS no Pared\u00e3o 3\u201d em Sergipe - Portal MF<\/title>\n<meta name=\"robots\" content=\"index, follow, max-snippet:-1, max-image-preview:large, max-video-preview:-1\" \/>\n<link rel=\"canonical\" href=\"https:\/\/portalmf.com.br\/index.php\/2026\/03\/11\/mikael-santos-grava-audiovisual-ms-no-paredao-3-em-sergipe\/\" \/>\n<meta property=\"og:locale\" content=\"pt_BR\" \/>\n<meta property=\"og:type\" content=\"article\" \/>\n<meta property=\"og:title\" content=\"Mikael Santos grava audiovisual \u201cMS no Pared\u00e3o 3\u201d em Sergipe - Portal MF\" \/>\n<meta property=\"og:description\" content=\"O cantor sergipano Mikael Santos, natural de Itabaiana, se prepara para mais um momento importante da sua carreira. Neste domingo, dia 15 de mar\u00e7o, ele vai gravar seu novo audiovisual, intitulado \u201cMS no Pared\u00e3o 3\u201d, em Tobias Barreto (SE). O registro ser\u00e1 a partir das 17 horas, no bairro do Cati, no Distrito Industrial, e [&hellip;]\" \/>\n<meta property=\"og:url\" content=\"https:\/\/portalmf.com.br\/index.php\/2026\/03\/11\/mikael-santos-grava-audiovisual-ms-no-paredao-3-em-sergipe\/\" \/>\n<meta property=\"og:site_name\" content=\"Portal MF\" \/>\n<meta property=\"article:author\" content=\"https:\/\/www.facebook.com\/portalmfoficial\" \/>\n<meta property=\"article:published_time\" content=\"2026-03-11T23:26:59+00:00\" \/>\n<meta property=\"article:modified_time\" content=\"2026-03-11T23:27:00+00:00\" \/>\n<meta property=\"og:image\" content=\"https:\/\/portalmf.com.br\/wp-content\/uploads\/2025\/06\/Mikael-Santos-encanta-publico-infantil-com-acessorio-inusitado-e-faz-homenagem-aos-icones-do-arrocha-em-figurinos-de-junho-2.jpg\" \/>\n\t<meta property=\"og:image:width\" content=\"1599\" \/>\n\t<meta property=\"og:image:height\" content=\"1126\" \/>\n\t<meta property=\"og:image:type\" content=\"image\/jpeg\" \/>\n<meta name=\"author\" content=\"Reda\u00e7\u00e3o Portal MF\" \/>\n<meta name=\"twitter:card\" content=\"summary_large_image\" \/>\n<meta name=\"twitter:creator\" content=\"@https:\/\/x.com\/portalmfoficial\" \/>\n<meta name=\"twitter:label1\" content=\"Escrito por\" \/>\n\t<meta name=\"twitter:data1\" content=\"Reda\u00e7\u00e3o Portal MF\" \/>\n\t<meta name=\"twitter:label2\" content=\"Est. tempo de leitura\" \/>\n\t<meta name=\"twitter:data2\" content=\"2 minutos\" \/>\n<script type=\"application\/ld+json\" class=\"yoast-schema-graph\">{\"@context\":\"https:\/\/schema.org\",\"@graph\":[{\"@type\":\"WebPage\",\"@id\":\"https:\/\/portalmf.com.br\/index.php\/2026\/03\/11\/mikael-santos-grava-audiovisual-ms-no-paredao-3-em-sergipe\/\",\"url\":\"https:\/\/portalmf.com.br\/index.php\/2026\/03\/11\/mikael-santos-grava-audiovisual-ms-no-paredao-3-em-sergipe\/\",\"name\":\"Mikael Santos grava audiovisual \u201cMS no Pared\u00e3o 3\u201d em Sergipe - Portal MF\",\"isPartOf\":{\"@id\":\"https:\/\/portalmf.com.br\/#website\"},\"primaryImageOfPage\":{\"@id\":\"https:\/\/portalmf.com.br\/index.php\/2026\/03\/11\/mikael-santos-grava-audiovisual-ms-no-paredao-3-em-sergipe\/#primaryimage\"},\"image\":{\"@id\":\"https:\/\/portalmf.com.br\/index.php\/2026\/03\/11\/mikael-santos-grava-audiovisual-ms-no-paredao-3-em-sergipe\/#primaryimage\"},\"thumbnailUrl\":\"https:\/\/portalmf.com.br\/wp-content\/uploads\/2025\/06\/Mikael-Santos-encanta-publico-infantil-com-acessorio-inusitado-e-faz-homenagem-aos-icones-do-arrocha-em-figurinos-de-junho-2.jpg\",\"datePublished\":\"2026-03-11T23:26:59+00:00\",\"dateModified\":\"2026-03-11T23:27:00+00:00\",\"author\":{\"@id\":\"https:\/\/portalmf.com.br\/#\/schema\/person\/9ec101baf56233e53520c26de5d6f6f0\"},\"breadcrumb\":{\"@id\":\"https:\/\/portalmf.com.br\/index.php\/2026\/03\/11\/mikael-santos-grava-audiovisual-ms-no-paredao-3-em-sergipe\/#breadcrumb\"},\"inLanguage\":\"pt-BR\",\"potentialAction\":[{\"@type\":\"ReadAction\",\"target\":[\"https:\/\/portalmf.com.br\/index.php\/2026\/03\/11\/mikael-santos-grava-audiovisual-ms-no-paredao-3-em-sergipe\/\"]}]},{\"@type\":\"ImageObject\",\"inLanguage\":\"pt-BR\",\"@id\":\"https:\/\/portalmf.com.br\/index.php\/2026\/03\/11\/mikael-santos-grava-audiovisual-ms-no-paredao-3-em-sergipe\/#primaryimage\",\"url\":\"https:\/\/portalmf.com.br\/wp-content\/uploads\/2025\/06\/Mikael-Santos-encanta-publico-infantil-com-acessorio-inusitado-e-faz-homenagem-aos-icones-do-arrocha-em-figurinos-de-junho-2.jpg\",\"contentUrl\":\"https:\/\/portalmf.com.br\/wp-content\/uploads\/2025\/06\/Mikael-Santos-encanta-publico-infantil-com-acessorio-inusitado-e-faz-homenagem-aos-icones-do-arrocha-em-figurinos-de-junho-2.jpg\",\"width\":1599,\"height\":1126},{\"@type\":\"BreadcrumbList\",\"@id\":\"https:\/\/portalmf.com.br\/index.php\/2026\/03\/11\/mikael-santos-grava-audiovisual-ms-no-paredao-3-em-sergipe\/#breadcrumb\",\"itemListElement\":[{\"@type\":\"ListItem\",\"position\":1,\"name\":\"In\u00edcio\",\"item\":\"https:\/\/portalmf.com.br\/\"},{\"@type\":\"ListItem\",\"position\":2,\"name\":\"Mikael Santos grava audiovisual \u201cMS no Pared\u00e3o 3\u201d em Sergipe\"}]},{\"@type\":\"WebSite\",\"@id\":\"https:\/\/portalmf.com.br\/#website\",\"url\":\"https:\/\/portalmf.com.br\/\",\"name\":\"Portal MF\",\"description\":\"Voc\u00ea conectado com a informa\u00e7\u00e3o\",\"potentialAction\":[{\"@type\":\"SearchAction\",\"target\":{\"@type\":\"EntryPoint\",\"urlTemplate\":\"https:\/\/portalmf.com.br\/?s={search_term_string}\"},\"query-input\":\"required name=search_term_string\"}],\"inLanguage\":\"pt-BR\"},{\"@type\":\"Person\",\"@id\":\"https:\/\/portalmf.com.br\/#\/schema\/person\/9ec101baf56233e53520c26de5d6f6f0\",\"name\":\"Reda\u00e7\u00e3o Portal MF\",\"image\":{\"@type\":\"ImageObject\",\"inLanguage\":\"pt-BR\",\"@id\":\"https:\/\/portalmf.com.br\/#\/schema\/person\/image\/\",\"url\":\"https:\/\/secure.gravatar.com\/avatar\/41b9aaeb2100835f7c64362330f74c7f?s=96&d=mm&r=g\",\"contentUrl\":\"https:\/\/secure.gravatar.com\/avatar\/41b9aaeb2100835f7c64362330f74c7f?s=96&d=mm&r=g\",\"caption\":\"Reda\u00e7\u00e3o Portal MF\"},\"description\":\"Sejam bem-vindos o portal de informa\u00e7\u00f5es de entretenimento de Feira de Santana, desde 2006 realiza coberturas dos principais eventos com entrevistas exclusivas com as principais personalidades mundiais. Fique conectado tamb\u00e9m nas redes sociais.\",\"sameAs\":[\"http:\/\/www.portalmf.com.br\/\",\"https:\/\/www.facebook.com\/portalmfoficial\",\"https:\/\/www.instagram.com\/portalmf\/\",\"https:\/\/x.com\/https:\/\/x.com\/portalmfoficial\",\"https:\/\/www.youtube.com\/@portalmfoficial\"],\"url\":\"https:\/\/portalmf.com.br\/index.php\/author\/junior\/\"}]}<\/script>\n<!-- \/ Yoast SEO plugin. -->","yoast_head_json":{"title":"Mikael Santos grava audiovisual \u201cMS no Pared\u00e3o 3\u201d em Sergipe - Portal MF","robots":{"index":"index","follow":"follow","max-snippet":"max-snippet:-1","max-image-preview":"max-image-preview:large","max-video-preview":"max-video-preview:-1"},"canonical":"https:\/\/portalmf.com.br\/index.php\/2026\/03\/11\/mikael-santos-grava-audiovisual-ms-no-paredao-3-em-sergipe\/","og_locale":"pt_BR","og_type":"article","og_title":"Mikael Santos grava audiovisual \u201cMS no Pared\u00e3o 3\u201d em Sergipe - Portal MF","og_description":"O cantor sergipano Mikael Santos, natural de Itabaiana, se prepara para mais um momento importante da sua carreira. Neste domingo, dia 15 de mar\u00e7o, ele vai gravar seu novo audiovisual, intitulado \u201cMS no Pared\u00e3o 3\u201d, em Tobias Barreto (SE). O registro ser\u00e1 a partir das 17 horas, no bairro do Cati, no Distrito Industrial, e [&hellip;]","og_url":"https:\/\/portalmf.com.br\/index.php\/2026\/03\/11\/mikael-santos-grava-audiovisual-ms-no-paredao-3-em-sergipe\/","og_site_name":"Portal MF","article_author":"https:\/\/www.facebook.com\/portalmfoficial","article_published_time":"2026-03-11T23:26:59+00:00","article_modified_time":"2026-03-11T23:27:00+00:00","og_image":[{"width":1599,"height":1126,"url":"https:\/\/portalmf.com.br\/wp-content\/uploads\/2025\/06\/Mikael-Santos-encanta-publico-infantil-com-acessorio-inusitado-e-faz-homenagem-aos-icones-do-arrocha-em-figurinos-de-junho-2.jpg","type":"image\/jpeg"}],"author":"Reda\u00e7\u00e3o Portal MF","twitter_card":"summary_large_image","twitter_creator":"@https:\/\/x.com\/portalmfoficial","twitter_misc":{"Escrito por":"Reda\u00e7\u00e3o Portal MF","Est. tempo de leitura":"2 minutos"},"schema":{"@context":"https:\/\/schema.org","@graph":[{"@type":"WebPage","@id":"https:\/\/portalmf.com.br\/index.php\/2026\/03\/11\/mikael-santos-grava-audiovisual-ms-no-paredao-3-em-sergipe\/","url":"https:\/\/portalmf.com.br\/index.php\/2026\/03\/11\/mikael-santos-grava-audiovisual-ms-no-paredao-3-em-sergipe\/","name":"Mikael Santos grava audiovisual \u201cMS no Pared\u00e3o 3\u201d em Sergipe - Portal MF","isPartOf":{"@id":"https:\/\/portalmf.com.br\/#website"},"primaryImageOfPage":{"@id":"https:\/\/portalmf.com.br\/index.php\/2026\/03\/11\/mikael-santos-grava-audiovisual-ms-no-paredao-3-em-sergipe\/#primaryimage"},"image":{"@id":"https:\/\/portalmf.com.br\/index.php\/2026\/03\/11\/mikael-santos-grava-audiovisual-ms-no-paredao-3-em-sergipe\/#primaryimage"},"thumbnailUrl":"https:\/\/portalmf.com.br\/wp-content\/uploads\/2025\/06\/Mikael-Santos-encanta-publico-infantil-com-acessorio-inusitado-e-faz-homenagem-aos-icones-do-arrocha-em-figurinos-de-junho-2.jpg","datePublished":"2026-03-11T23:26:59+00:00","dateModified":"2026-03-11T23:27:00+00:00","author":{"@id":"https:\/\/portalmf.com.br\/#\/schema\/person\/9ec101baf56233e53520c26de5d6f6f0"},"breadcrumb":{"@id":"https:\/\/portalmf.com.br\/index.php\/2026\/03\/11\/mikael-santos-grava-audiovisual-ms-no-paredao-3-em-sergipe\/#breadcrumb"},"inLanguage":"pt-BR","potentialAction":[{"@type":"ReadAction","target":["https:\/\/portalmf.com.br\/index.php\/2026\/03\/11\/mikael-santos-grava-audiovisual-ms-no-paredao-3-em-sergipe\/"]}]},{"@type":"ImageObject","inLanguage":"pt-BR","@id":"https:\/\/portalmf.com.br\/index.php\/2026\/03\/11\/mikael-santos-grava-audiovisual-ms-no-paredao-3-em-sergipe\/#primaryimage","url":"https:\/\/portalmf.com.br\/wp-content\/uploads\/2025\/06\/Mikael-Santos-encanta-publico-infantil-com-acessorio-inusitado-e-faz-homenagem-aos-icones-do-arrocha-em-figurinos-de-junho-2.jpg","contentUrl":"https:\/\/portalmf.com.br\/wp-content\/uploads\/2025\/06\/Mikael-Santos-encanta-publico-infantil-com-acessorio-inusitado-e-faz-homenagem-aos-icones-do-arrocha-em-figurinos-de-junho-2.jpg","width":1599,"height":1126},{"@type":"BreadcrumbList","@id":"https:\/\/portalmf.com.br\/index.php\/2026\/03\/11\/mikael-santos-grava-audiovisual-ms-no-paredao-3-em-sergipe\/#breadcrumb","itemListElement":[{"@type":"ListItem","position":1,"name":"In\u00edcio","item":"https:\/\/portalmf.com.br\/"},{"@type":"ListItem","position":2,"name":"Mikael Santos grava audiovisual \u201cMS no Pared\u00e3o 3\u201d em Sergipe"}]},{"@type":"WebSite","@id":"https:\/\/portalmf.com.br\/#website","url":"https:\/\/portalmf.com.br\/","name":"Portal MF","description":"Voc\u00ea conectado com a informa\u00e7\u00e3o","potentialAction":[{"@type":"SearchAction","target":{"@type":"EntryPoint","urlTemplate":"https:\/\/portalmf.com.br\/?s={search_term_string}"},"query-input":"required name=search_term_string"}],"inLanguage":"pt-BR"},{"@type":"Person","@id":"https:\/\/portalmf.com.br\/#\/schema\/person\/9ec101baf56233e53520c26de5d6f6f0","name":"Reda\u00e7\u00e3o Portal MF","image":{"@type":"ImageObject","inLanguage":"pt-BR","@id":"https:\/\/portalmf.com.br\/#\/schema\/person\/image\/","url":"https:\/\/secure.gravatar.com\/avatar\/41b9aaeb2100835f7c64362330f74c7f?s=96&d=mm&r=g","contentUrl":"https:\/\/secure.gravatar.com\/avatar\/41b9aaeb2100835f7c64362330f74c7f?s=96&d=mm&r=g","caption":"Reda\u00e7\u00e3o Portal MF"},"description":"Sejam bem-vindos o portal de informa\u00e7\u00f5es de entretenimento de Feira de Santana, desde 2006 realiza coberturas dos principais eventos com entrevistas exclusivas com as principais personalidades mundiais. Fique conectado tamb\u00e9m nas redes sociais.","sameAs":["http:\/\/www.portalmf.com.br\/","https:\/\/www.facebook.com\/portalmfoficial","https:\/\/www.instagram.com\/portalmf\/","https:\/\/x.com\/https:\/\/x.com\/portalmfoficial","https:\/\/www.youtube.com\/@portalmfoficial"],"url":"https:\/\/portalmf.com.br\/index.php\/author\/junior\/"}]}},"_links":{"self":[{"href":"https:\/\/portalmf.com.br\/index.php\/wp-json\/wp\/v2\/posts\/42542"}],"collection":[{"href":"https:\/\/portalmf.com.br\/index.php\/wp-json\/wp\/v2\/posts"}],"about":[{"href":"https:\/\/portalmf.com.br\/index.php\/wp-json\/wp\/v2\/types\/post"}],"author":[{"embeddable":true,"href":"https:\/\/portalmf.com.br\/index.php\/wp-json\/wp\/v2\/users\/3"}],"replies":[{"embeddable":true,"href":"https:\/\/portalmf.com.br\/index.php\/wp-json\/wp\/v2\/comments?post=42542"}],"version-history":[{"count":1,"href":"https:\/\/portalmf.com.br\/index.php\/wp-json\/wp\/v2\/posts\/42542\/revisions"}],"predecessor-version":[{"id":42543,"href":"https:\/\/portalmf.com.br\/index.php\/wp-json\/wp\/v2\/posts\/42542\/revisions\/42543"}],"wp:featuredmedia":[{"embeddable":true,"href":"https:\/\/portalmf.com.br\/index.php\/wp-json\/wp\/v2\/media\/36980"}],"wp:attachment":[{"href":"https:\/\/portalmf.com.br\/index.php\/wp-json\/wp\/v2\/media?parent=42542"}],"wp:term":[{"taxonomy":"category","embeddable":true,"href":"https:\/\/portalmf.com.br\/index.php\/wp-json\/wp\/v2\/categories?post=42542"},{"taxonomy":"post_tag","embeddable":true,"href":"https:\/\/portalmf.com.br\/index.php\/wp-json\/wp\/v2\/tags?post=42542"}],"curies":[{"name":"wp","href":"https:\/\/api.w.org\/{rel}","templated":true}]}}