{"id":42537,"date":"2026-03-11T20:22:48","date_gmt":"2026-03-11T23:22:48","guid":{"rendered":"https:\/\/portalmf.com.br\/?p=42537"},"modified":"2026-03-11T20:22:49","modified_gmt":"2026-03-11T23:22:49","slug":"camarote-harem-tem-pre-venda-para-o-carnaval-2027","status":"publish","type":"post","link":"https:\/\/portalmf.com.br\/index.php\/2026\/03\/11\/camarote-harem-tem-pre-venda-para-o-carnaval-2027\/","title":{"rendered":"Camarote Har\u00e9m tem pr\u00e9-venda para o Carnaval 2027"},"content":{"rendered":"\n<p>O Carnaval 2027 em Salvador j\u00e1 tem um ponto de encontro para quem busca o equil\u00edbrio perfeito entre a vibra\u00e7\u00e3o das ruas e o conforto de um espa\u00e7o de excel\u00eancia: o Har\u00e9m Soho Camarote Boutique, que acaba de abrir pr\u00e9-venda. Com espa\u00e7o privilegiado e uma das vistas mais cobi\u00e7adas do circuito Barra-Ondina, o camarote permite que o foli\u00e3o mergulhe na energia da cidade com total seguran\u00e7a e bem-estar. Com uma estrutura impec\u00e1vel e vis\u00e3o panor\u00e2mica de cada desfile, o Har\u00e9m Soho \u00e9 onde a sofistica\u00e7\u00e3o encontra a folia, garantindo uma jornada inesquec\u00edvel no carnaval mais famoso do mundo. Quem quiser curtir no pr\u00f3ximo ano pode adquirir o acesso &#8211; a partir de HOJE (ter\u00e7a), 10 de mar\u00e7o, a partir das 18horas &#8211; atrav\u00e9s do grupo de pr\u00e9-venda, em https:\/\/chat.whatsapp.com\/KRFmpzTohJmJt9n4wQ7PeZ.<\/p>\n\n\n\n<p>Em 2026, a uni\u00e3o das marcas do Camarote Har\u00e9m com o Grupo Soho surpreendeu os foli\u00f5es, que ganharam ainda mais requinte para brincar o Carnaval no melhor estilo. Conhecido por sua atmosfera vibrante, o Har\u00e9m, que completou 20 anos, contou com a excel\u00eancia gastron\u00f4mica do Grupo Soho (que al\u00e9m do Soho, reuniu tamb\u00e9m Lafayette, A Taberna, Vona e Morea) e trouxe um novo conceito de gastronomia para a folia, ressignificando o modelo de all inclusive no Carnaval de Salvador, com foco em experi\u00eancia, exclusividade e excel\u00eancia.<\/p>\n\n\n\n<p>Localizado em um luxuoso cerimonial no Morro do Gato, o camarote oferece um mirante com vista de 180 graus, \u00e1reas internas 100% climatizadas e acesso exclusivo sem precisar passar pela rua dos trios. Com conceito intimista, proporciona conforto, seguran\u00e7a e um ambiente exclusivo para o p\u00fablico. \u201cO Har\u00e9m tem se reinventado nesses 20 anos, acompanhando as novas tend\u00eancias. Essa parceria trouxe uma experi\u00eancia in\u00e9dita para o p\u00fablico e a tend\u00eancia \u00e9 aperfei\u00e7oar ainda mais para 2027\u201d, destaca Guiga Sampaio, s\u00f3cio da Diva, produtora do espa\u00e7o.<\/p>\n","protected":false},"excerpt":{"rendered":"<p>O Carnaval 2027 em Salvador j\u00e1 tem um ponto de encontro para quem busca o equil\u00edbrio perfeito entre a vibra\u00e7\u00e3o das ruas e o conforto de um espa\u00e7o de excel\u00eancia: o Har\u00e9m Soho Camarote Boutique, que acaba de abrir pr\u00e9-venda. Com espa\u00e7o privilegiado e uma das vistas mais cobi\u00e7adas do circuito Barra-Ondina, o camarote permite [&hellip;]<\/p>\n","protected":false},"author":3,"featured_media":42538,"comment_status":"open","ping_status":"open","sticky":false,"template":"","format":"standard","meta":{"_monsterinsights_skip_tracking":false,"_monsterinsights_sitenote_active":false,"_monsterinsights_sitenote_note":"","_monsterinsights_sitenote_category":0,"footnotes":""},"categories":[44,47],"tags":[],"yoast_head":"<!-- This site is optimized with the Yoast SEO plugin v22.9 - https:\/\/yoast.com\/wordpress\/plugins\/seo\/ -->\n<title>Camarote Har\u00e9m tem pr\u00e9-venda para o Carnaval 2027 - Portal MF<\/title>\n<meta name=\"robots\" content=\"index, follow, max-snippet:-1, max-image-preview:large, max-video-preview:-1\" \/>\n<link rel=\"canonical\" href=\"https:\/\/portalmf.com.br\/index.php\/2026\/03\/11\/camarote-harem-tem-pre-venda-para-o-carnaval-2027\/\" \/>\n<meta property=\"og:locale\" content=\"pt_BR\" \/>\n<meta property=\"og:type\" content=\"article\" \/>\n<meta property=\"og:title\" content=\"Camarote Har\u00e9m tem pr\u00e9-venda para o Carnaval 2027 - Portal MF\" \/>\n<meta property=\"og:description\" content=\"O Carnaval 2027 em Salvador j\u00e1 tem um ponto de encontro para quem busca o equil\u00edbrio perfeito entre a vibra\u00e7\u00e3o das ruas e o conforto de um espa\u00e7o de excel\u00eancia: o Har\u00e9m Soho Camarote Boutique, que acaba de abrir pr\u00e9-venda. Com espa\u00e7o privilegiado e uma das vistas mais cobi\u00e7adas do circuito Barra-Ondina, o camarote permite [&hellip;]\" \/>\n<meta property=\"og:url\" content=\"https:\/\/portalmf.com.br\/index.php\/2026\/03\/11\/camarote-harem-tem-pre-venda-para-o-carnaval-2027\/\" \/>\n<meta property=\"og:site_name\" content=\"Portal MF\" \/>\n<meta property=\"article:author\" content=\"https:\/\/www.facebook.com\/portalmfoficial\" \/>\n<meta property=\"article:published_time\" content=\"2026-03-11T23:22:48+00:00\" \/>\n<meta property=\"article:modified_time\" content=\"2026-03-11T23:22:49+00:00\" \/>\n<meta property=\"og:image\" content=\"https:\/\/portalmf.com.br\/wp-content\/uploads\/2026\/03\/harem.jpeg\" \/>\n\t<meta property=\"og:image:width\" content=\"1200\" \/>\n\t<meta property=\"og:image:height\" content=\"801\" \/>\n\t<meta property=\"og:image:type\" content=\"image\/jpeg\" \/>\n<meta name=\"author\" content=\"Reda\u00e7\u00e3o Portal MF\" \/>\n<meta name=\"twitter:card\" content=\"summary_large_image\" \/>\n<meta name=\"twitter:creator\" content=\"@https:\/\/x.com\/portalmfoficial\" \/>\n<meta name=\"twitter:label1\" content=\"Escrito por\" \/>\n\t<meta name=\"twitter:data1\" content=\"Reda\u00e7\u00e3o Portal MF\" \/>\n\t<meta name=\"twitter:label2\" content=\"Est. tempo de leitura\" \/>\n\t<meta name=\"twitter:data2\" content=\"2 minutos\" \/>\n<script type=\"application\/ld+json\" class=\"yoast-schema-graph\">{\"@context\":\"https:\/\/schema.org\",\"@graph\":[{\"@type\":\"WebPage\",\"@id\":\"https:\/\/portalmf.com.br\/index.php\/2026\/03\/11\/camarote-harem-tem-pre-venda-para-o-carnaval-2027\/\",\"url\":\"https:\/\/portalmf.com.br\/index.php\/2026\/03\/11\/camarote-harem-tem-pre-venda-para-o-carnaval-2027\/\",\"name\":\"Camarote Har\u00e9m tem pr\u00e9-venda para o Carnaval 2027 - Portal MF\",\"isPartOf\":{\"@id\":\"https:\/\/portalmf.com.br\/#website\"},\"primaryImageOfPage\":{\"@id\":\"https:\/\/portalmf.com.br\/index.php\/2026\/03\/11\/camarote-harem-tem-pre-venda-para-o-carnaval-2027\/#primaryimage\"},\"image\":{\"@id\":\"https:\/\/portalmf.com.br\/index.php\/2026\/03\/11\/camarote-harem-tem-pre-venda-para-o-carnaval-2027\/#primaryimage\"},\"thumbnailUrl\":\"https:\/\/portalmf.com.br\/wp-content\/uploads\/2026\/03\/harem.jpeg\",\"datePublished\":\"2026-03-11T23:22:48+00:00\",\"dateModified\":\"2026-03-11T23:22:49+00:00\",\"author\":{\"@id\":\"https:\/\/portalmf.com.br\/#\/schema\/person\/9ec101baf56233e53520c26de5d6f6f0\"},\"breadcrumb\":{\"@id\":\"https:\/\/portalmf.com.br\/index.php\/2026\/03\/11\/camarote-harem-tem-pre-venda-para-o-carnaval-2027\/#breadcrumb\"},\"inLanguage\":\"pt-BR\",\"potentialAction\":[{\"@type\":\"ReadAction\",\"target\":[\"https:\/\/portalmf.com.br\/index.php\/2026\/03\/11\/camarote-harem-tem-pre-venda-para-o-carnaval-2027\/\"]}]},{\"@type\":\"ImageObject\",\"inLanguage\":\"pt-BR\",\"@id\":\"https:\/\/portalmf.com.br\/index.php\/2026\/03\/11\/camarote-harem-tem-pre-venda-para-o-carnaval-2027\/#primaryimage\",\"url\":\"https:\/\/portalmf.com.br\/wp-content\/uploads\/2026\/03\/harem.jpeg\",\"contentUrl\":\"https:\/\/portalmf.com.br\/wp-content\/uploads\/2026\/03\/harem.jpeg\",\"width\":1200,\"height\":801},{\"@type\":\"BreadcrumbList\",\"@id\":\"https:\/\/portalmf.com.br\/index.php\/2026\/03\/11\/camarote-harem-tem-pre-venda-para-o-carnaval-2027\/#breadcrumb\",\"itemListElement\":[{\"@type\":\"ListItem\",\"position\":1,\"name\":\"In\u00edcio\",\"item\":\"https:\/\/portalmf.com.br\/\"},{\"@type\":\"ListItem\",\"position\":2,\"name\":\"Camarote Har\u00e9m tem pr\u00e9-venda para o Carnaval 2027\"}]},{\"@type\":\"WebSite\",\"@id\":\"https:\/\/portalmf.com.br\/#website\",\"url\":\"https:\/\/portalmf.com.br\/\",\"name\":\"Portal MF\",\"description\":\"Voc\u00ea conectado com a informa\u00e7\u00e3o\",\"potentialAction\":[{\"@type\":\"SearchAction\",\"target\":{\"@type\":\"EntryPoint\",\"urlTemplate\":\"https:\/\/portalmf.com.br\/?s={search_term_string}\"},\"query-input\":\"required name=search_term_string\"}],\"inLanguage\":\"pt-BR\"},{\"@type\":\"Person\",\"@id\":\"https:\/\/portalmf.com.br\/#\/schema\/person\/9ec101baf56233e53520c26de5d6f6f0\",\"name\":\"Reda\u00e7\u00e3o Portal MF\",\"image\":{\"@type\":\"ImageObject\",\"inLanguage\":\"pt-BR\",\"@id\":\"https:\/\/portalmf.com.br\/#\/schema\/person\/image\/\",\"url\":\"https:\/\/secure.gravatar.com\/avatar\/41b9aaeb2100835f7c64362330f74c7f?s=96&d=mm&r=g\",\"contentUrl\":\"https:\/\/secure.gravatar.com\/avatar\/41b9aaeb2100835f7c64362330f74c7f?s=96&d=mm&r=g\",\"caption\":\"Reda\u00e7\u00e3o Portal MF\"},\"description\":\"Sejam bem-vindos o portal de informa\u00e7\u00f5es de entretenimento de Feira de Santana, desde 2006 realiza coberturas dos principais eventos com entrevistas exclusivas com as principais personalidades mundiais. Fique conectado tamb\u00e9m nas redes sociais.\",\"sameAs\":[\"http:\/\/www.portalmf.com.br\/\",\"https:\/\/www.facebook.com\/portalmfoficial\",\"https:\/\/www.instagram.com\/portalmf\/\",\"https:\/\/x.com\/https:\/\/x.com\/portalmfoficial\",\"https:\/\/www.youtube.com\/@portalmfoficial\"],\"url\":\"https:\/\/portalmf.com.br\/index.php\/author\/junior\/\"}]}<\/script>\n<!-- \/ Yoast SEO plugin. -->","yoast_head_json":{"title":"Camarote Har\u00e9m tem pr\u00e9-venda para o Carnaval 2027 - Portal MF","robots":{"index":"index","follow":"follow","max-snippet":"max-snippet:-1","max-image-preview":"max-image-preview:large","max-video-preview":"max-video-preview:-1"},"canonical":"https:\/\/portalmf.com.br\/index.php\/2026\/03\/11\/camarote-harem-tem-pre-venda-para-o-carnaval-2027\/","og_locale":"pt_BR","og_type":"article","og_title":"Camarote Har\u00e9m tem pr\u00e9-venda para o Carnaval 2027 - Portal MF","og_description":"O Carnaval 2027 em Salvador j\u00e1 tem um ponto de encontro para quem busca o equil\u00edbrio perfeito entre a vibra\u00e7\u00e3o das ruas e o conforto de um espa\u00e7o de excel\u00eancia: o Har\u00e9m Soho Camarote Boutique, que acaba de abrir pr\u00e9-venda. Com espa\u00e7o privilegiado e uma das vistas mais cobi\u00e7adas do circuito Barra-Ondina, o camarote permite [&hellip;]","og_url":"https:\/\/portalmf.com.br\/index.php\/2026\/03\/11\/camarote-harem-tem-pre-venda-para-o-carnaval-2027\/","og_site_name":"Portal MF","article_author":"https:\/\/www.facebook.com\/portalmfoficial","article_published_time":"2026-03-11T23:22:48+00:00","article_modified_time":"2026-03-11T23:22:49+00:00","og_image":[{"width":1200,"height":801,"url":"https:\/\/portalmf.com.br\/wp-content\/uploads\/2026\/03\/harem.jpeg","type":"image\/jpeg"}],"author":"Reda\u00e7\u00e3o Portal MF","twitter_card":"summary_large_image","twitter_creator":"@https:\/\/x.com\/portalmfoficial","twitter_misc":{"Escrito por":"Reda\u00e7\u00e3o Portal MF","Est. tempo de leitura":"2 minutos"},"schema":{"@context":"https:\/\/schema.org","@graph":[{"@type":"WebPage","@id":"https:\/\/portalmf.com.br\/index.php\/2026\/03\/11\/camarote-harem-tem-pre-venda-para-o-carnaval-2027\/","url":"https:\/\/portalmf.com.br\/index.php\/2026\/03\/11\/camarote-harem-tem-pre-venda-para-o-carnaval-2027\/","name":"Camarote Har\u00e9m tem pr\u00e9-venda para o Carnaval 2027 - Portal MF","isPartOf":{"@id":"https:\/\/portalmf.com.br\/#website"},"primaryImageOfPage":{"@id":"https:\/\/portalmf.com.br\/index.php\/2026\/03\/11\/camarote-harem-tem-pre-venda-para-o-carnaval-2027\/#primaryimage"},"image":{"@id":"https:\/\/portalmf.com.br\/index.php\/2026\/03\/11\/camarote-harem-tem-pre-venda-para-o-carnaval-2027\/#primaryimage"},"thumbnailUrl":"https:\/\/portalmf.com.br\/wp-content\/uploads\/2026\/03\/harem.jpeg","datePublished":"2026-03-11T23:22:48+00:00","dateModified":"2026-03-11T23:22:49+00:00","author":{"@id":"https:\/\/portalmf.com.br\/#\/schema\/person\/9ec101baf56233e53520c26de5d6f6f0"},"breadcrumb":{"@id":"https:\/\/portalmf.com.br\/index.php\/2026\/03\/11\/camarote-harem-tem-pre-venda-para-o-carnaval-2027\/#breadcrumb"},"inLanguage":"pt-BR","potentialAction":[{"@type":"ReadAction","target":["https:\/\/portalmf.com.br\/index.php\/2026\/03\/11\/camarote-harem-tem-pre-venda-para-o-carnaval-2027\/"]}]},{"@type":"ImageObject","inLanguage":"pt-BR","@id":"https:\/\/portalmf.com.br\/index.php\/2026\/03\/11\/camarote-harem-tem-pre-venda-para-o-carnaval-2027\/#primaryimage","url":"https:\/\/portalmf.com.br\/wp-content\/uploads\/2026\/03\/harem.jpeg","contentUrl":"https:\/\/portalmf.com.br\/wp-content\/uploads\/2026\/03\/harem.jpeg","width":1200,"height":801},{"@type":"BreadcrumbList","@id":"https:\/\/portalmf.com.br\/index.php\/2026\/03\/11\/camarote-harem-tem-pre-venda-para-o-carnaval-2027\/#breadcrumb","itemListElement":[{"@type":"ListItem","position":1,"name":"In\u00edcio","item":"https:\/\/portalmf.com.br\/"},{"@type":"ListItem","position":2,"name":"Camarote Har\u00e9m tem pr\u00e9-venda para o Carnaval 2027"}]},{"@type":"WebSite","@id":"https:\/\/portalmf.com.br\/#website","url":"https:\/\/portalmf.com.br\/","name":"Portal MF","description":"Voc\u00ea conectado com a informa\u00e7\u00e3o","potentialAction":[{"@type":"SearchAction","target":{"@type":"EntryPoint","urlTemplate":"https:\/\/portalmf.com.br\/?s={search_term_string}"},"query-input":"required name=search_term_string"}],"inLanguage":"pt-BR"},{"@type":"Person","@id":"https:\/\/portalmf.com.br\/#\/schema\/person\/9ec101baf56233e53520c26de5d6f6f0","name":"Reda\u00e7\u00e3o Portal MF","image":{"@type":"ImageObject","inLanguage":"pt-BR","@id":"https:\/\/portalmf.com.br\/#\/schema\/person\/image\/","url":"https:\/\/secure.gravatar.com\/avatar\/41b9aaeb2100835f7c64362330f74c7f?s=96&d=mm&r=g","contentUrl":"https:\/\/secure.gravatar.com\/avatar\/41b9aaeb2100835f7c64362330f74c7f?s=96&d=mm&r=g","caption":"Reda\u00e7\u00e3o Portal MF"},"description":"Sejam bem-vindos o portal de informa\u00e7\u00f5es de entretenimento de Feira de Santana, desde 2006 realiza coberturas dos principais eventos com entrevistas exclusivas com as principais personalidades mundiais. Fique conectado tamb\u00e9m nas redes sociais.","sameAs":["http:\/\/www.portalmf.com.br\/","https:\/\/www.facebook.com\/portalmfoficial","https:\/\/www.instagram.com\/portalmf\/","https:\/\/x.com\/https:\/\/x.com\/portalmfoficial","https:\/\/www.youtube.com\/@portalmfoficial"],"url":"https:\/\/portalmf.com.br\/index.php\/author\/junior\/"}]}},"_links":{"self":[{"href":"https:\/\/portalmf.com.br\/index.php\/wp-json\/wp\/v2\/posts\/42537"}],"collection":[{"href":"https:\/\/portalmf.com.br\/index.php\/wp-json\/wp\/v2\/posts"}],"about":[{"href":"https:\/\/portalmf.com.br\/index.php\/wp-json\/wp\/v2\/types\/post"}],"author":[{"embeddable":true,"href":"https:\/\/portalmf.com.br\/index.php\/wp-json\/wp\/v2\/users\/3"}],"replies":[{"embeddable":true,"href":"https:\/\/portalmf.com.br\/index.php\/wp-json\/wp\/v2\/comments?post=42537"}],"version-history":[{"count":1,"href":"https:\/\/portalmf.com.br\/index.php\/wp-json\/wp\/v2\/posts\/42537\/revisions"}],"predecessor-version":[{"id":42539,"href":"https:\/\/portalmf.com.br\/index.php\/wp-json\/wp\/v2\/posts\/42537\/revisions\/42539"}],"wp:featuredmedia":[{"embeddable":true,"href":"https:\/\/portalmf.com.br\/index.php\/wp-json\/wp\/v2\/media\/42538"}],"wp:attachment":[{"href":"https:\/\/portalmf.com.br\/index.php\/wp-json\/wp\/v2\/media?parent=42537"}],"wp:term":[{"taxonomy":"category","embeddable":true,"href":"https:\/\/portalmf.com.br\/index.php\/wp-json\/wp\/v2\/categories?post=42537"},{"taxonomy":"post_tag","embeddable":true,"href":"https:\/\/portalmf.com.br\/index.php\/wp-json\/wp\/v2\/tags?post=42537"}],"curies":[{"name":"wp","href":"https:\/\/api.w.org\/{rel}","templated":true}]}}