{"id":42535,"date":"2026-03-11T20:20:08","date_gmt":"2026-03-11T23:20:08","guid":{"rendered":"https:\/\/portalmf.com.br\/?p=42535"},"modified":"2026-03-11T20:20:08","modified_gmt":"2026-03-11T23:20:08","slug":"forro-do-talco-recebe-forro-do-tico-e-mamma-di-souza-na-pituba","status":"publish","type":"post","link":"https:\/\/portalmf.com.br\/index.php\/2026\/03\/11\/forro-do-talco-recebe-forro-do-tico-e-mamma-di-souza-na-pituba\/","title":{"rendered":"Forr\u00f3 do Talco recebe Forr\u00f3 do Tico e Mamm\u00e1 Di Souza na Pituba"},"content":{"rendered":"\n<p>Ap\u00f3s uma estreia que lotou a casa e reuniu grande p\u00fablico, o Forr\u00f3 do Talco realiza nova edi\u00e7\u00e3o no dia 15 de mar\u00e7o, a partir das 19h, na casa Primeira Sa\u00edda, Pituba. O projeto segue como encontro dedicado ao forr\u00f3 e \u00e0 dan\u00e7a de sal\u00e3o, reunindo m\u00fasicos e p\u00fablico em torno do repert\u00f3rio do g\u00eanero. Nesta edi\u00e7\u00e3o, o evento contar\u00e1 com participa\u00e7\u00f5es do Forr\u00f3 do Tico e de Mamm\u00e1 Di Souza.<\/p>\n\n\n\n<p>Idealizado e comandado pelo cantor e sanfoneiro J\u00f3 Miranda, o Forr\u00f3 do Talco surgiu como proposta de reunir m\u00fasicos e amantes do forr\u00f3 em um ambiente voltado para o baile. Na primeira edi\u00e7\u00e3o da temporada 2026, o encontro contou com participa\u00e7\u00e3o de Leo Estakazero e registrou casa cheia, marcando a retomada do projeto com forte ades\u00e3o do p\u00fablico.<\/p>\n\n\n\n<p>Entre os convidados desta edi\u00e7\u00e3o est\u00e1 o Forr\u00f3 do Tico, que integra a cena do forr\u00f3 na Bahia e apresenta repert\u00f3rio que percorre cl\u00e1ssicos do g\u00eanero e m\u00fasicas conhecidas do p\u00fablico. A participa\u00e7\u00e3o refor\u00e7a o encontro de artistas que mant\u00eam presen\u00e7a constante nos bailes e eventos dedicados ao ritmo.<\/p>\n\n\n\n<p>Outro destaque da noite \u00e9 Mamm\u00e1 Di Souza da banda Filomena Bagaceira, cantor que tamb\u00e9m participa da programa\u00e7\u00e3o e leva ao palco sua interpreta\u00e7\u00e3o do repert\u00f3rio do forr\u00f3. A presen\u00e7a do artista amplia o di\u00e1logo musical da noite e fortalece a proposta do evento de reunir diferentes nomes ligados ao g\u00eanero em uma mesma apresenta\u00e7\u00e3o.<\/p>\n","protected":false},"excerpt":{"rendered":"<p>Ap\u00f3s uma estreia que lotou a casa e reuniu grande p\u00fablico, o Forr\u00f3 do Talco realiza nova edi\u00e7\u00e3o no dia 15 de mar\u00e7o, a partir das 19h, na casa Primeira Sa\u00edda, Pituba. O projeto segue como encontro dedicado ao forr\u00f3 e \u00e0 dan\u00e7a de sal\u00e3o, reunindo m\u00fasicos e p\u00fablico em torno do repert\u00f3rio do g\u00eanero. [&hellip;]<\/p>\n","protected":false},"author":3,"featured_media":27457,"comment_status":"open","ping_status":"open","sticky":false,"template":"","format":"standard","meta":{"_monsterinsights_skip_tracking":false,"_monsterinsights_sitenote_active":false,"_monsterinsights_sitenote_note":"","_monsterinsights_sitenote_category":0,"footnotes":""},"categories":[296],"tags":[],"yoast_head":"<!-- This site is optimized with the Yoast SEO plugin v22.9 - https:\/\/yoast.com\/wordpress\/plugins\/seo\/ -->\n<title>Forr\u00f3 do Talco recebe Forr\u00f3 do Tico e Mamm\u00e1 Di Souza na Pituba - Portal MF<\/title>\n<meta name=\"robots\" content=\"index, follow, max-snippet:-1, max-image-preview:large, max-video-preview:-1\" \/>\n<link rel=\"canonical\" href=\"https:\/\/portalmf.com.br\/index.php\/2026\/03\/11\/forro-do-talco-recebe-forro-do-tico-e-mamma-di-souza-na-pituba\/\" \/>\n<meta property=\"og:locale\" content=\"pt_BR\" \/>\n<meta property=\"og:type\" content=\"article\" \/>\n<meta property=\"og:title\" content=\"Forr\u00f3 do Talco recebe Forr\u00f3 do Tico e Mamm\u00e1 Di Souza na Pituba - Portal MF\" \/>\n<meta property=\"og:description\" content=\"Ap\u00f3s uma estreia que lotou a casa e reuniu grande p\u00fablico, o Forr\u00f3 do Talco realiza nova edi\u00e7\u00e3o no dia 15 de mar\u00e7o, a partir das 19h, na casa Primeira Sa\u00edda, Pituba. O projeto segue como encontro dedicado ao forr\u00f3 e \u00e0 dan\u00e7a de sal\u00e3o, reunindo m\u00fasicos e p\u00fablico em torno do repert\u00f3rio do g\u00eanero. [&hellip;]\" \/>\n<meta property=\"og:url\" content=\"https:\/\/portalmf.com.br\/index.php\/2026\/03\/11\/forro-do-talco-recebe-forro-do-tico-e-mamma-di-souza-na-pituba\/\" \/>\n<meta property=\"og:site_name\" content=\"Portal MF\" \/>\n<meta property=\"article:author\" content=\"https:\/\/www.facebook.com\/portalmfoficial\" \/>\n<meta property=\"article:published_time\" content=\"2026-03-11T23:20:08+00:00\" \/>\n<meta property=\"og:image\" content=\"https:\/\/portalmf.com.br\/wp-content\/uploads\/2024\/06\/Jo-Miranda-toca-no-Sao-Joao-da-Bahia-2024.jpg\" \/>\n\t<meta property=\"og:image:width\" content=\"1600\" \/>\n\t<meta property=\"og:image:height\" content=\"1066\" \/>\n\t<meta property=\"og:image:type\" content=\"image\/jpeg\" \/>\n<meta name=\"author\" content=\"Reda\u00e7\u00e3o Portal MF\" \/>\n<meta name=\"twitter:card\" content=\"summary_large_image\" \/>\n<meta name=\"twitter:creator\" content=\"@https:\/\/x.com\/portalmfoficial\" \/>\n<meta name=\"twitter:label1\" content=\"Escrito por\" \/>\n\t<meta name=\"twitter:data1\" content=\"Reda\u00e7\u00e3o Portal MF\" \/>\n\t<meta name=\"twitter:label2\" content=\"Est. tempo de leitura\" \/>\n\t<meta name=\"twitter:data2\" content=\"2 minutos\" \/>\n<script type=\"application\/ld+json\" class=\"yoast-schema-graph\">{\"@context\":\"https:\/\/schema.org\",\"@graph\":[{\"@type\":\"WebPage\",\"@id\":\"https:\/\/portalmf.com.br\/index.php\/2026\/03\/11\/forro-do-talco-recebe-forro-do-tico-e-mamma-di-souza-na-pituba\/\",\"url\":\"https:\/\/portalmf.com.br\/index.php\/2026\/03\/11\/forro-do-talco-recebe-forro-do-tico-e-mamma-di-souza-na-pituba\/\",\"name\":\"Forr\u00f3 do Talco recebe Forr\u00f3 do Tico e Mamm\u00e1 Di Souza na Pituba - Portal MF\",\"isPartOf\":{\"@id\":\"https:\/\/portalmf.com.br\/#website\"},\"primaryImageOfPage\":{\"@id\":\"https:\/\/portalmf.com.br\/index.php\/2026\/03\/11\/forro-do-talco-recebe-forro-do-tico-e-mamma-di-souza-na-pituba\/#primaryimage\"},\"image\":{\"@id\":\"https:\/\/portalmf.com.br\/index.php\/2026\/03\/11\/forro-do-talco-recebe-forro-do-tico-e-mamma-di-souza-na-pituba\/#primaryimage\"},\"thumbnailUrl\":\"https:\/\/portalmf.com.br\/wp-content\/uploads\/2024\/06\/Jo-Miranda-toca-no-Sao-Joao-da-Bahia-2024.jpg\",\"datePublished\":\"2026-03-11T23:20:08+00:00\",\"dateModified\":\"2026-03-11T23:20:08+00:00\",\"author\":{\"@id\":\"https:\/\/portalmf.com.br\/#\/schema\/person\/9ec101baf56233e53520c26de5d6f6f0\"},\"breadcrumb\":{\"@id\":\"https:\/\/portalmf.com.br\/index.php\/2026\/03\/11\/forro-do-talco-recebe-forro-do-tico-e-mamma-di-souza-na-pituba\/#breadcrumb\"},\"inLanguage\":\"pt-BR\",\"potentialAction\":[{\"@type\":\"ReadAction\",\"target\":[\"https:\/\/portalmf.com.br\/index.php\/2026\/03\/11\/forro-do-talco-recebe-forro-do-tico-e-mamma-di-souza-na-pituba\/\"]}]},{\"@type\":\"ImageObject\",\"inLanguage\":\"pt-BR\",\"@id\":\"https:\/\/portalmf.com.br\/index.php\/2026\/03\/11\/forro-do-talco-recebe-forro-do-tico-e-mamma-di-souza-na-pituba\/#primaryimage\",\"url\":\"https:\/\/portalmf.com.br\/wp-content\/uploads\/2024\/06\/Jo-Miranda-toca-no-Sao-Joao-da-Bahia-2024.jpg\",\"contentUrl\":\"https:\/\/portalmf.com.br\/wp-content\/uploads\/2024\/06\/Jo-Miranda-toca-no-Sao-Joao-da-Bahia-2024.jpg\",\"width\":1600,\"height\":1066},{\"@type\":\"BreadcrumbList\",\"@id\":\"https:\/\/portalmf.com.br\/index.php\/2026\/03\/11\/forro-do-talco-recebe-forro-do-tico-e-mamma-di-souza-na-pituba\/#breadcrumb\",\"itemListElement\":[{\"@type\":\"ListItem\",\"position\":1,\"name\":\"In\u00edcio\",\"item\":\"https:\/\/portalmf.com.br\/\"},{\"@type\":\"ListItem\",\"position\":2,\"name\":\"Forr\u00f3 do Talco recebe Forr\u00f3 do Tico e Mamm\u00e1 Di Souza na Pituba\"}]},{\"@type\":\"WebSite\",\"@id\":\"https:\/\/portalmf.com.br\/#website\",\"url\":\"https:\/\/portalmf.com.br\/\",\"name\":\"Portal MF\",\"description\":\"Voc\u00ea conectado com a informa\u00e7\u00e3o\",\"potentialAction\":[{\"@type\":\"SearchAction\",\"target\":{\"@type\":\"EntryPoint\",\"urlTemplate\":\"https:\/\/portalmf.com.br\/?s={search_term_string}\"},\"query-input\":\"required name=search_term_string\"}],\"inLanguage\":\"pt-BR\"},{\"@type\":\"Person\",\"@id\":\"https:\/\/portalmf.com.br\/#\/schema\/person\/9ec101baf56233e53520c26de5d6f6f0\",\"name\":\"Reda\u00e7\u00e3o Portal MF\",\"image\":{\"@type\":\"ImageObject\",\"inLanguage\":\"pt-BR\",\"@id\":\"https:\/\/portalmf.com.br\/#\/schema\/person\/image\/\",\"url\":\"https:\/\/secure.gravatar.com\/avatar\/41b9aaeb2100835f7c64362330f74c7f?s=96&d=mm&r=g\",\"contentUrl\":\"https:\/\/secure.gravatar.com\/avatar\/41b9aaeb2100835f7c64362330f74c7f?s=96&d=mm&r=g\",\"caption\":\"Reda\u00e7\u00e3o Portal MF\"},\"description\":\"Sejam bem-vindos o portal de informa\u00e7\u00f5es de entretenimento de Feira de Santana, desde 2006 realiza coberturas dos principais eventos com entrevistas exclusivas com as principais personalidades mundiais. Fique conectado tamb\u00e9m nas redes sociais.\",\"sameAs\":[\"http:\/\/www.portalmf.com.br\/\",\"https:\/\/www.facebook.com\/portalmfoficial\",\"https:\/\/www.instagram.com\/portalmf\/\",\"https:\/\/x.com\/https:\/\/x.com\/portalmfoficial\",\"https:\/\/www.youtube.com\/@portalmfoficial\"],\"url\":\"https:\/\/portalmf.com.br\/index.php\/author\/junior\/\"}]}<\/script>\n<!-- \/ Yoast SEO plugin. -->","yoast_head_json":{"title":"Forr\u00f3 do Talco recebe Forr\u00f3 do Tico e Mamm\u00e1 Di Souza na Pituba - Portal MF","robots":{"index":"index","follow":"follow","max-snippet":"max-snippet:-1","max-image-preview":"max-image-preview:large","max-video-preview":"max-video-preview:-1"},"canonical":"https:\/\/portalmf.com.br\/index.php\/2026\/03\/11\/forro-do-talco-recebe-forro-do-tico-e-mamma-di-souza-na-pituba\/","og_locale":"pt_BR","og_type":"article","og_title":"Forr\u00f3 do Talco recebe Forr\u00f3 do Tico e Mamm\u00e1 Di Souza na Pituba - Portal MF","og_description":"Ap\u00f3s uma estreia que lotou a casa e reuniu grande p\u00fablico, o Forr\u00f3 do Talco realiza nova edi\u00e7\u00e3o no dia 15 de mar\u00e7o, a partir das 19h, na casa Primeira Sa\u00edda, Pituba. O projeto segue como encontro dedicado ao forr\u00f3 e \u00e0 dan\u00e7a de sal\u00e3o, reunindo m\u00fasicos e p\u00fablico em torno do repert\u00f3rio do g\u00eanero. [&hellip;]","og_url":"https:\/\/portalmf.com.br\/index.php\/2026\/03\/11\/forro-do-talco-recebe-forro-do-tico-e-mamma-di-souza-na-pituba\/","og_site_name":"Portal MF","article_author":"https:\/\/www.facebook.com\/portalmfoficial","article_published_time":"2026-03-11T23:20:08+00:00","og_image":[{"width":1600,"height":1066,"url":"https:\/\/portalmf.com.br\/wp-content\/uploads\/2024\/06\/Jo-Miranda-toca-no-Sao-Joao-da-Bahia-2024.jpg","type":"image\/jpeg"}],"author":"Reda\u00e7\u00e3o Portal MF","twitter_card":"summary_large_image","twitter_creator":"@https:\/\/x.com\/portalmfoficial","twitter_misc":{"Escrito por":"Reda\u00e7\u00e3o Portal MF","Est. tempo de leitura":"2 minutos"},"schema":{"@context":"https:\/\/schema.org","@graph":[{"@type":"WebPage","@id":"https:\/\/portalmf.com.br\/index.php\/2026\/03\/11\/forro-do-talco-recebe-forro-do-tico-e-mamma-di-souza-na-pituba\/","url":"https:\/\/portalmf.com.br\/index.php\/2026\/03\/11\/forro-do-talco-recebe-forro-do-tico-e-mamma-di-souza-na-pituba\/","name":"Forr\u00f3 do Talco recebe Forr\u00f3 do Tico e Mamm\u00e1 Di Souza na Pituba - Portal MF","isPartOf":{"@id":"https:\/\/portalmf.com.br\/#website"},"primaryImageOfPage":{"@id":"https:\/\/portalmf.com.br\/index.php\/2026\/03\/11\/forro-do-talco-recebe-forro-do-tico-e-mamma-di-souza-na-pituba\/#primaryimage"},"image":{"@id":"https:\/\/portalmf.com.br\/index.php\/2026\/03\/11\/forro-do-talco-recebe-forro-do-tico-e-mamma-di-souza-na-pituba\/#primaryimage"},"thumbnailUrl":"https:\/\/portalmf.com.br\/wp-content\/uploads\/2024\/06\/Jo-Miranda-toca-no-Sao-Joao-da-Bahia-2024.jpg","datePublished":"2026-03-11T23:20:08+00:00","dateModified":"2026-03-11T23:20:08+00:00","author":{"@id":"https:\/\/portalmf.com.br\/#\/schema\/person\/9ec101baf56233e53520c26de5d6f6f0"},"breadcrumb":{"@id":"https:\/\/portalmf.com.br\/index.php\/2026\/03\/11\/forro-do-talco-recebe-forro-do-tico-e-mamma-di-souza-na-pituba\/#breadcrumb"},"inLanguage":"pt-BR","potentialAction":[{"@type":"ReadAction","target":["https:\/\/portalmf.com.br\/index.php\/2026\/03\/11\/forro-do-talco-recebe-forro-do-tico-e-mamma-di-souza-na-pituba\/"]}]},{"@type":"ImageObject","inLanguage":"pt-BR","@id":"https:\/\/portalmf.com.br\/index.php\/2026\/03\/11\/forro-do-talco-recebe-forro-do-tico-e-mamma-di-souza-na-pituba\/#primaryimage","url":"https:\/\/portalmf.com.br\/wp-content\/uploads\/2024\/06\/Jo-Miranda-toca-no-Sao-Joao-da-Bahia-2024.jpg","contentUrl":"https:\/\/portalmf.com.br\/wp-content\/uploads\/2024\/06\/Jo-Miranda-toca-no-Sao-Joao-da-Bahia-2024.jpg","width":1600,"height":1066},{"@type":"BreadcrumbList","@id":"https:\/\/portalmf.com.br\/index.php\/2026\/03\/11\/forro-do-talco-recebe-forro-do-tico-e-mamma-di-souza-na-pituba\/#breadcrumb","itemListElement":[{"@type":"ListItem","position":1,"name":"In\u00edcio","item":"https:\/\/portalmf.com.br\/"},{"@type":"ListItem","position":2,"name":"Forr\u00f3 do Talco recebe Forr\u00f3 do Tico e Mamm\u00e1 Di Souza na Pituba"}]},{"@type":"WebSite","@id":"https:\/\/portalmf.com.br\/#website","url":"https:\/\/portalmf.com.br\/","name":"Portal MF","description":"Voc\u00ea conectado com a informa\u00e7\u00e3o","potentialAction":[{"@type":"SearchAction","target":{"@type":"EntryPoint","urlTemplate":"https:\/\/portalmf.com.br\/?s={search_term_string}"},"query-input":"required name=search_term_string"}],"inLanguage":"pt-BR"},{"@type":"Person","@id":"https:\/\/portalmf.com.br\/#\/schema\/person\/9ec101baf56233e53520c26de5d6f6f0","name":"Reda\u00e7\u00e3o Portal MF","image":{"@type":"ImageObject","inLanguage":"pt-BR","@id":"https:\/\/portalmf.com.br\/#\/schema\/person\/image\/","url":"https:\/\/secure.gravatar.com\/avatar\/41b9aaeb2100835f7c64362330f74c7f?s=96&d=mm&r=g","contentUrl":"https:\/\/secure.gravatar.com\/avatar\/41b9aaeb2100835f7c64362330f74c7f?s=96&d=mm&r=g","caption":"Reda\u00e7\u00e3o Portal MF"},"description":"Sejam bem-vindos o portal de informa\u00e7\u00f5es de entretenimento de Feira de Santana, desde 2006 realiza coberturas dos principais eventos com entrevistas exclusivas com as principais personalidades mundiais. Fique conectado tamb\u00e9m nas redes sociais.","sameAs":["http:\/\/www.portalmf.com.br\/","https:\/\/www.facebook.com\/portalmfoficial","https:\/\/www.instagram.com\/portalmf\/","https:\/\/x.com\/https:\/\/x.com\/portalmfoficial","https:\/\/www.youtube.com\/@portalmfoficial"],"url":"https:\/\/portalmf.com.br\/index.php\/author\/junior\/"}]}},"_links":{"self":[{"href":"https:\/\/portalmf.com.br\/index.php\/wp-json\/wp\/v2\/posts\/42535"}],"collection":[{"href":"https:\/\/portalmf.com.br\/index.php\/wp-json\/wp\/v2\/posts"}],"about":[{"href":"https:\/\/portalmf.com.br\/index.php\/wp-json\/wp\/v2\/types\/post"}],"author":[{"embeddable":true,"href":"https:\/\/portalmf.com.br\/index.php\/wp-json\/wp\/v2\/users\/3"}],"replies":[{"embeddable":true,"href":"https:\/\/portalmf.com.br\/index.php\/wp-json\/wp\/v2\/comments?post=42535"}],"version-history":[{"count":1,"href":"https:\/\/portalmf.com.br\/index.php\/wp-json\/wp\/v2\/posts\/42535\/revisions"}],"predecessor-version":[{"id":42536,"href":"https:\/\/portalmf.com.br\/index.php\/wp-json\/wp\/v2\/posts\/42535\/revisions\/42536"}],"wp:featuredmedia":[{"embeddable":true,"href":"https:\/\/portalmf.com.br\/index.php\/wp-json\/wp\/v2\/media\/27457"}],"wp:attachment":[{"href":"https:\/\/portalmf.com.br\/index.php\/wp-json\/wp\/v2\/media?parent=42535"}],"wp:term":[{"taxonomy":"category","embeddable":true,"href":"https:\/\/portalmf.com.br\/index.php\/wp-json\/wp\/v2\/categories?post=42535"},{"taxonomy":"post_tag","embeddable":true,"href":"https:\/\/portalmf.com.br\/index.php\/wp-json\/wp\/v2\/tags?post=42535"}],"curies":[{"name":"wp","href":"https:\/\/api.w.org\/{rel}","templated":true}]}}