{"id":42520,"date":"2026-03-11T10:47:10","date_gmt":"2026-03-11T13:47:10","guid":{"rendered":"https:\/\/portalmf.com.br\/?p=42520"},"modified":"2026-03-11T10:47:11","modified_gmt":"2026-03-11T13:47:11","slug":"projeto-sofrencia-grava-2o-dvd-no-bairro-asa-branca-em-feira-de-santana","status":"publish","type":"post","link":"https:\/\/portalmf.com.br\/index.php\/2026\/03\/11\/projeto-sofrencia-grava-2o-dvd-no-bairro-asa-branca-em-feira-de-santana\/","title":{"rendered":"Projeto Sofr\u00eancia grava 2\u00ba DVD no bairro Asa Branca, em Feira de Santana"},"content":{"rendered":"\n<p>O \u2018Projeto Sofr\u00eancia\u2019, dos vocalistas Leo Max e Ian Guimar\u00e3es, est\u00e1 pronto para dar o pr\u00f3ximo passo na sua caminhada. No pr\u00f3ximo domingo (15), a banda grava o seu 2\u00ba DVD, intitulado \u2018Boteco M\u00f3vel\u2019, no bairro Asa Branca, em Feira de Santana. Idealizado pelo empres\u00e1rio e compositor Cassio Sampaio, a ideia \u00e9 levar o arrocha para os bairros em um formato totalmente intimista.<\/p>\n\n\n\n<p>A proposta do audiovisual, conforme explica Leo Max, \u00e9 transformar ruas e pra\u00e7as em grandes pontos de sofr\u00eancia, emo\u00e7\u00e3o e identidade popular. Com uma estrutura itinerante, o DVD foi pensado para criar uma atmosfera aut\u00eantica, remetendo ao clima dos tradicionais botecos.<\/p>\n\n\n\n<p>No repert\u00f3rio, letras carregadas de sentimentos, al\u00e9m de cl\u00e1ssicos sertanejos. De acordo com Ian Guimar\u00e3es, o Asa Branca foi escolhido para abrir esse ciclo por representar a ess\u00eancia popular e vibrante de Feira de Santana. O projeto pretende percorrer diferentes comunidades.<\/p>\n\n\n\n<p>O Projeto Sofr\u00eancia nasceu da uni\u00e3o de dois artistas jovens e promissores do arrocha: Leo M\u00e1x e Ian Guimar\u00e3es. Ambos baianos, de Feira de Santana, ambiciosos com o sucesso na carreira musical e que trabalham h\u00e1 anos nos barzinhos, se uniram com um sonho audacioso de propagar a aut\u00eantica sofr\u00eancia, da\u00ed surge o \u2018Projeto Sofr\u00eancia\u2019.<\/p>\n","protected":false},"excerpt":{"rendered":"<p>O \u2018Projeto Sofr\u00eancia\u2019, dos vocalistas Leo Max e Ian Guimar\u00e3es, est\u00e1 pronto para dar o pr\u00f3ximo passo na sua caminhada. No pr\u00f3ximo domingo (15), a banda grava o seu 2\u00ba DVD, intitulado \u2018Boteco M\u00f3vel\u2019, no bairro Asa Branca, em Feira de Santana. Idealizado pelo empres\u00e1rio e compositor Cassio Sampaio, a ideia \u00e9 levar o arrocha [&hellip;]<\/p>\n","protected":false},"author":3,"featured_media":42190,"comment_status":"open","ping_status":"open","sticky":false,"template":"","format":"standard","meta":{"_monsterinsights_skip_tracking":false,"_monsterinsights_sitenote_active":false,"_monsterinsights_sitenote_note":"","_monsterinsights_sitenote_category":0,"footnotes":""},"categories":[47,45],"tags":[],"yoast_head":"<!-- This site is optimized with the Yoast SEO plugin v22.9 - https:\/\/yoast.com\/wordpress\/plugins\/seo\/ -->\n<title>Projeto Sofr\u00eancia grava 2\u00ba DVD no bairro Asa Branca, em Feira de Santana - Portal MF<\/title>\n<meta name=\"robots\" content=\"index, follow, max-snippet:-1, max-image-preview:large, max-video-preview:-1\" \/>\n<link rel=\"canonical\" href=\"https:\/\/portalmf.com.br\/index.php\/2026\/03\/11\/projeto-sofrencia-grava-2o-dvd-no-bairro-asa-branca-em-feira-de-santana\/\" \/>\n<meta property=\"og:locale\" content=\"pt_BR\" \/>\n<meta property=\"og:type\" content=\"article\" \/>\n<meta property=\"og:title\" content=\"Projeto Sofr\u00eancia grava 2\u00ba DVD no bairro Asa Branca, em Feira de Santana - Portal MF\" \/>\n<meta property=\"og:description\" content=\"O \u2018Projeto Sofr\u00eancia\u2019, dos vocalistas Leo Max e Ian Guimar\u00e3es, est\u00e1 pronto para dar o pr\u00f3ximo passo na sua caminhada. No pr\u00f3ximo domingo (15), a banda grava o seu 2\u00ba DVD, intitulado \u2018Boteco M\u00f3vel\u2019, no bairro Asa Branca, em Feira de Santana. Idealizado pelo empres\u00e1rio e compositor Cassio Sampaio, a ideia \u00e9 levar o arrocha [&hellip;]\" \/>\n<meta property=\"og:url\" content=\"https:\/\/portalmf.com.br\/index.php\/2026\/03\/11\/projeto-sofrencia-grava-2o-dvd-no-bairro-asa-branca-em-feira-de-santana\/\" \/>\n<meta property=\"og:site_name\" content=\"Portal MF\" \/>\n<meta property=\"article:author\" content=\"https:\/\/www.facebook.com\/portalmfoficial\" \/>\n<meta property=\"article:published_time\" content=\"2026-03-11T13:47:10+00:00\" \/>\n<meta property=\"article:modified_time\" content=\"2026-03-11T13:47:11+00:00\" \/>\n<meta property=\"og:image\" content=\"https:\/\/portalmf.com.br\/wp-content\/uploads\/2026\/02\/Projeto-Sofrencia-grava-2o-DVD-\u2018Boteco-Movel-em-marco-no-Asa-Branca-e1773236819653.jpeg\" \/>\n\t<meta property=\"og:image:width\" content=\"1024\" \/>\n\t<meta property=\"og:image:height\" content=\"771\" \/>\n\t<meta property=\"og:image:type\" content=\"image\/jpeg\" \/>\n<meta name=\"author\" content=\"Reda\u00e7\u00e3o Portal MF\" \/>\n<meta name=\"twitter:card\" content=\"summary_large_image\" \/>\n<meta name=\"twitter:creator\" content=\"@https:\/\/x.com\/portalmfoficial\" \/>\n<meta name=\"twitter:label1\" content=\"Escrito por\" \/>\n\t<meta name=\"twitter:data1\" content=\"Reda\u00e7\u00e3o Portal MF\" \/>\n\t<meta name=\"twitter:label2\" content=\"Est. tempo de leitura\" \/>\n\t<meta name=\"twitter:data2\" content=\"2 minutos\" \/>\n<script type=\"application\/ld+json\" class=\"yoast-schema-graph\">{\"@context\":\"https:\/\/schema.org\",\"@graph\":[{\"@type\":\"WebPage\",\"@id\":\"https:\/\/portalmf.com.br\/index.php\/2026\/03\/11\/projeto-sofrencia-grava-2o-dvd-no-bairro-asa-branca-em-feira-de-santana\/\",\"url\":\"https:\/\/portalmf.com.br\/index.php\/2026\/03\/11\/projeto-sofrencia-grava-2o-dvd-no-bairro-asa-branca-em-feira-de-santana\/\",\"name\":\"Projeto Sofr\u00eancia grava 2\u00ba DVD no bairro Asa Branca, em Feira de Santana - Portal MF\",\"isPartOf\":{\"@id\":\"https:\/\/portalmf.com.br\/#website\"},\"primaryImageOfPage\":{\"@id\":\"https:\/\/portalmf.com.br\/index.php\/2026\/03\/11\/projeto-sofrencia-grava-2o-dvd-no-bairro-asa-branca-em-feira-de-santana\/#primaryimage\"},\"image\":{\"@id\":\"https:\/\/portalmf.com.br\/index.php\/2026\/03\/11\/projeto-sofrencia-grava-2o-dvd-no-bairro-asa-branca-em-feira-de-santana\/#primaryimage\"},\"thumbnailUrl\":\"https:\/\/portalmf.com.br\/wp-content\/uploads\/2026\/02\/Projeto-Sofrencia-grava-2o-DVD-\u2018Boteco-Movel-em-marco-no-Asa-Branca-e1773236819653.jpeg\",\"datePublished\":\"2026-03-11T13:47:10+00:00\",\"dateModified\":\"2026-03-11T13:47:11+00:00\",\"author\":{\"@id\":\"https:\/\/portalmf.com.br\/#\/schema\/person\/9ec101baf56233e53520c26de5d6f6f0\"},\"breadcrumb\":{\"@id\":\"https:\/\/portalmf.com.br\/index.php\/2026\/03\/11\/projeto-sofrencia-grava-2o-dvd-no-bairro-asa-branca-em-feira-de-santana\/#breadcrumb\"},\"inLanguage\":\"pt-BR\",\"potentialAction\":[{\"@type\":\"ReadAction\",\"target\":[\"https:\/\/portalmf.com.br\/index.php\/2026\/03\/11\/projeto-sofrencia-grava-2o-dvd-no-bairro-asa-branca-em-feira-de-santana\/\"]}]},{\"@type\":\"ImageObject\",\"inLanguage\":\"pt-BR\",\"@id\":\"https:\/\/portalmf.com.br\/index.php\/2026\/03\/11\/projeto-sofrencia-grava-2o-dvd-no-bairro-asa-branca-em-feira-de-santana\/#primaryimage\",\"url\":\"https:\/\/portalmf.com.br\/wp-content\/uploads\/2026\/02\/Projeto-Sofrencia-grava-2o-DVD-\u2018Boteco-Movel-em-marco-no-Asa-Branca-e1773236819653.jpeg\",\"contentUrl\":\"https:\/\/portalmf.com.br\/wp-content\/uploads\/2026\/02\/Projeto-Sofrencia-grava-2o-DVD-\u2018Boteco-Movel-em-marco-no-Asa-Branca-e1773236819653.jpeg\",\"width\":1024,\"height\":771},{\"@type\":\"BreadcrumbList\",\"@id\":\"https:\/\/portalmf.com.br\/index.php\/2026\/03\/11\/projeto-sofrencia-grava-2o-dvd-no-bairro-asa-branca-em-feira-de-santana\/#breadcrumb\",\"itemListElement\":[{\"@type\":\"ListItem\",\"position\":1,\"name\":\"In\u00edcio\",\"item\":\"https:\/\/portalmf.com.br\/\"},{\"@type\":\"ListItem\",\"position\":2,\"name\":\"Projeto Sofr\u00eancia grava 2\u00ba DVD no bairro Asa Branca, em Feira de Santana\"}]},{\"@type\":\"WebSite\",\"@id\":\"https:\/\/portalmf.com.br\/#website\",\"url\":\"https:\/\/portalmf.com.br\/\",\"name\":\"Portal MF\",\"description\":\"Voc\u00ea conectado com a informa\u00e7\u00e3o\",\"potentialAction\":[{\"@type\":\"SearchAction\",\"target\":{\"@type\":\"EntryPoint\",\"urlTemplate\":\"https:\/\/portalmf.com.br\/?s={search_term_string}\"},\"query-input\":\"required name=search_term_string\"}],\"inLanguage\":\"pt-BR\"},{\"@type\":\"Person\",\"@id\":\"https:\/\/portalmf.com.br\/#\/schema\/person\/9ec101baf56233e53520c26de5d6f6f0\",\"name\":\"Reda\u00e7\u00e3o Portal MF\",\"image\":{\"@type\":\"ImageObject\",\"inLanguage\":\"pt-BR\",\"@id\":\"https:\/\/portalmf.com.br\/#\/schema\/person\/image\/\",\"url\":\"https:\/\/secure.gravatar.com\/avatar\/41b9aaeb2100835f7c64362330f74c7f?s=96&d=mm&r=g\",\"contentUrl\":\"https:\/\/secure.gravatar.com\/avatar\/41b9aaeb2100835f7c64362330f74c7f?s=96&d=mm&r=g\",\"caption\":\"Reda\u00e7\u00e3o Portal MF\"},\"description\":\"Sejam bem-vindos o portal de informa\u00e7\u00f5es de entretenimento de Feira de Santana, desde 2006 realiza coberturas dos principais eventos com entrevistas exclusivas com as principais personalidades mundiais. Fique conectado tamb\u00e9m nas redes sociais.\",\"sameAs\":[\"http:\/\/www.portalmf.com.br\/\",\"https:\/\/www.facebook.com\/portalmfoficial\",\"https:\/\/www.instagram.com\/portalmf\/\",\"https:\/\/x.com\/https:\/\/x.com\/portalmfoficial\",\"https:\/\/www.youtube.com\/@portalmfoficial\"],\"url\":\"https:\/\/portalmf.com.br\/index.php\/author\/junior\/\"}]}<\/script>\n<!-- \/ Yoast SEO plugin. -->","yoast_head_json":{"title":"Projeto Sofr\u00eancia grava 2\u00ba DVD no bairro Asa Branca, em Feira de Santana - Portal MF","robots":{"index":"index","follow":"follow","max-snippet":"max-snippet:-1","max-image-preview":"max-image-preview:large","max-video-preview":"max-video-preview:-1"},"canonical":"https:\/\/portalmf.com.br\/index.php\/2026\/03\/11\/projeto-sofrencia-grava-2o-dvd-no-bairro-asa-branca-em-feira-de-santana\/","og_locale":"pt_BR","og_type":"article","og_title":"Projeto Sofr\u00eancia grava 2\u00ba DVD no bairro Asa Branca, em Feira de Santana - Portal MF","og_description":"O \u2018Projeto Sofr\u00eancia\u2019, dos vocalistas Leo Max e Ian Guimar\u00e3es, est\u00e1 pronto para dar o pr\u00f3ximo passo na sua caminhada. No pr\u00f3ximo domingo (15), a banda grava o seu 2\u00ba DVD, intitulado \u2018Boteco M\u00f3vel\u2019, no bairro Asa Branca, em Feira de Santana. Idealizado pelo empres\u00e1rio e compositor Cassio Sampaio, a ideia \u00e9 levar o arrocha [&hellip;]","og_url":"https:\/\/portalmf.com.br\/index.php\/2026\/03\/11\/projeto-sofrencia-grava-2o-dvd-no-bairro-asa-branca-em-feira-de-santana\/","og_site_name":"Portal MF","article_author":"https:\/\/www.facebook.com\/portalmfoficial","article_published_time":"2026-03-11T13:47:10+00:00","article_modified_time":"2026-03-11T13:47:11+00:00","og_image":[{"width":1024,"height":771,"url":"https:\/\/portalmf.com.br\/wp-content\/uploads\/2026\/02\/Projeto-Sofrencia-grava-2o-DVD-\u2018Boteco-Movel-em-marco-no-Asa-Branca-e1773236819653.jpeg","type":"image\/jpeg"}],"author":"Reda\u00e7\u00e3o Portal MF","twitter_card":"summary_large_image","twitter_creator":"@https:\/\/x.com\/portalmfoficial","twitter_misc":{"Escrito por":"Reda\u00e7\u00e3o Portal MF","Est. tempo de leitura":"2 minutos"},"schema":{"@context":"https:\/\/schema.org","@graph":[{"@type":"WebPage","@id":"https:\/\/portalmf.com.br\/index.php\/2026\/03\/11\/projeto-sofrencia-grava-2o-dvd-no-bairro-asa-branca-em-feira-de-santana\/","url":"https:\/\/portalmf.com.br\/index.php\/2026\/03\/11\/projeto-sofrencia-grava-2o-dvd-no-bairro-asa-branca-em-feira-de-santana\/","name":"Projeto Sofr\u00eancia grava 2\u00ba DVD no bairro Asa Branca, em Feira de Santana - Portal MF","isPartOf":{"@id":"https:\/\/portalmf.com.br\/#website"},"primaryImageOfPage":{"@id":"https:\/\/portalmf.com.br\/index.php\/2026\/03\/11\/projeto-sofrencia-grava-2o-dvd-no-bairro-asa-branca-em-feira-de-santana\/#primaryimage"},"image":{"@id":"https:\/\/portalmf.com.br\/index.php\/2026\/03\/11\/projeto-sofrencia-grava-2o-dvd-no-bairro-asa-branca-em-feira-de-santana\/#primaryimage"},"thumbnailUrl":"https:\/\/portalmf.com.br\/wp-content\/uploads\/2026\/02\/Projeto-Sofrencia-grava-2o-DVD-\u2018Boteco-Movel-em-marco-no-Asa-Branca-e1773236819653.jpeg","datePublished":"2026-03-11T13:47:10+00:00","dateModified":"2026-03-11T13:47:11+00:00","author":{"@id":"https:\/\/portalmf.com.br\/#\/schema\/person\/9ec101baf56233e53520c26de5d6f6f0"},"breadcrumb":{"@id":"https:\/\/portalmf.com.br\/index.php\/2026\/03\/11\/projeto-sofrencia-grava-2o-dvd-no-bairro-asa-branca-em-feira-de-santana\/#breadcrumb"},"inLanguage":"pt-BR","potentialAction":[{"@type":"ReadAction","target":["https:\/\/portalmf.com.br\/index.php\/2026\/03\/11\/projeto-sofrencia-grava-2o-dvd-no-bairro-asa-branca-em-feira-de-santana\/"]}]},{"@type":"ImageObject","inLanguage":"pt-BR","@id":"https:\/\/portalmf.com.br\/index.php\/2026\/03\/11\/projeto-sofrencia-grava-2o-dvd-no-bairro-asa-branca-em-feira-de-santana\/#primaryimage","url":"https:\/\/portalmf.com.br\/wp-content\/uploads\/2026\/02\/Projeto-Sofrencia-grava-2o-DVD-\u2018Boteco-Movel-em-marco-no-Asa-Branca-e1773236819653.jpeg","contentUrl":"https:\/\/portalmf.com.br\/wp-content\/uploads\/2026\/02\/Projeto-Sofrencia-grava-2o-DVD-\u2018Boteco-Movel-em-marco-no-Asa-Branca-e1773236819653.jpeg","width":1024,"height":771},{"@type":"BreadcrumbList","@id":"https:\/\/portalmf.com.br\/index.php\/2026\/03\/11\/projeto-sofrencia-grava-2o-dvd-no-bairro-asa-branca-em-feira-de-santana\/#breadcrumb","itemListElement":[{"@type":"ListItem","position":1,"name":"In\u00edcio","item":"https:\/\/portalmf.com.br\/"},{"@type":"ListItem","position":2,"name":"Projeto Sofr\u00eancia grava 2\u00ba DVD no bairro Asa Branca, em Feira de Santana"}]},{"@type":"WebSite","@id":"https:\/\/portalmf.com.br\/#website","url":"https:\/\/portalmf.com.br\/","name":"Portal MF","description":"Voc\u00ea conectado com a informa\u00e7\u00e3o","potentialAction":[{"@type":"SearchAction","target":{"@type":"EntryPoint","urlTemplate":"https:\/\/portalmf.com.br\/?s={search_term_string}"},"query-input":"required name=search_term_string"}],"inLanguage":"pt-BR"},{"@type":"Person","@id":"https:\/\/portalmf.com.br\/#\/schema\/person\/9ec101baf56233e53520c26de5d6f6f0","name":"Reda\u00e7\u00e3o Portal MF","image":{"@type":"ImageObject","inLanguage":"pt-BR","@id":"https:\/\/portalmf.com.br\/#\/schema\/person\/image\/","url":"https:\/\/secure.gravatar.com\/avatar\/41b9aaeb2100835f7c64362330f74c7f?s=96&d=mm&r=g","contentUrl":"https:\/\/secure.gravatar.com\/avatar\/41b9aaeb2100835f7c64362330f74c7f?s=96&d=mm&r=g","caption":"Reda\u00e7\u00e3o Portal MF"},"description":"Sejam bem-vindos o portal de informa\u00e7\u00f5es de entretenimento de Feira de Santana, desde 2006 realiza coberturas dos principais eventos com entrevistas exclusivas com as principais personalidades mundiais. Fique conectado tamb\u00e9m nas redes sociais.","sameAs":["http:\/\/www.portalmf.com.br\/","https:\/\/www.facebook.com\/portalmfoficial","https:\/\/www.instagram.com\/portalmf\/","https:\/\/x.com\/https:\/\/x.com\/portalmfoficial","https:\/\/www.youtube.com\/@portalmfoficial"],"url":"https:\/\/portalmf.com.br\/index.php\/author\/junior\/"}]}},"_links":{"self":[{"href":"https:\/\/portalmf.com.br\/index.php\/wp-json\/wp\/v2\/posts\/42520"}],"collection":[{"href":"https:\/\/portalmf.com.br\/index.php\/wp-json\/wp\/v2\/posts"}],"about":[{"href":"https:\/\/portalmf.com.br\/index.php\/wp-json\/wp\/v2\/types\/post"}],"author":[{"embeddable":true,"href":"https:\/\/portalmf.com.br\/index.php\/wp-json\/wp\/v2\/users\/3"}],"replies":[{"embeddable":true,"href":"https:\/\/portalmf.com.br\/index.php\/wp-json\/wp\/v2\/comments?post=42520"}],"version-history":[{"count":1,"href":"https:\/\/portalmf.com.br\/index.php\/wp-json\/wp\/v2\/posts\/42520\/revisions"}],"predecessor-version":[{"id":42521,"href":"https:\/\/portalmf.com.br\/index.php\/wp-json\/wp\/v2\/posts\/42520\/revisions\/42521"}],"wp:featuredmedia":[{"embeddable":true,"href":"https:\/\/portalmf.com.br\/index.php\/wp-json\/wp\/v2\/media\/42190"}],"wp:attachment":[{"href":"https:\/\/portalmf.com.br\/index.php\/wp-json\/wp\/v2\/media?parent=42520"}],"wp:term":[{"taxonomy":"category","embeddable":true,"href":"https:\/\/portalmf.com.br\/index.php\/wp-json\/wp\/v2\/categories?post=42520"},{"taxonomy":"post_tag","embeddable":true,"href":"https:\/\/portalmf.com.br\/index.php\/wp-json\/wp\/v2\/tags?post=42520"}],"curies":[{"name":"wp","href":"https:\/\/api.w.org\/{rel}","templated":true}]}}