{"id":42512,"date":"2026-03-10T12:15:00","date_gmt":"2026-03-10T15:15:00","guid":{"rendered":"https:\/\/portalmf.com.br\/?p=42512"},"modified":"2026-03-10T22:23:09","modified_gmt":"2026-03-11T01:23:09","slug":"xanddy-harmonia-curte-ferias-pela-europa-e-encerra-roteiro-com-show-em-portugal","status":"publish","type":"post","link":"https:\/\/portalmf.com.br\/index.php\/2026\/03\/10\/xanddy-harmonia-curte-ferias-pela-europa-e-encerra-roteiro-com-show-em-portugal\/","title":{"rendered":"Xanddy Harmonia curte f\u00e9rias pela Europa e encerra roteiro com show em Portugal"},"content":{"rendered":"\n<p>Depois de uma temporada de muito trabalho, o cantor Xanddy Harmonia decidiu aproveitar um merecido per\u00edodo de descanso. O artista e sua fam\u00edlia escolheram a Europa como destino das f\u00e9rias deste ano e embarcaram em um cruzeiro que percorre algumas das cidades mais charmosas do continente. O roteiro da viagem inclui paradas por Barcelona (Espanha), Marselha (Fran\u00e7a), G\u00eanova (It\u00e1lia), Civitavecchia (It\u00e1lia), Messina (S\u00edcilia) e Valletta (Malta), com paisagens hist\u00f3ricas, cultura e gastronomia que marcam o percurso pelo Mediterr\u00e2neo.<\/p>\n\n\n\n<figure class=\"wp-block-gallery has-nested-images columns-default is-cropped wp-block-gallery-1 is-layout-flex wp-block-gallery-is-layout-flex\">\n<figure class=\"wp-block-image size-large\"><img fetchpriority=\"high\" decoding=\"async\" width=\"668\" height=\"1024\" data-id=\"42516\" src=\"https:\/\/portalmf.com.br\/wp-content\/uploads\/2026\/03\/Xanddy-Harmonia-curte-ferias-pela-Europa-e-encerra-roteiro-com-show-em-Portugal-6-668x1024.jpeg\" alt=\"\" class=\"wp-image-42516\" srcset=\"https:\/\/portalmf.com.br\/wp-content\/uploads\/2026\/03\/Xanddy-Harmonia-curte-ferias-pela-Europa-e-encerra-roteiro-com-show-em-Portugal-6-668x1024.jpeg 668w, https:\/\/portalmf.com.br\/wp-content\/uploads\/2026\/03\/Xanddy-Harmonia-curte-ferias-pela-Europa-e-encerra-roteiro-com-show-em-Portugal-6-196x300.jpeg 196w, https:\/\/portalmf.com.br\/wp-content\/uploads\/2026\/03\/Xanddy-Harmonia-curte-ferias-pela-Europa-e-encerra-roteiro-com-show-em-Portugal-6-768x1177.jpeg 768w, https:\/\/portalmf.com.br\/wp-content\/uploads\/2026\/03\/Xanddy-Harmonia-curte-ferias-pela-Europa-e-encerra-roteiro-com-show-em-Portugal-6-696x1066.jpeg 696w, https:\/\/portalmf.com.br\/wp-content\/uploads\/2026\/03\/Xanddy-Harmonia-curte-ferias-pela-Europa-e-encerra-roteiro-com-show-em-Portugal-6.jpeg 846w\" sizes=\"(max-width: 668px) 100vw, 668px\" \/><\/figure>\n\n\n\n<figure class=\"wp-block-image size-large\"><img decoding=\"async\" width=\"682\" height=\"1024\" data-id=\"42515\" src=\"https:\/\/portalmf.com.br\/wp-content\/uploads\/2026\/03\/Xanddy-Harmonia-curte-ferias-pela-Europa-e-encerra-roteiro-com-show-em-Portugal-5-682x1024.jpeg\" alt=\"\" class=\"wp-image-42515\" srcset=\"https:\/\/portalmf.com.br\/wp-content\/uploads\/2026\/03\/Xanddy-Harmonia-curte-ferias-pela-Europa-e-encerra-roteiro-com-show-em-Portugal-5-682x1024.jpeg 682w, https:\/\/portalmf.com.br\/wp-content\/uploads\/2026\/03\/Xanddy-Harmonia-curte-ferias-pela-Europa-e-encerra-roteiro-com-show-em-Portugal-5-200x300.jpeg 200w, https:\/\/portalmf.com.br\/wp-content\/uploads\/2026\/03\/Xanddy-Harmonia-curte-ferias-pela-Europa-e-encerra-roteiro-com-show-em-Portugal-5-768x1153.jpeg 768w, https:\/\/portalmf.com.br\/wp-content\/uploads\/2026\/03\/Xanddy-Harmonia-curte-ferias-pela-Europa-e-encerra-roteiro-com-show-em-Portugal-5-696x1045.jpeg 696w, https:\/\/portalmf.com.br\/wp-content\/uploads\/2026\/03\/Xanddy-Harmonia-curte-ferias-pela-Europa-e-encerra-roteiro-com-show-em-Portugal-5.jpeg 850w\" sizes=\"(max-width: 682px) 100vw, 682px\" \/><\/figure>\n\n\n\n<figure class=\"wp-block-image size-large\"><img decoding=\"async\" width=\"768\" height=\"1024\" data-id=\"42514\" src=\"https:\/\/portalmf.com.br\/wp-content\/uploads\/2026\/03\/Xanddy-Harmonia-curte-ferias-pela-Europa-e-encerra-roteiro-com-show-em-Portugal-4-768x1024.jpeg\" alt=\"\" class=\"wp-image-42514\" srcset=\"https:\/\/portalmf.com.br\/wp-content\/uploads\/2026\/03\/Xanddy-Harmonia-curte-ferias-pela-Europa-e-encerra-roteiro-com-show-em-Portugal-4-768x1024.jpeg 768w, https:\/\/portalmf.com.br\/wp-content\/uploads\/2026\/03\/Xanddy-Harmonia-curte-ferias-pela-Europa-e-encerra-roteiro-com-show-em-Portugal-4-225x300.jpeg 225w, https:\/\/portalmf.com.br\/wp-content\/uploads\/2026\/03\/Xanddy-Harmonia-curte-ferias-pela-Europa-e-encerra-roteiro-com-show-em-Portugal-4-1152x1536.jpeg 1152w, https:\/\/portalmf.com.br\/wp-content\/uploads\/2026\/03\/Xanddy-Harmonia-curte-ferias-pela-Europa-e-encerra-roteiro-com-show-em-Portugal-4-696x928.jpeg 696w, https:\/\/portalmf.com.br\/wp-content\/uploads\/2026\/03\/Xanddy-Harmonia-curte-ferias-pela-Europa-e-encerra-roteiro-com-show-em-Portugal-4-1068x1424.jpeg 1068w, https:\/\/portalmf.com.br\/wp-content\/uploads\/2026\/03\/Xanddy-Harmonia-curte-ferias-pela-Europa-e-encerra-roteiro-com-show-em-Portugal-4.jpeg 1200w\" sizes=\"(max-width: 768px) 100vw, 768px\" \/><\/figure>\n\n\n\n<figure class=\"wp-block-image size-large\"><img loading=\"lazy\" decoding=\"async\" width=\"684\" height=\"1024\" data-id=\"42513\" src=\"https:\/\/portalmf.com.br\/wp-content\/uploads\/2026\/03\/Xanddy-Harmonia-curte-ferias-pela-Europa-e-encerra-roteiro-com-show-em-Portugal-3-684x1024.jpeg\" alt=\"\" class=\"wp-image-42513\" srcset=\"https:\/\/portalmf.com.br\/wp-content\/uploads\/2026\/03\/Xanddy-Harmonia-curte-ferias-pela-Europa-e-encerra-roteiro-com-show-em-Portugal-3-684x1024.jpeg 684w, https:\/\/portalmf.com.br\/wp-content\/uploads\/2026\/03\/Xanddy-Harmonia-curte-ferias-pela-Europa-e-encerra-roteiro-com-show-em-Portugal-3-200x300.jpeg 200w, https:\/\/portalmf.com.br\/wp-content\/uploads\/2026\/03\/Xanddy-Harmonia-curte-ferias-pela-Europa-e-encerra-roteiro-com-show-em-Portugal-3-768x1150.jpeg 768w, https:\/\/portalmf.com.br\/wp-content\/uploads\/2026\/03\/Xanddy-Harmonia-curte-ferias-pela-Europa-e-encerra-roteiro-com-show-em-Portugal-3-696x1042.jpeg 696w, https:\/\/portalmf.com.br\/wp-content\/uploads\/2026\/03\/Xanddy-Harmonia-curte-ferias-pela-Europa-e-encerra-roteiro-com-show-em-Portugal-3.jpeg 920w\" sizes=\"(max-width: 684px) 100vw, 684px\" \/><\/figure>\n<\/figure>\n\n\n\n<p>Entre um destino e outro, Xanddy tem aproveitado para relaxar, conhecer pontos tur\u00edsticos e recarregar as energias ap\u00f3s meses de agenda intensa. A viagem tem como ponto final Lisboa, em Portugal, onde o cantor tamb\u00e9m mant\u00e9m a conex\u00e3o com a m\u00fasica: ele realiza um show especial para o p\u00fablico local antes de iniciar a segunda fase das f\u00e9rias, cujo destino vem sendo mantido a sete chaves.<\/p>\n\n\n\n<p><em>\u201cPara a nossa fam\u00edlia, o ano come\u00e7a ap\u00f3s o Carnaval! Ent\u00e3o, a gente sempre tira um tempo para descansar e recarregar as energias, ap\u00f3s a maratona de ver\u00e3o. \u00c9 a nossa \u2018ressaca\u2019 de Carnaval!\u201d,<\/em> disse Xanddy.<\/p>\n\n\n\n<p>O descanso chega ap\u00f3s um ver\u00e3o de grandes conquistas para o artista. Xanddy viveu uma temporada movimentada de apresenta\u00e7\u00f5es e marcou presen\u00e7a em diversos eventos pelo pa\u00eds. No Carnaval de Salvador, comandou blocos, arrastou multid\u00f5es e manteve a tradi\u00e7\u00e3o de um dos shows mais animados da folia baiana, A Melhor Segunda do Mundo. A agenda de shows ser\u00e1 retomada no final de mar\u00e7o.<\/p>\n","protected":false},"excerpt":{"rendered":"<p>Depois de uma temporada de muito trabalho, o cantor Xanddy Harmonia decidiu aproveitar um merecido per\u00edodo de descanso. O artista e sua fam\u00edlia escolheram a Europa como destino das f\u00e9rias deste ano e embarcaram em um cruzeiro que percorre algumas das cidades mais charmosas do continente. O roteiro da viagem inclui paradas por Barcelona (Espanha), [&hellip;]<\/p>\n","protected":false},"author":3,"featured_media":42517,"comment_status":"open","ping_status":"open","sticky":false,"template":"","format":"standard","meta":{"_monsterinsights_skip_tracking":false,"_monsterinsights_sitenote_active":false,"_monsterinsights_sitenote_note":"","_monsterinsights_sitenote_category":0,"footnotes":""},"categories":[48,35],"tags":[],"yoast_head":"<!-- This site is optimized with the Yoast SEO plugin v22.9 - https:\/\/yoast.com\/wordpress\/plugins\/seo\/ -->\n<title>Xanddy Harmonia curte f\u00e9rias pela Europa e encerra roteiro com show em Portugal - Portal MF<\/title>\n<meta name=\"robots\" content=\"index, follow, max-snippet:-1, max-image-preview:large, max-video-preview:-1\" \/>\n<link rel=\"canonical\" href=\"https:\/\/portalmf.com.br\/index.php\/2026\/03\/10\/xanddy-harmonia-curte-ferias-pela-europa-e-encerra-roteiro-com-show-em-portugal\/\" \/>\n<meta property=\"og:locale\" content=\"pt_BR\" \/>\n<meta property=\"og:type\" content=\"article\" \/>\n<meta property=\"og:title\" content=\"Xanddy Harmonia curte f\u00e9rias pela Europa e encerra roteiro com show em Portugal - Portal MF\" \/>\n<meta property=\"og:description\" content=\"Depois de uma temporada de muito trabalho, o cantor Xanddy Harmonia decidiu aproveitar um merecido per\u00edodo de descanso. O artista e sua fam\u00edlia escolheram a Europa como destino das f\u00e9rias deste ano e embarcaram em um cruzeiro que percorre algumas das cidades mais charmosas do continente. O roteiro da viagem inclui paradas por Barcelona (Espanha), [&hellip;]\" \/>\n<meta property=\"og:url\" content=\"https:\/\/portalmf.com.br\/index.php\/2026\/03\/10\/xanddy-harmonia-curte-ferias-pela-europa-e-encerra-roteiro-com-show-em-portugal\/\" \/>\n<meta property=\"og:site_name\" content=\"Portal MF\" \/>\n<meta property=\"article:author\" content=\"https:\/\/www.facebook.com\/portalmfoficial\" \/>\n<meta property=\"article:published_time\" content=\"2026-03-10T15:15:00+00:00\" \/>\n<meta property=\"article:modified_time\" content=\"2026-03-11T01:23:09+00:00\" \/>\n<meta property=\"og:image\" content=\"https:\/\/portalmf.com.br\/wp-content\/uploads\/2026\/03\/Xanddy-Harmonia-curte-ferias-pela-Europa-e-encerra-roteiro-com-show-em-Portugal-2.jpeg\" \/>\n\t<meta property=\"og:image:width\" content=\"1597\" \/>\n\t<meta property=\"og:image:height\" content=\"1014\" \/>\n\t<meta property=\"og:image:type\" content=\"image\/jpeg\" \/>\n<meta name=\"author\" content=\"Reda\u00e7\u00e3o Portal MF\" \/>\n<meta name=\"twitter:card\" content=\"summary_large_image\" \/>\n<meta name=\"twitter:creator\" content=\"@https:\/\/x.com\/portalmfoficial\" \/>\n<meta name=\"twitter:label1\" content=\"Escrito por\" \/>\n\t<meta name=\"twitter:data1\" content=\"Reda\u00e7\u00e3o Portal MF\" \/>\n\t<meta name=\"twitter:label2\" content=\"Est. tempo de leitura\" \/>\n\t<meta name=\"twitter:data2\" content=\"3 minutos\" \/>\n<script type=\"application\/ld+json\" class=\"yoast-schema-graph\">{\"@context\":\"https:\/\/schema.org\",\"@graph\":[{\"@type\":\"WebPage\",\"@id\":\"https:\/\/portalmf.com.br\/index.php\/2026\/03\/10\/xanddy-harmonia-curte-ferias-pela-europa-e-encerra-roteiro-com-show-em-portugal\/\",\"url\":\"https:\/\/portalmf.com.br\/index.php\/2026\/03\/10\/xanddy-harmonia-curte-ferias-pela-europa-e-encerra-roteiro-com-show-em-portugal\/\",\"name\":\"Xanddy Harmonia curte f\u00e9rias pela Europa e encerra roteiro com show em Portugal - Portal MF\",\"isPartOf\":{\"@id\":\"https:\/\/portalmf.com.br\/#website\"},\"primaryImageOfPage\":{\"@id\":\"https:\/\/portalmf.com.br\/index.php\/2026\/03\/10\/xanddy-harmonia-curte-ferias-pela-europa-e-encerra-roteiro-com-show-em-portugal\/#primaryimage\"},\"image\":{\"@id\":\"https:\/\/portalmf.com.br\/index.php\/2026\/03\/10\/xanddy-harmonia-curte-ferias-pela-europa-e-encerra-roteiro-com-show-em-portugal\/#primaryimage\"},\"thumbnailUrl\":\"https:\/\/portalmf.com.br\/wp-content\/uploads\/2026\/03\/Xanddy-Harmonia-curte-ferias-pela-Europa-e-encerra-roteiro-com-show-em-Portugal-2.jpeg\",\"datePublished\":\"2026-03-10T15:15:00+00:00\",\"dateModified\":\"2026-03-11T01:23:09+00:00\",\"author\":{\"@id\":\"https:\/\/portalmf.com.br\/#\/schema\/person\/9ec101baf56233e53520c26de5d6f6f0\"},\"breadcrumb\":{\"@id\":\"https:\/\/portalmf.com.br\/index.php\/2026\/03\/10\/xanddy-harmonia-curte-ferias-pela-europa-e-encerra-roteiro-com-show-em-portugal\/#breadcrumb\"},\"inLanguage\":\"pt-BR\",\"potentialAction\":[{\"@type\":\"ReadAction\",\"target\":[\"https:\/\/portalmf.com.br\/index.php\/2026\/03\/10\/xanddy-harmonia-curte-ferias-pela-europa-e-encerra-roteiro-com-show-em-portugal\/\"]}]},{\"@type\":\"ImageObject\",\"inLanguage\":\"pt-BR\",\"@id\":\"https:\/\/portalmf.com.br\/index.php\/2026\/03\/10\/xanddy-harmonia-curte-ferias-pela-europa-e-encerra-roteiro-com-show-em-portugal\/#primaryimage\",\"url\":\"https:\/\/portalmf.com.br\/wp-content\/uploads\/2026\/03\/Xanddy-Harmonia-curte-ferias-pela-Europa-e-encerra-roteiro-com-show-em-Portugal-2.jpeg\",\"contentUrl\":\"https:\/\/portalmf.com.br\/wp-content\/uploads\/2026\/03\/Xanddy-Harmonia-curte-ferias-pela-Europa-e-encerra-roteiro-com-show-em-Portugal-2.jpeg\",\"width\":1597,\"height\":1014},{\"@type\":\"BreadcrumbList\",\"@id\":\"https:\/\/portalmf.com.br\/index.php\/2026\/03\/10\/xanddy-harmonia-curte-ferias-pela-europa-e-encerra-roteiro-com-show-em-portugal\/#breadcrumb\",\"itemListElement\":[{\"@type\":\"ListItem\",\"position\":1,\"name\":\"In\u00edcio\",\"item\":\"https:\/\/portalmf.com.br\/\"},{\"@type\":\"ListItem\",\"position\":2,\"name\":\"Xanddy Harmonia curte f\u00e9rias pela Europa e encerra roteiro com show em Portugal\"}]},{\"@type\":\"WebSite\",\"@id\":\"https:\/\/portalmf.com.br\/#website\",\"url\":\"https:\/\/portalmf.com.br\/\",\"name\":\"Portal MF\",\"description\":\"Voc\u00ea conectado com a informa\u00e7\u00e3o\",\"potentialAction\":[{\"@type\":\"SearchAction\",\"target\":{\"@type\":\"EntryPoint\",\"urlTemplate\":\"https:\/\/portalmf.com.br\/?s={search_term_string}\"},\"query-input\":\"required name=search_term_string\"}],\"inLanguage\":\"pt-BR\"},{\"@type\":\"Person\",\"@id\":\"https:\/\/portalmf.com.br\/#\/schema\/person\/9ec101baf56233e53520c26de5d6f6f0\",\"name\":\"Reda\u00e7\u00e3o Portal MF\",\"image\":{\"@type\":\"ImageObject\",\"inLanguage\":\"pt-BR\",\"@id\":\"https:\/\/portalmf.com.br\/#\/schema\/person\/image\/\",\"url\":\"https:\/\/secure.gravatar.com\/avatar\/41b9aaeb2100835f7c64362330f74c7f?s=96&d=mm&r=g\",\"contentUrl\":\"https:\/\/secure.gravatar.com\/avatar\/41b9aaeb2100835f7c64362330f74c7f?s=96&d=mm&r=g\",\"caption\":\"Reda\u00e7\u00e3o Portal MF\"},\"description\":\"Sejam bem-vindos o portal de informa\u00e7\u00f5es de entretenimento de Feira de Santana, desde 2006 realiza coberturas dos principais eventos com entrevistas exclusivas com as principais personalidades mundiais. Fique conectado tamb\u00e9m nas redes sociais.\",\"sameAs\":[\"http:\/\/www.portalmf.com.br\/\",\"https:\/\/www.facebook.com\/portalmfoficial\",\"https:\/\/www.instagram.com\/portalmf\/\",\"https:\/\/x.com\/https:\/\/x.com\/portalmfoficial\",\"https:\/\/www.youtube.com\/@portalmfoficial\"],\"url\":\"https:\/\/portalmf.com.br\/index.php\/author\/junior\/\"}]}<\/script>\n<!-- \/ Yoast SEO plugin. -->","yoast_head_json":{"title":"Xanddy Harmonia curte f\u00e9rias pela Europa e encerra roteiro com show em Portugal - Portal MF","robots":{"index":"index","follow":"follow","max-snippet":"max-snippet:-1","max-image-preview":"max-image-preview:large","max-video-preview":"max-video-preview:-1"},"canonical":"https:\/\/portalmf.com.br\/index.php\/2026\/03\/10\/xanddy-harmonia-curte-ferias-pela-europa-e-encerra-roteiro-com-show-em-portugal\/","og_locale":"pt_BR","og_type":"article","og_title":"Xanddy Harmonia curte f\u00e9rias pela Europa e encerra roteiro com show em Portugal - Portal MF","og_description":"Depois de uma temporada de muito trabalho, o cantor Xanddy Harmonia decidiu aproveitar um merecido per\u00edodo de descanso. O artista e sua fam\u00edlia escolheram a Europa como destino das f\u00e9rias deste ano e embarcaram em um cruzeiro que percorre algumas das cidades mais charmosas do continente. O roteiro da viagem inclui paradas por Barcelona (Espanha), [&hellip;]","og_url":"https:\/\/portalmf.com.br\/index.php\/2026\/03\/10\/xanddy-harmonia-curte-ferias-pela-europa-e-encerra-roteiro-com-show-em-portugal\/","og_site_name":"Portal MF","article_author":"https:\/\/www.facebook.com\/portalmfoficial","article_published_time":"2026-03-10T15:15:00+00:00","article_modified_time":"2026-03-11T01:23:09+00:00","og_image":[{"width":1597,"height":1014,"url":"https:\/\/portalmf.com.br\/wp-content\/uploads\/2026\/03\/Xanddy-Harmonia-curte-ferias-pela-Europa-e-encerra-roteiro-com-show-em-Portugal-2.jpeg","type":"image\/jpeg"}],"author":"Reda\u00e7\u00e3o Portal MF","twitter_card":"summary_large_image","twitter_creator":"@https:\/\/x.com\/portalmfoficial","twitter_misc":{"Escrito por":"Reda\u00e7\u00e3o Portal MF","Est. tempo de leitura":"3 minutos"},"schema":{"@context":"https:\/\/schema.org","@graph":[{"@type":"WebPage","@id":"https:\/\/portalmf.com.br\/index.php\/2026\/03\/10\/xanddy-harmonia-curte-ferias-pela-europa-e-encerra-roteiro-com-show-em-portugal\/","url":"https:\/\/portalmf.com.br\/index.php\/2026\/03\/10\/xanddy-harmonia-curte-ferias-pela-europa-e-encerra-roteiro-com-show-em-portugal\/","name":"Xanddy Harmonia curte f\u00e9rias pela Europa e encerra roteiro com show em Portugal - Portal MF","isPartOf":{"@id":"https:\/\/portalmf.com.br\/#website"},"primaryImageOfPage":{"@id":"https:\/\/portalmf.com.br\/index.php\/2026\/03\/10\/xanddy-harmonia-curte-ferias-pela-europa-e-encerra-roteiro-com-show-em-portugal\/#primaryimage"},"image":{"@id":"https:\/\/portalmf.com.br\/index.php\/2026\/03\/10\/xanddy-harmonia-curte-ferias-pela-europa-e-encerra-roteiro-com-show-em-portugal\/#primaryimage"},"thumbnailUrl":"https:\/\/portalmf.com.br\/wp-content\/uploads\/2026\/03\/Xanddy-Harmonia-curte-ferias-pela-Europa-e-encerra-roteiro-com-show-em-Portugal-2.jpeg","datePublished":"2026-03-10T15:15:00+00:00","dateModified":"2026-03-11T01:23:09+00:00","author":{"@id":"https:\/\/portalmf.com.br\/#\/schema\/person\/9ec101baf56233e53520c26de5d6f6f0"},"breadcrumb":{"@id":"https:\/\/portalmf.com.br\/index.php\/2026\/03\/10\/xanddy-harmonia-curte-ferias-pela-europa-e-encerra-roteiro-com-show-em-portugal\/#breadcrumb"},"inLanguage":"pt-BR","potentialAction":[{"@type":"ReadAction","target":["https:\/\/portalmf.com.br\/index.php\/2026\/03\/10\/xanddy-harmonia-curte-ferias-pela-europa-e-encerra-roteiro-com-show-em-portugal\/"]}]},{"@type":"ImageObject","inLanguage":"pt-BR","@id":"https:\/\/portalmf.com.br\/index.php\/2026\/03\/10\/xanddy-harmonia-curte-ferias-pela-europa-e-encerra-roteiro-com-show-em-portugal\/#primaryimage","url":"https:\/\/portalmf.com.br\/wp-content\/uploads\/2026\/03\/Xanddy-Harmonia-curte-ferias-pela-Europa-e-encerra-roteiro-com-show-em-Portugal-2.jpeg","contentUrl":"https:\/\/portalmf.com.br\/wp-content\/uploads\/2026\/03\/Xanddy-Harmonia-curte-ferias-pela-Europa-e-encerra-roteiro-com-show-em-Portugal-2.jpeg","width":1597,"height":1014},{"@type":"BreadcrumbList","@id":"https:\/\/portalmf.com.br\/index.php\/2026\/03\/10\/xanddy-harmonia-curte-ferias-pela-europa-e-encerra-roteiro-com-show-em-portugal\/#breadcrumb","itemListElement":[{"@type":"ListItem","position":1,"name":"In\u00edcio","item":"https:\/\/portalmf.com.br\/"},{"@type":"ListItem","position":2,"name":"Xanddy Harmonia curte f\u00e9rias pela Europa e encerra roteiro com show em Portugal"}]},{"@type":"WebSite","@id":"https:\/\/portalmf.com.br\/#website","url":"https:\/\/portalmf.com.br\/","name":"Portal MF","description":"Voc\u00ea conectado com a informa\u00e7\u00e3o","potentialAction":[{"@type":"SearchAction","target":{"@type":"EntryPoint","urlTemplate":"https:\/\/portalmf.com.br\/?s={search_term_string}"},"query-input":"required name=search_term_string"}],"inLanguage":"pt-BR"},{"@type":"Person","@id":"https:\/\/portalmf.com.br\/#\/schema\/person\/9ec101baf56233e53520c26de5d6f6f0","name":"Reda\u00e7\u00e3o Portal MF","image":{"@type":"ImageObject","inLanguage":"pt-BR","@id":"https:\/\/portalmf.com.br\/#\/schema\/person\/image\/","url":"https:\/\/secure.gravatar.com\/avatar\/41b9aaeb2100835f7c64362330f74c7f?s=96&d=mm&r=g","contentUrl":"https:\/\/secure.gravatar.com\/avatar\/41b9aaeb2100835f7c64362330f74c7f?s=96&d=mm&r=g","caption":"Reda\u00e7\u00e3o Portal MF"},"description":"Sejam bem-vindos o portal de informa\u00e7\u00f5es de entretenimento de Feira de Santana, desde 2006 realiza coberturas dos principais eventos com entrevistas exclusivas com as principais personalidades mundiais. Fique conectado tamb\u00e9m nas redes sociais.","sameAs":["http:\/\/www.portalmf.com.br\/","https:\/\/www.facebook.com\/portalmfoficial","https:\/\/www.instagram.com\/portalmf\/","https:\/\/x.com\/https:\/\/x.com\/portalmfoficial","https:\/\/www.youtube.com\/@portalmfoficial"],"url":"https:\/\/portalmf.com.br\/index.php\/author\/junior\/"}]}},"_links":{"self":[{"href":"https:\/\/portalmf.com.br\/index.php\/wp-json\/wp\/v2\/posts\/42512"}],"collection":[{"href":"https:\/\/portalmf.com.br\/index.php\/wp-json\/wp\/v2\/posts"}],"about":[{"href":"https:\/\/portalmf.com.br\/index.php\/wp-json\/wp\/v2\/types\/post"}],"author":[{"embeddable":true,"href":"https:\/\/portalmf.com.br\/index.php\/wp-json\/wp\/v2\/users\/3"}],"replies":[{"embeddable":true,"href":"https:\/\/portalmf.com.br\/index.php\/wp-json\/wp\/v2\/comments?post=42512"}],"version-history":[{"count":1,"href":"https:\/\/portalmf.com.br\/index.php\/wp-json\/wp\/v2\/posts\/42512\/revisions"}],"predecessor-version":[{"id":42518,"href":"https:\/\/portalmf.com.br\/index.php\/wp-json\/wp\/v2\/posts\/42512\/revisions\/42518"}],"wp:featuredmedia":[{"embeddable":true,"href":"https:\/\/portalmf.com.br\/index.php\/wp-json\/wp\/v2\/media\/42517"}],"wp:attachment":[{"href":"https:\/\/portalmf.com.br\/index.php\/wp-json\/wp\/v2\/media?parent=42512"}],"wp:term":[{"taxonomy":"category","embeddable":true,"href":"https:\/\/portalmf.com.br\/index.php\/wp-json\/wp\/v2\/categories?post=42512"},{"taxonomy":"post_tag","embeddable":true,"href":"https:\/\/portalmf.com.br\/index.php\/wp-json\/wp\/v2\/tags?post=42512"}],"curies":[{"name":"wp","href":"https:\/\/api.w.org\/{rel}","templated":true}]}}