{"id":4251,"date":"2022-09-13T16:51:58","date_gmt":"2022-09-13T19:51:58","guid":{"rendered":"http:\/\/portalmf.com.br\/?p=4251"},"modified":"2022-09-13T16:52:00","modified_gmt":"2022-09-13T19:52:00","slug":"leo-santana-e-lore-improta-compartilham-os-primeiros-passos-de-liz-assista","status":"publish","type":"post","link":"https:\/\/portalmf.com.br\/index.php\/2022\/09\/13\/leo-santana-e-lore-improta-compartilham-os-primeiros-passos-de-liz-assista\/","title":{"rendered":"L\u00e9o Santana e Lore Improta compartilham os primeiros passos de Liz; assista"},"content":{"rendered":"\n<p>Papais de primeira viagem, L\u00e9o Santana e Lore Improta viveram uma emo\u00e7\u00e3o \u00fanica na \u00faltima segunda-feira (12), a de acompanhar a pequena Liz dando os primeiros passos.<\/p>\n\n\n\n<p>O momento foi flagrado por L\u00e9o durante uma reuni\u00e3o de fam\u00edlia em casa, ap\u00f3s Lore voltar de viagem do Rio de Janeiro, onde aproveitou o Rock in Rio no \u00faltimo final de semana.<\/p>\n\n\n\n<p>Na grava\u00e7\u00e3o, a dan\u00e7arina aparece gritando de felicidade enquanto a pequena d\u00e1 os primeiros passos na sala de casa. \u201cMam\u00e3e chega de viagem e se depara com isso\u201d, escreveu Lore em seu Instagram acompanhado de emojis de um rosto apaixonado.<\/p>\n\n\n\n<figure class=\"wp-block-embed is-type-rich is-provider-twitter wp-block-embed-twitter\"><div class=\"wp-block-embed__wrapper\">\nhttps:\/\/twitter.com\/iBahia\/status\/1569648758027321345\n<\/div><\/figure>\n\n\n\n<p>O est\u00edmulo dos papais para a pequena andar vem desde antes dos 10 meses. L\u00e9o j\u00e1 havia compartilhado um registro da pequena andando com o aux\u00edlio de um brinquedo. \u201cEita menina inteligente\u201d.<\/p>\n\n\n\n<p>Liz completa 1 ano no pr\u00f3ximo dia 26 de setembro, e a mam\u00e3e coruja prepara uma grande festa para celebrar o momento. Na web, a artista vem compartilhando com os seguidores os desafios de fazer a festa, que acontecer\u00e1 na capital baiana em um espa\u00e7o de festa.<\/p>\n\n\n\n<figure class=\"wp-block-image size-large\"><img fetchpriority=\"high\" decoding=\"async\" width=\"854\" height=\"1024\" src=\"http:\/\/portalmf.com.br\/wp-content\/uploads\/2022\/09\/FblBKQBVUAAGOqU-854x1024.jpg\" alt=\"\" class=\"wp-image-4252\" srcset=\"https:\/\/portalmf.com.br\/wp-content\/uploads\/2022\/09\/FblBKQBVUAAGOqU-854x1024.jpg 854w, https:\/\/portalmf.com.br\/wp-content\/uploads\/2022\/09\/FblBKQBVUAAGOqU-250x300.jpg 250w, https:\/\/portalmf.com.br\/wp-content\/uploads\/2022\/09\/FblBKQBVUAAGOqU-768x921.jpg 768w, https:\/\/portalmf.com.br\/wp-content\/uploads\/2022\/09\/FblBKQBVUAAGOqU-585x702.jpg 585w, https:\/\/portalmf.com.br\/wp-content\/uploads\/2022\/09\/FblBKQBVUAAGOqU.jpg 1170w\" sizes=\"(max-width: 854px) 100vw, 854px\" \/><\/figure>\n\n\n\n<p>Com informa\u00e7\u00f5es do Ibahia<\/p>\n","protected":false},"excerpt":{"rendered":"<p>Papais de primeira viagem, L\u00e9o Santana e Lore Improta viveram uma emo\u00e7\u00e3o \u00fanica na \u00faltima segunda-feira (12), a de acompanhar a pequena Liz dando os primeiros passos. O momento foi flagrado por L\u00e9o durante uma reuni\u00e3o de fam\u00edlia em casa, ap\u00f3s Lore voltar de viagem do Rio de Janeiro, onde aproveitou o Rock in Rio [&hellip;]<\/p>\n","protected":false},"author":2,"featured_media":4253,"comment_status":"open","ping_status":"open","sticky":false,"template":"","format":"standard","meta":{"_monsterinsights_skip_tracking":false,"_monsterinsights_sitenote_active":false,"_monsterinsights_sitenote_note":"","_monsterinsights_sitenote_category":0,"footnotes":""},"categories":[47,35],"tags":[102,243,242],"yoast_head":"<!-- This site is optimized with the Yoast SEO plugin v22.9 - https:\/\/yoast.com\/wordpress\/plugins\/seo\/ -->\n<title>L\u00e9o Santana e Lore Improta compartilham os primeiros passos de Liz; assista - Portal MF<\/title>\n<meta name=\"robots\" content=\"index, follow, max-snippet:-1, max-image-preview:large, max-video-preview:-1\" \/>\n<link rel=\"canonical\" href=\"https:\/\/portalmf.com.br\/index.php\/2022\/09\/13\/leo-santana-e-lore-improta-compartilham-os-primeiros-passos-de-liz-assista\/\" \/>\n<meta property=\"og:locale\" content=\"pt_BR\" \/>\n<meta property=\"og:type\" content=\"article\" \/>\n<meta property=\"og:title\" content=\"L\u00e9o Santana e Lore Improta compartilham os primeiros passos de Liz; assista - Portal MF\" \/>\n<meta property=\"og:description\" content=\"Papais de primeira viagem, L\u00e9o Santana e Lore Improta viveram uma emo\u00e7\u00e3o \u00fanica na \u00faltima segunda-feira (12), a de acompanhar a pequena Liz dando os primeiros passos. O momento foi flagrado por L\u00e9o durante uma reuni\u00e3o de fam\u00edlia em casa, ap\u00f3s Lore voltar de viagem do Rio de Janeiro, onde aproveitou o Rock in Rio [&hellip;]\" \/>\n<meta property=\"og:url\" content=\"https:\/\/portalmf.com.br\/index.php\/2022\/09\/13\/leo-santana-e-lore-improta-compartilham-os-primeiros-passos-de-liz-assista\/\" \/>\n<meta property=\"og:site_name\" content=\"Portal MF\" \/>\n<meta property=\"article:author\" content=\"reginaldojrfsa\" \/>\n<meta property=\"article:published_time\" content=\"2022-09-13T19:51:58+00:00\" \/>\n<meta property=\"article:modified_time\" content=\"2022-09-13T19:52:00+00:00\" \/>\n<meta property=\"og:image\" content=\"https:\/\/portalmf.com.br\/wp-content\/uploads\/2022\/09\/FblBKQBVUAAGOqU-1.jpg\" \/>\n\t<meta property=\"og:image:width\" content=\"1170\" \/>\n\t<meta property=\"og:image:height\" content=\"728\" \/>\n\t<meta property=\"og:image:type\" content=\"image\/jpeg\" \/>\n<meta name=\"author\" content=\"Reginaldo J\u00fanior\" \/>\n<meta name=\"twitter:card\" content=\"summary_large_image\" \/>\n<meta name=\"twitter:creator\" content=\"@reginaldojrmf\" \/>\n<meta name=\"twitter:label1\" content=\"Escrito por\" \/>\n\t<meta name=\"twitter:data1\" content=\"Reginaldo J\u00fanior\" \/>\n\t<meta name=\"twitter:label2\" content=\"Est. tempo de leitura\" \/>\n\t<meta name=\"twitter:data2\" content=\"2 minutos\" \/>\n<script type=\"application\/ld+json\" class=\"yoast-schema-graph\">{\"@context\":\"https:\/\/schema.org\",\"@graph\":[{\"@type\":\"WebPage\",\"@id\":\"https:\/\/portalmf.com.br\/index.php\/2022\/09\/13\/leo-santana-e-lore-improta-compartilham-os-primeiros-passos-de-liz-assista\/\",\"url\":\"https:\/\/portalmf.com.br\/index.php\/2022\/09\/13\/leo-santana-e-lore-improta-compartilham-os-primeiros-passos-de-liz-assista\/\",\"name\":\"L\u00e9o Santana e Lore Improta compartilham os primeiros passos de Liz; assista - Portal MF\",\"isPartOf\":{\"@id\":\"https:\/\/portalmf.com.br\/#website\"},\"primaryImageOfPage\":{\"@id\":\"https:\/\/portalmf.com.br\/index.php\/2022\/09\/13\/leo-santana-e-lore-improta-compartilham-os-primeiros-passos-de-liz-assista\/#primaryimage\"},\"image\":{\"@id\":\"https:\/\/portalmf.com.br\/index.php\/2022\/09\/13\/leo-santana-e-lore-improta-compartilham-os-primeiros-passos-de-liz-assista\/#primaryimage\"},\"thumbnailUrl\":\"https:\/\/portalmf.com.br\/wp-content\/uploads\/2022\/09\/FblBKQBVUAAGOqU-1.jpg\",\"datePublished\":\"2022-09-13T19:51:58+00:00\",\"dateModified\":\"2022-09-13T19:52:00+00:00\",\"author\":{\"@id\":\"https:\/\/portalmf.com.br\/#\/schema\/person\/11c82086fe8abc05a19147e964587285\"},\"breadcrumb\":{\"@id\":\"https:\/\/portalmf.com.br\/index.php\/2022\/09\/13\/leo-santana-e-lore-improta-compartilham-os-primeiros-passos-de-liz-assista\/#breadcrumb\"},\"inLanguage\":\"pt-BR\",\"potentialAction\":[{\"@type\":\"ReadAction\",\"target\":[\"https:\/\/portalmf.com.br\/index.php\/2022\/09\/13\/leo-santana-e-lore-improta-compartilham-os-primeiros-passos-de-liz-assista\/\"]}]},{\"@type\":\"ImageObject\",\"inLanguage\":\"pt-BR\",\"@id\":\"https:\/\/portalmf.com.br\/index.php\/2022\/09\/13\/leo-santana-e-lore-improta-compartilham-os-primeiros-passos-de-liz-assista\/#primaryimage\",\"url\":\"https:\/\/portalmf.com.br\/wp-content\/uploads\/2022\/09\/FblBKQBVUAAGOqU-1.jpg\",\"contentUrl\":\"https:\/\/portalmf.com.br\/wp-content\/uploads\/2022\/09\/FblBKQBVUAAGOqU-1.jpg\",\"width\":1170,\"height\":728},{\"@type\":\"BreadcrumbList\",\"@id\":\"https:\/\/portalmf.com.br\/index.php\/2022\/09\/13\/leo-santana-e-lore-improta-compartilham-os-primeiros-passos-de-liz-assista\/#breadcrumb\",\"itemListElement\":[{\"@type\":\"ListItem\",\"position\":1,\"name\":\"In\u00edcio\",\"item\":\"https:\/\/portalmf.com.br\/\"},{\"@type\":\"ListItem\",\"position\":2,\"name\":\"L\u00e9o Santana e Lore Improta compartilham os primeiros passos de Liz; assista\"}]},{\"@type\":\"WebSite\",\"@id\":\"https:\/\/portalmf.com.br\/#website\",\"url\":\"https:\/\/portalmf.com.br\/\",\"name\":\"Portal MF\",\"description\":\"Voc\u00ea conectado com a informa\u00e7\u00e3o\",\"potentialAction\":[{\"@type\":\"SearchAction\",\"target\":{\"@type\":\"EntryPoint\",\"urlTemplate\":\"https:\/\/portalmf.com.br\/?s={search_term_string}\"},\"query-input\":\"required name=search_term_string\"}],\"inLanguage\":\"pt-BR\"},{\"@type\":\"Person\",\"@id\":\"https:\/\/portalmf.com.br\/#\/schema\/person\/11c82086fe8abc05a19147e964587285\",\"name\":\"Reginaldo J\u00fanior\",\"image\":{\"@type\":\"ImageObject\",\"inLanguage\":\"pt-BR\",\"@id\":\"https:\/\/portalmf.com.br\/#\/schema\/person\/image\/\",\"url\":\"https:\/\/secure.gravatar.com\/avatar\/32a3c797cd0ac47cc53b8644c62776f9?s=96&d=mm&r=g\",\"contentUrl\":\"https:\/\/secure.gravatar.com\/avatar\/32a3c797cd0ac47cc53b8644c62776f9?s=96&d=mm&r=g\",\"caption\":\"Reginaldo J\u00fanior\"},\"description\":\"Jornalista e idealizador Portal MF\",\"sameAs\":[\"https:\/\/portalmf.com.br\/index.php\/author\/reginaldojr\/\",\"reginaldojrfsa\",\"reginaldojuniormf\",\"https:\/\/x.com\/reginaldojrmf\"],\"url\":\"https:\/\/portalmf.com.br\/index.php\/author\/reginaldojr\/\"}]}<\/script>\n<!-- \/ Yoast SEO plugin. -->","yoast_head_json":{"title":"L\u00e9o Santana e Lore Improta compartilham os primeiros passos de Liz; assista - Portal MF","robots":{"index":"index","follow":"follow","max-snippet":"max-snippet:-1","max-image-preview":"max-image-preview:large","max-video-preview":"max-video-preview:-1"},"canonical":"https:\/\/portalmf.com.br\/index.php\/2022\/09\/13\/leo-santana-e-lore-improta-compartilham-os-primeiros-passos-de-liz-assista\/","og_locale":"pt_BR","og_type":"article","og_title":"L\u00e9o Santana e Lore Improta compartilham os primeiros passos de Liz; assista - Portal MF","og_description":"Papais de primeira viagem, L\u00e9o Santana e Lore Improta viveram uma emo\u00e7\u00e3o \u00fanica na \u00faltima segunda-feira (12), a de acompanhar a pequena Liz dando os primeiros passos. O momento foi flagrado por L\u00e9o durante uma reuni\u00e3o de fam\u00edlia em casa, ap\u00f3s Lore voltar de viagem do Rio de Janeiro, onde aproveitou o Rock in Rio [&hellip;]","og_url":"https:\/\/portalmf.com.br\/index.php\/2022\/09\/13\/leo-santana-e-lore-improta-compartilham-os-primeiros-passos-de-liz-assista\/","og_site_name":"Portal MF","article_author":"reginaldojrfsa","article_published_time":"2022-09-13T19:51:58+00:00","article_modified_time":"2022-09-13T19:52:00+00:00","og_image":[{"width":1170,"height":728,"url":"https:\/\/portalmf.com.br\/wp-content\/uploads\/2022\/09\/FblBKQBVUAAGOqU-1.jpg","type":"image\/jpeg"}],"author":"Reginaldo J\u00fanior","twitter_card":"summary_large_image","twitter_creator":"@reginaldojrmf","twitter_misc":{"Escrito por":"Reginaldo J\u00fanior","Est. tempo de leitura":"2 minutos"},"schema":{"@context":"https:\/\/schema.org","@graph":[{"@type":"WebPage","@id":"https:\/\/portalmf.com.br\/index.php\/2022\/09\/13\/leo-santana-e-lore-improta-compartilham-os-primeiros-passos-de-liz-assista\/","url":"https:\/\/portalmf.com.br\/index.php\/2022\/09\/13\/leo-santana-e-lore-improta-compartilham-os-primeiros-passos-de-liz-assista\/","name":"L\u00e9o Santana e Lore Improta compartilham os primeiros passos de Liz; assista - Portal MF","isPartOf":{"@id":"https:\/\/portalmf.com.br\/#website"},"primaryImageOfPage":{"@id":"https:\/\/portalmf.com.br\/index.php\/2022\/09\/13\/leo-santana-e-lore-improta-compartilham-os-primeiros-passos-de-liz-assista\/#primaryimage"},"image":{"@id":"https:\/\/portalmf.com.br\/index.php\/2022\/09\/13\/leo-santana-e-lore-improta-compartilham-os-primeiros-passos-de-liz-assista\/#primaryimage"},"thumbnailUrl":"https:\/\/portalmf.com.br\/wp-content\/uploads\/2022\/09\/FblBKQBVUAAGOqU-1.jpg","datePublished":"2022-09-13T19:51:58+00:00","dateModified":"2022-09-13T19:52:00+00:00","author":{"@id":"https:\/\/portalmf.com.br\/#\/schema\/person\/11c82086fe8abc05a19147e964587285"},"breadcrumb":{"@id":"https:\/\/portalmf.com.br\/index.php\/2022\/09\/13\/leo-santana-e-lore-improta-compartilham-os-primeiros-passos-de-liz-assista\/#breadcrumb"},"inLanguage":"pt-BR","potentialAction":[{"@type":"ReadAction","target":["https:\/\/portalmf.com.br\/index.php\/2022\/09\/13\/leo-santana-e-lore-improta-compartilham-os-primeiros-passos-de-liz-assista\/"]}]},{"@type":"ImageObject","inLanguage":"pt-BR","@id":"https:\/\/portalmf.com.br\/index.php\/2022\/09\/13\/leo-santana-e-lore-improta-compartilham-os-primeiros-passos-de-liz-assista\/#primaryimage","url":"https:\/\/portalmf.com.br\/wp-content\/uploads\/2022\/09\/FblBKQBVUAAGOqU-1.jpg","contentUrl":"https:\/\/portalmf.com.br\/wp-content\/uploads\/2022\/09\/FblBKQBVUAAGOqU-1.jpg","width":1170,"height":728},{"@type":"BreadcrumbList","@id":"https:\/\/portalmf.com.br\/index.php\/2022\/09\/13\/leo-santana-e-lore-improta-compartilham-os-primeiros-passos-de-liz-assista\/#breadcrumb","itemListElement":[{"@type":"ListItem","position":1,"name":"In\u00edcio","item":"https:\/\/portalmf.com.br\/"},{"@type":"ListItem","position":2,"name":"L\u00e9o Santana e Lore Improta compartilham os primeiros passos de Liz; assista"}]},{"@type":"WebSite","@id":"https:\/\/portalmf.com.br\/#website","url":"https:\/\/portalmf.com.br\/","name":"Portal MF","description":"Voc\u00ea conectado com a informa\u00e7\u00e3o","potentialAction":[{"@type":"SearchAction","target":{"@type":"EntryPoint","urlTemplate":"https:\/\/portalmf.com.br\/?s={search_term_string}"},"query-input":"required name=search_term_string"}],"inLanguage":"pt-BR"},{"@type":"Person","@id":"https:\/\/portalmf.com.br\/#\/schema\/person\/11c82086fe8abc05a19147e964587285","name":"Reginaldo J\u00fanior","image":{"@type":"ImageObject","inLanguage":"pt-BR","@id":"https:\/\/portalmf.com.br\/#\/schema\/person\/image\/","url":"https:\/\/secure.gravatar.com\/avatar\/32a3c797cd0ac47cc53b8644c62776f9?s=96&d=mm&r=g","contentUrl":"https:\/\/secure.gravatar.com\/avatar\/32a3c797cd0ac47cc53b8644c62776f9?s=96&d=mm&r=g","caption":"Reginaldo J\u00fanior"},"description":"Jornalista e idealizador Portal MF","sameAs":["https:\/\/portalmf.com.br\/index.php\/author\/reginaldojr\/","reginaldojrfsa","reginaldojuniormf","https:\/\/x.com\/reginaldojrmf"],"url":"https:\/\/portalmf.com.br\/index.php\/author\/reginaldojr\/"}]}},"_links":{"self":[{"href":"https:\/\/portalmf.com.br\/index.php\/wp-json\/wp\/v2\/posts\/4251"}],"collection":[{"href":"https:\/\/portalmf.com.br\/index.php\/wp-json\/wp\/v2\/posts"}],"about":[{"href":"https:\/\/portalmf.com.br\/index.php\/wp-json\/wp\/v2\/types\/post"}],"author":[{"embeddable":true,"href":"https:\/\/portalmf.com.br\/index.php\/wp-json\/wp\/v2\/users\/2"}],"replies":[{"embeddable":true,"href":"https:\/\/portalmf.com.br\/index.php\/wp-json\/wp\/v2\/comments?post=4251"}],"version-history":[{"count":1,"href":"https:\/\/portalmf.com.br\/index.php\/wp-json\/wp\/v2\/posts\/4251\/revisions"}],"predecessor-version":[{"id":4254,"href":"https:\/\/portalmf.com.br\/index.php\/wp-json\/wp\/v2\/posts\/4251\/revisions\/4254"}],"wp:featuredmedia":[{"embeddable":true,"href":"https:\/\/portalmf.com.br\/index.php\/wp-json\/wp\/v2\/media\/4253"}],"wp:attachment":[{"href":"https:\/\/portalmf.com.br\/index.php\/wp-json\/wp\/v2\/media?parent=4251"}],"wp:term":[{"taxonomy":"category","embeddable":true,"href":"https:\/\/portalmf.com.br\/index.php\/wp-json\/wp\/v2\/categories?post=4251"},{"taxonomy":"post_tag","embeddable":true,"href":"https:\/\/portalmf.com.br\/index.php\/wp-json\/wp\/v2\/tags?post=4251"}],"curies":[{"name":"wp","href":"https:\/\/api.w.org\/{rel}","templated":true}]}}