{"id":42490,"date":"2026-03-09T20:06:00","date_gmt":"2026-03-09T23:06:00","guid":{"rendered":"https:\/\/portalmf.com.br\/?p=42490"},"modified":"2026-03-09T20:06:01","modified_gmt":"2026-03-09T23:06:01","slug":"vitinho-e-anunciado-como-reforco-do-feira-fc","status":"publish","type":"post","link":"https:\/\/portalmf.com.br\/index.php\/2026\/03\/09\/vitinho-e-anunciado-como-reforco-do-feira-fc\/","title":{"rendered":"Vitinho \u00e9 anunciado como refor\u00e7o do Feira FC"},"content":{"rendered":"\n<p>O Feira Futebol Clube anunciou, nesta manh\u00e3, a contrata\u00e7\u00e3o do volante Vitinho, de 22 anos, como novo refor\u00e7o da equipe. Jovem talento do futebol baiano, o jogador chega ao clube para iniciar sua trajet\u00f3ria no futebol profissional e refor\u00e7ar o elenco no projeto que vem sendo constru\u00eddo pela equipe.<\/p>\n\n\n\n<p>Empolgado com o novo desafio, o meia falou sobre a emo\u00e7\u00e3o de iniciar sua trajet\u00f3ria no futebol profissional.<\/p>\n\n\n\n<p><em>\u201cEstou muito feliz, de verdade. Para mim foi uma grande surpresa. Me surpreendi com o tamanho da confian\u00e7a que recebi de Neto. Ele deixou bem claro o quanto confia em mim e o quanto acredita no meu potencial para alcan\u00e7ar coisas maiores. Isso me deixou muito feliz, saber que tem gente que acredita em mim. Os planos de Deus sempre v\u00e3o prevalecer acima dos meus, e \u00e9 muito gratificante estar vivendo algo t\u00e3o grande em um clube que cresceu t\u00e3o r\u00e1pido e j\u00e1 est\u00e1 se tornando muito conhecido.\u201d<\/em><\/p>\n\n\n\n<p><strong>De espectador na TV a companheiro de elenco<\/strong><\/p>\n\n\n\n<p>Vitinho destacou a oportunidade de dividir o elenco com jogadores que antes acompanhava apenas pela televis\u00e3o.<\/p>\n\n\n\n<p><em>Vou jogar ao lado de muitos craques. Thiago Galhardo, por exemplo, eu assistia pela televis\u00e3o e agora vou treinar com ele todos os dias. Talvez, se eu seguisse apenas os meus pr\u00f3prios planos para a carreira, eu n\u00e3o estaria em um lugar onde estivesse me sentindo t\u00e3o feliz quanto estou hoje.\u201d<\/em><\/p>\n\n\n\n<p><strong>Um sonho que come\u00e7ou cedo<\/strong><\/p>\n\n\n\n<p>A hist\u00f3ria de Vitinho com o futebol come\u00e7ou cedo. Natural de Feira de Santana, desde os oito anos de idade, o meia j\u00e1 treinava movido por um sonho: se tornar jogador profissional. Ao longo da forma\u00e7\u00e3o, acumulou experi\u00eancia nas categorias de base de diferentes clubes do estado, desenvolvendo um estilo de jogo criativo e promissor.<\/p>\n\n\n\n<p><strong>Uma trajet\u00f3ria constru\u00edda desde as categorias de base<\/strong><\/p>\n\n\n\n<p>Durante sua caminhada, o atleta passou por equipes como o FSA, onde disputou o Campeonato Brasileiro Sub- 14, al\u00e9m de integrar as categorias de base do Bahia de Feira, participando da Copa Metropolitana. O jogador tamb\u00e9m atuou pelo Fluminense de Feira, onde disputou competi\u00e7\u00f5es nas categorias Sub-15, Sub-17 e Sub-20.<\/p>\n\n\n\n<p>Vitinho ainda soma passagens pelas bases de Itabuna e SSA FC, ambas na categoria Sub-20, al\u00e9m de ter integrado o Vit\u00f3ria nas divis\u00f5es de base. Paralelamente ao percurso em clubes formadores, o meia tamb\u00e9m manteve ritmo competitivo atuando em campeonatos de v\u00e1rzea, cen\u00e1rio tradicional de desenvolvimento de talentos no futebol brasileiro.<\/p>\n\n\n\n<p><strong>A hora de transformar o sonho em realidade<\/strong><\/p>\n\n\n\n<p>Com talento e dedica\u00e7\u00e3o ao longo da forma\u00e7\u00e3o, Vitinho chegou a despertar o interesse de clubes do futebol brasileiro, mas entendeu que ainda n\u00e3o era o seu momento. Agora, aos 22 anos, o meio-campista vive a oportunidade de transformar o sonho de inf\u00e2ncia em realidade e dar os primeiros passos no futebol profissional.<\/p>\n\n\n\n<p>No Feira FC, Vitinho chega com a expectativa de dar os primeiros passos no futebol profissional e mostrar, dentro de campo, o potencial que o acompanhou durante toda a sua forma\u00e7\u00e3o.<\/p>\n","protected":false},"excerpt":{"rendered":"<p>O Feira Futebol Clube anunciou, nesta manh\u00e3, a contrata\u00e7\u00e3o do volante Vitinho, de 22 anos, como novo refor\u00e7o da equipe. Jovem talento do futebol baiano, o jogador chega ao clube para iniciar sua trajet\u00f3ria no futebol profissional e refor\u00e7ar o elenco no projeto que vem sendo constru\u00eddo pela equipe. Empolgado com o novo desafio, o [&hellip;]<\/p>\n","protected":false},"author":3,"featured_media":42491,"comment_status":"open","ping_status":"open","sticky":false,"template":"","format":"standard","meta":{"_monsterinsights_skip_tracking":false,"_monsterinsights_sitenote_active":false,"_monsterinsights_sitenote_note":"","_monsterinsights_sitenote_category":0,"footnotes":""},"categories":[42],"tags":[],"yoast_head":"<!-- This site is optimized with the Yoast SEO plugin v22.9 - https:\/\/yoast.com\/wordpress\/plugins\/seo\/ -->\n<title>Vitinho \u00e9 anunciado como refor\u00e7o do Feira FC - Portal MF<\/title>\n<meta name=\"robots\" content=\"index, follow, max-snippet:-1, max-image-preview:large, max-video-preview:-1\" \/>\n<link rel=\"canonical\" href=\"https:\/\/portalmf.com.br\/index.php\/2026\/03\/09\/vitinho-e-anunciado-como-reforco-do-feira-fc\/\" \/>\n<meta property=\"og:locale\" content=\"pt_BR\" \/>\n<meta property=\"og:type\" content=\"article\" \/>\n<meta property=\"og:title\" content=\"Vitinho \u00e9 anunciado como refor\u00e7o do Feira FC - Portal MF\" \/>\n<meta property=\"og:description\" content=\"O Feira Futebol Clube anunciou, nesta manh\u00e3, a contrata\u00e7\u00e3o do volante Vitinho, de 22 anos, como novo refor\u00e7o da equipe. Jovem talento do futebol baiano, o jogador chega ao clube para iniciar sua trajet\u00f3ria no futebol profissional e refor\u00e7ar o elenco no projeto que vem sendo constru\u00eddo pela equipe. Empolgado com o novo desafio, o [&hellip;]\" \/>\n<meta property=\"og:url\" content=\"https:\/\/portalmf.com.br\/index.php\/2026\/03\/09\/vitinho-e-anunciado-como-reforco-do-feira-fc\/\" \/>\n<meta property=\"og:site_name\" content=\"Portal MF\" \/>\n<meta property=\"article:author\" content=\"https:\/\/www.facebook.com\/portalmfoficial\" \/>\n<meta property=\"article:published_time\" content=\"2026-03-09T23:06:00+00:00\" \/>\n<meta property=\"article:modified_time\" content=\"2026-03-09T23:06:01+00:00\" \/>\n<meta property=\"og:image\" content=\"https:\/\/portalmf.com.br\/wp-content\/uploads\/2026\/03\/Vitinho-e-anunciado-como-reforco-do-Feira-FC-e1773097549537.jpeg\" \/>\n\t<meta property=\"og:image:width\" content=\"1109\" \/>\n\t<meta property=\"og:image:height\" content=\"864\" \/>\n\t<meta property=\"og:image:type\" content=\"image\/jpeg\" \/>\n<meta name=\"author\" content=\"Reda\u00e7\u00e3o Portal MF\" \/>\n<meta name=\"twitter:card\" content=\"summary_large_image\" \/>\n<meta name=\"twitter:creator\" content=\"@https:\/\/x.com\/portalmfoficial\" \/>\n<meta name=\"twitter:label1\" content=\"Escrito por\" \/>\n\t<meta name=\"twitter:data1\" content=\"Reda\u00e7\u00e3o Portal MF\" \/>\n\t<meta name=\"twitter:label2\" content=\"Est. tempo de leitura\" \/>\n\t<meta name=\"twitter:data2\" content=\"3 minutos\" \/>\n<script type=\"application\/ld+json\" class=\"yoast-schema-graph\">{\"@context\":\"https:\/\/schema.org\",\"@graph\":[{\"@type\":\"WebPage\",\"@id\":\"https:\/\/portalmf.com.br\/index.php\/2026\/03\/09\/vitinho-e-anunciado-como-reforco-do-feira-fc\/\",\"url\":\"https:\/\/portalmf.com.br\/index.php\/2026\/03\/09\/vitinho-e-anunciado-como-reforco-do-feira-fc\/\",\"name\":\"Vitinho \u00e9 anunciado como refor\u00e7o do Feira FC - Portal MF\",\"isPartOf\":{\"@id\":\"https:\/\/portalmf.com.br\/#website\"},\"primaryImageOfPage\":{\"@id\":\"https:\/\/portalmf.com.br\/index.php\/2026\/03\/09\/vitinho-e-anunciado-como-reforco-do-feira-fc\/#primaryimage\"},\"image\":{\"@id\":\"https:\/\/portalmf.com.br\/index.php\/2026\/03\/09\/vitinho-e-anunciado-como-reforco-do-feira-fc\/#primaryimage\"},\"thumbnailUrl\":\"https:\/\/portalmf.com.br\/wp-content\/uploads\/2026\/03\/Vitinho-e-anunciado-como-reforco-do-Feira-FC-e1773097549537.jpeg\",\"datePublished\":\"2026-03-09T23:06:00+00:00\",\"dateModified\":\"2026-03-09T23:06:01+00:00\",\"author\":{\"@id\":\"https:\/\/portalmf.com.br\/#\/schema\/person\/9ec101baf56233e53520c26de5d6f6f0\"},\"breadcrumb\":{\"@id\":\"https:\/\/portalmf.com.br\/index.php\/2026\/03\/09\/vitinho-e-anunciado-como-reforco-do-feira-fc\/#breadcrumb\"},\"inLanguage\":\"pt-BR\",\"potentialAction\":[{\"@type\":\"ReadAction\",\"target\":[\"https:\/\/portalmf.com.br\/index.php\/2026\/03\/09\/vitinho-e-anunciado-como-reforco-do-feira-fc\/\"]}]},{\"@type\":\"ImageObject\",\"inLanguage\":\"pt-BR\",\"@id\":\"https:\/\/portalmf.com.br\/index.php\/2026\/03\/09\/vitinho-e-anunciado-como-reforco-do-feira-fc\/#primaryimage\",\"url\":\"https:\/\/portalmf.com.br\/wp-content\/uploads\/2026\/03\/Vitinho-e-anunciado-como-reforco-do-Feira-FC-e1773097549537.jpeg\",\"contentUrl\":\"https:\/\/portalmf.com.br\/wp-content\/uploads\/2026\/03\/Vitinho-e-anunciado-como-reforco-do-Feira-FC-e1773097549537.jpeg\",\"width\":1109,\"height\":864},{\"@type\":\"BreadcrumbList\",\"@id\":\"https:\/\/portalmf.com.br\/index.php\/2026\/03\/09\/vitinho-e-anunciado-como-reforco-do-feira-fc\/#breadcrumb\",\"itemListElement\":[{\"@type\":\"ListItem\",\"position\":1,\"name\":\"In\u00edcio\",\"item\":\"https:\/\/portalmf.com.br\/\"},{\"@type\":\"ListItem\",\"position\":2,\"name\":\"Vitinho \u00e9 anunciado como refor\u00e7o do Feira FC\"}]},{\"@type\":\"WebSite\",\"@id\":\"https:\/\/portalmf.com.br\/#website\",\"url\":\"https:\/\/portalmf.com.br\/\",\"name\":\"Portal MF\",\"description\":\"Voc\u00ea conectado com a informa\u00e7\u00e3o\",\"potentialAction\":[{\"@type\":\"SearchAction\",\"target\":{\"@type\":\"EntryPoint\",\"urlTemplate\":\"https:\/\/portalmf.com.br\/?s={search_term_string}\"},\"query-input\":\"required name=search_term_string\"}],\"inLanguage\":\"pt-BR\"},{\"@type\":\"Person\",\"@id\":\"https:\/\/portalmf.com.br\/#\/schema\/person\/9ec101baf56233e53520c26de5d6f6f0\",\"name\":\"Reda\u00e7\u00e3o Portal MF\",\"image\":{\"@type\":\"ImageObject\",\"inLanguage\":\"pt-BR\",\"@id\":\"https:\/\/portalmf.com.br\/#\/schema\/person\/image\/\",\"url\":\"https:\/\/secure.gravatar.com\/avatar\/41b9aaeb2100835f7c64362330f74c7f?s=96&d=mm&r=g\",\"contentUrl\":\"https:\/\/secure.gravatar.com\/avatar\/41b9aaeb2100835f7c64362330f74c7f?s=96&d=mm&r=g\",\"caption\":\"Reda\u00e7\u00e3o Portal MF\"},\"description\":\"Sejam bem-vindos o portal de informa\u00e7\u00f5es de entretenimento de Feira de Santana, desde 2006 realiza coberturas dos principais eventos com entrevistas exclusivas com as principais personalidades mundiais. Fique conectado tamb\u00e9m nas redes sociais.\",\"sameAs\":[\"http:\/\/www.portalmf.com.br\/\",\"https:\/\/www.facebook.com\/portalmfoficial\",\"https:\/\/www.instagram.com\/portalmf\/\",\"https:\/\/x.com\/https:\/\/x.com\/portalmfoficial\",\"https:\/\/www.youtube.com\/@portalmfoficial\"],\"url\":\"https:\/\/portalmf.com.br\/index.php\/author\/junior\/\"}]}<\/script>\n<!-- \/ Yoast SEO plugin. -->","yoast_head_json":{"title":"Vitinho \u00e9 anunciado como refor\u00e7o do Feira FC - Portal MF","robots":{"index":"index","follow":"follow","max-snippet":"max-snippet:-1","max-image-preview":"max-image-preview:large","max-video-preview":"max-video-preview:-1"},"canonical":"https:\/\/portalmf.com.br\/index.php\/2026\/03\/09\/vitinho-e-anunciado-como-reforco-do-feira-fc\/","og_locale":"pt_BR","og_type":"article","og_title":"Vitinho \u00e9 anunciado como refor\u00e7o do Feira FC - Portal MF","og_description":"O Feira Futebol Clube anunciou, nesta manh\u00e3, a contrata\u00e7\u00e3o do volante Vitinho, de 22 anos, como novo refor\u00e7o da equipe. Jovem talento do futebol baiano, o jogador chega ao clube para iniciar sua trajet\u00f3ria no futebol profissional e refor\u00e7ar o elenco no projeto que vem sendo constru\u00eddo pela equipe. Empolgado com o novo desafio, o [&hellip;]","og_url":"https:\/\/portalmf.com.br\/index.php\/2026\/03\/09\/vitinho-e-anunciado-como-reforco-do-feira-fc\/","og_site_name":"Portal MF","article_author":"https:\/\/www.facebook.com\/portalmfoficial","article_published_time":"2026-03-09T23:06:00+00:00","article_modified_time":"2026-03-09T23:06:01+00:00","og_image":[{"width":1109,"height":864,"url":"https:\/\/portalmf.com.br\/wp-content\/uploads\/2026\/03\/Vitinho-e-anunciado-como-reforco-do-Feira-FC-e1773097549537.jpeg","type":"image\/jpeg"}],"author":"Reda\u00e7\u00e3o Portal MF","twitter_card":"summary_large_image","twitter_creator":"@https:\/\/x.com\/portalmfoficial","twitter_misc":{"Escrito por":"Reda\u00e7\u00e3o Portal MF","Est. tempo de leitura":"3 minutos"},"schema":{"@context":"https:\/\/schema.org","@graph":[{"@type":"WebPage","@id":"https:\/\/portalmf.com.br\/index.php\/2026\/03\/09\/vitinho-e-anunciado-como-reforco-do-feira-fc\/","url":"https:\/\/portalmf.com.br\/index.php\/2026\/03\/09\/vitinho-e-anunciado-como-reforco-do-feira-fc\/","name":"Vitinho \u00e9 anunciado como refor\u00e7o do Feira FC - Portal MF","isPartOf":{"@id":"https:\/\/portalmf.com.br\/#website"},"primaryImageOfPage":{"@id":"https:\/\/portalmf.com.br\/index.php\/2026\/03\/09\/vitinho-e-anunciado-como-reforco-do-feira-fc\/#primaryimage"},"image":{"@id":"https:\/\/portalmf.com.br\/index.php\/2026\/03\/09\/vitinho-e-anunciado-como-reforco-do-feira-fc\/#primaryimage"},"thumbnailUrl":"https:\/\/portalmf.com.br\/wp-content\/uploads\/2026\/03\/Vitinho-e-anunciado-como-reforco-do-Feira-FC-e1773097549537.jpeg","datePublished":"2026-03-09T23:06:00+00:00","dateModified":"2026-03-09T23:06:01+00:00","author":{"@id":"https:\/\/portalmf.com.br\/#\/schema\/person\/9ec101baf56233e53520c26de5d6f6f0"},"breadcrumb":{"@id":"https:\/\/portalmf.com.br\/index.php\/2026\/03\/09\/vitinho-e-anunciado-como-reforco-do-feira-fc\/#breadcrumb"},"inLanguage":"pt-BR","potentialAction":[{"@type":"ReadAction","target":["https:\/\/portalmf.com.br\/index.php\/2026\/03\/09\/vitinho-e-anunciado-como-reforco-do-feira-fc\/"]}]},{"@type":"ImageObject","inLanguage":"pt-BR","@id":"https:\/\/portalmf.com.br\/index.php\/2026\/03\/09\/vitinho-e-anunciado-como-reforco-do-feira-fc\/#primaryimage","url":"https:\/\/portalmf.com.br\/wp-content\/uploads\/2026\/03\/Vitinho-e-anunciado-como-reforco-do-Feira-FC-e1773097549537.jpeg","contentUrl":"https:\/\/portalmf.com.br\/wp-content\/uploads\/2026\/03\/Vitinho-e-anunciado-como-reforco-do-Feira-FC-e1773097549537.jpeg","width":1109,"height":864},{"@type":"BreadcrumbList","@id":"https:\/\/portalmf.com.br\/index.php\/2026\/03\/09\/vitinho-e-anunciado-como-reforco-do-feira-fc\/#breadcrumb","itemListElement":[{"@type":"ListItem","position":1,"name":"In\u00edcio","item":"https:\/\/portalmf.com.br\/"},{"@type":"ListItem","position":2,"name":"Vitinho \u00e9 anunciado como refor\u00e7o do Feira FC"}]},{"@type":"WebSite","@id":"https:\/\/portalmf.com.br\/#website","url":"https:\/\/portalmf.com.br\/","name":"Portal MF","description":"Voc\u00ea conectado com a informa\u00e7\u00e3o","potentialAction":[{"@type":"SearchAction","target":{"@type":"EntryPoint","urlTemplate":"https:\/\/portalmf.com.br\/?s={search_term_string}"},"query-input":"required name=search_term_string"}],"inLanguage":"pt-BR"},{"@type":"Person","@id":"https:\/\/portalmf.com.br\/#\/schema\/person\/9ec101baf56233e53520c26de5d6f6f0","name":"Reda\u00e7\u00e3o Portal MF","image":{"@type":"ImageObject","inLanguage":"pt-BR","@id":"https:\/\/portalmf.com.br\/#\/schema\/person\/image\/","url":"https:\/\/secure.gravatar.com\/avatar\/41b9aaeb2100835f7c64362330f74c7f?s=96&d=mm&r=g","contentUrl":"https:\/\/secure.gravatar.com\/avatar\/41b9aaeb2100835f7c64362330f74c7f?s=96&d=mm&r=g","caption":"Reda\u00e7\u00e3o Portal MF"},"description":"Sejam bem-vindos o portal de informa\u00e7\u00f5es de entretenimento de Feira de Santana, desde 2006 realiza coberturas dos principais eventos com entrevistas exclusivas com as principais personalidades mundiais. Fique conectado tamb\u00e9m nas redes sociais.","sameAs":["http:\/\/www.portalmf.com.br\/","https:\/\/www.facebook.com\/portalmfoficial","https:\/\/www.instagram.com\/portalmf\/","https:\/\/x.com\/https:\/\/x.com\/portalmfoficial","https:\/\/www.youtube.com\/@portalmfoficial"],"url":"https:\/\/portalmf.com.br\/index.php\/author\/junior\/"}]}},"_links":{"self":[{"href":"https:\/\/portalmf.com.br\/index.php\/wp-json\/wp\/v2\/posts\/42490"}],"collection":[{"href":"https:\/\/portalmf.com.br\/index.php\/wp-json\/wp\/v2\/posts"}],"about":[{"href":"https:\/\/portalmf.com.br\/index.php\/wp-json\/wp\/v2\/types\/post"}],"author":[{"embeddable":true,"href":"https:\/\/portalmf.com.br\/index.php\/wp-json\/wp\/v2\/users\/3"}],"replies":[{"embeddable":true,"href":"https:\/\/portalmf.com.br\/index.php\/wp-json\/wp\/v2\/comments?post=42490"}],"version-history":[{"count":1,"href":"https:\/\/portalmf.com.br\/index.php\/wp-json\/wp\/v2\/posts\/42490\/revisions"}],"predecessor-version":[{"id":42492,"href":"https:\/\/portalmf.com.br\/index.php\/wp-json\/wp\/v2\/posts\/42490\/revisions\/42492"}],"wp:featuredmedia":[{"embeddable":true,"href":"https:\/\/portalmf.com.br\/index.php\/wp-json\/wp\/v2\/media\/42491"}],"wp:attachment":[{"href":"https:\/\/portalmf.com.br\/index.php\/wp-json\/wp\/v2\/media?parent=42490"}],"wp:term":[{"taxonomy":"category","embeddable":true,"href":"https:\/\/portalmf.com.br\/index.php\/wp-json\/wp\/v2\/categories?post=42490"},{"taxonomy":"post_tag","embeddable":true,"href":"https:\/\/portalmf.com.br\/index.php\/wp-json\/wp\/v2\/tags?post=42490"}],"curies":[{"name":"wp","href":"https:\/\/api.w.org\/{rel}","templated":true}]}}