{"id":4230,"date":"2022-09-10T16:15:00","date_gmt":"2022-09-10T19:15:00","guid":{"rendered":"http:\/\/portalmf.com.br\/?p=4230"},"modified":"2022-09-13T16:16:27","modified_gmt":"2022-09-13T19:16:27","slug":"evento-discute-previdencia-complementar-do-municipio-de-salvador","status":"publish","type":"post","link":"https:\/\/portalmf.com.br\/index.php\/2022\/09\/10\/evento-discute-previdencia-complementar-do-municipio-de-salvador\/","title":{"rendered":"Evento discute Previd\u00eancia Complementar do Munic\u00edpio de Salvador"},"content":{"rendered":"\n<p>A capital baiana vai sediar nesta quarta-feira, 14, mais uma edi\u00e7\u00e3o do ciclo de debates sobre Previd\u00eancia Complementar do Munic\u00edpio de Salvador, com especialistas e autoridades interessadas em refletir sobre a ades\u00e3o ou n\u00e3o ao regime de previd\u00eancia complementar para servidores p\u00fablicos da prefeitura de Salvador.<\/p>\n\n\n\n<p>Com realiza\u00e7\u00e3o da Associa\u00e7\u00e3o dos Procuradores do Munic\u00edpio do Salvador (APMS) e da Associa\u00e7\u00e3o Bahiana dos Auditores Fiscais Municipais (ABAM), o evento acontece na sede da APMS, no centro da cidade a partir das 9 horas da manh\u00e3 e conta com a presen\u00e7a do advogado e s\u00f3cio do Azi e Torres Associados, Jos\u00e9 Carlos Torres.<\/p>\n\n\n\n<p>\u201cO planejamento previdenci\u00e1rio \u00e9 um fator de extrema import\u00e2ncia para que o servidor tenha um futuro tranquilo, sem percal\u00e7os. Afinal, essa \u00e9 a escolha de como este servidor pretende vivenciar sua \u201cmelhor idade\u201d, com previsibilidade e seguran\u00e7a ou vinculado aos humores pol\u00edticos na gest\u00e3o do regime pr\u00f3prio de previd\u00eancia dos servidores municipais de Salvador\u201d, afirma o advogado Jos\u00e9 Carlos Torres.<\/p>\n\n\n\n<p>O encontro tem o objetivo de esclarecer para procuradores municipais e auditores sobre o assunto com enfoques pr\u00e1tico e te\u00f3rico, visando auxiliar os participantes na decis\u00e3o sobre a ades\u00e3o ou n\u00e3o ao regime.<\/p>\n\n\n\n<p>\u201cNesse encontro, iremos bater um papo sobre a institui\u00e7\u00e3o da previd\u00eancia complementar para os servidores p\u00fablicos municipais e do benef\u00edcio especial, visando sanar d\u00favidas e auxiliar em uma escolha t\u00e3o importante como migrar ou permanecer vinculado exclusivamente ao Regime Pr\u00f3prio de Previd\u00eancia do Munic\u00edpio do Salvador\u201d, conclui Torres.<\/p>\n\n\n\n<p>Inscri\u00e7\u00f5es: e-mail apms@apms-ba.com.br\/ WhatsApp 71 99287-2203.<\/p>\n","protected":false},"excerpt":{"rendered":"<p>A capital baiana vai sediar nesta quarta-feira, 14, mais uma edi\u00e7\u00e3o do ciclo de debates sobre Previd\u00eancia Complementar do Munic\u00edpio de Salvador, com especialistas e autoridades interessadas em refletir sobre a ades\u00e3o ou n\u00e3o ao regime de previd\u00eancia complementar para servidores p\u00fablicos da prefeitura de Salvador. Com realiza\u00e7\u00e3o da Associa\u00e7\u00e3o dos Procuradores do Munic\u00edpio do [&hellip;]<\/p>\n","protected":false},"author":2,"featured_media":4231,"comment_status":"open","ping_status":"open","sticky":false,"template":"","format":"standard","meta":{"_monsterinsights_skip_tracking":false,"_monsterinsights_sitenote_active":false,"_monsterinsights_sitenote_note":"","_monsterinsights_sitenote_category":0,"footnotes":""},"categories":[34],"tags":[],"yoast_head":"<!-- This site is optimized with the Yoast SEO plugin v22.9 - https:\/\/yoast.com\/wordpress\/plugins\/seo\/ -->\n<title>Evento discute Previd\u00eancia Complementar do Munic\u00edpio de Salvador - Portal MF<\/title>\n<meta name=\"robots\" content=\"index, follow, max-snippet:-1, max-image-preview:large, max-video-preview:-1\" \/>\n<link rel=\"canonical\" href=\"https:\/\/portalmf.com.br\/index.php\/2022\/09\/10\/evento-discute-previdencia-complementar-do-municipio-de-salvador\/\" \/>\n<meta property=\"og:locale\" content=\"pt_BR\" \/>\n<meta property=\"og:type\" content=\"article\" \/>\n<meta property=\"og:title\" content=\"Evento discute Previd\u00eancia Complementar do Munic\u00edpio de Salvador - Portal MF\" \/>\n<meta property=\"og:description\" content=\"A capital baiana vai sediar nesta quarta-feira, 14, mais uma edi\u00e7\u00e3o do ciclo de debates sobre Previd\u00eancia Complementar do Munic\u00edpio de Salvador, com especialistas e autoridades interessadas em refletir sobre a ades\u00e3o ou n\u00e3o ao regime de previd\u00eancia complementar para servidores p\u00fablicos da prefeitura de Salvador. Com realiza\u00e7\u00e3o da Associa\u00e7\u00e3o dos Procuradores do Munic\u00edpio do [&hellip;]\" \/>\n<meta property=\"og:url\" content=\"https:\/\/portalmf.com.br\/index.php\/2022\/09\/10\/evento-discute-previdencia-complementar-do-municipio-de-salvador\/\" \/>\n<meta property=\"og:site_name\" content=\"Portal MF\" \/>\n<meta property=\"article:author\" content=\"reginaldojrfsa\" \/>\n<meta property=\"article:published_time\" content=\"2022-09-10T19:15:00+00:00\" \/>\n<meta property=\"article:modified_time\" content=\"2022-09-13T19:16:27+00:00\" \/>\n<meta property=\"og:image\" content=\"https:\/\/portalmf.com.br\/wp-content\/uploads\/2022\/09\/WhatsApp-Image-2022-09-11-at-20.45.25.jpeg\" \/>\n\t<meta property=\"og:image:width\" content=\"720\" \/>\n\t<meta property=\"og:image:height\" content=\"710\" \/>\n\t<meta property=\"og:image:type\" content=\"image\/jpeg\" \/>\n<meta name=\"author\" content=\"Reginaldo J\u00fanior\" \/>\n<meta name=\"twitter:card\" content=\"summary_large_image\" \/>\n<meta name=\"twitter:creator\" content=\"@reginaldojrmf\" \/>\n<meta name=\"twitter:label1\" content=\"Escrito por\" \/>\n\t<meta name=\"twitter:data1\" content=\"Reginaldo J\u00fanior\" \/>\n\t<meta name=\"twitter:label2\" content=\"Est. tempo de leitura\" \/>\n\t<meta name=\"twitter:data2\" content=\"2 minutos\" \/>\n<script type=\"application\/ld+json\" class=\"yoast-schema-graph\">{\"@context\":\"https:\/\/schema.org\",\"@graph\":[{\"@type\":\"WebPage\",\"@id\":\"https:\/\/portalmf.com.br\/index.php\/2022\/09\/10\/evento-discute-previdencia-complementar-do-municipio-de-salvador\/\",\"url\":\"https:\/\/portalmf.com.br\/index.php\/2022\/09\/10\/evento-discute-previdencia-complementar-do-municipio-de-salvador\/\",\"name\":\"Evento discute Previd\u00eancia Complementar do Munic\u00edpio de Salvador - Portal MF\",\"isPartOf\":{\"@id\":\"https:\/\/portalmf.com.br\/#website\"},\"primaryImageOfPage\":{\"@id\":\"https:\/\/portalmf.com.br\/index.php\/2022\/09\/10\/evento-discute-previdencia-complementar-do-municipio-de-salvador\/#primaryimage\"},\"image\":{\"@id\":\"https:\/\/portalmf.com.br\/index.php\/2022\/09\/10\/evento-discute-previdencia-complementar-do-municipio-de-salvador\/#primaryimage\"},\"thumbnailUrl\":\"https:\/\/portalmf.com.br\/wp-content\/uploads\/2022\/09\/WhatsApp-Image-2022-09-11-at-20.45.25.jpeg\",\"datePublished\":\"2022-09-10T19:15:00+00:00\",\"dateModified\":\"2022-09-13T19:16:27+00:00\",\"author\":{\"@id\":\"https:\/\/portalmf.com.br\/#\/schema\/person\/11c82086fe8abc05a19147e964587285\"},\"breadcrumb\":{\"@id\":\"https:\/\/portalmf.com.br\/index.php\/2022\/09\/10\/evento-discute-previdencia-complementar-do-municipio-de-salvador\/#breadcrumb\"},\"inLanguage\":\"pt-BR\",\"potentialAction\":[{\"@type\":\"ReadAction\",\"target\":[\"https:\/\/portalmf.com.br\/index.php\/2022\/09\/10\/evento-discute-previdencia-complementar-do-municipio-de-salvador\/\"]}]},{\"@type\":\"ImageObject\",\"inLanguage\":\"pt-BR\",\"@id\":\"https:\/\/portalmf.com.br\/index.php\/2022\/09\/10\/evento-discute-previdencia-complementar-do-municipio-de-salvador\/#primaryimage\",\"url\":\"https:\/\/portalmf.com.br\/wp-content\/uploads\/2022\/09\/WhatsApp-Image-2022-09-11-at-20.45.25.jpeg\",\"contentUrl\":\"https:\/\/portalmf.com.br\/wp-content\/uploads\/2022\/09\/WhatsApp-Image-2022-09-11-at-20.45.25.jpeg\",\"width\":720,\"height\":710},{\"@type\":\"BreadcrumbList\",\"@id\":\"https:\/\/portalmf.com.br\/index.php\/2022\/09\/10\/evento-discute-previdencia-complementar-do-municipio-de-salvador\/#breadcrumb\",\"itemListElement\":[{\"@type\":\"ListItem\",\"position\":1,\"name\":\"In\u00edcio\",\"item\":\"https:\/\/portalmf.com.br\/\"},{\"@type\":\"ListItem\",\"position\":2,\"name\":\"Evento discute Previd\u00eancia Complementar do Munic\u00edpio de Salvador\"}]},{\"@type\":\"WebSite\",\"@id\":\"https:\/\/portalmf.com.br\/#website\",\"url\":\"https:\/\/portalmf.com.br\/\",\"name\":\"Portal MF\",\"description\":\"Voc\u00ea conectado com a informa\u00e7\u00e3o\",\"potentialAction\":[{\"@type\":\"SearchAction\",\"target\":{\"@type\":\"EntryPoint\",\"urlTemplate\":\"https:\/\/portalmf.com.br\/?s={search_term_string}\"},\"query-input\":\"required name=search_term_string\"}],\"inLanguage\":\"pt-BR\"},{\"@type\":\"Person\",\"@id\":\"https:\/\/portalmf.com.br\/#\/schema\/person\/11c82086fe8abc05a19147e964587285\",\"name\":\"Reginaldo J\u00fanior\",\"image\":{\"@type\":\"ImageObject\",\"inLanguage\":\"pt-BR\",\"@id\":\"https:\/\/portalmf.com.br\/#\/schema\/person\/image\/\",\"url\":\"https:\/\/secure.gravatar.com\/avatar\/32a3c797cd0ac47cc53b8644c62776f9?s=96&d=mm&r=g\",\"contentUrl\":\"https:\/\/secure.gravatar.com\/avatar\/32a3c797cd0ac47cc53b8644c62776f9?s=96&d=mm&r=g\",\"caption\":\"Reginaldo J\u00fanior\"},\"description\":\"Jornalista e idealizador Portal MF\",\"sameAs\":[\"https:\/\/portalmf.com.br\/index.php\/author\/reginaldojr\/\",\"reginaldojrfsa\",\"reginaldojuniormf\",\"https:\/\/x.com\/reginaldojrmf\"],\"url\":\"https:\/\/portalmf.com.br\/index.php\/author\/reginaldojr\/\"}]}<\/script>\n<!-- \/ Yoast SEO plugin. -->","yoast_head_json":{"title":"Evento discute Previd\u00eancia Complementar do Munic\u00edpio de Salvador - Portal MF","robots":{"index":"index","follow":"follow","max-snippet":"max-snippet:-1","max-image-preview":"max-image-preview:large","max-video-preview":"max-video-preview:-1"},"canonical":"https:\/\/portalmf.com.br\/index.php\/2022\/09\/10\/evento-discute-previdencia-complementar-do-municipio-de-salvador\/","og_locale":"pt_BR","og_type":"article","og_title":"Evento discute Previd\u00eancia Complementar do Munic\u00edpio de Salvador - Portal MF","og_description":"A capital baiana vai sediar nesta quarta-feira, 14, mais uma edi\u00e7\u00e3o do ciclo de debates sobre Previd\u00eancia Complementar do Munic\u00edpio de Salvador, com especialistas e autoridades interessadas em refletir sobre a ades\u00e3o ou n\u00e3o ao regime de previd\u00eancia complementar para servidores p\u00fablicos da prefeitura de Salvador. Com realiza\u00e7\u00e3o da Associa\u00e7\u00e3o dos Procuradores do Munic\u00edpio do [&hellip;]","og_url":"https:\/\/portalmf.com.br\/index.php\/2022\/09\/10\/evento-discute-previdencia-complementar-do-municipio-de-salvador\/","og_site_name":"Portal MF","article_author":"reginaldojrfsa","article_published_time":"2022-09-10T19:15:00+00:00","article_modified_time":"2022-09-13T19:16:27+00:00","og_image":[{"width":720,"height":710,"url":"https:\/\/portalmf.com.br\/wp-content\/uploads\/2022\/09\/WhatsApp-Image-2022-09-11-at-20.45.25.jpeg","type":"image\/jpeg"}],"author":"Reginaldo J\u00fanior","twitter_card":"summary_large_image","twitter_creator":"@reginaldojrmf","twitter_misc":{"Escrito por":"Reginaldo J\u00fanior","Est. tempo de leitura":"2 minutos"},"schema":{"@context":"https:\/\/schema.org","@graph":[{"@type":"WebPage","@id":"https:\/\/portalmf.com.br\/index.php\/2022\/09\/10\/evento-discute-previdencia-complementar-do-municipio-de-salvador\/","url":"https:\/\/portalmf.com.br\/index.php\/2022\/09\/10\/evento-discute-previdencia-complementar-do-municipio-de-salvador\/","name":"Evento discute Previd\u00eancia Complementar do Munic\u00edpio de Salvador - Portal MF","isPartOf":{"@id":"https:\/\/portalmf.com.br\/#website"},"primaryImageOfPage":{"@id":"https:\/\/portalmf.com.br\/index.php\/2022\/09\/10\/evento-discute-previdencia-complementar-do-municipio-de-salvador\/#primaryimage"},"image":{"@id":"https:\/\/portalmf.com.br\/index.php\/2022\/09\/10\/evento-discute-previdencia-complementar-do-municipio-de-salvador\/#primaryimage"},"thumbnailUrl":"https:\/\/portalmf.com.br\/wp-content\/uploads\/2022\/09\/WhatsApp-Image-2022-09-11-at-20.45.25.jpeg","datePublished":"2022-09-10T19:15:00+00:00","dateModified":"2022-09-13T19:16:27+00:00","author":{"@id":"https:\/\/portalmf.com.br\/#\/schema\/person\/11c82086fe8abc05a19147e964587285"},"breadcrumb":{"@id":"https:\/\/portalmf.com.br\/index.php\/2022\/09\/10\/evento-discute-previdencia-complementar-do-municipio-de-salvador\/#breadcrumb"},"inLanguage":"pt-BR","potentialAction":[{"@type":"ReadAction","target":["https:\/\/portalmf.com.br\/index.php\/2022\/09\/10\/evento-discute-previdencia-complementar-do-municipio-de-salvador\/"]}]},{"@type":"ImageObject","inLanguage":"pt-BR","@id":"https:\/\/portalmf.com.br\/index.php\/2022\/09\/10\/evento-discute-previdencia-complementar-do-municipio-de-salvador\/#primaryimage","url":"https:\/\/portalmf.com.br\/wp-content\/uploads\/2022\/09\/WhatsApp-Image-2022-09-11-at-20.45.25.jpeg","contentUrl":"https:\/\/portalmf.com.br\/wp-content\/uploads\/2022\/09\/WhatsApp-Image-2022-09-11-at-20.45.25.jpeg","width":720,"height":710},{"@type":"BreadcrumbList","@id":"https:\/\/portalmf.com.br\/index.php\/2022\/09\/10\/evento-discute-previdencia-complementar-do-municipio-de-salvador\/#breadcrumb","itemListElement":[{"@type":"ListItem","position":1,"name":"In\u00edcio","item":"https:\/\/portalmf.com.br\/"},{"@type":"ListItem","position":2,"name":"Evento discute Previd\u00eancia Complementar do Munic\u00edpio de Salvador"}]},{"@type":"WebSite","@id":"https:\/\/portalmf.com.br\/#website","url":"https:\/\/portalmf.com.br\/","name":"Portal MF","description":"Voc\u00ea conectado com a informa\u00e7\u00e3o","potentialAction":[{"@type":"SearchAction","target":{"@type":"EntryPoint","urlTemplate":"https:\/\/portalmf.com.br\/?s={search_term_string}"},"query-input":"required name=search_term_string"}],"inLanguage":"pt-BR"},{"@type":"Person","@id":"https:\/\/portalmf.com.br\/#\/schema\/person\/11c82086fe8abc05a19147e964587285","name":"Reginaldo J\u00fanior","image":{"@type":"ImageObject","inLanguage":"pt-BR","@id":"https:\/\/portalmf.com.br\/#\/schema\/person\/image\/","url":"https:\/\/secure.gravatar.com\/avatar\/32a3c797cd0ac47cc53b8644c62776f9?s=96&d=mm&r=g","contentUrl":"https:\/\/secure.gravatar.com\/avatar\/32a3c797cd0ac47cc53b8644c62776f9?s=96&d=mm&r=g","caption":"Reginaldo J\u00fanior"},"description":"Jornalista e idealizador Portal MF","sameAs":["https:\/\/portalmf.com.br\/index.php\/author\/reginaldojr\/","reginaldojrfsa","reginaldojuniormf","https:\/\/x.com\/reginaldojrmf"],"url":"https:\/\/portalmf.com.br\/index.php\/author\/reginaldojr\/"}]}},"_links":{"self":[{"href":"https:\/\/portalmf.com.br\/index.php\/wp-json\/wp\/v2\/posts\/4230"}],"collection":[{"href":"https:\/\/portalmf.com.br\/index.php\/wp-json\/wp\/v2\/posts"}],"about":[{"href":"https:\/\/portalmf.com.br\/index.php\/wp-json\/wp\/v2\/types\/post"}],"author":[{"embeddable":true,"href":"https:\/\/portalmf.com.br\/index.php\/wp-json\/wp\/v2\/users\/2"}],"replies":[{"embeddable":true,"href":"https:\/\/portalmf.com.br\/index.php\/wp-json\/wp\/v2\/comments?post=4230"}],"version-history":[{"count":1,"href":"https:\/\/portalmf.com.br\/index.php\/wp-json\/wp\/v2\/posts\/4230\/revisions"}],"predecessor-version":[{"id":4232,"href":"https:\/\/portalmf.com.br\/index.php\/wp-json\/wp\/v2\/posts\/4230\/revisions\/4232"}],"wp:featuredmedia":[{"embeddable":true,"href":"https:\/\/portalmf.com.br\/index.php\/wp-json\/wp\/v2\/media\/4231"}],"wp:attachment":[{"href":"https:\/\/portalmf.com.br\/index.php\/wp-json\/wp\/v2\/media?parent=4230"}],"wp:term":[{"taxonomy":"category","embeddable":true,"href":"https:\/\/portalmf.com.br\/index.php\/wp-json\/wp\/v2\/categories?post=4230"},{"taxonomy":"post_tag","embeddable":true,"href":"https:\/\/portalmf.com.br\/index.php\/wp-json\/wp\/v2\/tags?post=4230"}],"curies":[{"name":"wp","href":"https:\/\/api.w.org\/{rel}","templated":true}]}}