{"id":4227,"date":"2022-09-13T16:14:52","date_gmt":"2022-09-13T19:14:52","guid":{"rendered":"http:\/\/portalmf.com.br\/?p=4227"},"modified":"2022-09-13T16:14:53","modified_gmt":"2022-09-13T19:14:53","slug":"segundo-edital-do-partiu-estagio-convoca-mais-de-tres-mil-universitarios-nesta-quarta-feira-14","status":"publish","type":"post","link":"https:\/\/portalmf.com.br\/index.php\/2022\/09\/13\/segundo-edital-do-partiu-estagio-convoca-mais-de-tres-mil-universitarios-nesta-quarta-feira-14\/","title":{"rendered":"Segundo edital do Partiu Est\u00e1gio convoca mais de tr\u00eas mil universit\u00e1rios nesta quarta-feira (14)"},"content":{"rendered":"\n<p>O Estado da Bahia convoca, nesta quarta-feira (14), 3.201 estudantes universit\u00e1rios pelo programa Partiu Est\u00e1gio. O grupo est\u00e1 inscrito no Edital 002\/2022, publicado em agosto deste ano, e dever\u00e1 manter contato com o \u00f3rg\u00e3o indicado na convoca\u00e7\u00e3o para apresentar documenta\u00e7\u00e3o de 22 de setembro a 05 de outubro. Destaque para as \u00e1reas de Administra\u00e7\u00e3o, Direito e Letras, com 35,8% dos selecionados. A lista completa poder\u00e1 ser consultada no site institucional da Secretaria da Administra\u00e7\u00e3o (Saeb), no endere\u00e7o <a href=\"http:\/\/www.saeb.ba.gov.br\/\">www.saeb.ba.gov.br<\/a>.<\/p>\n\n\n\n<p>Ao longo desta quarta-feira, o universit\u00e1rio receber\u00e1 por e-mail todas as informa\u00e7\u00f5es necess\u00e1rias para a apresenta\u00e7\u00e3o, como prazo, local e hor\u00e1rio, al\u00e9m da lista de documentos exigidos em edital, endere\u00e7o e telefone do local de est\u00e1gio. \u00c9 importante manter contato com o \u00f3rg\u00e3o indicado para obter orienta\u00e7\u00f5es complementares para a apresenta\u00e7\u00e3o. Al\u00e9m do e-mail de convoca\u00e7\u00e3o, enviado para o endere\u00e7o informado no ato da inscri\u00e7\u00e3o, o Estado realiza notifica\u00e7\u00e3o via SMS e liga\u00e7\u00e3o telef\u00f4nica.<\/p>\n\n\n\n<p>Ser\u00e3o mais 3,2 mil estudantes universit\u00e1rios convocados nesta quarta-feira, conforme adianta o governador Rui Costa. <em>\u201cTenho muito orgulho desta pol\u00edtica p\u00fablica que criamos para garantir oportunidade e renda para nossos jovens e suas fam\u00edlias. Ao todo, s\u00f3 esse edital prev\u00ea quase seis mil vagas de est\u00e1gio\u201d<\/em>, conta.<\/p>\n\n\n\n<p>Os universit\u00e1rios selecionados ter\u00e3o dez dias \u00fateis para se apresentarem, a partir do dia 22 de setembro. Os convocados que por ventura n\u00e3o comparecem ao local de est\u00e1gio dentro do prazo indicado poder\u00e3o perder direito \u00e0 vaga. Em caso de d\u00favidas, \u00e9 poss\u00edvel manter contato com a coordena\u00e7\u00e3o do programa pelo e-mail <a href=\"mailto:partiuestagio@saeb.ba.gov.br\">partiuestagio@saeb.ba.gov.br<\/a> ou pelo telefone (71) 3115-1714. Esta primeira convoca\u00e7\u00e3o vai contemplar universit\u00e1rios de 110 cursos, que ir\u00e3o atuar em 55 \u00f3rg\u00e3os p\u00fablicos de 159 munic\u00edpios, incluindo Salvador. As secretarias de Educa\u00e7\u00e3o, Sa\u00fade e Justi\u00e7a contam com 65,1% dos convocados.<\/p>\n\n\n\n<p><em>\u201cSe voc\u00ea se inscreveu no edital 002\/2022 do Partiu Est\u00e1gio, que publicamos em agosto, acesse a lista dos selecionados no site da Saeb e confira as informa\u00e7\u00f5es enviadas por e-mail\u201d,<\/em> refor\u00e7a o governador.<\/p>\n\n\n\n<p>Do total de selecionados, 1.708 s\u00e3o em Salvador e outros 1.493 est\u00e3o distribu\u00eddos pelo interior do estado, todos recebendo bolsa-est\u00e1gio, aux\u00edlio transporte e 30 dias de recesso remunerado, proporcionais. O est\u00e1gio possui dura\u00e7\u00e3o de um ano, sem possibilidade de prorroga\u00e7\u00e3o, exceto para pessoas com defici\u00eancia, que poder\u00e3o estagiar at\u00e9 o fim do seu curso. A carga hor\u00e1ria \u00e9 composta de quatro horas di\u00e1rias de atividades supervisionadas, chegando a 20 horas semanais.<\/p>\n","protected":false},"excerpt":{"rendered":"<p>O Estado da Bahia convoca, nesta quarta-feira (14), 3.201 estudantes universit\u00e1rios pelo programa Partiu Est\u00e1gio. O grupo est\u00e1 inscrito no Edital 002\/2022, publicado em agosto deste ano, e dever\u00e1 manter contato com o \u00f3rg\u00e3o indicado na convoca\u00e7\u00e3o para apresentar documenta\u00e7\u00e3o de 22 de setembro a 05 de outubro. Destaque para as \u00e1reas de Administra\u00e7\u00e3o, Direito [&hellip;]<\/p>\n","protected":false},"author":2,"featured_media":4228,"comment_status":"open","ping_status":"open","sticky":false,"template":"","format":"standard","meta":{"_monsterinsights_skip_tracking":false,"_monsterinsights_sitenote_active":false,"_monsterinsights_sitenote_note":"","_monsterinsights_sitenote_category":0,"footnotes":""},"categories":[34],"tags":[],"yoast_head":"<!-- This site is optimized with the Yoast SEO plugin v22.9 - https:\/\/yoast.com\/wordpress\/plugins\/seo\/ -->\n<title>Segundo edital do Partiu Est\u00e1gio convoca mais de tr\u00eas mil universit\u00e1rios nesta quarta-feira (14) - Portal MF<\/title>\n<meta name=\"robots\" content=\"index, follow, max-snippet:-1, max-image-preview:large, max-video-preview:-1\" \/>\n<link rel=\"canonical\" href=\"https:\/\/portalmf.com.br\/index.php\/2022\/09\/13\/segundo-edital-do-partiu-estagio-convoca-mais-de-tres-mil-universitarios-nesta-quarta-feira-14\/\" \/>\n<meta property=\"og:locale\" content=\"pt_BR\" \/>\n<meta property=\"og:type\" content=\"article\" \/>\n<meta property=\"og:title\" content=\"Segundo edital do Partiu Est\u00e1gio convoca mais de tr\u00eas mil universit\u00e1rios nesta quarta-feira (14) - Portal MF\" \/>\n<meta property=\"og:description\" content=\"O Estado da Bahia convoca, nesta quarta-feira (14), 3.201 estudantes universit\u00e1rios pelo programa Partiu Est\u00e1gio. O grupo est\u00e1 inscrito no Edital 002\/2022, publicado em agosto deste ano, e dever\u00e1 manter contato com o \u00f3rg\u00e3o indicado na convoca\u00e7\u00e3o para apresentar documenta\u00e7\u00e3o de 22 de setembro a 05 de outubro. Destaque para as \u00e1reas de Administra\u00e7\u00e3o, Direito [&hellip;]\" \/>\n<meta property=\"og:url\" content=\"https:\/\/portalmf.com.br\/index.php\/2022\/09\/13\/segundo-edital-do-partiu-estagio-convoca-mais-de-tres-mil-universitarios-nesta-quarta-feira-14\/\" \/>\n<meta property=\"og:site_name\" content=\"Portal MF\" \/>\n<meta property=\"article:author\" content=\"reginaldojrfsa\" \/>\n<meta property=\"article:published_time\" content=\"2022-09-13T19:14:52+00:00\" \/>\n<meta property=\"article:modified_time\" content=\"2022-09-13T19:14:53+00:00\" \/>\n<meta property=\"og:image\" content=\"https:\/\/portalmf.com.br\/wp-content\/uploads\/2022\/09\/Fotos-Alberto-CoutinhoGOVBA.jpeg\" \/>\n\t<meta property=\"og:image:width\" content=\"1280\" \/>\n\t<meta property=\"og:image:height\" content=\"853\" \/>\n\t<meta property=\"og:image:type\" content=\"image\/jpeg\" \/>\n<meta name=\"author\" content=\"Reginaldo J\u00fanior\" \/>\n<meta name=\"twitter:card\" content=\"summary_large_image\" \/>\n<meta name=\"twitter:creator\" content=\"@reginaldojrmf\" \/>\n<meta name=\"twitter:label1\" content=\"Escrito por\" \/>\n\t<meta name=\"twitter:data1\" content=\"Reginaldo J\u00fanior\" \/>\n\t<meta name=\"twitter:label2\" content=\"Est. tempo de leitura\" \/>\n\t<meta name=\"twitter:data2\" content=\"3 minutos\" \/>\n<script type=\"application\/ld+json\" class=\"yoast-schema-graph\">{\"@context\":\"https:\/\/schema.org\",\"@graph\":[{\"@type\":\"WebPage\",\"@id\":\"https:\/\/portalmf.com.br\/index.php\/2022\/09\/13\/segundo-edital-do-partiu-estagio-convoca-mais-de-tres-mil-universitarios-nesta-quarta-feira-14\/\",\"url\":\"https:\/\/portalmf.com.br\/index.php\/2022\/09\/13\/segundo-edital-do-partiu-estagio-convoca-mais-de-tres-mil-universitarios-nesta-quarta-feira-14\/\",\"name\":\"Segundo edital do Partiu Est\u00e1gio convoca mais de tr\u00eas mil universit\u00e1rios nesta quarta-feira (14) - Portal MF\",\"isPartOf\":{\"@id\":\"https:\/\/portalmf.com.br\/#website\"},\"primaryImageOfPage\":{\"@id\":\"https:\/\/portalmf.com.br\/index.php\/2022\/09\/13\/segundo-edital-do-partiu-estagio-convoca-mais-de-tres-mil-universitarios-nesta-quarta-feira-14\/#primaryimage\"},\"image\":{\"@id\":\"https:\/\/portalmf.com.br\/index.php\/2022\/09\/13\/segundo-edital-do-partiu-estagio-convoca-mais-de-tres-mil-universitarios-nesta-quarta-feira-14\/#primaryimage\"},\"thumbnailUrl\":\"https:\/\/portalmf.com.br\/wp-content\/uploads\/2022\/09\/Fotos-Alberto-CoutinhoGOVBA.jpeg\",\"datePublished\":\"2022-09-13T19:14:52+00:00\",\"dateModified\":\"2022-09-13T19:14:53+00:00\",\"author\":{\"@id\":\"https:\/\/portalmf.com.br\/#\/schema\/person\/11c82086fe8abc05a19147e964587285\"},\"breadcrumb\":{\"@id\":\"https:\/\/portalmf.com.br\/index.php\/2022\/09\/13\/segundo-edital-do-partiu-estagio-convoca-mais-de-tres-mil-universitarios-nesta-quarta-feira-14\/#breadcrumb\"},\"inLanguage\":\"pt-BR\",\"potentialAction\":[{\"@type\":\"ReadAction\",\"target\":[\"https:\/\/portalmf.com.br\/index.php\/2022\/09\/13\/segundo-edital-do-partiu-estagio-convoca-mais-de-tres-mil-universitarios-nesta-quarta-feira-14\/\"]}]},{\"@type\":\"ImageObject\",\"inLanguage\":\"pt-BR\",\"@id\":\"https:\/\/portalmf.com.br\/index.php\/2022\/09\/13\/segundo-edital-do-partiu-estagio-convoca-mais-de-tres-mil-universitarios-nesta-quarta-feira-14\/#primaryimage\",\"url\":\"https:\/\/portalmf.com.br\/wp-content\/uploads\/2022\/09\/Fotos-Alberto-CoutinhoGOVBA.jpeg\",\"contentUrl\":\"https:\/\/portalmf.com.br\/wp-content\/uploads\/2022\/09\/Fotos-Alberto-CoutinhoGOVBA.jpeg\",\"width\":1280,\"height\":853},{\"@type\":\"BreadcrumbList\",\"@id\":\"https:\/\/portalmf.com.br\/index.php\/2022\/09\/13\/segundo-edital-do-partiu-estagio-convoca-mais-de-tres-mil-universitarios-nesta-quarta-feira-14\/#breadcrumb\",\"itemListElement\":[{\"@type\":\"ListItem\",\"position\":1,\"name\":\"In\u00edcio\",\"item\":\"https:\/\/portalmf.com.br\/\"},{\"@type\":\"ListItem\",\"position\":2,\"name\":\"Segundo edital do Partiu Est\u00e1gio convoca mais de tr\u00eas mil universit\u00e1rios nesta quarta-feira (14)\"}]},{\"@type\":\"WebSite\",\"@id\":\"https:\/\/portalmf.com.br\/#website\",\"url\":\"https:\/\/portalmf.com.br\/\",\"name\":\"Portal MF\",\"description\":\"Voc\u00ea conectado com a informa\u00e7\u00e3o\",\"potentialAction\":[{\"@type\":\"SearchAction\",\"target\":{\"@type\":\"EntryPoint\",\"urlTemplate\":\"https:\/\/portalmf.com.br\/?s={search_term_string}\"},\"query-input\":\"required name=search_term_string\"}],\"inLanguage\":\"pt-BR\"},{\"@type\":\"Person\",\"@id\":\"https:\/\/portalmf.com.br\/#\/schema\/person\/11c82086fe8abc05a19147e964587285\",\"name\":\"Reginaldo J\u00fanior\",\"image\":{\"@type\":\"ImageObject\",\"inLanguage\":\"pt-BR\",\"@id\":\"https:\/\/portalmf.com.br\/#\/schema\/person\/image\/\",\"url\":\"https:\/\/secure.gravatar.com\/avatar\/32a3c797cd0ac47cc53b8644c62776f9?s=96&d=mm&r=g\",\"contentUrl\":\"https:\/\/secure.gravatar.com\/avatar\/32a3c797cd0ac47cc53b8644c62776f9?s=96&d=mm&r=g\",\"caption\":\"Reginaldo J\u00fanior\"},\"description\":\"Jornalista e idealizador Portal MF\",\"sameAs\":[\"https:\/\/portalmf.com.br\/index.php\/author\/reginaldojr\/\",\"reginaldojrfsa\",\"reginaldojuniormf\",\"https:\/\/x.com\/reginaldojrmf\"],\"url\":\"https:\/\/portalmf.com.br\/index.php\/author\/reginaldojr\/\"}]}<\/script>\n<!-- \/ Yoast SEO plugin. -->","yoast_head_json":{"title":"Segundo edital do Partiu Est\u00e1gio convoca mais de tr\u00eas mil universit\u00e1rios nesta quarta-feira (14) - Portal MF","robots":{"index":"index","follow":"follow","max-snippet":"max-snippet:-1","max-image-preview":"max-image-preview:large","max-video-preview":"max-video-preview:-1"},"canonical":"https:\/\/portalmf.com.br\/index.php\/2022\/09\/13\/segundo-edital-do-partiu-estagio-convoca-mais-de-tres-mil-universitarios-nesta-quarta-feira-14\/","og_locale":"pt_BR","og_type":"article","og_title":"Segundo edital do Partiu Est\u00e1gio convoca mais de tr\u00eas mil universit\u00e1rios nesta quarta-feira (14) - Portal MF","og_description":"O Estado da Bahia convoca, nesta quarta-feira (14), 3.201 estudantes universit\u00e1rios pelo programa Partiu Est\u00e1gio. O grupo est\u00e1 inscrito no Edital 002\/2022, publicado em agosto deste ano, e dever\u00e1 manter contato com o \u00f3rg\u00e3o indicado na convoca\u00e7\u00e3o para apresentar documenta\u00e7\u00e3o de 22 de setembro a 05 de outubro. Destaque para as \u00e1reas de Administra\u00e7\u00e3o, Direito [&hellip;]","og_url":"https:\/\/portalmf.com.br\/index.php\/2022\/09\/13\/segundo-edital-do-partiu-estagio-convoca-mais-de-tres-mil-universitarios-nesta-quarta-feira-14\/","og_site_name":"Portal MF","article_author":"reginaldojrfsa","article_published_time":"2022-09-13T19:14:52+00:00","article_modified_time":"2022-09-13T19:14:53+00:00","og_image":[{"width":1280,"height":853,"url":"https:\/\/portalmf.com.br\/wp-content\/uploads\/2022\/09\/Fotos-Alberto-CoutinhoGOVBA.jpeg","type":"image\/jpeg"}],"author":"Reginaldo J\u00fanior","twitter_card":"summary_large_image","twitter_creator":"@reginaldojrmf","twitter_misc":{"Escrito por":"Reginaldo J\u00fanior","Est. tempo de leitura":"3 minutos"},"schema":{"@context":"https:\/\/schema.org","@graph":[{"@type":"WebPage","@id":"https:\/\/portalmf.com.br\/index.php\/2022\/09\/13\/segundo-edital-do-partiu-estagio-convoca-mais-de-tres-mil-universitarios-nesta-quarta-feira-14\/","url":"https:\/\/portalmf.com.br\/index.php\/2022\/09\/13\/segundo-edital-do-partiu-estagio-convoca-mais-de-tres-mil-universitarios-nesta-quarta-feira-14\/","name":"Segundo edital do Partiu Est\u00e1gio convoca mais de tr\u00eas mil universit\u00e1rios nesta quarta-feira (14) - Portal MF","isPartOf":{"@id":"https:\/\/portalmf.com.br\/#website"},"primaryImageOfPage":{"@id":"https:\/\/portalmf.com.br\/index.php\/2022\/09\/13\/segundo-edital-do-partiu-estagio-convoca-mais-de-tres-mil-universitarios-nesta-quarta-feira-14\/#primaryimage"},"image":{"@id":"https:\/\/portalmf.com.br\/index.php\/2022\/09\/13\/segundo-edital-do-partiu-estagio-convoca-mais-de-tres-mil-universitarios-nesta-quarta-feira-14\/#primaryimage"},"thumbnailUrl":"https:\/\/portalmf.com.br\/wp-content\/uploads\/2022\/09\/Fotos-Alberto-CoutinhoGOVBA.jpeg","datePublished":"2022-09-13T19:14:52+00:00","dateModified":"2022-09-13T19:14:53+00:00","author":{"@id":"https:\/\/portalmf.com.br\/#\/schema\/person\/11c82086fe8abc05a19147e964587285"},"breadcrumb":{"@id":"https:\/\/portalmf.com.br\/index.php\/2022\/09\/13\/segundo-edital-do-partiu-estagio-convoca-mais-de-tres-mil-universitarios-nesta-quarta-feira-14\/#breadcrumb"},"inLanguage":"pt-BR","potentialAction":[{"@type":"ReadAction","target":["https:\/\/portalmf.com.br\/index.php\/2022\/09\/13\/segundo-edital-do-partiu-estagio-convoca-mais-de-tres-mil-universitarios-nesta-quarta-feira-14\/"]}]},{"@type":"ImageObject","inLanguage":"pt-BR","@id":"https:\/\/portalmf.com.br\/index.php\/2022\/09\/13\/segundo-edital-do-partiu-estagio-convoca-mais-de-tres-mil-universitarios-nesta-quarta-feira-14\/#primaryimage","url":"https:\/\/portalmf.com.br\/wp-content\/uploads\/2022\/09\/Fotos-Alberto-CoutinhoGOVBA.jpeg","contentUrl":"https:\/\/portalmf.com.br\/wp-content\/uploads\/2022\/09\/Fotos-Alberto-CoutinhoGOVBA.jpeg","width":1280,"height":853},{"@type":"BreadcrumbList","@id":"https:\/\/portalmf.com.br\/index.php\/2022\/09\/13\/segundo-edital-do-partiu-estagio-convoca-mais-de-tres-mil-universitarios-nesta-quarta-feira-14\/#breadcrumb","itemListElement":[{"@type":"ListItem","position":1,"name":"In\u00edcio","item":"https:\/\/portalmf.com.br\/"},{"@type":"ListItem","position":2,"name":"Segundo edital do Partiu Est\u00e1gio convoca mais de tr\u00eas mil universit\u00e1rios nesta quarta-feira (14)"}]},{"@type":"WebSite","@id":"https:\/\/portalmf.com.br\/#website","url":"https:\/\/portalmf.com.br\/","name":"Portal MF","description":"Voc\u00ea conectado com a informa\u00e7\u00e3o","potentialAction":[{"@type":"SearchAction","target":{"@type":"EntryPoint","urlTemplate":"https:\/\/portalmf.com.br\/?s={search_term_string}"},"query-input":"required name=search_term_string"}],"inLanguage":"pt-BR"},{"@type":"Person","@id":"https:\/\/portalmf.com.br\/#\/schema\/person\/11c82086fe8abc05a19147e964587285","name":"Reginaldo J\u00fanior","image":{"@type":"ImageObject","inLanguage":"pt-BR","@id":"https:\/\/portalmf.com.br\/#\/schema\/person\/image\/","url":"https:\/\/secure.gravatar.com\/avatar\/32a3c797cd0ac47cc53b8644c62776f9?s=96&d=mm&r=g","contentUrl":"https:\/\/secure.gravatar.com\/avatar\/32a3c797cd0ac47cc53b8644c62776f9?s=96&d=mm&r=g","caption":"Reginaldo J\u00fanior"},"description":"Jornalista e idealizador Portal MF","sameAs":["https:\/\/portalmf.com.br\/index.php\/author\/reginaldojr\/","reginaldojrfsa","reginaldojuniormf","https:\/\/x.com\/reginaldojrmf"],"url":"https:\/\/portalmf.com.br\/index.php\/author\/reginaldojr\/"}]}},"_links":{"self":[{"href":"https:\/\/portalmf.com.br\/index.php\/wp-json\/wp\/v2\/posts\/4227"}],"collection":[{"href":"https:\/\/portalmf.com.br\/index.php\/wp-json\/wp\/v2\/posts"}],"about":[{"href":"https:\/\/portalmf.com.br\/index.php\/wp-json\/wp\/v2\/types\/post"}],"author":[{"embeddable":true,"href":"https:\/\/portalmf.com.br\/index.php\/wp-json\/wp\/v2\/users\/2"}],"replies":[{"embeddable":true,"href":"https:\/\/portalmf.com.br\/index.php\/wp-json\/wp\/v2\/comments?post=4227"}],"version-history":[{"count":1,"href":"https:\/\/portalmf.com.br\/index.php\/wp-json\/wp\/v2\/posts\/4227\/revisions"}],"predecessor-version":[{"id":4229,"href":"https:\/\/portalmf.com.br\/index.php\/wp-json\/wp\/v2\/posts\/4227\/revisions\/4229"}],"wp:featuredmedia":[{"embeddable":true,"href":"https:\/\/portalmf.com.br\/index.php\/wp-json\/wp\/v2\/media\/4228"}],"wp:attachment":[{"href":"https:\/\/portalmf.com.br\/index.php\/wp-json\/wp\/v2\/media?parent=4227"}],"wp:term":[{"taxonomy":"category","embeddable":true,"href":"https:\/\/portalmf.com.br\/index.php\/wp-json\/wp\/v2\/categories?post=4227"},{"taxonomy":"post_tag","embeddable":true,"href":"https:\/\/portalmf.com.br\/index.php\/wp-json\/wp\/v2\/tags?post=4227"}],"curies":[{"name":"wp","href":"https:\/\/api.w.org\/{rel}","templated":true}]}}