{"id":4224,"date":"2022-09-13T15:55:55","date_gmt":"2022-09-13T18:55:55","guid":{"rendered":"http:\/\/portalmf.com.br\/?p=4224"},"modified":"2022-09-13T15:55:57","modified_gmt":"2022-09-13T18:55:57","slug":"reajustes-anuais-abusivos-de-planos-de-saude-coletivos-e-empresariais-sao-contestados-na-justica","status":"publish","type":"post","link":"https:\/\/portalmf.com.br\/index.php\/2022\/09\/13\/reajustes-anuais-abusivos-de-planos-de-saude-coletivos-e-empresariais-sao-contestados-na-justica\/","title":{"rendered":"Reajustes anuais abusivos de planos de sa\u00fade coletivos e empresariais s\u00e3o contestados na justi\u00e7a"},"content":{"rendered":"\n<p>As mensalidades cobradas por planos de sa\u00fade coletivo e empresarial t\u00eam sofrido aumentos abusivos e frequentes. Diante desta realidade, muitos usu\u00e1rios t\u00eam acionado o poder judici\u00e1rio para revisar os contratos, a fim de que seja aplicado, como teto, os reajustes autorizados pela Ag\u00eancia Nacional de Sa\u00fade (ANS). A busca pela devolu\u00e7\u00e3o do valor atualizado relativo aos \u00faltimos tr\u00eas anos pagos a maior tamb\u00e9m tem sido foco crescente de judicializa\u00e7\u00e3o. As decis\u00f5es mais recentes refor\u00e7am o entendimento de que os planos de sa\u00fade coletivos e empresariais podem ser igualados aos planos individuais e familiares, j\u00e1 que ambos t\u00eam o mesmo objetivo: garantir a cobertura de atendimento de pessoas, independentemente da forma de contrata\u00e7\u00e3o.<\/p>\n\n\n\n<p>Em tese, apenas os planos individuais e familiares est\u00e3o sujeitos a todo o regramento da ANS, contudo a oferta dessa modalidade de plano no mercado tem encolhido com o passar do tempo, fato que induz a maioria das pessoas a optarem pelos planos oferecidos por empresas e organiza\u00e7\u00f5es. Neste ano, a ANS definiu para os planos de sa\u00fade familiares e individuais um reajuste de 15,5%, referente ao per\u00edodo de maio de 2022 a abril de 2023. \u201cEsse foi o maior percentual de reajuste j\u00e1 regulamentado pela Ag\u00eancia desde a sua cria\u00e7\u00e3o. Entretanto, os planos coletivos e empresariais sequer possuem teto para o reajuste e o que se est\u00e1 observando s\u00e3o reajustes ainda maiores, que chegam a 30%\u201d, destacou a advogada pioneira em Direito \u00e0 Sa\u00fade na Bahia, Marina Basile.<\/p>\n\n\n\n<p>Ela explica que quando uma pessoa adere a um plano coletivo ou empresarial, de in\u00edcio, o valor da mensalidade pode ser muito vantajoso, por ser menor do que os de natureza familiar ou individual. \u201cTodavia, ao longo dos anos, pode ser uma grande armadilha, uma vez que n\u00e3o h\u00e1 teto regulado pela ANS para os reajustes anuais para planos coletivos e empresariais, o que deixa o consumidor \u00e0 merc\u00ea dos desmandos das operadoras de sa\u00fade\u201d, completou a especialista. Vale destacar que os planos coletivos e empresariais podem ser cancelados a qualquer tempo, diferentemente dos planos individuais e familiares, que s\u00f3 podem ser cancelados por falta de pagamento ou em raz\u00e3o de fraude.<\/p>\n\n\n\n<p>O reajuste anual \u00e9 aplicado em todos os contratos de planos de sa\u00fade, independentemente da idade do consumidor. \u201cSe confirmar a ocorr\u00eancia de abusos, o consumidor deve buscar seus direitos. N\u00e3o h\u00e1 explica\u00e7\u00e3o plaus\u00edvel para os planos de sa\u00fade que mais crescem no pa\u00eds oferecerem menos prote\u00e7\u00e3o ao segurado. O valor dos reajustes precisa ser justo e muito bem justificado\u201d, concluiu Marina Basile, s\u00f3cia de um dos poucos escrit\u00f3rios de advocacia do Brasil j\u00e1 presentes no Metaverso.<\/p>\n","protected":false},"excerpt":{"rendered":"<p>As mensalidades cobradas por planos de sa\u00fade coletivo e empresarial t\u00eam sofrido aumentos abusivos e frequentes. Diante desta realidade, muitos usu\u00e1rios t\u00eam acionado o poder judici\u00e1rio para revisar os contratos, a fim de que seja aplicado, como teto, os reajustes autorizados pela Ag\u00eancia Nacional de Sa\u00fade (ANS). A busca pela devolu\u00e7\u00e3o do valor atualizado relativo [&hellip;]<\/p>\n","protected":false},"author":2,"featured_media":4225,"comment_status":"open","ping_status":"open","sticky":false,"template":"","format":"standard","meta":{"_monsterinsights_skip_tracking":false,"_monsterinsights_sitenote_active":false,"_monsterinsights_sitenote_note":"","_monsterinsights_sitenote_category":0,"footnotes":""},"categories":[34],"tags":[],"yoast_head":"<!-- This site is optimized with the Yoast SEO plugin v22.9 - https:\/\/yoast.com\/wordpress\/plugins\/seo\/ -->\n<title>Reajustes anuais abusivos de planos de sa\u00fade coletivos e empresariais s\u00e3o contestados na justi\u00e7a - Portal MF<\/title>\n<meta name=\"robots\" content=\"index, follow, max-snippet:-1, max-image-preview:large, max-video-preview:-1\" \/>\n<link rel=\"canonical\" href=\"https:\/\/portalmf.com.br\/index.php\/2022\/09\/13\/reajustes-anuais-abusivos-de-planos-de-saude-coletivos-e-empresariais-sao-contestados-na-justica\/\" \/>\n<meta property=\"og:locale\" content=\"pt_BR\" \/>\n<meta property=\"og:type\" content=\"article\" \/>\n<meta property=\"og:title\" content=\"Reajustes anuais abusivos de planos de sa\u00fade coletivos e empresariais s\u00e3o contestados na justi\u00e7a - Portal MF\" \/>\n<meta property=\"og:description\" content=\"As mensalidades cobradas por planos de sa\u00fade coletivo e empresarial t\u00eam sofrido aumentos abusivos e frequentes. Diante desta realidade, muitos usu\u00e1rios t\u00eam acionado o poder judici\u00e1rio para revisar os contratos, a fim de que seja aplicado, como teto, os reajustes autorizados pela Ag\u00eancia Nacional de Sa\u00fade (ANS). A busca pela devolu\u00e7\u00e3o do valor atualizado relativo [&hellip;]\" \/>\n<meta property=\"og:url\" content=\"https:\/\/portalmf.com.br\/index.php\/2022\/09\/13\/reajustes-anuais-abusivos-de-planos-de-saude-coletivos-e-empresariais-sao-contestados-na-justica\/\" \/>\n<meta property=\"og:site_name\" content=\"Portal MF\" \/>\n<meta property=\"article:author\" content=\"reginaldojrfsa\" \/>\n<meta property=\"article:published_time\" content=\"2022-09-13T18:55:55+00:00\" \/>\n<meta property=\"article:modified_time\" content=\"2022-09-13T18:55:57+00:00\" \/>\n<meta property=\"og:image\" content=\"https:\/\/portalmf.com.br\/wp-content\/uploads\/2022\/09\/planos-de-saude.jpg\" \/>\n\t<meta property=\"og:image:width\" content=\"1200\" \/>\n\t<meta property=\"og:image:height\" content=\"754\" \/>\n\t<meta property=\"og:image:type\" content=\"image\/jpeg\" \/>\n<meta name=\"author\" content=\"Reginaldo J\u00fanior\" \/>\n<meta name=\"twitter:card\" content=\"summary_large_image\" \/>\n<meta name=\"twitter:creator\" content=\"@reginaldojrmf\" \/>\n<meta name=\"twitter:label1\" content=\"Escrito por\" \/>\n\t<meta name=\"twitter:data1\" content=\"Reginaldo J\u00fanior\" \/>\n\t<meta name=\"twitter:label2\" content=\"Est. tempo de leitura\" \/>\n\t<meta name=\"twitter:data2\" content=\"3 minutos\" \/>\n<script type=\"application\/ld+json\" class=\"yoast-schema-graph\">{\"@context\":\"https:\/\/schema.org\",\"@graph\":[{\"@type\":\"WebPage\",\"@id\":\"https:\/\/portalmf.com.br\/index.php\/2022\/09\/13\/reajustes-anuais-abusivos-de-planos-de-saude-coletivos-e-empresariais-sao-contestados-na-justica\/\",\"url\":\"https:\/\/portalmf.com.br\/index.php\/2022\/09\/13\/reajustes-anuais-abusivos-de-planos-de-saude-coletivos-e-empresariais-sao-contestados-na-justica\/\",\"name\":\"Reajustes anuais abusivos de planos de sa\u00fade coletivos e empresariais s\u00e3o contestados na justi\u00e7a - Portal MF\",\"isPartOf\":{\"@id\":\"https:\/\/portalmf.com.br\/#website\"},\"primaryImageOfPage\":{\"@id\":\"https:\/\/portalmf.com.br\/index.php\/2022\/09\/13\/reajustes-anuais-abusivos-de-planos-de-saude-coletivos-e-empresariais-sao-contestados-na-justica\/#primaryimage\"},\"image\":{\"@id\":\"https:\/\/portalmf.com.br\/index.php\/2022\/09\/13\/reajustes-anuais-abusivos-de-planos-de-saude-coletivos-e-empresariais-sao-contestados-na-justica\/#primaryimage\"},\"thumbnailUrl\":\"https:\/\/portalmf.com.br\/wp-content\/uploads\/2022\/09\/planos-de-saude.jpg\",\"datePublished\":\"2022-09-13T18:55:55+00:00\",\"dateModified\":\"2022-09-13T18:55:57+00:00\",\"author\":{\"@id\":\"https:\/\/portalmf.com.br\/#\/schema\/person\/11c82086fe8abc05a19147e964587285\"},\"breadcrumb\":{\"@id\":\"https:\/\/portalmf.com.br\/index.php\/2022\/09\/13\/reajustes-anuais-abusivos-de-planos-de-saude-coletivos-e-empresariais-sao-contestados-na-justica\/#breadcrumb\"},\"inLanguage\":\"pt-BR\",\"potentialAction\":[{\"@type\":\"ReadAction\",\"target\":[\"https:\/\/portalmf.com.br\/index.php\/2022\/09\/13\/reajustes-anuais-abusivos-de-planos-de-saude-coletivos-e-empresariais-sao-contestados-na-justica\/\"]}]},{\"@type\":\"ImageObject\",\"inLanguage\":\"pt-BR\",\"@id\":\"https:\/\/portalmf.com.br\/index.php\/2022\/09\/13\/reajustes-anuais-abusivos-de-planos-de-saude-coletivos-e-empresariais-sao-contestados-na-justica\/#primaryimage\",\"url\":\"https:\/\/portalmf.com.br\/wp-content\/uploads\/2022\/09\/planos-de-saude.jpg\",\"contentUrl\":\"https:\/\/portalmf.com.br\/wp-content\/uploads\/2022\/09\/planos-de-saude.jpg\",\"width\":1200,\"height\":754},{\"@type\":\"BreadcrumbList\",\"@id\":\"https:\/\/portalmf.com.br\/index.php\/2022\/09\/13\/reajustes-anuais-abusivos-de-planos-de-saude-coletivos-e-empresariais-sao-contestados-na-justica\/#breadcrumb\",\"itemListElement\":[{\"@type\":\"ListItem\",\"position\":1,\"name\":\"In\u00edcio\",\"item\":\"https:\/\/portalmf.com.br\/\"},{\"@type\":\"ListItem\",\"position\":2,\"name\":\"Reajustes anuais abusivos de planos de sa\u00fade coletivos e empresariais s\u00e3o contestados na justi\u00e7a\"}]},{\"@type\":\"WebSite\",\"@id\":\"https:\/\/portalmf.com.br\/#website\",\"url\":\"https:\/\/portalmf.com.br\/\",\"name\":\"Portal MF\",\"description\":\"Voc\u00ea conectado com a informa\u00e7\u00e3o\",\"potentialAction\":[{\"@type\":\"SearchAction\",\"target\":{\"@type\":\"EntryPoint\",\"urlTemplate\":\"https:\/\/portalmf.com.br\/?s={search_term_string}\"},\"query-input\":\"required name=search_term_string\"}],\"inLanguage\":\"pt-BR\"},{\"@type\":\"Person\",\"@id\":\"https:\/\/portalmf.com.br\/#\/schema\/person\/11c82086fe8abc05a19147e964587285\",\"name\":\"Reginaldo J\u00fanior\",\"image\":{\"@type\":\"ImageObject\",\"inLanguage\":\"pt-BR\",\"@id\":\"https:\/\/portalmf.com.br\/#\/schema\/person\/image\/\",\"url\":\"https:\/\/secure.gravatar.com\/avatar\/32a3c797cd0ac47cc53b8644c62776f9?s=96&d=mm&r=g\",\"contentUrl\":\"https:\/\/secure.gravatar.com\/avatar\/32a3c797cd0ac47cc53b8644c62776f9?s=96&d=mm&r=g\",\"caption\":\"Reginaldo J\u00fanior\"},\"description\":\"Jornalista e idealizador Portal MF\",\"sameAs\":[\"https:\/\/portalmf.com.br\/index.php\/author\/reginaldojr\/\",\"reginaldojrfsa\",\"reginaldojuniormf\",\"https:\/\/x.com\/reginaldojrmf\"],\"url\":\"https:\/\/portalmf.com.br\/index.php\/author\/reginaldojr\/\"}]}<\/script>\n<!-- \/ Yoast SEO plugin. -->","yoast_head_json":{"title":"Reajustes anuais abusivos de planos de sa\u00fade coletivos e empresariais s\u00e3o contestados na justi\u00e7a - Portal MF","robots":{"index":"index","follow":"follow","max-snippet":"max-snippet:-1","max-image-preview":"max-image-preview:large","max-video-preview":"max-video-preview:-1"},"canonical":"https:\/\/portalmf.com.br\/index.php\/2022\/09\/13\/reajustes-anuais-abusivos-de-planos-de-saude-coletivos-e-empresariais-sao-contestados-na-justica\/","og_locale":"pt_BR","og_type":"article","og_title":"Reajustes anuais abusivos de planos de sa\u00fade coletivos e empresariais s\u00e3o contestados na justi\u00e7a - Portal MF","og_description":"As mensalidades cobradas por planos de sa\u00fade coletivo e empresarial t\u00eam sofrido aumentos abusivos e frequentes. Diante desta realidade, muitos usu\u00e1rios t\u00eam acionado o poder judici\u00e1rio para revisar os contratos, a fim de que seja aplicado, como teto, os reajustes autorizados pela Ag\u00eancia Nacional de Sa\u00fade (ANS). A busca pela devolu\u00e7\u00e3o do valor atualizado relativo [&hellip;]","og_url":"https:\/\/portalmf.com.br\/index.php\/2022\/09\/13\/reajustes-anuais-abusivos-de-planos-de-saude-coletivos-e-empresariais-sao-contestados-na-justica\/","og_site_name":"Portal MF","article_author":"reginaldojrfsa","article_published_time":"2022-09-13T18:55:55+00:00","article_modified_time":"2022-09-13T18:55:57+00:00","og_image":[{"width":1200,"height":754,"url":"https:\/\/portalmf.com.br\/wp-content\/uploads\/2022\/09\/planos-de-saude.jpg","type":"image\/jpeg"}],"author":"Reginaldo J\u00fanior","twitter_card":"summary_large_image","twitter_creator":"@reginaldojrmf","twitter_misc":{"Escrito por":"Reginaldo J\u00fanior","Est. tempo de leitura":"3 minutos"},"schema":{"@context":"https:\/\/schema.org","@graph":[{"@type":"WebPage","@id":"https:\/\/portalmf.com.br\/index.php\/2022\/09\/13\/reajustes-anuais-abusivos-de-planos-de-saude-coletivos-e-empresariais-sao-contestados-na-justica\/","url":"https:\/\/portalmf.com.br\/index.php\/2022\/09\/13\/reajustes-anuais-abusivos-de-planos-de-saude-coletivos-e-empresariais-sao-contestados-na-justica\/","name":"Reajustes anuais abusivos de planos de sa\u00fade coletivos e empresariais s\u00e3o contestados na justi\u00e7a - Portal MF","isPartOf":{"@id":"https:\/\/portalmf.com.br\/#website"},"primaryImageOfPage":{"@id":"https:\/\/portalmf.com.br\/index.php\/2022\/09\/13\/reajustes-anuais-abusivos-de-planos-de-saude-coletivos-e-empresariais-sao-contestados-na-justica\/#primaryimage"},"image":{"@id":"https:\/\/portalmf.com.br\/index.php\/2022\/09\/13\/reajustes-anuais-abusivos-de-planos-de-saude-coletivos-e-empresariais-sao-contestados-na-justica\/#primaryimage"},"thumbnailUrl":"https:\/\/portalmf.com.br\/wp-content\/uploads\/2022\/09\/planos-de-saude.jpg","datePublished":"2022-09-13T18:55:55+00:00","dateModified":"2022-09-13T18:55:57+00:00","author":{"@id":"https:\/\/portalmf.com.br\/#\/schema\/person\/11c82086fe8abc05a19147e964587285"},"breadcrumb":{"@id":"https:\/\/portalmf.com.br\/index.php\/2022\/09\/13\/reajustes-anuais-abusivos-de-planos-de-saude-coletivos-e-empresariais-sao-contestados-na-justica\/#breadcrumb"},"inLanguage":"pt-BR","potentialAction":[{"@type":"ReadAction","target":["https:\/\/portalmf.com.br\/index.php\/2022\/09\/13\/reajustes-anuais-abusivos-de-planos-de-saude-coletivos-e-empresariais-sao-contestados-na-justica\/"]}]},{"@type":"ImageObject","inLanguage":"pt-BR","@id":"https:\/\/portalmf.com.br\/index.php\/2022\/09\/13\/reajustes-anuais-abusivos-de-planos-de-saude-coletivos-e-empresariais-sao-contestados-na-justica\/#primaryimage","url":"https:\/\/portalmf.com.br\/wp-content\/uploads\/2022\/09\/planos-de-saude.jpg","contentUrl":"https:\/\/portalmf.com.br\/wp-content\/uploads\/2022\/09\/planos-de-saude.jpg","width":1200,"height":754},{"@type":"BreadcrumbList","@id":"https:\/\/portalmf.com.br\/index.php\/2022\/09\/13\/reajustes-anuais-abusivos-de-planos-de-saude-coletivos-e-empresariais-sao-contestados-na-justica\/#breadcrumb","itemListElement":[{"@type":"ListItem","position":1,"name":"In\u00edcio","item":"https:\/\/portalmf.com.br\/"},{"@type":"ListItem","position":2,"name":"Reajustes anuais abusivos de planos de sa\u00fade coletivos e empresariais s\u00e3o contestados na justi\u00e7a"}]},{"@type":"WebSite","@id":"https:\/\/portalmf.com.br\/#website","url":"https:\/\/portalmf.com.br\/","name":"Portal MF","description":"Voc\u00ea conectado com a informa\u00e7\u00e3o","potentialAction":[{"@type":"SearchAction","target":{"@type":"EntryPoint","urlTemplate":"https:\/\/portalmf.com.br\/?s={search_term_string}"},"query-input":"required name=search_term_string"}],"inLanguage":"pt-BR"},{"@type":"Person","@id":"https:\/\/portalmf.com.br\/#\/schema\/person\/11c82086fe8abc05a19147e964587285","name":"Reginaldo J\u00fanior","image":{"@type":"ImageObject","inLanguage":"pt-BR","@id":"https:\/\/portalmf.com.br\/#\/schema\/person\/image\/","url":"https:\/\/secure.gravatar.com\/avatar\/32a3c797cd0ac47cc53b8644c62776f9?s=96&d=mm&r=g","contentUrl":"https:\/\/secure.gravatar.com\/avatar\/32a3c797cd0ac47cc53b8644c62776f9?s=96&d=mm&r=g","caption":"Reginaldo J\u00fanior"},"description":"Jornalista e idealizador Portal MF","sameAs":["https:\/\/portalmf.com.br\/index.php\/author\/reginaldojr\/","reginaldojrfsa","reginaldojuniormf","https:\/\/x.com\/reginaldojrmf"],"url":"https:\/\/portalmf.com.br\/index.php\/author\/reginaldojr\/"}]}},"_links":{"self":[{"href":"https:\/\/portalmf.com.br\/index.php\/wp-json\/wp\/v2\/posts\/4224"}],"collection":[{"href":"https:\/\/portalmf.com.br\/index.php\/wp-json\/wp\/v2\/posts"}],"about":[{"href":"https:\/\/portalmf.com.br\/index.php\/wp-json\/wp\/v2\/types\/post"}],"author":[{"embeddable":true,"href":"https:\/\/portalmf.com.br\/index.php\/wp-json\/wp\/v2\/users\/2"}],"replies":[{"embeddable":true,"href":"https:\/\/portalmf.com.br\/index.php\/wp-json\/wp\/v2\/comments?post=4224"}],"version-history":[{"count":1,"href":"https:\/\/portalmf.com.br\/index.php\/wp-json\/wp\/v2\/posts\/4224\/revisions"}],"predecessor-version":[{"id":4226,"href":"https:\/\/portalmf.com.br\/index.php\/wp-json\/wp\/v2\/posts\/4224\/revisions\/4226"}],"wp:featuredmedia":[{"embeddable":true,"href":"https:\/\/portalmf.com.br\/index.php\/wp-json\/wp\/v2\/media\/4225"}],"wp:attachment":[{"href":"https:\/\/portalmf.com.br\/index.php\/wp-json\/wp\/v2\/media?parent=4224"}],"wp:term":[{"taxonomy":"category","embeddable":true,"href":"https:\/\/portalmf.com.br\/index.php\/wp-json\/wp\/v2\/categories?post=4224"},{"taxonomy":"post_tag","embeddable":true,"href":"https:\/\/portalmf.com.br\/index.php\/wp-json\/wp\/v2\/tags?post=4224"}],"curies":[{"name":"wp","href":"https:\/\/api.w.org\/{rel}","templated":true}]}}