{"id":4218,"date":"2022-09-13T15:16:11","date_gmt":"2022-09-13T18:16:11","guid":{"rendered":"http:\/\/portalmf.com.br\/?p=4218"},"modified":"2022-09-13T15:16:13","modified_gmt":"2022-09-13T18:16:13","slug":"vice-prefeito-de-seabra-declara-apoio-a-jeronimo-lula-e-otto","status":"publish","type":"post","link":"https:\/\/portalmf.com.br\/index.php\/2022\/09\/13\/vice-prefeito-de-seabra-declara-apoio-a-jeronimo-lula-e-otto\/","title":{"rendered":"Vice-prefeito de Seabra declara apoio a Jer\u00f4nimo, Lula e Otto"},"content":{"rendered":"\n<p>O vice-prefeito de Seabra, Marlon Leite (Solidariedade), declarou, nesta ter\u00e7a-feira (13), apoio \u00e0 candidatura de Jer\u00f4nimo Rodrigues (PT) a governador do Estado. \u201cA minha decis\u00e3o foi ouvindo o grupo pol\u00edtico e a popula\u00e7\u00e3o de Seabra, e a maioria da popula\u00e7\u00e3o pediu para que n\u00f3s fic\u00e1ssemos com Jer\u00f4nimo. N\u00f3s sempre acreditamos nesse projeto pol\u00edtico e o plano de governo de Jer\u00f4nimo \u00e9 o que mais atende aos interesses da popula\u00e7\u00e3o\u201d, afirmou Leite. A decis\u00e3o do vice-prefeito vai de encontro ao an\u00fancio feito pelo atual prefeito F\u00e1bio Lago Sul (PP), que decidiu romper com o Time de Lula na Bahia. <\/p>\n\n\n\n<p><em>\u201cFicamos sabendo agora da decis\u00e3o do prefeito, mas pelas primeiras conversas com algumas lideran\u00e7as, a maioria vai seguir Jer\u00f4nimo. Aqui sempre apoiamos Lula\u201d,<\/em> disse o vice-prefeito.<\/p>\n\n\n\n<p>Marlon Leite ainda lembrou que Seabra e a Chapada Diamantina, no governo Rui Costa, passaram a contar com uma maternidade, refer\u00eancia em atendimento pedi\u00e1trico e parto de alto risco. \u201cRui Costa trouxe muitos benef\u00edcios para Seabra. N\u00f3s n\u00e3o t\u00ednhamos maternidade. O hospital [da cidade] faliu. S\u00f3 t\u00ednhamos a UPA e a prefeitura encaminhava as m\u00e3es para a cidade vizinha de Iraquara e essas despesas com os partos eram arcadas com recursos do munic\u00edpio. Foi um salto muito grande para as m\u00e3es, que puderam ver seus filhos nascerem em sua cidade\u201d, relatou. A Maternidade Frei Justo Venture custou R$ 17,5 milh\u00f5es, recursos do Estado investidos em obras e equipamentos para atender m\u00e3es das cidades de Seabra e Aba\u00edra, Boninal, Ibitiara, Iraquara, Len\u00e7\u00f3is, Mucug\u00ea, Novo Horizonte, Palmeiras, Piat\u00e3 e Souto Soares.&nbsp;<br>&nbsp;<br>Al\u00e9m da unidade de sa\u00fade, o governo do Estado realiza diversas obras, num total de R$ 50 milh\u00f5es j\u00e1 investidos pelo Estado no munic\u00edpio. \u201cTudo que Rui n\u00e3o conseguir concluir, Jer\u00f4nimo j\u00e1 nos garantiu que ele concluir\u00e1 no seu governo, e a popula\u00e7\u00e3o seabrense, n\u00e3o s\u00f3 confia nesse time, como tem gratid\u00e3o por tudo que foi feito por nossa cidade\u201d, agradeceu Marlon Leite.<\/p>\n","protected":false},"excerpt":{"rendered":"<p>O vice-prefeito de Seabra, Marlon Leite (Solidariedade), declarou, nesta ter\u00e7a-feira (13), apoio \u00e0 candidatura de Jer\u00f4nimo Rodrigues (PT) a governador do Estado. \u201cA minha decis\u00e3o foi ouvindo o grupo pol\u00edtico e a popula\u00e7\u00e3o de Seabra, e a maioria da popula\u00e7\u00e3o pediu para que n\u00f3s fic\u00e1ssemos com Jer\u00f4nimo. N\u00f3s sempre acreditamos nesse projeto pol\u00edtico e o [&hellip;]<\/p>\n","protected":false},"author":2,"featured_media":4219,"comment_status":"open","ping_status":"open","sticky":false,"template":"","format":"standard","meta":{"_monsterinsights_skip_tracking":false,"_monsterinsights_sitenote_active":false,"_monsterinsights_sitenote_note":"","_monsterinsights_sitenote_category":0,"footnotes":""},"categories":[34],"tags":[66,67],"yoast_head":"<!-- This site is optimized with the Yoast SEO plugin v22.9 - https:\/\/yoast.com\/wordpress\/plugins\/seo\/ -->\n<title>Vice-prefeito de Seabra declara apoio a Jer\u00f4nimo, Lula e Otto - Portal MF<\/title>\n<meta name=\"robots\" content=\"index, follow, max-snippet:-1, max-image-preview:large, max-video-preview:-1\" \/>\n<link rel=\"canonical\" href=\"https:\/\/portalmf.com.br\/index.php\/2022\/09\/13\/vice-prefeito-de-seabra-declara-apoio-a-jeronimo-lula-e-otto\/\" \/>\n<meta property=\"og:locale\" content=\"pt_BR\" \/>\n<meta property=\"og:type\" content=\"article\" \/>\n<meta property=\"og:title\" content=\"Vice-prefeito de Seabra declara apoio a Jer\u00f4nimo, Lula e Otto - Portal MF\" \/>\n<meta property=\"og:description\" content=\"O vice-prefeito de Seabra, Marlon Leite (Solidariedade), declarou, nesta ter\u00e7a-feira (13), apoio \u00e0 candidatura de Jer\u00f4nimo Rodrigues (PT) a governador do Estado. \u201cA minha decis\u00e3o foi ouvindo o grupo pol\u00edtico e a popula\u00e7\u00e3o de Seabra, e a maioria da popula\u00e7\u00e3o pediu para que n\u00f3s fic\u00e1ssemos com Jer\u00f4nimo. N\u00f3s sempre acreditamos nesse projeto pol\u00edtico e o [&hellip;]\" \/>\n<meta property=\"og:url\" content=\"https:\/\/portalmf.com.br\/index.php\/2022\/09\/13\/vice-prefeito-de-seabra-declara-apoio-a-jeronimo-lula-e-otto\/\" \/>\n<meta property=\"og:site_name\" content=\"Portal MF\" \/>\n<meta property=\"article:author\" content=\"reginaldojrfsa\" \/>\n<meta property=\"article:published_time\" content=\"2022-09-13T18:16:11+00:00\" \/>\n<meta property=\"article:modified_time\" content=\"2022-09-13T18:16:13+00:00\" \/>\n<meta property=\"og:image\" content=\"https:\/\/portalmf.com.br\/wp-content\/uploads\/2022\/09\/WhatsApp-Image-2022-09-13-at-13.21.28-1.jpeg\" \/>\n\t<meta property=\"og:image:width\" content=\"1080\" \/>\n\t<meta property=\"og:image:height\" content=\"749\" \/>\n\t<meta property=\"og:image:type\" content=\"image\/jpeg\" \/>\n<meta name=\"author\" content=\"Reginaldo J\u00fanior\" \/>\n<meta name=\"twitter:card\" content=\"summary_large_image\" \/>\n<meta name=\"twitter:creator\" content=\"@reginaldojrmf\" \/>\n<meta name=\"twitter:label1\" content=\"Escrito por\" \/>\n\t<meta name=\"twitter:data1\" content=\"Reginaldo J\u00fanior\" \/>\n\t<meta name=\"twitter:label2\" content=\"Est. tempo de leitura\" \/>\n\t<meta name=\"twitter:data2\" content=\"2 minutos\" \/>\n<script type=\"application\/ld+json\" class=\"yoast-schema-graph\">{\"@context\":\"https:\/\/schema.org\",\"@graph\":[{\"@type\":\"WebPage\",\"@id\":\"https:\/\/portalmf.com.br\/index.php\/2022\/09\/13\/vice-prefeito-de-seabra-declara-apoio-a-jeronimo-lula-e-otto\/\",\"url\":\"https:\/\/portalmf.com.br\/index.php\/2022\/09\/13\/vice-prefeito-de-seabra-declara-apoio-a-jeronimo-lula-e-otto\/\",\"name\":\"Vice-prefeito de Seabra declara apoio a Jer\u00f4nimo, Lula e Otto - Portal MF\",\"isPartOf\":{\"@id\":\"https:\/\/portalmf.com.br\/#website\"},\"primaryImageOfPage\":{\"@id\":\"https:\/\/portalmf.com.br\/index.php\/2022\/09\/13\/vice-prefeito-de-seabra-declara-apoio-a-jeronimo-lula-e-otto\/#primaryimage\"},\"image\":{\"@id\":\"https:\/\/portalmf.com.br\/index.php\/2022\/09\/13\/vice-prefeito-de-seabra-declara-apoio-a-jeronimo-lula-e-otto\/#primaryimage\"},\"thumbnailUrl\":\"https:\/\/portalmf.com.br\/wp-content\/uploads\/2022\/09\/WhatsApp-Image-2022-09-13-at-13.21.28-1.jpeg\",\"datePublished\":\"2022-09-13T18:16:11+00:00\",\"dateModified\":\"2022-09-13T18:16:13+00:00\",\"author\":{\"@id\":\"https:\/\/portalmf.com.br\/#\/schema\/person\/11c82086fe8abc05a19147e964587285\"},\"breadcrumb\":{\"@id\":\"https:\/\/portalmf.com.br\/index.php\/2022\/09\/13\/vice-prefeito-de-seabra-declara-apoio-a-jeronimo-lula-e-otto\/#breadcrumb\"},\"inLanguage\":\"pt-BR\",\"potentialAction\":[{\"@type\":\"ReadAction\",\"target\":[\"https:\/\/portalmf.com.br\/index.php\/2022\/09\/13\/vice-prefeito-de-seabra-declara-apoio-a-jeronimo-lula-e-otto\/\"]}]},{\"@type\":\"ImageObject\",\"inLanguage\":\"pt-BR\",\"@id\":\"https:\/\/portalmf.com.br\/index.php\/2022\/09\/13\/vice-prefeito-de-seabra-declara-apoio-a-jeronimo-lula-e-otto\/#primaryimage\",\"url\":\"https:\/\/portalmf.com.br\/wp-content\/uploads\/2022\/09\/WhatsApp-Image-2022-09-13-at-13.21.28-1.jpeg\",\"contentUrl\":\"https:\/\/portalmf.com.br\/wp-content\/uploads\/2022\/09\/WhatsApp-Image-2022-09-13-at-13.21.28-1.jpeg\",\"width\":1080,\"height\":749},{\"@type\":\"BreadcrumbList\",\"@id\":\"https:\/\/portalmf.com.br\/index.php\/2022\/09\/13\/vice-prefeito-de-seabra-declara-apoio-a-jeronimo-lula-e-otto\/#breadcrumb\",\"itemListElement\":[{\"@type\":\"ListItem\",\"position\":1,\"name\":\"In\u00edcio\",\"item\":\"https:\/\/portalmf.com.br\/\"},{\"@type\":\"ListItem\",\"position\":2,\"name\":\"Vice-prefeito de Seabra declara apoio a Jer\u00f4nimo, Lula e Otto\"}]},{\"@type\":\"WebSite\",\"@id\":\"https:\/\/portalmf.com.br\/#website\",\"url\":\"https:\/\/portalmf.com.br\/\",\"name\":\"Portal MF\",\"description\":\"Voc\u00ea conectado com a informa\u00e7\u00e3o\",\"potentialAction\":[{\"@type\":\"SearchAction\",\"target\":{\"@type\":\"EntryPoint\",\"urlTemplate\":\"https:\/\/portalmf.com.br\/?s={search_term_string}\"},\"query-input\":\"required name=search_term_string\"}],\"inLanguage\":\"pt-BR\"},{\"@type\":\"Person\",\"@id\":\"https:\/\/portalmf.com.br\/#\/schema\/person\/11c82086fe8abc05a19147e964587285\",\"name\":\"Reginaldo J\u00fanior\",\"image\":{\"@type\":\"ImageObject\",\"inLanguage\":\"pt-BR\",\"@id\":\"https:\/\/portalmf.com.br\/#\/schema\/person\/image\/\",\"url\":\"https:\/\/secure.gravatar.com\/avatar\/32a3c797cd0ac47cc53b8644c62776f9?s=96&d=mm&r=g\",\"contentUrl\":\"https:\/\/secure.gravatar.com\/avatar\/32a3c797cd0ac47cc53b8644c62776f9?s=96&d=mm&r=g\",\"caption\":\"Reginaldo J\u00fanior\"},\"description\":\"Jornalista e idealizador Portal MF\",\"sameAs\":[\"https:\/\/portalmf.com.br\/index.php\/author\/reginaldojr\/\",\"reginaldojrfsa\",\"reginaldojuniormf\",\"https:\/\/x.com\/reginaldojrmf\"],\"url\":\"https:\/\/portalmf.com.br\/index.php\/author\/reginaldojr\/\"}]}<\/script>\n<!-- \/ Yoast SEO plugin. -->","yoast_head_json":{"title":"Vice-prefeito de Seabra declara apoio a Jer\u00f4nimo, Lula e Otto - Portal MF","robots":{"index":"index","follow":"follow","max-snippet":"max-snippet:-1","max-image-preview":"max-image-preview:large","max-video-preview":"max-video-preview:-1"},"canonical":"https:\/\/portalmf.com.br\/index.php\/2022\/09\/13\/vice-prefeito-de-seabra-declara-apoio-a-jeronimo-lula-e-otto\/","og_locale":"pt_BR","og_type":"article","og_title":"Vice-prefeito de Seabra declara apoio a Jer\u00f4nimo, Lula e Otto - Portal MF","og_description":"O vice-prefeito de Seabra, Marlon Leite (Solidariedade), declarou, nesta ter\u00e7a-feira (13), apoio \u00e0 candidatura de Jer\u00f4nimo Rodrigues (PT) a governador do Estado. \u201cA minha decis\u00e3o foi ouvindo o grupo pol\u00edtico e a popula\u00e7\u00e3o de Seabra, e a maioria da popula\u00e7\u00e3o pediu para que n\u00f3s fic\u00e1ssemos com Jer\u00f4nimo. N\u00f3s sempre acreditamos nesse projeto pol\u00edtico e o [&hellip;]","og_url":"https:\/\/portalmf.com.br\/index.php\/2022\/09\/13\/vice-prefeito-de-seabra-declara-apoio-a-jeronimo-lula-e-otto\/","og_site_name":"Portal MF","article_author":"reginaldojrfsa","article_published_time":"2022-09-13T18:16:11+00:00","article_modified_time":"2022-09-13T18:16:13+00:00","og_image":[{"width":1080,"height":749,"url":"https:\/\/portalmf.com.br\/wp-content\/uploads\/2022\/09\/WhatsApp-Image-2022-09-13-at-13.21.28-1.jpeg","type":"image\/jpeg"}],"author":"Reginaldo J\u00fanior","twitter_card":"summary_large_image","twitter_creator":"@reginaldojrmf","twitter_misc":{"Escrito por":"Reginaldo J\u00fanior","Est. tempo de leitura":"2 minutos"},"schema":{"@context":"https:\/\/schema.org","@graph":[{"@type":"WebPage","@id":"https:\/\/portalmf.com.br\/index.php\/2022\/09\/13\/vice-prefeito-de-seabra-declara-apoio-a-jeronimo-lula-e-otto\/","url":"https:\/\/portalmf.com.br\/index.php\/2022\/09\/13\/vice-prefeito-de-seabra-declara-apoio-a-jeronimo-lula-e-otto\/","name":"Vice-prefeito de Seabra declara apoio a Jer\u00f4nimo, Lula e Otto - Portal MF","isPartOf":{"@id":"https:\/\/portalmf.com.br\/#website"},"primaryImageOfPage":{"@id":"https:\/\/portalmf.com.br\/index.php\/2022\/09\/13\/vice-prefeito-de-seabra-declara-apoio-a-jeronimo-lula-e-otto\/#primaryimage"},"image":{"@id":"https:\/\/portalmf.com.br\/index.php\/2022\/09\/13\/vice-prefeito-de-seabra-declara-apoio-a-jeronimo-lula-e-otto\/#primaryimage"},"thumbnailUrl":"https:\/\/portalmf.com.br\/wp-content\/uploads\/2022\/09\/WhatsApp-Image-2022-09-13-at-13.21.28-1.jpeg","datePublished":"2022-09-13T18:16:11+00:00","dateModified":"2022-09-13T18:16:13+00:00","author":{"@id":"https:\/\/portalmf.com.br\/#\/schema\/person\/11c82086fe8abc05a19147e964587285"},"breadcrumb":{"@id":"https:\/\/portalmf.com.br\/index.php\/2022\/09\/13\/vice-prefeito-de-seabra-declara-apoio-a-jeronimo-lula-e-otto\/#breadcrumb"},"inLanguage":"pt-BR","potentialAction":[{"@type":"ReadAction","target":["https:\/\/portalmf.com.br\/index.php\/2022\/09\/13\/vice-prefeito-de-seabra-declara-apoio-a-jeronimo-lula-e-otto\/"]}]},{"@type":"ImageObject","inLanguage":"pt-BR","@id":"https:\/\/portalmf.com.br\/index.php\/2022\/09\/13\/vice-prefeito-de-seabra-declara-apoio-a-jeronimo-lula-e-otto\/#primaryimage","url":"https:\/\/portalmf.com.br\/wp-content\/uploads\/2022\/09\/WhatsApp-Image-2022-09-13-at-13.21.28-1.jpeg","contentUrl":"https:\/\/portalmf.com.br\/wp-content\/uploads\/2022\/09\/WhatsApp-Image-2022-09-13-at-13.21.28-1.jpeg","width":1080,"height":749},{"@type":"BreadcrumbList","@id":"https:\/\/portalmf.com.br\/index.php\/2022\/09\/13\/vice-prefeito-de-seabra-declara-apoio-a-jeronimo-lula-e-otto\/#breadcrumb","itemListElement":[{"@type":"ListItem","position":1,"name":"In\u00edcio","item":"https:\/\/portalmf.com.br\/"},{"@type":"ListItem","position":2,"name":"Vice-prefeito de Seabra declara apoio a Jer\u00f4nimo, Lula e Otto"}]},{"@type":"WebSite","@id":"https:\/\/portalmf.com.br\/#website","url":"https:\/\/portalmf.com.br\/","name":"Portal MF","description":"Voc\u00ea conectado com a informa\u00e7\u00e3o","potentialAction":[{"@type":"SearchAction","target":{"@type":"EntryPoint","urlTemplate":"https:\/\/portalmf.com.br\/?s={search_term_string}"},"query-input":"required name=search_term_string"}],"inLanguage":"pt-BR"},{"@type":"Person","@id":"https:\/\/portalmf.com.br\/#\/schema\/person\/11c82086fe8abc05a19147e964587285","name":"Reginaldo J\u00fanior","image":{"@type":"ImageObject","inLanguage":"pt-BR","@id":"https:\/\/portalmf.com.br\/#\/schema\/person\/image\/","url":"https:\/\/secure.gravatar.com\/avatar\/32a3c797cd0ac47cc53b8644c62776f9?s=96&d=mm&r=g","contentUrl":"https:\/\/secure.gravatar.com\/avatar\/32a3c797cd0ac47cc53b8644c62776f9?s=96&d=mm&r=g","caption":"Reginaldo J\u00fanior"},"description":"Jornalista e idealizador Portal MF","sameAs":["https:\/\/portalmf.com.br\/index.php\/author\/reginaldojr\/","reginaldojrfsa","reginaldojuniormf","https:\/\/x.com\/reginaldojrmf"],"url":"https:\/\/portalmf.com.br\/index.php\/author\/reginaldojr\/"}]}},"_links":{"self":[{"href":"https:\/\/portalmf.com.br\/index.php\/wp-json\/wp\/v2\/posts\/4218"}],"collection":[{"href":"https:\/\/portalmf.com.br\/index.php\/wp-json\/wp\/v2\/posts"}],"about":[{"href":"https:\/\/portalmf.com.br\/index.php\/wp-json\/wp\/v2\/types\/post"}],"author":[{"embeddable":true,"href":"https:\/\/portalmf.com.br\/index.php\/wp-json\/wp\/v2\/users\/2"}],"replies":[{"embeddable":true,"href":"https:\/\/portalmf.com.br\/index.php\/wp-json\/wp\/v2\/comments?post=4218"}],"version-history":[{"count":1,"href":"https:\/\/portalmf.com.br\/index.php\/wp-json\/wp\/v2\/posts\/4218\/revisions"}],"predecessor-version":[{"id":4220,"href":"https:\/\/portalmf.com.br\/index.php\/wp-json\/wp\/v2\/posts\/4218\/revisions\/4220"}],"wp:featuredmedia":[{"embeddable":true,"href":"https:\/\/portalmf.com.br\/index.php\/wp-json\/wp\/v2\/media\/4219"}],"wp:attachment":[{"href":"https:\/\/portalmf.com.br\/index.php\/wp-json\/wp\/v2\/media?parent=4218"}],"wp:term":[{"taxonomy":"category","embeddable":true,"href":"https:\/\/portalmf.com.br\/index.php\/wp-json\/wp\/v2\/categories?post=4218"},{"taxonomy":"post_tag","embeddable":true,"href":"https:\/\/portalmf.com.br\/index.php\/wp-json\/wp\/v2\/tags?post=4218"}],"curies":[{"name":"wp","href":"https:\/\/api.w.org\/{rel}","templated":true}]}}