{"id":42171,"date":"2026-02-19T08:32:29","date_gmt":"2026-02-19T11:32:29","guid":{"rendered":"https:\/\/portalmf.com.br\/?p=42171"},"modified":"2026-02-19T08:32:30","modified_gmt":"2026-02-19T11:32:30","slug":"arrastao-com-carlinhos-brown-e-edcity-fantasmao-encerrou-o-carnaval-da-bahia-2026","status":"publish","type":"post","link":"https:\/\/portalmf.com.br\/index.php\/2026\/02\/19\/arrastao-com-carlinhos-brown-e-edcity-fantasmao-encerrou-o-carnaval-da-bahia-2026\/","title":{"rendered":"Arrast\u00e3o com Carlinhos Brown e Edcity Fantasm\u00e3o encerrou o Carnaval da Bahia 2026"},"content":{"rendered":"\n<p>O tradicional Arrast\u00e3o de Quarta-feira de Cinzas encerrou oficialmente o Carnaval da Bahia 2026, mantendo o clima festivo at\u00e9 os \u00faltimos momentos da folia. Edcity Fantasm\u00e3o comandou o percurso \u00e0 frente da Pipoca da Cidadania, iniciativa que homenageia profissionais fundamentais para a realiza\u00e7\u00e3o do Carnaval, como cordeiros, ambulantes e agentes de limpeza.<\/p>\n\n\n\n<figure class=\"wp-block-image size-large\"><img fetchpriority=\"high\" decoding=\"async\" width=\"1024\" height=\"683\" src=\"https:\/\/portalmf.com.br\/wp-content\/uploads\/2026\/02\/Carlinhos-Brown-1024x683.jpg\" alt=\"\" class=\"wp-image-42174\" srcset=\"https:\/\/portalmf.com.br\/wp-content\/uploads\/2026\/02\/Carlinhos-Brown-1024x683.jpg 1024w, https:\/\/portalmf.com.br\/wp-content\/uploads\/2026\/02\/Carlinhos-Brown-300x200.jpg 300w, https:\/\/portalmf.com.br\/wp-content\/uploads\/2026\/02\/Carlinhos-Brown-768x512.jpg 768w, https:\/\/portalmf.com.br\/wp-content\/uploads\/2026\/02\/Carlinhos-Brown-696x464.jpg 696w, https:\/\/portalmf.com.br\/wp-content\/uploads\/2026\/02\/Carlinhos-Brown-1068x713.jpg 1068w, https:\/\/portalmf.com.br\/wp-content\/uploads\/2026\/02\/Carlinhos-Brown.jpg 1280w\" sizes=\"(max-width: 1024px) 100vw, 1024px\" \/><figcaption class=\"wp-element-caption\"><strong>Foto: Ag\u00eancia Fred Pontes<\/strong><\/figcaption><\/figure>\n\n\n\n<p>J\u00e1 Carlinhos Brown, presen\u00e7a tradicional no Arrast\u00e3o, mais uma vez levou sua energia caracter\u00edstica ao encerramento da festa, refor\u00e7ando um ritual j\u00e1 esperado pelos foli\u00f5es.<\/p>\n\n\n\n<figure class=\"wp-block-image size-large is-resized\"><img decoding=\"async\" width=\"1024\" height=\"683\" src=\"https:\/\/portalmf.com.br\/wp-content\/uploads\/2026\/02\/Carlinhos-Brown-1024x683.jpg\" alt=\"\" class=\"wp-image-42174\" style=\"width:634px;height:auto\" srcset=\"https:\/\/portalmf.com.br\/wp-content\/uploads\/2026\/02\/Carlinhos-Brown-1024x683.jpg 1024w, https:\/\/portalmf.com.br\/wp-content\/uploads\/2026\/02\/Carlinhos-Brown-300x200.jpg 300w, https:\/\/portalmf.com.br\/wp-content\/uploads\/2026\/02\/Carlinhos-Brown-768x512.jpg 768w, https:\/\/portalmf.com.br\/wp-content\/uploads\/2026\/02\/Carlinhos-Brown-696x464.jpg 696w, https:\/\/portalmf.com.br\/wp-content\/uploads\/2026\/02\/Carlinhos-Brown-1068x713.jpg 1068w, https:\/\/portalmf.com.br\/wp-content\/uploads\/2026\/02\/Carlinhos-Brown.jpg 1280w\" sizes=\"(max-width: 1024px) 100vw, 1024px\" \/><figcaption class=\"wp-element-caption\">Foto: Ag\u00eancia Fred Pontes<\/figcaption><\/figure>\n\n\n\n<p>Durante os sete dias oficiais, a programa\u00e7\u00e3o reuniu centenas de atra\u00e7\u00f5es distribu\u00eddas pelos circuitos e bairros da capital e tamb\u00e9m em diversas cidades do interior. Do ax\u00e9 ao pagode, passando pelo samba, afro, eletr\u00f4nico e forr\u00f3, a pluralidade art\u00edstica foi uma das marcas da edi\u00e7\u00e3o, refor\u00e7ando a dimens\u00e3o cultural e popular do Carnaval baiano.A estimativa \u00e9 de que cerca de 3,7 milh\u00f5es de turistas tenham passado pela capital baiana e outras regi\u00f5es do estado, gerando uma inje\u00e7\u00e3o aproximada de R$ 8 bilh\u00f5es na economia. O impacto positivo foi percebido especialmente nos setores de hotelaria, transporte, alimenta\u00e7\u00e3o, com\u00e9rcio e servi\u00e7os.<\/p>\n\n\n\n<figure class=\"wp-block-image size-large\"><img decoding=\"async\" width=\"1024\" height=\"683\" src=\"https:\/\/portalmf.com.br\/wp-content\/uploads\/2026\/02\/Carnaval-da-Bahia-2026-comeca-com-grandes-atracoes-e-multidoes-nas-ruas-1-1024x683.jpg\" alt=\"\" class=\"wp-image-41983\" srcset=\"https:\/\/portalmf.com.br\/wp-content\/uploads\/2026\/02\/Carnaval-da-Bahia-2026-comeca-com-grandes-atracoes-e-multidoes-nas-ruas-1-1024x683.jpg 1024w, https:\/\/portalmf.com.br\/wp-content\/uploads\/2026\/02\/Carnaval-da-Bahia-2026-comeca-com-grandes-atracoes-e-multidoes-nas-ruas-1-300x200.jpg 300w, https:\/\/portalmf.com.br\/wp-content\/uploads\/2026\/02\/Carnaval-da-Bahia-2026-comeca-com-grandes-atracoes-e-multidoes-nas-ruas-1-768x512.jpg 768w, https:\/\/portalmf.com.br\/wp-content\/uploads\/2026\/02\/Carnaval-da-Bahia-2026-comeca-com-grandes-atracoes-e-multidoes-nas-ruas-1-696x464.jpg 696w, https:\/\/portalmf.com.br\/wp-content\/uploads\/2026\/02\/Carnaval-da-Bahia-2026-comeca-com-grandes-atracoes-e-multidoes-nas-ruas-1-1068x712.jpg 1068w, https:\/\/portalmf.com.br\/wp-content\/uploads\/2026\/02\/Carnaval-da-Bahia-2026-comeca-com-grandes-atracoes-e-multidoes-nas-ruas-1.jpg 1531w\" sizes=\"(max-width: 1024px) 100vw, 1024px\" \/><figcaption class=\"wp-element-caption\"><strong>Fotos: Fred Pontes<\/strong><\/figcaption><\/figure>\n\n\n\n<p>O Carnaval da Bahia 2026 tamb\u00e9m sinaliza uma marca hist\u00f3rica no fluxo de visitantes que circularam pelas 13 zonas tur\u00edsticas do estado. Na capital e no interior da Bahia, a folia contou com apoio do Governo da Bahia em mais de 150 munic\u00edpios, com a\u00e7\u00f5es e servi\u00e7os nas \u00e1reas de infraestrutura, seguran\u00e7a, turismo, sa\u00fade e direitos humanos, al\u00e9m da contrata\u00e7\u00e3o de atra\u00e7\u00f5es musicais. Outros 80 munic\u00edpios foram contemplados por meio da Superintend\u00eancia de Fomento ao Turismo (Sufotur), garantindo a realiza\u00e7\u00e3o do Carnaval no interior.<\/p>\n\n\n\n<p>Com forte presen\u00e7a popular, diversidade cultural e resultados econ\u00f4micos relevantes, o Arrast\u00e3o encerra oficialmente o Carnaval da Bahia 2026, consolidando mais uma edi\u00e7\u00e3o marcada pela pot\u00eancia cultural, pela mobiliza\u00e7\u00e3o tur\u00edstica e pela import\u00e2ncia da festa para a economia e identidade do estado.<\/p>\n","protected":false},"excerpt":{"rendered":"<p>O tradicional Arrast\u00e3o de Quarta-feira de Cinzas encerrou oficialmente o Carnaval da Bahia 2026, mantendo o clima festivo at\u00e9 os \u00faltimos momentos da folia. Edcity Fantasm\u00e3o comandou o percurso \u00e0 frente da Pipoca da Cidadania, iniciativa que homenageia profissionais fundamentais para a realiza\u00e7\u00e3o do Carnaval, como cordeiros, ambulantes e agentes de limpeza. J\u00e1 Carlinhos Brown, [&hellip;]<\/p>\n","protected":false},"author":3,"featured_media":42173,"comment_status":"open","ping_status":"open","sticky":false,"template":"","format":"standard","meta":{"_monsterinsights_skip_tracking":false,"_monsterinsights_sitenote_active":false,"_monsterinsights_sitenote_note":"","_monsterinsights_sitenote_category":0,"footnotes":""},"categories":[44,48],"tags":[],"yoast_head":"<!-- This site is optimized with the Yoast SEO plugin v22.9 - https:\/\/yoast.com\/wordpress\/plugins\/seo\/ -->\n<title>Arrast\u00e3o com Carlinhos Brown e Edcity Fantasm\u00e3o encerrou o Carnaval da Bahia 2026 - Portal MF<\/title>\n<meta name=\"robots\" content=\"index, follow, max-snippet:-1, max-image-preview:large, max-video-preview:-1\" \/>\n<link rel=\"canonical\" href=\"https:\/\/portalmf.com.br\/index.php\/2026\/02\/19\/arrastao-com-carlinhos-brown-e-edcity-fantasmao-encerrou-o-carnaval-da-bahia-2026\/\" \/>\n<meta property=\"og:locale\" content=\"pt_BR\" \/>\n<meta property=\"og:type\" content=\"article\" \/>\n<meta property=\"og:title\" content=\"Arrast\u00e3o com Carlinhos Brown e Edcity Fantasm\u00e3o encerrou o Carnaval da Bahia 2026 - Portal MF\" \/>\n<meta property=\"og:description\" content=\"O tradicional Arrast\u00e3o de Quarta-feira de Cinzas encerrou oficialmente o Carnaval da Bahia 2026, mantendo o clima festivo at\u00e9 os \u00faltimos momentos da folia. Edcity Fantasm\u00e3o comandou o percurso \u00e0 frente da Pipoca da Cidadania, iniciativa que homenageia profissionais fundamentais para a realiza\u00e7\u00e3o do Carnaval, como cordeiros, ambulantes e agentes de limpeza. J\u00e1 Carlinhos Brown, [&hellip;]\" \/>\n<meta property=\"og:url\" content=\"https:\/\/portalmf.com.br\/index.php\/2026\/02\/19\/arrastao-com-carlinhos-brown-e-edcity-fantasmao-encerrou-o-carnaval-da-bahia-2026\/\" \/>\n<meta property=\"og:site_name\" content=\"Portal MF\" \/>\n<meta property=\"article:author\" content=\"https:\/\/www.facebook.com\/portalmfoficial\" \/>\n<meta property=\"article:published_time\" content=\"2026-02-19T11:32:29+00:00\" \/>\n<meta property=\"article:modified_time\" content=\"2026-02-19T11:32:30+00:00\" \/>\n<meta property=\"og:image\" content=\"https:\/\/portalmf.com.br\/wp-content\/uploads\/2026\/02\/Arrastao.jpg\" \/>\n\t<meta property=\"og:image:width\" content=\"1280\" \/>\n\t<meta property=\"og:image:height\" content=\"854\" \/>\n\t<meta property=\"og:image:type\" content=\"image\/jpeg\" \/>\n<meta name=\"author\" content=\"Reda\u00e7\u00e3o Portal MF\" \/>\n<meta name=\"twitter:card\" content=\"summary_large_image\" \/>\n<meta name=\"twitter:creator\" content=\"@https:\/\/x.com\/portalmfoficial\" \/>\n<meta name=\"twitter:label1\" content=\"Escrito por\" \/>\n\t<meta name=\"twitter:data1\" content=\"Reda\u00e7\u00e3o Portal MF\" \/>\n\t<meta name=\"twitter:label2\" content=\"Est. tempo de leitura\" \/>\n\t<meta name=\"twitter:data2\" content=\"3 minutos\" \/>\n<script type=\"application\/ld+json\" class=\"yoast-schema-graph\">{\"@context\":\"https:\/\/schema.org\",\"@graph\":[{\"@type\":\"WebPage\",\"@id\":\"https:\/\/portalmf.com.br\/index.php\/2026\/02\/19\/arrastao-com-carlinhos-brown-e-edcity-fantasmao-encerrou-o-carnaval-da-bahia-2026\/\",\"url\":\"https:\/\/portalmf.com.br\/index.php\/2026\/02\/19\/arrastao-com-carlinhos-brown-e-edcity-fantasmao-encerrou-o-carnaval-da-bahia-2026\/\",\"name\":\"Arrast\u00e3o com Carlinhos Brown e Edcity Fantasm\u00e3o encerrou o Carnaval da Bahia 2026 - Portal MF\",\"isPartOf\":{\"@id\":\"https:\/\/portalmf.com.br\/#website\"},\"primaryImageOfPage\":{\"@id\":\"https:\/\/portalmf.com.br\/index.php\/2026\/02\/19\/arrastao-com-carlinhos-brown-e-edcity-fantasmao-encerrou-o-carnaval-da-bahia-2026\/#primaryimage\"},\"image\":{\"@id\":\"https:\/\/portalmf.com.br\/index.php\/2026\/02\/19\/arrastao-com-carlinhos-brown-e-edcity-fantasmao-encerrou-o-carnaval-da-bahia-2026\/#primaryimage\"},\"thumbnailUrl\":\"https:\/\/portalmf.com.br\/wp-content\/uploads\/2026\/02\/Arrastao.jpg\",\"datePublished\":\"2026-02-19T11:32:29+00:00\",\"dateModified\":\"2026-02-19T11:32:30+00:00\",\"author\":{\"@id\":\"https:\/\/portalmf.com.br\/#\/schema\/person\/9ec101baf56233e53520c26de5d6f6f0\"},\"breadcrumb\":{\"@id\":\"https:\/\/portalmf.com.br\/index.php\/2026\/02\/19\/arrastao-com-carlinhos-brown-e-edcity-fantasmao-encerrou-o-carnaval-da-bahia-2026\/#breadcrumb\"},\"inLanguage\":\"pt-BR\",\"potentialAction\":[{\"@type\":\"ReadAction\",\"target\":[\"https:\/\/portalmf.com.br\/index.php\/2026\/02\/19\/arrastao-com-carlinhos-brown-e-edcity-fantasmao-encerrou-o-carnaval-da-bahia-2026\/\"]}]},{\"@type\":\"ImageObject\",\"inLanguage\":\"pt-BR\",\"@id\":\"https:\/\/portalmf.com.br\/index.php\/2026\/02\/19\/arrastao-com-carlinhos-brown-e-edcity-fantasmao-encerrou-o-carnaval-da-bahia-2026\/#primaryimage\",\"url\":\"https:\/\/portalmf.com.br\/wp-content\/uploads\/2026\/02\/Arrastao.jpg\",\"contentUrl\":\"https:\/\/portalmf.com.br\/wp-content\/uploads\/2026\/02\/Arrastao.jpg\",\"width\":1280,\"height\":854},{\"@type\":\"BreadcrumbList\",\"@id\":\"https:\/\/portalmf.com.br\/index.php\/2026\/02\/19\/arrastao-com-carlinhos-brown-e-edcity-fantasmao-encerrou-o-carnaval-da-bahia-2026\/#breadcrumb\",\"itemListElement\":[{\"@type\":\"ListItem\",\"position\":1,\"name\":\"In\u00edcio\",\"item\":\"https:\/\/portalmf.com.br\/\"},{\"@type\":\"ListItem\",\"position\":2,\"name\":\"Arrast\u00e3o com Carlinhos Brown e Edcity Fantasm\u00e3o encerrou o Carnaval da Bahia 2026\"}]},{\"@type\":\"WebSite\",\"@id\":\"https:\/\/portalmf.com.br\/#website\",\"url\":\"https:\/\/portalmf.com.br\/\",\"name\":\"Portal MF\",\"description\":\"Voc\u00ea conectado com a informa\u00e7\u00e3o\",\"potentialAction\":[{\"@type\":\"SearchAction\",\"target\":{\"@type\":\"EntryPoint\",\"urlTemplate\":\"https:\/\/portalmf.com.br\/?s={search_term_string}\"},\"query-input\":\"required name=search_term_string\"}],\"inLanguage\":\"pt-BR\"},{\"@type\":\"Person\",\"@id\":\"https:\/\/portalmf.com.br\/#\/schema\/person\/9ec101baf56233e53520c26de5d6f6f0\",\"name\":\"Reda\u00e7\u00e3o Portal MF\",\"image\":{\"@type\":\"ImageObject\",\"inLanguage\":\"pt-BR\",\"@id\":\"https:\/\/portalmf.com.br\/#\/schema\/person\/image\/\",\"url\":\"https:\/\/secure.gravatar.com\/avatar\/41b9aaeb2100835f7c64362330f74c7f?s=96&d=mm&r=g\",\"contentUrl\":\"https:\/\/secure.gravatar.com\/avatar\/41b9aaeb2100835f7c64362330f74c7f?s=96&d=mm&r=g\",\"caption\":\"Reda\u00e7\u00e3o Portal MF\"},\"description\":\"Sejam bem-vindos o portal de informa\u00e7\u00f5es de entretenimento de Feira de Santana, desde 2006 realiza coberturas dos principais eventos com entrevistas exclusivas com as principais personalidades mundiais. Fique conectado tamb\u00e9m nas redes sociais.\",\"sameAs\":[\"http:\/\/www.portalmf.com.br\/\",\"https:\/\/www.facebook.com\/portalmfoficial\",\"https:\/\/www.instagram.com\/portalmf\/\",\"https:\/\/x.com\/https:\/\/x.com\/portalmfoficial\",\"https:\/\/www.youtube.com\/@portalmfoficial\"],\"url\":\"https:\/\/portalmf.com.br\/index.php\/author\/junior\/\"}]}<\/script>\n<!-- \/ Yoast SEO plugin. -->","yoast_head_json":{"title":"Arrast\u00e3o com Carlinhos Brown e Edcity Fantasm\u00e3o encerrou o Carnaval da Bahia 2026 - Portal MF","robots":{"index":"index","follow":"follow","max-snippet":"max-snippet:-1","max-image-preview":"max-image-preview:large","max-video-preview":"max-video-preview:-1"},"canonical":"https:\/\/portalmf.com.br\/index.php\/2026\/02\/19\/arrastao-com-carlinhos-brown-e-edcity-fantasmao-encerrou-o-carnaval-da-bahia-2026\/","og_locale":"pt_BR","og_type":"article","og_title":"Arrast\u00e3o com Carlinhos Brown e Edcity Fantasm\u00e3o encerrou o Carnaval da Bahia 2026 - Portal MF","og_description":"O tradicional Arrast\u00e3o de Quarta-feira de Cinzas encerrou oficialmente o Carnaval da Bahia 2026, mantendo o clima festivo at\u00e9 os \u00faltimos momentos da folia. Edcity Fantasm\u00e3o comandou o percurso \u00e0 frente da Pipoca da Cidadania, iniciativa que homenageia profissionais fundamentais para a realiza\u00e7\u00e3o do Carnaval, como cordeiros, ambulantes e agentes de limpeza. J\u00e1 Carlinhos Brown, [&hellip;]","og_url":"https:\/\/portalmf.com.br\/index.php\/2026\/02\/19\/arrastao-com-carlinhos-brown-e-edcity-fantasmao-encerrou-o-carnaval-da-bahia-2026\/","og_site_name":"Portal MF","article_author":"https:\/\/www.facebook.com\/portalmfoficial","article_published_time":"2026-02-19T11:32:29+00:00","article_modified_time":"2026-02-19T11:32:30+00:00","og_image":[{"width":1280,"height":854,"url":"https:\/\/portalmf.com.br\/wp-content\/uploads\/2026\/02\/Arrastao.jpg","type":"image\/jpeg"}],"author":"Reda\u00e7\u00e3o Portal MF","twitter_card":"summary_large_image","twitter_creator":"@https:\/\/x.com\/portalmfoficial","twitter_misc":{"Escrito por":"Reda\u00e7\u00e3o Portal MF","Est. tempo de leitura":"3 minutos"},"schema":{"@context":"https:\/\/schema.org","@graph":[{"@type":"WebPage","@id":"https:\/\/portalmf.com.br\/index.php\/2026\/02\/19\/arrastao-com-carlinhos-brown-e-edcity-fantasmao-encerrou-o-carnaval-da-bahia-2026\/","url":"https:\/\/portalmf.com.br\/index.php\/2026\/02\/19\/arrastao-com-carlinhos-brown-e-edcity-fantasmao-encerrou-o-carnaval-da-bahia-2026\/","name":"Arrast\u00e3o com Carlinhos Brown e Edcity Fantasm\u00e3o encerrou o Carnaval da Bahia 2026 - Portal MF","isPartOf":{"@id":"https:\/\/portalmf.com.br\/#website"},"primaryImageOfPage":{"@id":"https:\/\/portalmf.com.br\/index.php\/2026\/02\/19\/arrastao-com-carlinhos-brown-e-edcity-fantasmao-encerrou-o-carnaval-da-bahia-2026\/#primaryimage"},"image":{"@id":"https:\/\/portalmf.com.br\/index.php\/2026\/02\/19\/arrastao-com-carlinhos-brown-e-edcity-fantasmao-encerrou-o-carnaval-da-bahia-2026\/#primaryimage"},"thumbnailUrl":"https:\/\/portalmf.com.br\/wp-content\/uploads\/2026\/02\/Arrastao.jpg","datePublished":"2026-02-19T11:32:29+00:00","dateModified":"2026-02-19T11:32:30+00:00","author":{"@id":"https:\/\/portalmf.com.br\/#\/schema\/person\/9ec101baf56233e53520c26de5d6f6f0"},"breadcrumb":{"@id":"https:\/\/portalmf.com.br\/index.php\/2026\/02\/19\/arrastao-com-carlinhos-brown-e-edcity-fantasmao-encerrou-o-carnaval-da-bahia-2026\/#breadcrumb"},"inLanguage":"pt-BR","potentialAction":[{"@type":"ReadAction","target":["https:\/\/portalmf.com.br\/index.php\/2026\/02\/19\/arrastao-com-carlinhos-brown-e-edcity-fantasmao-encerrou-o-carnaval-da-bahia-2026\/"]}]},{"@type":"ImageObject","inLanguage":"pt-BR","@id":"https:\/\/portalmf.com.br\/index.php\/2026\/02\/19\/arrastao-com-carlinhos-brown-e-edcity-fantasmao-encerrou-o-carnaval-da-bahia-2026\/#primaryimage","url":"https:\/\/portalmf.com.br\/wp-content\/uploads\/2026\/02\/Arrastao.jpg","contentUrl":"https:\/\/portalmf.com.br\/wp-content\/uploads\/2026\/02\/Arrastao.jpg","width":1280,"height":854},{"@type":"BreadcrumbList","@id":"https:\/\/portalmf.com.br\/index.php\/2026\/02\/19\/arrastao-com-carlinhos-brown-e-edcity-fantasmao-encerrou-o-carnaval-da-bahia-2026\/#breadcrumb","itemListElement":[{"@type":"ListItem","position":1,"name":"In\u00edcio","item":"https:\/\/portalmf.com.br\/"},{"@type":"ListItem","position":2,"name":"Arrast\u00e3o com Carlinhos Brown e Edcity Fantasm\u00e3o encerrou o Carnaval da Bahia 2026"}]},{"@type":"WebSite","@id":"https:\/\/portalmf.com.br\/#website","url":"https:\/\/portalmf.com.br\/","name":"Portal MF","description":"Voc\u00ea conectado com a informa\u00e7\u00e3o","potentialAction":[{"@type":"SearchAction","target":{"@type":"EntryPoint","urlTemplate":"https:\/\/portalmf.com.br\/?s={search_term_string}"},"query-input":"required name=search_term_string"}],"inLanguage":"pt-BR"},{"@type":"Person","@id":"https:\/\/portalmf.com.br\/#\/schema\/person\/9ec101baf56233e53520c26de5d6f6f0","name":"Reda\u00e7\u00e3o Portal MF","image":{"@type":"ImageObject","inLanguage":"pt-BR","@id":"https:\/\/portalmf.com.br\/#\/schema\/person\/image\/","url":"https:\/\/secure.gravatar.com\/avatar\/41b9aaeb2100835f7c64362330f74c7f?s=96&d=mm&r=g","contentUrl":"https:\/\/secure.gravatar.com\/avatar\/41b9aaeb2100835f7c64362330f74c7f?s=96&d=mm&r=g","caption":"Reda\u00e7\u00e3o Portal MF"},"description":"Sejam bem-vindos o portal de informa\u00e7\u00f5es de entretenimento de Feira de Santana, desde 2006 realiza coberturas dos principais eventos com entrevistas exclusivas com as principais personalidades mundiais. Fique conectado tamb\u00e9m nas redes sociais.","sameAs":["http:\/\/www.portalmf.com.br\/","https:\/\/www.facebook.com\/portalmfoficial","https:\/\/www.instagram.com\/portalmf\/","https:\/\/x.com\/https:\/\/x.com\/portalmfoficial","https:\/\/www.youtube.com\/@portalmfoficial"],"url":"https:\/\/portalmf.com.br\/index.php\/author\/junior\/"}]}},"_links":{"self":[{"href":"https:\/\/portalmf.com.br\/index.php\/wp-json\/wp\/v2\/posts\/42171"}],"collection":[{"href":"https:\/\/portalmf.com.br\/index.php\/wp-json\/wp\/v2\/posts"}],"about":[{"href":"https:\/\/portalmf.com.br\/index.php\/wp-json\/wp\/v2\/types\/post"}],"author":[{"embeddable":true,"href":"https:\/\/portalmf.com.br\/index.php\/wp-json\/wp\/v2\/users\/3"}],"replies":[{"embeddable":true,"href":"https:\/\/portalmf.com.br\/index.php\/wp-json\/wp\/v2\/comments?post=42171"}],"version-history":[{"count":1,"href":"https:\/\/portalmf.com.br\/index.php\/wp-json\/wp\/v2\/posts\/42171\/revisions"}],"predecessor-version":[{"id":42176,"href":"https:\/\/portalmf.com.br\/index.php\/wp-json\/wp\/v2\/posts\/42171\/revisions\/42176"}],"wp:featuredmedia":[{"embeddable":true,"href":"https:\/\/portalmf.com.br\/index.php\/wp-json\/wp\/v2\/media\/42173"}],"wp:attachment":[{"href":"https:\/\/portalmf.com.br\/index.php\/wp-json\/wp\/v2\/media?parent=42171"}],"wp:term":[{"taxonomy":"category","embeddable":true,"href":"https:\/\/portalmf.com.br\/index.php\/wp-json\/wp\/v2\/categories?post=42171"},{"taxonomy":"post_tag","embeddable":true,"href":"https:\/\/portalmf.com.br\/index.php\/wp-json\/wp\/v2\/tags?post=42171"}],"curies":[{"name":"wp","href":"https:\/\/api.w.org\/{rel}","templated":true}]}}