{"id":42105,"date":"2026-02-16T11:45:49","date_gmt":"2026-02-16T14:45:49","guid":{"rendered":"https:\/\/portalmf.com.br\/?p=42105"},"modified":"2026-02-16T11:45:49","modified_gmt":"2026-02-16T14:45:49","slug":"viola-de-doze-segue-agitando-carnaval-com-shows-na-capital-e-interior-baiano","status":"publish","type":"post","link":"https:\/\/portalmf.com.br\/index.php\/2026\/02\/16\/viola-de-doze-segue-agitando-carnaval-com-shows-na-capital-e-interior-baiano\/","title":{"rendered":"Viola de Doze segue agitando Carnaval com shows na capital e interior baiano"},"content":{"rendered":"\n<p>A segunda-feira ser\u00e1 de muito samba, que vai se espalhar por diversos lugares da capital baiana e do interior do estado. Hoje, a Viola de Doze desembarca em Salvador, para se apresentar em dois pontos diferentes: ser\u00e1 a atra\u00e7\u00e3o do Bloco Mudan\u00e7a do Garcia, que desfila no circuito Osmar e no Palco do Samba, na Pra\u00e7a da Cruz Ca\u00edda, no Pelourinho.<\/p>\n\n\n\n<p>O espa\u00e7o, muito conhecido pelos admiradores do ritmo, contar\u00e1 com um show especial do grupo, refer\u00eancia no samba de raiz. Mas n\u00e3o para por a\u00ed&#8230; Logo depois a banda pega estrada e segue para Madre de Deus, na regi\u00e3o metropolitana de Salvador. E para encerrar a folia, nesta ter\u00e7a-feira, dia 17, com o astral l\u00e1 em cima, a Viola de Doze tem mais shows em Salvador.<\/p>\n\n\n\n<p>O grupo vai animar o Pelourinho, levando o melhor do samba para o Centro Hist\u00f3rico; e depois tem desfile no Bloco Four Days, no Circuito do Campo Grande. Para fechar, faz show no Camarote da PM, no Campo Grande. \u201cO Carnaval desse ano est\u00e1 sendo gostoso demais! Vamos fazer bonito por onde a gente passar!\u201d, contam Helon e Menino, vocalistas do grupo.<\/p>\n\n\n\n<p>Neste Carnaval, a Viola de Doze j\u00e1 agitou o p\u00fablico em diversos shows em Salvador. Ontem (domingo, 15), teve festa nos munic\u00edpios de Nilo Pe\u00e7anha e Itaparica. No \u00faltimo s\u00e1bado (14), o grupo foi atra\u00e7\u00e3o na cidade de Esplanada, no litoral norte baiano.<\/p>\n\n\n\n<p>Foto: Divulga\u00e7\u00e3o<\/p>\n","protected":false},"excerpt":{"rendered":"<p>A segunda-feira ser\u00e1 de muito samba, que vai se espalhar por diversos lugares da capital baiana e do interior do estado. Hoje, a Viola de Doze desembarca em Salvador, para se apresentar em dois pontos diferentes: ser\u00e1 a atra\u00e7\u00e3o do Bloco Mudan\u00e7a do Garcia, que desfila no circuito Osmar e no Palco do Samba, na [&hellip;]<\/p>\n","protected":false},"author":3,"featured_media":42106,"comment_status":"open","ping_status":"open","sticky":false,"template":"","format":"standard","meta":{"_monsterinsights_skip_tracking":false,"_monsterinsights_sitenote_active":false,"_monsterinsights_sitenote_note":"","_monsterinsights_sitenote_category":0,"footnotes":""},"categories":[44],"tags":[],"yoast_head":"<!-- This site is optimized with the Yoast SEO plugin v22.9 - https:\/\/yoast.com\/wordpress\/plugins\/seo\/ -->\n<title>Viola de Doze segue agitando Carnaval com shows na capital e interior baiano - Portal MF<\/title>\n<meta name=\"robots\" content=\"index, follow, max-snippet:-1, max-image-preview:large, max-video-preview:-1\" \/>\n<link rel=\"canonical\" href=\"https:\/\/portalmf.com.br\/index.php\/2026\/02\/16\/viola-de-doze-segue-agitando-carnaval-com-shows-na-capital-e-interior-baiano\/\" \/>\n<meta property=\"og:locale\" content=\"pt_BR\" \/>\n<meta property=\"og:type\" content=\"article\" \/>\n<meta property=\"og:title\" content=\"Viola de Doze segue agitando Carnaval com shows na capital e interior baiano - Portal MF\" \/>\n<meta property=\"og:description\" content=\"A segunda-feira ser\u00e1 de muito samba, que vai se espalhar por diversos lugares da capital baiana e do interior do estado. Hoje, a Viola de Doze desembarca em Salvador, para se apresentar em dois pontos diferentes: ser\u00e1 a atra\u00e7\u00e3o do Bloco Mudan\u00e7a do Garcia, que desfila no circuito Osmar e no Palco do Samba, na [&hellip;]\" \/>\n<meta property=\"og:url\" content=\"https:\/\/portalmf.com.br\/index.php\/2026\/02\/16\/viola-de-doze-segue-agitando-carnaval-com-shows-na-capital-e-interior-baiano\/\" \/>\n<meta property=\"og:site_name\" content=\"Portal MF\" \/>\n<meta property=\"article:author\" content=\"https:\/\/www.facebook.com\/portalmfoficial\" \/>\n<meta property=\"article:published_time\" content=\"2026-02-16T14:45:49+00:00\" \/>\n<meta property=\"og:image\" content=\"https:\/\/portalmf.com.br\/wp-content\/uploads\/2026\/02\/Viola-de-Doze_DIV1_25-1.jpg\" \/>\n\t<meta property=\"og:image:width\" content=\"1200\" \/>\n\t<meta property=\"og:image:height\" content=\"800\" \/>\n\t<meta property=\"og:image:type\" content=\"image\/jpeg\" \/>\n<meta name=\"author\" content=\"Reda\u00e7\u00e3o Portal MF\" \/>\n<meta name=\"twitter:card\" content=\"summary_large_image\" \/>\n<meta name=\"twitter:creator\" content=\"@https:\/\/x.com\/portalmfoficial\" \/>\n<meta name=\"twitter:label1\" content=\"Escrito por\" \/>\n\t<meta name=\"twitter:data1\" content=\"Reda\u00e7\u00e3o Portal MF\" \/>\n\t<meta name=\"twitter:label2\" content=\"Est. tempo de leitura\" \/>\n\t<meta name=\"twitter:data2\" content=\"2 minutos\" \/>\n<script type=\"application\/ld+json\" class=\"yoast-schema-graph\">{\"@context\":\"https:\/\/schema.org\",\"@graph\":[{\"@type\":\"WebPage\",\"@id\":\"https:\/\/portalmf.com.br\/index.php\/2026\/02\/16\/viola-de-doze-segue-agitando-carnaval-com-shows-na-capital-e-interior-baiano\/\",\"url\":\"https:\/\/portalmf.com.br\/index.php\/2026\/02\/16\/viola-de-doze-segue-agitando-carnaval-com-shows-na-capital-e-interior-baiano\/\",\"name\":\"Viola de Doze segue agitando Carnaval com shows na capital e interior baiano - Portal MF\",\"isPartOf\":{\"@id\":\"https:\/\/portalmf.com.br\/#website\"},\"primaryImageOfPage\":{\"@id\":\"https:\/\/portalmf.com.br\/index.php\/2026\/02\/16\/viola-de-doze-segue-agitando-carnaval-com-shows-na-capital-e-interior-baiano\/#primaryimage\"},\"image\":{\"@id\":\"https:\/\/portalmf.com.br\/index.php\/2026\/02\/16\/viola-de-doze-segue-agitando-carnaval-com-shows-na-capital-e-interior-baiano\/#primaryimage\"},\"thumbnailUrl\":\"https:\/\/portalmf.com.br\/wp-content\/uploads\/2026\/02\/Viola-de-Doze_DIV1_25-1.jpg\",\"datePublished\":\"2026-02-16T14:45:49+00:00\",\"dateModified\":\"2026-02-16T14:45:49+00:00\",\"author\":{\"@id\":\"https:\/\/portalmf.com.br\/#\/schema\/person\/9ec101baf56233e53520c26de5d6f6f0\"},\"breadcrumb\":{\"@id\":\"https:\/\/portalmf.com.br\/index.php\/2026\/02\/16\/viola-de-doze-segue-agitando-carnaval-com-shows-na-capital-e-interior-baiano\/#breadcrumb\"},\"inLanguage\":\"pt-BR\",\"potentialAction\":[{\"@type\":\"ReadAction\",\"target\":[\"https:\/\/portalmf.com.br\/index.php\/2026\/02\/16\/viola-de-doze-segue-agitando-carnaval-com-shows-na-capital-e-interior-baiano\/\"]}]},{\"@type\":\"ImageObject\",\"inLanguage\":\"pt-BR\",\"@id\":\"https:\/\/portalmf.com.br\/index.php\/2026\/02\/16\/viola-de-doze-segue-agitando-carnaval-com-shows-na-capital-e-interior-baiano\/#primaryimage\",\"url\":\"https:\/\/portalmf.com.br\/wp-content\/uploads\/2026\/02\/Viola-de-Doze_DIV1_25-1.jpg\",\"contentUrl\":\"https:\/\/portalmf.com.br\/wp-content\/uploads\/2026\/02\/Viola-de-Doze_DIV1_25-1.jpg\",\"width\":1200,\"height\":800},{\"@type\":\"BreadcrumbList\",\"@id\":\"https:\/\/portalmf.com.br\/index.php\/2026\/02\/16\/viola-de-doze-segue-agitando-carnaval-com-shows-na-capital-e-interior-baiano\/#breadcrumb\",\"itemListElement\":[{\"@type\":\"ListItem\",\"position\":1,\"name\":\"In\u00edcio\",\"item\":\"https:\/\/portalmf.com.br\/\"},{\"@type\":\"ListItem\",\"position\":2,\"name\":\"Viola de Doze segue agitando Carnaval com shows na capital e interior baiano\"}]},{\"@type\":\"WebSite\",\"@id\":\"https:\/\/portalmf.com.br\/#website\",\"url\":\"https:\/\/portalmf.com.br\/\",\"name\":\"Portal MF\",\"description\":\"Voc\u00ea conectado com a informa\u00e7\u00e3o\",\"potentialAction\":[{\"@type\":\"SearchAction\",\"target\":{\"@type\":\"EntryPoint\",\"urlTemplate\":\"https:\/\/portalmf.com.br\/?s={search_term_string}\"},\"query-input\":\"required name=search_term_string\"}],\"inLanguage\":\"pt-BR\"},{\"@type\":\"Person\",\"@id\":\"https:\/\/portalmf.com.br\/#\/schema\/person\/9ec101baf56233e53520c26de5d6f6f0\",\"name\":\"Reda\u00e7\u00e3o Portal MF\",\"image\":{\"@type\":\"ImageObject\",\"inLanguage\":\"pt-BR\",\"@id\":\"https:\/\/portalmf.com.br\/#\/schema\/person\/image\/\",\"url\":\"https:\/\/secure.gravatar.com\/avatar\/41b9aaeb2100835f7c64362330f74c7f?s=96&d=mm&r=g\",\"contentUrl\":\"https:\/\/secure.gravatar.com\/avatar\/41b9aaeb2100835f7c64362330f74c7f?s=96&d=mm&r=g\",\"caption\":\"Reda\u00e7\u00e3o Portal MF\"},\"description\":\"Sejam bem-vindos o portal de informa\u00e7\u00f5es de entretenimento de Feira de Santana, desde 2006 realiza coberturas dos principais eventos com entrevistas exclusivas com as principais personalidades mundiais. Fique conectado tamb\u00e9m nas redes sociais.\",\"sameAs\":[\"http:\/\/www.portalmf.com.br\/\",\"https:\/\/www.facebook.com\/portalmfoficial\",\"https:\/\/www.instagram.com\/portalmf\/\",\"https:\/\/x.com\/https:\/\/x.com\/portalmfoficial\",\"https:\/\/www.youtube.com\/@portalmfoficial\"],\"url\":\"https:\/\/portalmf.com.br\/index.php\/author\/junior\/\"}]}<\/script>\n<!-- \/ Yoast SEO plugin. -->","yoast_head_json":{"title":"Viola de Doze segue agitando Carnaval com shows na capital e interior baiano - Portal MF","robots":{"index":"index","follow":"follow","max-snippet":"max-snippet:-1","max-image-preview":"max-image-preview:large","max-video-preview":"max-video-preview:-1"},"canonical":"https:\/\/portalmf.com.br\/index.php\/2026\/02\/16\/viola-de-doze-segue-agitando-carnaval-com-shows-na-capital-e-interior-baiano\/","og_locale":"pt_BR","og_type":"article","og_title":"Viola de Doze segue agitando Carnaval com shows na capital e interior baiano - Portal MF","og_description":"A segunda-feira ser\u00e1 de muito samba, que vai se espalhar por diversos lugares da capital baiana e do interior do estado. Hoje, a Viola de Doze desembarca em Salvador, para se apresentar em dois pontos diferentes: ser\u00e1 a atra\u00e7\u00e3o do Bloco Mudan\u00e7a do Garcia, que desfila no circuito Osmar e no Palco do Samba, na [&hellip;]","og_url":"https:\/\/portalmf.com.br\/index.php\/2026\/02\/16\/viola-de-doze-segue-agitando-carnaval-com-shows-na-capital-e-interior-baiano\/","og_site_name":"Portal MF","article_author":"https:\/\/www.facebook.com\/portalmfoficial","article_published_time":"2026-02-16T14:45:49+00:00","og_image":[{"width":1200,"height":800,"url":"https:\/\/portalmf.com.br\/wp-content\/uploads\/2026\/02\/Viola-de-Doze_DIV1_25-1.jpg","type":"image\/jpeg"}],"author":"Reda\u00e7\u00e3o Portal MF","twitter_card":"summary_large_image","twitter_creator":"@https:\/\/x.com\/portalmfoficial","twitter_misc":{"Escrito por":"Reda\u00e7\u00e3o Portal MF","Est. tempo de leitura":"2 minutos"},"schema":{"@context":"https:\/\/schema.org","@graph":[{"@type":"WebPage","@id":"https:\/\/portalmf.com.br\/index.php\/2026\/02\/16\/viola-de-doze-segue-agitando-carnaval-com-shows-na-capital-e-interior-baiano\/","url":"https:\/\/portalmf.com.br\/index.php\/2026\/02\/16\/viola-de-doze-segue-agitando-carnaval-com-shows-na-capital-e-interior-baiano\/","name":"Viola de Doze segue agitando Carnaval com shows na capital e interior baiano - Portal MF","isPartOf":{"@id":"https:\/\/portalmf.com.br\/#website"},"primaryImageOfPage":{"@id":"https:\/\/portalmf.com.br\/index.php\/2026\/02\/16\/viola-de-doze-segue-agitando-carnaval-com-shows-na-capital-e-interior-baiano\/#primaryimage"},"image":{"@id":"https:\/\/portalmf.com.br\/index.php\/2026\/02\/16\/viola-de-doze-segue-agitando-carnaval-com-shows-na-capital-e-interior-baiano\/#primaryimage"},"thumbnailUrl":"https:\/\/portalmf.com.br\/wp-content\/uploads\/2026\/02\/Viola-de-Doze_DIV1_25-1.jpg","datePublished":"2026-02-16T14:45:49+00:00","dateModified":"2026-02-16T14:45:49+00:00","author":{"@id":"https:\/\/portalmf.com.br\/#\/schema\/person\/9ec101baf56233e53520c26de5d6f6f0"},"breadcrumb":{"@id":"https:\/\/portalmf.com.br\/index.php\/2026\/02\/16\/viola-de-doze-segue-agitando-carnaval-com-shows-na-capital-e-interior-baiano\/#breadcrumb"},"inLanguage":"pt-BR","potentialAction":[{"@type":"ReadAction","target":["https:\/\/portalmf.com.br\/index.php\/2026\/02\/16\/viola-de-doze-segue-agitando-carnaval-com-shows-na-capital-e-interior-baiano\/"]}]},{"@type":"ImageObject","inLanguage":"pt-BR","@id":"https:\/\/portalmf.com.br\/index.php\/2026\/02\/16\/viola-de-doze-segue-agitando-carnaval-com-shows-na-capital-e-interior-baiano\/#primaryimage","url":"https:\/\/portalmf.com.br\/wp-content\/uploads\/2026\/02\/Viola-de-Doze_DIV1_25-1.jpg","contentUrl":"https:\/\/portalmf.com.br\/wp-content\/uploads\/2026\/02\/Viola-de-Doze_DIV1_25-1.jpg","width":1200,"height":800},{"@type":"BreadcrumbList","@id":"https:\/\/portalmf.com.br\/index.php\/2026\/02\/16\/viola-de-doze-segue-agitando-carnaval-com-shows-na-capital-e-interior-baiano\/#breadcrumb","itemListElement":[{"@type":"ListItem","position":1,"name":"In\u00edcio","item":"https:\/\/portalmf.com.br\/"},{"@type":"ListItem","position":2,"name":"Viola de Doze segue agitando Carnaval com shows na capital e interior baiano"}]},{"@type":"WebSite","@id":"https:\/\/portalmf.com.br\/#website","url":"https:\/\/portalmf.com.br\/","name":"Portal MF","description":"Voc\u00ea conectado com a informa\u00e7\u00e3o","potentialAction":[{"@type":"SearchAction","target":{"@type":"EntryPoint","urlTemplate":"https:\/\/portalmf.com.br\/?s={search_term_string}"},"query-input":"required name=search_term_string"}],"inLanguage":"pt-BR"},{"@type":"Person","@id":"https:\/\/portalmf.com.br\/#\/schema\/person\/9ec101baf56233e53520c26de5d6f6f0","name":"Reda\u00e7\u00e3o Portal MF","image":{"@type":"ImageObject","inLanguage":"pt-BR","@id":"https:\/\/portalmf.com.br\/#\/schema\/person\/image\/","url":"https:\/\/secure.gravatar.com\/avatar\/41b9aaeb2100835f7c64362330f74c7f?s=96&d=mm&r=g","contentUrl":"https:\/\/secure.gravatar.com\/avatar\/41b9aaeb2100835f7c64362330f74c7f?s=96&d=mm&r=g","caption":"Reda\u00e7\u00e3o Portal MF"},"description":"Sejam bem-vindos o portal de informa\u00e7\u00f5es de entretenimento de Feira de Santana, desde 2006 realiza coberturas dos principais eventos com entrevistas exclusivas com as principais personalidades mundiais. Fique conectado tamb\u00e9m nas redes sociais.","sameAs":["http:\/\/www.portalmf.com.br\/","https:\/\/www.facebook.com\/portalmfoficial","https:\/\/www.instagram.com\/portalmf\/","https:\/\/x.com\/https:\/\/x.com\/portalmfoficial","https:\/\/www.youtube.com\/@portalmfoficial"],"url":"https:\/\/portalmf.com.br\/index.php\/author\/junior\/"}]}},"_links":{"self":[{"href":"https:\/\/portalmf.com.br\/index.php\/wp-json\/wp\/v2\/posts\/42105"}],"collection":[{"href":"https:\/\/portalmf.com.br\/index.php\/wp-json\/wp\/v2\/posts"}],"about":[{"href":"https:\/\/portalmf.com.br\/index.php\/wp-json\/wp\/v2\/types\/post"}],"author":[{"embeddable":true,"href":"https:\/\/portalmf.com.br\/index.php\/wp-json\/wp\/v2\/users\/3"}],"replies":[{"embeddable":true,"href":"https:\/\/portalmf.com.br\/index.php\/wp-json\/wp\/v2\/comments?post=42105"}],"version-history":[{"count":1,"href":"https:\/\/portalmf.com.br\/index.php\/wp-json\/wp\/v2\/posts\/42105\/revisions"}],"predecessor-version":[{"id":42107,"href":"https:\/\/portalmf.com.br\/index.php\/wp-json\/wp\/v2\/posts\/42105\/revisions\/42107"}],"wp:featuredmedia":[{"embeddable":true,"href":"https:\/\/portalmf.com.br\/index.php\/wp-json\/wp\/v2\/media\/42106"}],"wp:attachment":[{"href":"https:\/\/portalmf.com.br\/index.php\/wp-json\/wp\/v2\/media?parent=42105"}],"wp:term":[{"taxonomy":"category","embeddable":true,"href":"https:\/\/portalmf.com.br\/index.php\/wp-json\/wp\/v2\/categories?post=42105"},{"taxonomy":"post_tag","embeddable":true,"href":"https:\/\/portalmf.com.br\/index.php\/wp-json\/wp\/v2\/tags?post=42105"}],"curies":[{"name":"wp","href":"https:\/\/api.w.org\/{rel}","templated":true}]}}