{"id":4203,"date":"2022-09-12T19:53:44","date_gmt":"2022-09-12T22:53:44","guid":{"rendered":"http:\/\/portalmf.com.br\/?p=4203"},"modified":"2022-09-13T10:35:03","modified_gmt":"2022-09-13T13:35:03","slug":"em-feira-de-santana-simone-tebet-fala-sobre-os-incentivos-ao-turismo-na-bahia-2","status":"publish","type":"post","link":"https:\/\/portalmf.com.br\/index.php\/2022\/09\/12\/em-feira-de-santana-simone-tebet-fala-sobre-os-incentivos-ao-turismo-na-bahia-2\/","title":{"rendered":"Em Feira de Santana, Simone Tebet fala sobre os incentivos ao turismo na Bahia"},"content":{"rendered":"\n<p>A candidata \u00e0 presid\u00eancia da rep\u00fablica pelo MBD, Simone Tebet, esteve em Feira de Santana na tarde desta segunda-feira, 12, onde percorreu o centro de compras popular Feiraguay e visitou o Hospital Municipal da Mulher do munic\u00edpio. A visita da presidenci\u00e1vel foi acompanhada pelo prefeito Colbert Martins Filho e apoiadores.<\/p>\n\n\n\n<p><em>\u201cEstar em Feira de Santana \u00e9 poder estar falando com a popula\u00e7\u00e3o da Bahia e do Nordeste, que apesar de ter os indicadores sociais muito ruins, aqui \u00e9 a terra da oportunidade. Cada regi\u00e3o do Brasil tem as suas particularidades e riquezas, basta ter vontade pol\u00edtica para encontrar a solu\u00e7\u00e3o\u201d,&nbsp;<\/em>falou em entrevista coletiva antes do tour pelo Feiraguay. A candidata ainda destacou um dos pontos principais do programa de governo.<\/p>\n\n\n\n<p><em>\u201cNossa candidatura \u00e9 a \u00fanica que tem condi\u00e7\u00f5es de acabar com essa briga, pacificar o Brasil, para solucionar os principais problemas brasileiros, a fome, desigualdade, erradicar a mis\u00e9ria, e acabar com fome no Brasil, temos de ter uma candidatura de centro com capacidade de dialogar com a direta e a esquerda\u201d,<\/em>&nbsp;disse a candidata.<\/p>\n\n\n\n<p>Simone Tebet ainda comentou sobre o avan\u00e7o nas pesquisas eleitorais, ap\u00f3s o debate na Band, sabatinas e o hor\u00e1rio eleitoral gratuito, que mostra um crescimento da candidatura.<\/p>\n\n\n\n<p><em>\u201cEstamos extremamente otimistas, sa\u00edmos de 2%, para 7%, um crescimento de 150%, a popula\u00e7\u00e3o est\u00e1 vendo que \u00e9 menos Lula e Bolsonaro e mais Brasil, que tem uma alternativa de voto na elei\u00e7\u00e3o, qual \u00e9 mais importante da nossa hist\u00f3ria, portanto n\u00e3o podemos ter medo e sim esperan\u00e7a\u201d,<\/em>&nbsp;comentou a candidata.<\/p>\n\n\n\n<p><strong>Turismo<\/strong><\/p>\n\n\n\n<p>Outro assunto abordado pela candidata foi o turismo no Brasil. Segundo Tebet, a reforma tribut\u00e1ria aliada a uma forte campanha publicit\u00e1ria, atra\u00edram mais pessoas para o turismo interno e Simone Tebet destacou tamb\u00e9m a diversas tur\u00edstica da Bahia<\/p>\n\n\n\n<p><em>\u201cN\u00f3s vamos com a reforma tribut\u00e1ria desburocratizar, fazendo que os empres\u00e1rios e setor de bens e servi\u00e7os, possam arrecadar de forma mais r\u00e1pida, al\u00e9m de uma campanha publicit\u00e1ria ampla, qual possa incentivar o turismo interno no Brasil. Eu com minha fam\u00edlia viajei muito para Bahia, fazendo esse turismo interno, falei com o prefeito Colbert sobre a diversidade grande do estado, aqui tem turismo para todos os gostos, na capital Salvador, em Porto Seguro, Ilha de Comandatuba, Morro de S\u00e3o Paulo al\u00e9m do turismo cultural, a Bahia tem a cara do Brasil\u201d,<\/em>&nbsp;contou a candidata.<\/p>\n\n\n\n<p><strong>Prefeito Colbert Martins<\/strong><\/p>\n\n\n\n<p>Do mesmo partido que a candidata \u00e0 presid\u00eancia Simone Tebet, MDB, o prefeito de Feira de Santana reafirmou o apoio a emedebista.<\/p>\n\n\n\n<p><em>\u201cEu vou voto em Simone Tebet, n\u00f3s temos uma mulher capaz e competente e temos todas as condi\u00e7\u00f5es de t\u00ea-la, ela encarna muito um momento importante de despolariza\u00e7\u00e3o, que n\u00e3o vai para um ou outro lado, Simone \u00e9 um grande caminho. Por ser do mesmo partido, por conhe\u00e7a-la como senadora, al\u00e9m de ser uma alternativa n\u00e3o polarizada\u201d,<\/em>&nbsp;disse Colbert.<\/p>\n\n\n\n<p><strong>Conhe\u00e7a a candidata<\/strong><\/p>\n\n\n\n<p>M\u00e3e, advogada, professora e senadora da Rep\u00fablica, Simone Tebet tem 52 anos e nasceu em Tr\u00eas Lagoas, Mato Grosso do Sul.&nbsp; Sempre a frente do seu tempo, foi aprovada aos 16 anos na Faculdade Nacional de Direito da UFRJ, uma das mais conceituadas do pa\u00eds. Em 2002, aos 31 anos, elegeu-se Deputada Estadual pelo seu estado e em 2004 foi a primeira mulher eleita prefeita de Tr\u00eas Lagoas.<\/p>\n\n\n\n<p>Em 2008, finalizou a vota\u00e7\u00e3o reeleita prefeita, com 76% dos votos v\u00e1lidos. No Senado Federal, liderou a primeira bancada feminina da hist\u00f3ria e tornou-se presidente da Comiss\u00e3o Mista de Combate \u00e0 Viol\u00eancia contra a Mulher. Foi tamb\u00e9m a primeira mulher a presidir a Comiss\u00e3o de Constitui\u00e7\u00e3o e Justi\u00e7a, e a primeira mulher a disputar a presid\u00eancia do Senado em 198 anos.<\/p>\n\n\n\n<p>Simone Tebet \u00e9 candidata \u00e0 presid\u00eancia do Brasil na coliga\u00e7\u00e3o Brasil Para Todos formada por MDB \/ Federa\u00e7\u00e3o PSDB Cidadania \/ Podemos.<\/p>\n\n\n\n<iframe width=\"100%\" height=\"166\" scrolling=\"no\" frameborder=\"no\" allow=\"autoplay\" src=\"https:\/\/w.soundcloud.com\/player\/?url=https%3A\/\/api.soundcloud.com\/tracks\/1342685341&#038;color=%23ff5500&#038;auto_play=false&#038;hide_related=false&#038;show_comments=true&#038;show_user=true&#038;show_reposts=false&#038;show_teaser=true\"><\/iframe><div style=\"font-size: 10px; color: #cccccc;line-break: anywhere;word-break: normal;overflow: hidden;white-space: nowrap;text-overflow: ellipsis; font-family: Interstate,Lucida Grande,Lucida Sans Unicode,Lucida Sans,Garuda,Verdana,Tahoma,sans-serif;font-weight: 100;\"><a href=\"https:\/\/soundcloud.com\/reginaldojuniorportalmf\" title=\"Reginaldo Junior\" target=\"_blank\" style=\"color: #cccccc; text-decoration: none;\" rel=\"noopener\">Reginaldo Junior<\/a> \u00b7 <a href=\"https:\/\/soundcloud.com\/reginaldojuniorportalmf\/entrevista-com-simone-tebet-do-mdb\" title=\"Entrevista com Simone Tebet do MDB - Portal MF\" target=\"_blank\" style=\"color: #cccccc; text-decoration: none;\" rel=\"noopener\">Entrevista com Simone Tebet do MDB &#8211; Portal MF<\/a><\/div>\n","protected":false},"excerpt":{"rendered":"<p>A candidata \u00e0 presid\u00eancia da rep\u00fablica pelo MBD, Simone Tebet, esteve em Feira de Santana na tarde desta segunda-feira, 12, onde percorreu o centro de compras popular Feiraguay e visitou o Hospital Municipal da Mulher do munic\u00edpio. A visita da presidenci\u00e1vel foi acompanhada pelo prefeito Colbert Martins Filho e apoiadores. \u201cEstar em Feira de Santana [&hellip;]<\/p>\n","protected":false},"author":2,"featured_media":4186,"comment_status":"open","ping_status":"open","sticky":false,"template":"","format":"standard","meta":{"_monsterinsights_skip_tracking":false,"_monsterinsights_sitenote_active":false,"_monsterinsights_sitenote_note":"","_monsterinsights_sitenote_category":0,"footnotes":""},"categories":[47,34],"tags":[],"yoast_head":"<!-- This site is optimized with the Yoast SEO plugin v22.9 - https:\/\/yoast.com\/wordpress\/plugins\/seo\/ -->\n<title>Em Feira de Santana, Simone Tebet fala sobre os incentivos ao turismo na Bahia - Portal MF<\/title>\n<meta name=\"robots\" content=\"index, follow, max-snippet:-1, max-image-preview:large, max-video-preview:-1\" \/>\n<link rel=\"canonical\" href=\"https:\/\/portalmf.com.br\/index.php\/2022\/09\/12\/em-feira-de-santana-simone-tebet-fala-sobre-os-incentivos-ao-turismo-na-bahia-2\/\" \/>\n<meta property=\"og:locale\" content=\"pt_BR\" \/>\n<meta property=\"og:type\" content=\"article\" \/>\n<meta property=\"og:title\" content=\"Em Feira de Santana, Simone Tebet fala sobre os incentivos ao turismo na Bahia - Portal MF\" \/>\n<meta property=\"og:description\" content=\"A candidata \u00e0 presid\u00eancia da rep\u00fablica pelo MBD, Simone Tebet, esteve em Feira de Santana na tarde desta segunda-feira, 12, onde percorreu o centro de compras popular Feiraguay e visitou o Hospital Municipal da Mulher do munic\u00edpio. A visita da presidenci\u00e1vel foi acompanhada pelo prefeito Colbert Martins Filho e apoiadores. \u201cEstar em Feira de Santana [&hellip;]\" \/>\n<meta property=\"og:url\" content=\"https:\/\/portalmf.com.br\/index.php\/2022\/09\/12\/em-feira-de-santana-simone-tebet-fala-sobre-os-incentivos-ao-turismo-na-bahia-2\/\" \/>\n<meta property=\"og:site_name\" content=\"Portal MF\" \/>\n<meta property=\"article:author\" content=\"reginaldojrfsa\" \/>\n<meta property=\"article:published_time\" content=\"2022-09-12T22:53:44+00:00\" \/>\n<meta property=\"article:modified_time\" content=\"2022-09-13T13:35:03+00:00\" \/>\n<meta property=\"og:image\" content=\"https:\/\/portalmf.com.br\/wp-content\/uploads\/2022\/09\/FOTO-SIMONE-TEBET-PORTAL-MF-scaled.jpg\" \/>\n\t<meta property=\"og:image:width\" content=\"2560\" \/>\n\t<meta property=\"og:image:height\" content=\"1414\" \/>\n\t<meta property=\"og:image:type\" content=\"image\/jpeg\" \/>\n<meta name=\"author\" content=\"Reginaldo J\u00fanior\" \/>\n<meta name=\"twitter:card\" content=\"summary_large_image\" \/>\n<meta name=\"twitter:creator\" content=\"@reginaldojrmf\" \/>\n<meta name=\"twitter:label1\" content=\"Escrito por\" \/>\n\t<meta name=\"twitter:data1\" content=\"Reginaldo J\u00fanior\" \/>\n\t<meta name=\"twitter:label2\" content=\"Est. tempo de leitura\" \/>\n\t<meta name=\"twitter:data2\" content=\"4 minutos\" \/>\n<script type=\"application\/ld+json\" class=\"yoast-schema-graph\">{\"@context\":\"https:\/\/schema.org\",\"@graph\":[{\"@type\":\"WebPage\",\"@id\":\"https:\/\/portalmf.com.br\/index.php\/2022\/09\/12\/em-feira-de-santana-simone-tebet-fala-sobre-os-incentivos-ao-turismo-na-bahia-2\/\",\"url\":\"https:\/\/portalmf.com.br\/index.php\/2022\/09\/12\/em-feira-de-santana-simone-tebet-fala-sobre-os-incentivos-ao-turismo-na-bahia-2\/\",\"name\":\"Em Feira de Santana, Simone Tebet fala sobre os incentivos ao turismo na Bahia - Portal MF\",\"isPartOf\":{\"@id\":\"https:\/\/portalmf.com.br\/#website\"},\"primaryImageOfPage\":{\"@id\":\"https:\/\/portalmf.com.br\/index.php\/2022\/09\/12\/em-feira-de-santana-simone-tebet-fala-sobre-os-incentivos-ao-turismo-na-bahia-2\/#primaryimage\"},\"image\":{\"@id\":\"https:\/\/portalmf.com.br\/index.php\/2022\/09\/12\/em-feira-de-santana-simone-tebet-fala-sobre-os-incentivos-ao-turismo-na-bahia-2\/#primaryimage\"},\"thumbnailUrl\":\"https:\/\/portalmf.com.br\/wp-content\/uploads\/2022\/09\/FOTO-SIMONE-TEBET-PORTAL-MF-scaled.jpg\",\"datePublished\":\"2022-09-12T22:53:44+00:00\",\"dateModified\":\"2022-09-13T13:35:03+00:00\",\"author\":{\"@id\":\"https:\/\/portalmf.com.br\/#\/schema\/person\/11c82086fe8abc05a19147e964587285\"},\"breadcrumb\":{\"@id\":\"https:\/\/portalmf.com.br\/index.php\/2022\/09\/12\/em-feira-de-santana-simone-tebet-fala-sobre-os-incentivos-ao-turismo-na-bahia-2\/#breadcrumb\"},\"inLanguage\":\"pt-BR\",\"potentialAction\":[{\"@type\":\"ReadAction\",\"target\":[\"https:\/\/portalmf.com.br\/index.php\/2022\/09\/12\/em-feira-de-santana-simone-tebet-fala-sobre-os-incentivos-ao-turismo-na-bahia-2\/\"]}]},{\"@type\":\"ImageObject\",\"inLanguage\":\"pt-BR\",\"@id\":\"https:\/\/portalmf.com.br\/index.php\/2022\/09\/12\/em-feira-de-santana-simone-tebet-fala-sobre-os-incentivos-ao-turismo-na-bahia-2\/#primaryimage\",\"url\":\"https:\/\/portalmf.com.br\/wp-content\/uploads\/2022\/09\/FOTO-SIMONE-TEBET-PORTAL-MF-scaled.jpg\",\"contentUrl\":\"https:\/\/portalmf.com.br\/wp-content\/uploads\/2022\/09\/FOTO-SIMONE-TEBET-PORTAL-MF-scaled.jpg\",\"width\":2560,\"height\":1414},{\"@type\":\"BreadcrumbList\",\"@id\":\"https:\/\/portalmf.com.br\/index.php\/2022\/09\/12\/em-feira-de-santana-simone-tebet-fala-sobre-os-incentivos-ao-turismo-na-bahia-2\/#breadcrumb\",\"itemListElement\":[{\"@type\":\"ListItem\",\"position\":1,\"name\":\"In\u00edcio\",\"item\":\"https:\/\/portalmf.com.br\/\"},{\"@type\":\"ListItem\",\"position\":2,\"name\":\"Em Feira de Santana, Simone Tebet fala sobre os incentivos ao turismo na Bahia\"}]},{\"@type\":\"WebSite\",\"@id\":\"https:\/\/portalmf.com.br\/#website\",\"url\":\"https:\/\/portalmf.com.br\/\",\"name\":\"Portal MF\",\"description\":\"Voc\u00ea conectado com a informa\u00e7\u00e3o\",\"potentialAction\":[{\"@type\":\"SearchAction\",\"target\":{\"@type\":\"EntryPoint\",\"urlTemplate\":\"https:\/\/portalmf.com.br\/?s={search_term_string}\"},\"query-input\":\"required name=search_term_string\"}],\"inLanguage\":\"pt-BR\"},{\"@type\":\"Person\",\"@id\":\"https:\/\/portalmf.com.br\/#\/schema\/person\/11c82086fe8abc05a19147e964587285\",\"name\":\"Reginaldo J\u00fanior\",\"image\":{\"@type\":\"ImageObject\",\"inLanguage\":\"pt-BR\",\"@id\":\"https:\/\/portalmf.com.br\/#\/schema\/person\/image\/\",\"url\":\"https:\/\/secure.gravatar.com\/avatar\/32a3c797cd0ac47cc53b8644c62776f9?s=96&d=mm&r=g\",\"contentUrl\":\"https:\/\/secure.gravatar.com\/avatar\/32a3c797cd0ac47cc53b8644c62776f9?s=96&d=mm&r=g\",\"caption\":\"Reginaldo J\u00fanior\"},\"description\":\"Jornalista e idealizador Portal MF\",\"sameAs\":[\"https:\/\/portalmf.com.br\/index.php\/author\/reginaldojr\/\",\"reginaldojrfsa\",\"reginaldojuniormf\",\"https:\/\/x.com\/reginaldojrmf\"],\"url\":\"https:\/\/portalmf.com.br\/index.php\/author\/reginaldojr\/\"}]}<\/script>\n<!-- \/ Yoast SEO plugin. -->","yoast_head_json":{"title":"Em Feira de Santana, Simone Tebet fala sobre os incentivos ao turismo na Bahia - Portal MF","robots":{"index":"index","follow":"follow","max-snippet":"max-snippet:-1","max-image-preview":"max-image-preview:large","max-video-preview":"max-video-preview:-1"},"canonical":"https:\/\/portalmf.com.br\/index.php\/2022\/09\/12\/em-feira-de-santana-simone-tebet-fala-sobre-os-incentivos-ao-turismo-na-bahia-2\/","og_locale":"pt_BR","og_type":"article","og_title":"Em Feira de Santana, Simone Tebet fala sobre os incentivos ao turismo na Bahia - Portal MF","og_description":"A candidata \u00e0 presid\u00eancia da rep\u00fablica pelo MBD, Simone Tebet, esteve em Feira de Santana na tarde desta segunda-feira, 12, onde percorreu o centro de compras popular Feiraguay e visitou o Hospital Municipal da Mulher do munic\u00edpio. A visita da presidenci\u00e1vel foi acompanhada pelo prefeito Colbert Martins Filho e apoiadores. \u201cEstar em Feira de Santana [&hellip;]","og_url":"https:\/\/portalmf.com.br\/index.php\/2022\/09\/12\/em-feira-de-santana-simone-tebet-fala-sobre-os-incentivos-ao-turismo-na-bahia-2\/","og_site_name":"Portal MF","article_author":"reginaldojrfsa","article_published_time":"2022-09-12T22:53:44+00:00","article_modified_time":"2022-09-13T13:35:03+00:00","og_image":[{"width":2560,"height":1414,"url":"https:\/\/portalmf.com.br\/wp-content\/uploads\/2022\/09\/FOTO-SIMONE-TEBET-PORTAL-MF-scaled.jpg","type":"image\/jpeg"}],"author":"Reginaldo J\u00fanior","twitter_card":"summary_large_image","twitter_creator":"@reginaldojrmf","twitter_misc":{"Escrito por":"Reginaldo J\u00fanior","Est. tempo de leitura":"4 minutos"},"schema":{"@context":"https:\/\/schema.org","@graph":[{"@type":"WebPage","@id":"https:\/\/portalmf.com.br\/index.php\/2022\/09\/12\/em-feira-de-santana-simone-tebet-fala-sobre-os-incentivos-ao-turismo-na-bahia-2\/","url":"https:\/\/portalmf.com.br\/index.php\/2022\/09\/12\/em-feira-de-santana-simone-tebet-fala-sobre-os-incentivos-ao-turismo-na-bahia-2\/","name":"Em Feira de Santana, Simone Tebet fala sobre os incentivos ao turismo na Bahia - Portal MF","isPartOf":{"@id":"https:\/\/portalmf.com.br\/#website"},"primaryImageOfPage":{"@id":"https:\/\/portalmf.com.br\/index.php\/2022\/09\/12\/em-feira-de-santana-simone-tebet-fala-sobre-os-incentivos-ao-turismo-na-bahia-2\/#primaryimage"},"image":{"@id":"https:\/\/portalmf.com.br\/index.php\/2022\/09\/12\/em-feira-de-santana-simone-tebet-fala-sobre-os-incentivos-ao-turismo-na-bahia-2\/#primaryimage"},"thumbnailUrl":"https:\/\/portalmf.com.br\/wp-content\/uploads\/2022\/09\/FOTO-SIMONE-TEBET-PORTAL-MF-scaled.jpg","datePublished":"2022-09-12T22:53:44+00:00","dateModified":"2022-09-13T13:35:03+00:00","author":{"@id":"https:\/\/portalmf.com.br\/#\/schema\/person\/11c82086fe8abc05a19147e964587285"},"breadcrumb":{"@id":"https:\/\/portalmf.com.br\/index.php\/2022\/09\/12\/em-feira-de-santana-simone-tebet-fala-sobre-os-incentivos-ao-turismo-na-bahia-2\/#breadcrumb"},"inLanguage":"pt-BR","potentialAction":[{"@type":"ReadAction","target":["https:\/\/portalmf.com.br\/index.php\/2022\/09\/12\/em-feira-de-santana-simone-tebet-fala-sobre-os-incentivos-ao-turismo-na-bahia-2\/"]}]},{"@type":"ImageObject","inLanguage":"pt-BR","@id":"https:\/\/portalmf.com.br\/index.php\/2022\/09\/12\/em-feira-de-santana-simone-tebet-fala-sobre-os-incentivos-ao-turismo-na-bahia-2\/#primaryimage","url":"https:\/\/portalmf.com.br\/wp-content\/uploads\/2022\/09\/FOTO-SIMONE-TEBET-PORTAL-MF-scaled.jpg","contentUrl":"https:\/\/portalmf.com.br\/wp-content\/uploads\/2022\/09\/FOTO-SIMONE-TEBET-PORTAL-MF-scaled.jpg","width":2560,"height":1414},{"@type":"BreadcrumbList","@id":"https:\/\/portalmf.com.br\/index.php\/2022\/09\/12\/em-feira-de-santana-simone-tebet-fala-sobre-os-incentivos-ao-turismo-na-bahia-2\/#breadcrumb","itemListElement":[{"@type":"ListItem","position":1,"name":"In\u00edcio","item":"https:\/\/portalmf.com.br\/"},{"@type":"ListItem","position":2,"name":"Em Feira de Santana, Simone Tebet fala sobre os incentivos ao turismo na Bahia"}]},{"@type":"WebSite","@id":"https:\/\/portalmf.com.br\/#website","url":"https:\/\/portalmf.com.br\/","name":"Portal MF","description":"Voc\u00ea conectado com a informa\u00e7\u00e3o","potentialAction":[{"@type":"SearchAction","target":{"@type":"EntryPoint","urlTemplate":"https:\/\/portalmf.com.br\/?s={search_term_string}"},"query-input":"required name=search_term_string"}],"inLanguage":"pt-BR"},{"@type":"Person","@id":"https:\/\/portalmf.com.br\/#\/schema\/person\/11c82086fe8abc05a19147e964587285","name":"Reginaldo J\u00fanior","image":{"@type":"ImageObject","inLanguage":"pt-BR","@id":"https:\/\/portalmf.com.br\/#\/schema\/person\/image\/","url":"https:\/\/secure.gravatar.com\/avatar\/32a3c797cd0ac47cc53b8644c62776f9?s=96&d=mm&r=g","contentUrl":"https:\/\/secure.gravatar.com\/avatar\/32a3c797cd0ac47cc53b8644c62776f9?s=96&d=mm&r=g","caption":"Reginaldo J\u00fanior"},"description":"Jornalista e idealizador Portal MF","sameAs":["https:\/\/portalmf.com.br\/index.php\/author\/reginaldojr\/","reginaldojrfsa","reginaldojuniormf","https:\/\/x.com\/reginaldojrmf"],"url":"https:\/\/portalmf.com.br\/index.php\/author\/reginaldojr\/"}]}},"_links":{"self":[{"href":"https:\/\/portalmf.com.br\/index.php\/wp-json\/wp\/v2\/posts\/4203"}],"collection":[{"href":"https:\/\/portalmf.com.br\/index.php\/wp-json\/wp\/v2\/posts"}],"about":[{"href":"https:\/\/portalmf.com.br\/index.php\/wp-json\/wp\/v2\/types\/post"}],"author":[{"embeddable":true,"href":"https:\/\/portalmf.com.br\/index.php\/wp-json\/wp\/v2\/users\/2"}],"replies":[{"embeddable":true,"href":"https:\/\/portalmf.com.br\/index.php\/wp-json\/wp\/v2\/comments?post=4203"}],"version-history":[{"count":3,"href":"https:\/\/portalmf.com.br\/index.php\/wp-json\/wp\/v2\/posts\/4203\/revisions"}],"predecessor-version":[{"id":4212,"href":"https:\/\/portalmf.com.br\/index.php\/wp-json\/wp\/v2\/posts\/4203\/revisions\/4212"}],"wp:featuredmedia":[{"embeddable":true,"href":"https:\/\/portalmf.com.br\/index.php\/wp-json\/wp\/v2\/media\/4186"}],"wp:attachment":[{"href":"https:\/\/portalmf.com.br\/index.php\/wp-json\/wp\/v2\/media?parent=4203"}],"wp:term":[{"taxonomy":"category","embeddable":true,"href":"https:\/\/portalmf.com.br\/index.php\/wp-json\/wp\/v2\/categories?post=4203"},{"taxonomy":"post_tag","embeddable":true,"href":"https:\/\/portalmf.com.br\/index.php\/wp-json\/wp\/v2\/tags?post=4203"}],"curies":[{"name":"wp","href":"https:\/\/api.w.org\/{rel}","templated":true}]}}