{"id":41977,"date":"2026-02-13T16:30:26","date_gmt":"2026-02-13T19:30:26","guid":{"rendered":"https:\/\/portalmf.com.br\/?p=41977"},"modified":"2026-02-13T16:30:26","modified_gmt":"2026-02-13T19:30:26","slug":"acaocamisinha-ta-na-mao-comeca-no-campo-grande-e-leva-prevencao-ao-circuito-barra-ondina","status":"publish","type":"post","link":"https:\/\/portalmf.com.br\/index.php\/2026\/02\/13\/acaocamisinha-ta-na-mao-comeca-no-campo-grande-e-leva-prevencao-ao-circuito-barra-ondina\/","title":{"rendered":"A\u00e7\u00e3o\u201cCamisinha T\u00e1 na M\u00e3o\u201d come\u00e7a no Campo Grande e leva preven\u00e7\u00e3o ao circuito Barra-Ondina"},"content":{"rendered":"\n<p>A a\u00e7\u00e3o \u201cCamisinha T\u00e1 na M\u00e3o\u201d come\u00e7ou nesta quinta-feira (12) no circuito Osmar, no Campo Grande, refor\u00e7ando a import\u00e2ncia da preven\u00e7\u00e3o durante o Carnaval de Salvador. A iniciativa segue nesta sexta-feira (13) para o circuito Dod\u00f4, na Barra, acompanhando o fluxo dos foli\u00f5es nos principais pontos da festa.<\/p>\n\n\n\n<p>A distribui\u00e7\u00e3o acontece at\u00e9 a pr\u00f3xima ter\u00e7a-feira (17), ampliando o acesso da popula\u00e7\u00e3o a m\u00e9todos de preven\u00e7\u00e3o justamente no per\u00edodo de maior movimenta\u00e7\u00e3o tur\u00edstica e de celebra\u00e7\u00e3o na capital baiana. Ao todo, ser\u00e3o entregues cerca de 1 milh\u00e3o de preservativos masculinos e femininos, al\u00e9m de folhetos informativos com orienta\u00e7\u00f5es sobre preven\u00e7\u00e3o de infec\u00e7\u00f5es sexualmente transmiss\u00edveis (ISTs), incentivo \u00e0 testagem e cuidados com a sa\u00fade sexual.<\/p>\n\n\n\n<p>A a\u00e7\u00e3o \u00e9 realizada pelo Governo do Estado, por meio da Secretaria da Sa\u00fade e da Superintend\u00eancia de Fomento ao Turismo do Estado da Bahia.<\/p>\n","protected":false},"excerpt":{"rendered":"<p>A a\u00e7\u00e3o \u201cCamisinha T\u00e1 na M\u00e3o\u201d come\u00e7ou nesta quinta-feira (12) no circuito Osmar, no Campo Grande, refor\u00e7ando a import\u00e2ncia da preven\u00e7\u00e3o durante o Carnaval de Salvador. A iniciativa segue nesta sexta-feira (13) para o circuito Dod\u00f4, na Barra, acompanhando o fluxo dos foli\u00f5es nos principais pontos da festa. A distribui\u00e7\u00e3o acontece at\u00e9 a pr\u00f3xima ter\u00e7a-feira [&hellip;]<\/p>\n","protected":false},"author":3,"featured_media":41978,"comment_status":"open","ping_status":"open","sticky":false,"template":"","format":"standard","meta":{"_monsterinsights_skip_tracking":false,"_monsterinsights_sitenote_active":false,"_monsterinsights_sitenote_note":"","_monsterinsights_sitenote_category":0,"footnotes":""},"categories":[44],"tags":[],"yoast_head":"<!-- This site is optimized with the Yoast SEO plugin v22.9 - https:\/\/yoast.com\/wordpress\/plugins\/seo\/ -->\n<title>A\u00e7\u00e3o\u201cCamisinha T\u00e1 na M\u00e3o\u201d come\u00e7a no Campo Grande e leva preven\u00e7\u00e3o ao circuito Barra-Ondina - Portal MF<\/title>\n<meta name=\"robots\" content=\"index, follow, max-snippet:-1, max-image-preview:large, max-video-preview:-1\" \/>\n<link rel=\"canonical\" href=\"https:\/\/portalmf.com.br\/index.php\/2026\/02\/13\/acaocamisinha-ta-na-mao-comeca-no-campo-grande-e-leva-prevencao-ao-circuito-barra-ondina\/\" \/>\n<meta property=\"og:locale\" content=\"pt_BR\" \/>\n<meta property=\"og:type\" content=\"article\" \/>\n<meta property=\"og:title\" content=\"A\u00e7\u00e3o\u201cCamisinha T\u00e1 na M\u00e3o\u201d come\u00e7a no Campo Grande e leva preven\u00e7\u00e3o ao circuito Barra-Ondina - Portal MF\" \/>\n<meta property=\"og:description\" content=\"A a\u00e7\u00e3o \u201cCamisinha T\u00e1 na M\u00e3o\u201d come\u00e7ou nesta quinta-feira (12) no circuito Osmar, no Campo Grande, refor\u00e7ando a import\u00e2ncia da preven\u00e7\u00e3o durante o Carnaval de Salvador. A iniciativa segue nesta sexta-feira (13) para o circuito Dod\u00f4, na Barra, acompanhando o fluxo dos foli\u00f5es nos principais pontos da festa. A distribui\u00e7\u00e3o acontece at\u00e9 a pr\u00f3xima ter\u00e7a-feira [&hellip;]\" \/>\n<meta property=\"og:url\" content=\"https:\/\/portalmf.com.br\/index.php\/2026\/02\/13\/acaocamisinha-ta-na-mao-comeca-no-campo-grande-e-leva-prevencao-ao-circuito-barra-ondina\/\" \/>\n<meta property=\"og:site_name\" content=\"Portal MF\" \/>\n<meta property=\"article:author\" content=\"https:\/\/www.facebook.com\/portalmfoficial\" \/>\n<meta property=\"article:published_time\" content=\"2026-02-13T19:30:26+00:00\" \/>\n<meta property=\"og:image\" content=\"https:\/\/portalmf.com.br\/wp-content\/uploads\/2026\/02\/divulgacao-6-e1771010980192.jpeg\" \/>\n\t<meta property=\"og:image:width\" content=\"960\" \/>\n\t<meta property=\"og:image:height\" content=\"748\" \/>\n\t<meta property=\"og:image:type\" content=\"image\/jpeg\" \/>\n<meta name=\"author\" content=\"Reda\u00e7\u00e3o Portal MF\" \/>\n<meta name=\"twitter:card\" content=\"summary_large_image\" \/>\n<meta name=\"twitter:creator\" content=\"@https:\/\/x.com\/portalmfoficial\" \/>\n<meta name=\"twitter:label1\" content=\"Escrito por\" \/>\n\t<meta name=\"twitter:data1\" content=\"Reda\u00e7\u00e3o Portal MF\" \/>\n\t<meta name=\"twitter:label2\" content=\"Est. tempo de leitura\" \/>\n\t<meta name=\"twitter:data2\" content=\"1 minuto\" \/>\n<script type=\"application\/ld+json\" class=\"yoast-schema-graph\">{\"@context\":\"https:\/\/schema.org\",\"@graph\":[{\"@type\":\"WebPage\",\"@id\":\"https:\/\/portalmf.com.br\/index.php\/2026\/02\/13\/acaocamisinha-ta-na-mao-comeca-no-campo-grande-e-leva-prevencao-ao-circuito-barra-ondina\/\",\"url\":\"https:\/\/portalmf.com.br\/index.php\/2026\/02\/13\/acaocamisinha-ta-na-mao-comeca-no-campo-grande-e-leva-prevencao-ao-circuito-barra-ondina\/\",\"name\":\"A\u00e7\u00e3o\u201cCamisinha T\u00e1 na M\u00e3o\u201d come\u00e7a no Campo Grande e leva preven\u00e7\u00e3o ao circuito Barra-Ondina - Portal MF\",\"isPartOf\":{\"@id\":\"https:\/\/portalmf.com.br\/#website\"},\"primaryImageOfPage\":{\"@id\":\"https:\/\/portalmf.com.br\/index.php\/2026\/02\/13\/acaocamisinha-ta-na-mao-comeca-no-campo-grande-e-leva-prevencao-ao-circuito-barra-ondina\/#primaryimage\"},\"image\":{\"@id\":\"https:\/\/portalmf.com.br\/index.php\/2026\/02\/13\/acaocamisinha-ta-na-mao-comeca-no-campo-grande-e-leva-prevencao-ao-circuito-barra-ondina\/#primaryimage\"},\"thumbnailUrl\":\"https:\/\/portalmf.com.br\/wp-content\/uploads\/2026\/02\/divulgacao-6-e1771010980192.jpeg\",\"datePublished\":\"2026-02-13T19:30:26+00:00\",\"dateModified\":\"2026-02-13T19:30:26+00:00\",\"author\":{\"@id\":\"https:\/\/portalmf.com.br\/#\/schema\/person\/9ec101baf56233e53520c26de5d6f6f0\"},\"breadcrumb\":{\"@id\":\"https:\/\/portalmf.com.br\/index.php\/2026\/02\/13\/acaocamisinha-ta-na-mao-comeca-no-campo-grande-e-leva-prevencao-ao-circuito-barra-ondina\/#breadcrumb\"},\"inLanguage\":\"pt-BR\",\"potentialAction\":[{\"@type\":\"ReadAction\",\"target\":[\"https:\/\/portalmf.com.br\/index.php\/2026\/02\/13\/acaocamisinha-ta-na-mao-comeca-no-campo-grande-e-leva-prevencao-ao-circuito-barra-ondina\/\"]}]},{\"@type\":\"ImageObject\",\"inLanguage\":\"pt-BR\",\"@id\":\"https:\/\/portalmf.com.br\/index.php\/2026\/02\/13\/acaocamisinha-ta-na-mao-comeca-no-campo-grande-e-leva-prevencao-ao-circuito-barra-ondina\/#primaryimage\",\"url\":\"https:\/\/portalmf.com.br\/wp-content\/uploads\/2026\/02\/divulgacao-6-e1771010980192.jpeg\",\"contentUrl\":\"https:\/\/portalmf.com.br\/wp-content\/uploads\/2026\/02\/divulgacao-6-e1771010980192.jpeg\",\"width\":960,\"height\":748},{\"@type\":\"BreadcrumbList\",\"@id\":\"https:\/\/portalmf.com.br\/index.php\/2026\/02\/13\/acaocamisinha-ta-na-mao-comeca-no-campo-grande-e-leva-prevencao-ao-circuito-barra-ondina\/#breadcrumb\",\"itemListElement\":[{\"@type\":\"ListItem\",\"position\":1,\"name\":\"In\u00edcio\",\"item\":\"https:\/\/portalmf.com.br\/\"},{\"@type\":\"ListItem\",\"position\":2,\"name\":\"A\u00e7\u00e3o\u201cCamisinha T\u00e1 na M\u00e3o\u201d come\u00e7a no Campo Grande e leva preven\u00e7\u00e3o ao circuito Barra-Ondina\"}]},{\"@type\":\"WebSite\",\"@id\":\"https:\/\/portalmf.com.br\/#website\",\"url\":\"https:\/\/portalmf.com.br\/\",\"name\":\"Portal MF\",\"description\":\"Voc\u00ea conectado com a informa\u00e7\u00e3o\",\"potentialAction\":[{\"@type\":\"SearchAction\",\"target\":{\"@type\":\"EntryPoint\",\"urlTemplate\":\"https:\/\/portalmf.com.br\/?s={search_term_string}\"},\"query-input\":\"required name=search_term_string\"}],\"inLanguage\":\"pt-BR\"},{\"@type\":\"Person\",\"@id\":\"https:\/\/portalmf.com.br\/#\/schema\/person\/9ec101baf56233e53520c26de5d6f6f0\",\"name\":\"Reda\u00e7\u00e3o Portal MF\",\"image\":{\"@type\":\"ImageObject\",\"inLanguage\":\"pt-BR\",\"@id\":\"https:\/\/portalmf.com.br\/#\/schema\/person\/image\/\",\"url\":\"https:\/\/secure.gravatar.com\/avatar\/41b9aaeb2100835f7c64362330f74c7f?s=96&d=mm&r=g\",\"contentUrl\":\"https:\/\/secure.gravatar.com\/avatar\/41b9aaeb2100835f7c64362330f74c7f?s=96&d=mm&r=g\",\"caption\":\"Reda\u00e7\u00e3o Portal MF\"},\"description\":\"Sejam bem-vindos o portal de informa\u00e7\u00f5es de entretenimento de Feira de Santana, desde 2006 realiza coberturas dos principais eventos com entrevistas exclusivas com as principais personalidades mundiais. Fique conectado tamb\u00e9m nas redes sociais.\",\"sameAs\":[\"http:\/\/www.portalmf.com.br\/\",\"https:\/\/www.facebook.com\/portalmfoficial\",\"https:\/\/www.instagram.com\/portalmf\/\",\"https:\/\/x.com\/https:\/\/x.com\/portalmfoficial\",\"https:\/\/www.youtube.com\/@portalmfoficial\"],\"url\":\"https:\/\/portalmf.com.br\/index.php\/author\/junior\/\"}]}<\/script>\n<!-- \/ Yoast SEO plugin. -->","yoast_head_json":{"title":"A\u00e7\u00e3o\u201cCamisinha T\u00e1 na M\u00e3o\u201d come\u00e7a no Campo Grande e leva preven\u00e7\u00e3o ao circuito Barra-Ondina - Portal MF","robots":{"index":"index","follow":"follow","max-snippet":"max-snippet:-1","max-image-preview":"max-image-preview:large","max-video-preview":"max-video-preview:-1"},"canonical":"https:\/\/portalmf.com.br\/index.php\/2026\/02\/13\/acaocamisinha-ta-na-mao-comeca-no-campo-grande-e-leva-prevencao-ao-circuito-barra-ondina\/","og_locale":"pt_BR","og_type":"article","og_title":"A\u00e7\u00e3o\u201cCamisinha T\u00e1 na M\u00e3o\u201d come\u00e7a no Campo Grande e leva preven\u00e7\u00e3o ao circuito Barra-Ondina - Portal MF","og_description":"A a\u00e7\u00e3o \u201cCamisinha T\u00e1 na M\u00e3o\u201d come\u00e7ou nesta quinta-feira (12) no circuito Osmar, no Campo Grande, refor\u00e7ando a import\u00e2ncia da preven\u00e7\u00e3o durante o Carnaval de Salvador. A iniciativa segue nesta sexta-feira (13) para o circuito Dod\u00f4, na Barra, acompanhando o fluxo dos foli\u00f5es nos principais pontos da festa. A distribui\u00e7\u00e3o acontece at\u00e9 a pr\u00f3xima ter\u00e7a-feira [&hellip;]","og_url":"https:\/\/portalmf.com.br\/index.php\/2026\/02\/13\/acaocamisinha-ta-na-mao-comeca-no-campo-grande-e-leva-prevencao-ao-circuito-barra-ondina\/","og_site_name":"Portal MF","article_author":"https:\/\/www.facebook.com\/portalmfoficial","article_published_time":"2026-02-13T19:30:26+00:00","og_image":[{"width":960,"height":748,"url":"https:\/\/portalmf.com.br\/wp-content\/uploads\/2026\/02\/divulgacao-6-e1771010980192.jpeg","type":"image\/jpeg"}],"author":"Reda\u00e7\u00e3o Portal MF","twitter_card":"summary_large_image","twitter_creator":"@https:\/\/x.com\/portalmfoficial","twitter_misc":{"Escrito por":"Reda\u00e7\u00e3o Portal MF","Est. tempo de leitura":"1 minuto"},"schema":{"@context":"https:\/\/schema.org","@graph":[{"@type":"WebPage","@id":"https:\/\/portalmf.com.br\/index.php\/2026\/02\/13\/acaocamisinha-ta-na-mao-comeca-no-campo-grande-e-leva-prevencao-ao-circuito-barra-ondina\/","url":"https:\/\/portalmf.com.br\/index.php\/2026\/02\/13\/acaocamisinha-ta-na-mao-comeca-no-campo-grande-e-leva-prevencao-ao-circuito-barra-ondina\/","name":"A\u00e7\u00e3o\u201cCamisinha T\u00e1 na M\u00e3o\u201d come\u00e7a no Campo Grande e leva preven\u00e7\u00e3o ao circuito Barra-Ondina - Portal MF","isPartOf":{"@id":"https:\/\/portalmf.com.br\/#website"},"primaryImageOfPage":{"@id":"https:\/\/portalmf.com.br\/index.php\/2026\/02\/13\/acaocamisinha-ta-na-mao-comeca-no-campo-grande-e-leva-prevencao-ao-circuito-barra-ondina\/#primaryimage"},"image":{"@id":"https:\/\/portalmf.com.br\/index.php\/2026\/02\/13\/acaocamisinha-ta-na-mao-comeca-no-campo-grande-e-leva-prevencao-ao-circuito-barra-ondina\/#primaryimage"},"thumbnailUrl":"https:\/\/portalmf.com.br\/wp-content\/uploads\/2026\/02\/divulgacao-6-e1771010980192.jpeg","datePublished":"2026-02-13T19:30:26+00:00","dateModified":"2026-02-13T19:30:26+00:00","author":{"@id":"https:\/\/portalmf.com.br\/#\/schema\/person\/9ec101baf56233e53520c26de5d6f6f0"},"breadcrumb":{"@id":"https:\/\/portalmf.com.br\/index.php\/2026\/02\/13\/acaocamisinha-ta-na-mao-comeca-no-campo-grande-e-leva-prevencao-ao-circuito-barra-ondina\/#breadcrumb"},"inLanguage":"pt-BR","potentialAction":[{"@type":"ReadAction","target":["https:\/\/portalmf.com.br\/index.php\/2026\/02\/13\/acaocamisinha-ta-na-mao-comeca-no-campo-grande-e-leva-prevencao-ao-circuito-barra-ondina\/"]}]},{"@type":"ImageObject","inLanguage":"pt-BR","@id":"https:\/\/portalmf.com.br\/index.php\/2026\/02\/13\/acaocamisinha-ta-na-mao-comeca-no-campo-grande-e-leva-prevencao-ao-circuito-barra-ondina\/#primaryimage","url":"https:\/\/portalmf.com.br\/wp-content\/uploads\/2026\/02\/divulgacao-6-e1771010980192.jpeg","contentUrl":"https:\/\/portalmf.com.br\/wp-content\/uploads\/2026\/02\/divulgacao-6-e1771010980192.jpeg","width":960,"height":748},{"@type":"BreadcrumbList","@id":"https:\/\/portalmf.com.br\/index.php\/2026\/02\/13\/acaocamisinha-ta-na-mao-comeca-no-campo-grande-e-leva-prevencao-ao-circuito-barra-ondina\/#breadcrumb","itemListElement":[{"@type":"ListItem","position":1,"name":"In\u00edcio","item":"https:\/\/portalmf.com.br\/"},{"@type":"ListItem","position":2,"name":"A\u00e7\u00e3o\u201cCamisinha T\u00e1 na M\u00e3o\u201d come\u00e7a no Campo Grande e leva preven\u00e7\u00e3o ao circuito Barra-Ondina"}]},{"@type":"WebSite","@id":"https:\/\/portalmf.com.br\/#website","url":"https:\/\/portalmf.com.br\/","name":"Portal MF","description":"Voc\u00ea conectado com a informa\u00e7\u00e3o","potentialAction":[{"@type":"SearchAction","target":{"@type":"EntryPoint","urlTemplate":"https:\/\/portalmf.com.br\/?s={search_term_string}"},"query-input":"required name=search_term_string"}],"inLanguage":"pt-BR"},{"@type":"Person","@id":"https:\/\/portalmf.com.br\/#\/schema\/person\/9ec101baf56233e53520c26de5d6f6f0","name":"Reda\u00e7\u00e3o Portal MF","image":{"@type":"ImageObject","inLanguage":"pt-BR","@id":"https:\/\/portalmf.com.br\/#\/schema\/person\/image\/","url":"https:\/\/secure.gravatar.com\/avatar\/41b9aaeb2100835f7c64362330f74c7f?s=96&d=mm&r=g","contentUrl":"https:\/\/secure.gravatar.com\/avatar\/41b9aaeb2100835f7c64362330f74c7f?s=96&d=mm&r=g","caption":"Reda\u00e7\u00e3o Portal MF"},"description":"Sejam bem-vindos o portal de informa\u00e7\u00f5es de entretenimento de Feira de Santana, desde 2006 realiza coberturas dos principais eventos com entrevistas exclusivas com as principais personalidades mundiais. Fique conectado tamb\u00e9m nas redes sociais.","sameAs":["http:\/\/www.portalmf.com.br\/","https:\/\/www.facebook.com\/portalmfoficial","https:\/\/www.instagram.com\/portalmf\/","https:\/\/x.com\/https:\/\/x.com\/portalmfoficial","https:\/\/www.youtube.com\/@portalmfoficial"],"url":"https:\/\/portalmf.com.br\/index.php\/author\/junior\/"}]}},"_links":{"self":[{"href":"https:\/\/portalmf.com.br\/index.php\/wp-json\/wp\/v2\/posts\/41977"}],"collection":[{"href":"https:\/\/portalmf.com.br\/index.php\/wp-json\/wp\/v2\/posts"}],"about":[{"href":"https:\/\/portalmf.com.br\/index.php\/wp-json\/wp\/v2\/types\/post"}],"author":[{"embeddable":true,"href":"https:\/\/portalmf.com.br\/index.php\/wp-json\/wp\/v2\/users\/3"}],"replies":[{"embeddable":true,"href":"https:\/\/portalmf.com.br\/index.php\/wp-json\/wp\/v2\/comments?post=41977"}],"version-history":[{"count":1,"href":"https:\/\/portalmf.com.br\/index.php\/wp-json\/wp\/v2\/posts\/41977\/revisions"}],"predecessor-version":[{"id":41979,"href":"https:\/\/portalmf.com.br\/index.php\/wp-json\/wp\/v2\/posts\/41977\/revisions\/41979"}],"wp:featuredmedia":[{"embeddable":true,"href":"https:\/\/portalmf.com.br\/index.php\/wp-json\/wp\/v2\/media\/41978"}],"wp:attachment":[{"href":"https:\/\/portalmf.com.br\/index.php\/wp-json\/wp\/v2\/media?parent=41977"}],"wp:term":[{"taxonomy":"category","embeddable":true,"href":"https:\/\/portalmf.com.br\/index.php\/wp-json\/wp\/v2\/categories?post=41977"},{"taxonomy":"post_tag","embeddable":true,"href":"https:\/\/portalmf.com.br\/index.php\/wp-json\/wp\/v2\/tags?post=41977"}],"curies":[{"name":"wp","href":"https:\/\/api.w.org\/{rel}","templated":true}]}}