{"id":41974,"date":"2026-02-13T16:25:49","date_gmt":"2026-02-13T19:25:49","guid":{"rendered":"https:\/\/portalmf.com.br\/?p=41974"},"modified":"2026-02-14T15:26:02","modified_gmt":"2026-02-14T18:26:02","slug":"icone-da-musica-baiana-luiz-caldas-abre-o-carnaval-de-salvador-com-sua-pipoca-fiel-e-contagiante","status":"publish","type":"post","link":"https:\/\/portalmf.com.br\/index.php\/2026\/02\/13\/icone-da-musica-baiana-luiz-caldas-abre-o-carnaval-de-salvador-com-sua-pipoca-fiel-e-contagiante\/","title":{"rendered":"\u00cdcone da m\u00fasica baiana, Luiz Caldas abre o Carnaval de Salvador com sua pipoca fiel e contagiante"},"content":{"rendered":"\n<p>Ainda que ningu\u00e9m consiga explicar ao certo a magia que toma conta da avenida na pipoca do mestre Luiz Caldas no Carnaval de Salvador, o certo \u00e9 que esse mist\u00e9rio atrai ano ap\u00f3s ano milhares foli\u00f5es fi\u00e9is que escolhem o pai da Ax\u00e9 Music para viver a festa na sua ess\u00eancia mais genu\u00edna e arrebatadora.&nbsp;<\/p>\n\n\n\n<p>Foi esse fetiche que tomou conta ontem (12) do circuito do Campo Grande mais uma vez, quando o m\u00fasico puxou os primeiros acordes na sua inconfund\u00edvel guitarra, sendo a atra\u00e7\u00e3o que abriu o Carnaval pelo Governo do Estado. Aos poucos, uma legi\u00e3o de apaixonados pelo talento do multi-instrumentista foi se reunindo para cantar e pular sob o comando do artista que revolucionou a m\u00fasica baiana.<\/p>\n\n\n\n<p><strong>Carnaval no ch\u00e3o &#8211;<\/strong>&nbsp;\u201cA pipoca de Luiz Caldas \u00e9 pra quem gosta do Carnaval de verdade, raiz, sem corda e sem frescura. \u00c9 suar pulando ao som de Haja Amor, Magia, Od\u00e9 e Ad\u00e3o, encontrar amigos no meio da multid\u00e3o, ter a liberdade de curtir sem preocupa\u00e7\u00e3o e a certeza de que todo mundo ali est\u00e1 pelo mesmo motivo: celebrar a m\u00fasica e a festa. Seguir Luiz \u00e9 viver o Carnaval do jeito que ele nasceu, no ch\u00e3o, no ritmo, com sorriso no rosto e uma gelada na m\u00e3o\u201d, descreveu o foli\u00e3o Jo\u00e3o Paulo Rosa, 45 anos, que n\u00e3o abre m\u00e3o de viver a apoteose da pipoca de Luiz.<\/p>\n\n\n\n<p>Para a foli\u00e3 Roberta Priori, 52 anos, participar da pipoca de Luiz \u00e9 sempre reviver o encantamento de quando, com 13 anos, ouviu pela primeira vez uma m\u00fasica do artista. <em>\u201cEu era adolescente e me encantei pelo som de Luiz Caldas, pela vibra\u00e7\u00e3o e energia dele, sempre fui muito f\u00e3. Ganhei uma gincana na escola, o nome da equipe era Magia, e o tema da equipe era a m\u00fasica Magia. Luiz tem uma representa\u00e7\u00e3o muito grande na minha vida. Escuto as m\u00fasicas dele o ano todo e n\u00e3o perco um Carnaval\u201d, <\/em>contou.<\/p>\n\n\n\n<p>A amiga de Roberta, Marianna Martins, 49, aproveitou para comentar sobre o repert\u00f3rio do mestre no Carnaval. \u201c<em>Diferente de outros artistas veteranos, Luiz traz para avenida uma gama de m\u00fasicas incr\u00edveis, ele se reinventa, se recria na ess\u00eancia dele. Eu sou apaixonada. N\u00e3o vai ter nunca um Luiz Caldas. Assim como nunca vai ter um Marais Moreira, um Armandinho, entende? Nunca. Eles s\u00e3o \u00edcones\u201d<\/em>, real\u00e7ou..<\/p>\n\n\n\n<p>Para\u00a0 Luiz Caldas, que subiu no trio el\u00e9trico pela primeira vez aos 16 anos, diante de todas as transforma\u00e7\u00f5es vividas pelo Carnaval de Salvador, a pipoca continua sendo a viv\u00eancia da festa na sua m\u00e1xima originalidade. <em>\u201cAssim como o meu foli\u00e3o vem pra c\u00e1 com a expectativa de viver o seu melhor Carnaval, eu tamb\u00e9m subo no trio com aquele mesmo frio na barriga de quando cantei para uma multid\u00e3o pela primeira vez. Mas o nervosismo s\u00f3 vai at\u00e9 o primeiro acorde, depois a m\u00e1gica acontece e tudo vira uma s\u00f3 alegria\u201d,<\/em> celebra o m\u00fasico.<\/p>\n\n\n\n<p>Luiz Caldas volta a puxar sua pipoca no Carnaval de Salvador nesta segunda-feira (16) no Circuito Barra-Ondina, a partir das 19h45. O Carnaval de Luiz Caldas integra a programa\u00e7\u00e3o oficial do Carnaval da Bahia 2026 e se apresenta pelo Governo do Estado da Bahia, por meio da Superintend\u00eancia de Fomento ao Turismo (Sufotur), com patroc\u00ednio da CAIXA e do Governo Federal, fortalecendo o turismo e a maior festa de rua do mundo, com acesso gratuito \u00e0 cultura e \u00e0 m\u00fasica.<\/p>\n","protected":false},"excerpt":{"rendered":"<p>Ainda que ningu\u00e9m consiga explicar ao certo a magia que toma conta da avenida na pipoca do mestre Luiz Caldas no Carnaval de Salvador, o certo \u00e9 que esse mist\u00e9rio atrai ano ap\u00f3s ano milhares foli\u00f5es fi\u00e9is que escolhem o pai da Ax\u00e9 Music para viver a festa na sua ess\u00eancia mais genu\u00edna e arrebatadora.&nbsp; [&hellip;]<\/p>\n","protected":false},"author":3,"featured_media":41975,"comment_status":"open","ping_status":"open","sticky":false,"template":"","format":"standard","meta":{"_monsterinsights_skip_tracking":false,"_monsterinsights_sitenote_active":false,"_monsterinsights_sitenote_note":"","_monsterinsights_sitenote_category":0,"footnotes":""},"categories":[44,47],"tags":[],"yoast_head":"<!-- This site is optimized with the Yoast SEO plugin v22.9 - https:\/\/yoast.com\/wordpress\/plugins\/seo\/ -->\n<title>\u00cdcone da m\u00fasica baiana, Luiz Caldas abre o Carnaval de Salvador com sua pipoca fiel e contagiante - Portal MF<\/title>\n<meta name=\"robots\" content=\"index, follow, max-snippet:-1, max-image-preview:large, max-video-preview:-1\" \/>\n<link rel=\"canonical\" href=\"https:\/\/portalmf.com.br\/index.php\/2026\/02\/13\/icone-da-musica-baiana-luiz-caldas-abre-o-carnaval-de-salvador-com-sua-pipoca-fiel-e-contagiante\/\" \/>\n<meta property=\"og:locale\" content=\"pt_BR\" \/>\n<meta property=\"og:type\" content=\"article\" \/>\n<meta property=\"og:title\" content=\"\u00cdcone da m\u00fasica baiana, Luiz Caldas abre o Carnaval de Salvador com sua pipoca fiel e contagiante - Portal MF\" \/>\n<meta property=\"og:description\" content=\"Ainda que ningu\u00e9m consiga explicar ao certo a magia que toma conta da avenida na pipoca do mestre Luiz Caldas no Carnaval de Salvador, o certo \u00e9 que esse mist\u00e9rio atrai ano ap\u00f3s ano milhares foli\u00f5es fi\u00e9is que escolhem o pai da Ax\u00e9 Music para viver a festa na sua ess\u00eancia mais genu\u00edna e arrebatadora.&nbsp; [&hellip;]\" \/>\n<meta property=\"og:url\" content=\"https:\/\/portalmf.com.br\/index.php\/2026\/02\/13\/icone-da-musica-baiana-luiz-caldas-abre-o-carnaval-de-salvador-com-sua-pipoca-fiel-e-contagiante\/\" \/>\n<meta property=\"og:site_name\" content=\"Portal MF\" \/>\n<meta property=\"article:author\" content=\"https:\/\/www.facebook.com\/portalmfoficial\" \/>\n<meta property=\"article:published_time\" content=\"2026-02-13T19:25:49+00:00\" \/>\n<meta property=\"article:modified_time\" content=\"2026-02-14T18:26:02+00:00\" \/>\n<meta property=\"og:image\" content=\"https:\/\/portalmf.com.br\/wp-content\/uploads\/2026\/02\/Icone-da-musica-baiana-Luiz-Caldas-abre-o-Carnaval-de-Salvador-com-sua-pipoca-fiel-e-contagiante-2.jpeg\" \/>\n\t<meta property=\"og:image:width\" content=\"1600\" \/>\n\t<meta property=\"og:image:height\" content=\"1067\" \/>\n\t<meta property=\"og:image:type\" content=\"image\/jpeg\" \/>\n<meta name=\"author\" content=\"Reda\u00e7\u00e3o Portal MF\" \/>\n<meta name=\"twitter:card\" content=\"summary_large_image\" \/>\n<meta name=\"twitter:creator\" content=\"@https:\/\/x.com\/portalmfoficial\" \/>\n<meta name=\"twitter:label1\" content=\"Escrito por\" \/>\n\t<meta name=\"twitter:data1\" content=\"Reda\u00e7\u00e3o Portal MF\" \/>\n\t<meta name=\"twitter:label2\" content=\"Est. tempo de leitura\" \/>\n\t<meta name=\"twitter:data2\" content=\"4 minutos\" \/>\n<script type=\"application\/ld+json\" class=\"yoast-schema-graph\">{\"@context\":\"https:\/\/schema.org\",\"@graph\":[{\"@type\":\"WebPage\",\"@id\":\"https:\/\/portalmf.com.br\/index.php\/2026\/02\/13\/icone-da-musica-baiana-luiz-caldas-abre-o-carnaval-de-salvador-com-sua-pipoca-fiel-e-contagiante\/\",\"url\":\"https:\/\/portalmf.com.br\/index.php\/2026\/02\/13\/icone-da-musica-baiana-luiz-caldas-abre-o-carnaval-de-salvador-com-sua-pipoca-fiel-e-contagiante\/\",\"name\":\"\u00cdcone da m\u00fasica baiana, Luiz Caldas abre o Carnaval de Salvador com sua pipoca fiel e contagiante - Portal MF\",\"isPartOf\":{\"@id\":\"https:\/\/portalmf.com.br\/#website\"},\"primaryImageOfPage\":{\"@id\":\"https:\/\/portalmf.com.br\/index.php\/2026\/02\/13\/icone-da-musica-baiana-luiz-caldas-abre-o-carnaval-de-salvador-com-sua-pipoca-fiel-e-contagiante\/#primaryimage\"},\"image\":{\"@id\":\"https:\/\/portalmf.com.br\/index.php\/2026\/02\/13\/icone-da-musica-baiana-luiz-caldas-abre-o-carnaval-de-salvador-com-sua-pipoca-fiel-e-contagiante\/#primaryimage\"},\"thumbnailUrl\":\"https:\/\/portalmf.com.br\/wp-content\/uploads\/2026\/02\/Icone-da-musica-baiana-Luiz-Caldas-abre-o-Carnaval-de-Salvador-com-sua-pipoca-fiel-e-contagiante-2.jpeg\",\"datePublished\":\"2026-02-13T19:25:49+00:00\",\"dateModified\":\"2026-02-14T18:26:02+00:00\",\"author\":{\"@id\":\"https:\/\/portalmf.com.br\/#\/schema\/person\/9ec101baf56233e53520c26de5d6f6f0\"},\"breadcrumb\":{\"@id\":\"https:\/\/portalmf.com.br\/index.php\/2026\/02\/13\/icone-da-musica-baiana-luiz-caldas-abre-o-carnaval-de-salvador-com-sua-pipoca-fiel-e-contagiante\/#breadcrumb\"},\"inLanguage\":\"pt-BR\",\"potentialAction\":[{\"@type\":\"ReadAction\",\"target\":[\"https:\/\/portalmf.com.br\/index.php\/2026\/02\/13\/icone-da-musica-baiana-luiz-caldas-abre-o-carnaval-de-salvador-com-sua-pipoca-fiel-e-contagiante\/\"]}]},{\"@type\":\"ImageObject\",\"inLanguage\":\"pt-BR\",\"@id\":\"https:\/\/portalmf.com.br\/index.php\/2026\/02\/13\/icone-da-musica-baiana-luiz-caldas-abre-o-carnaval-de-salvador-com-sua-pipoca-fiel-e-contagiante\/#primaryimage\",\"url\":\"https:\/\/portalmf.com.br\/wp-content\/uploads\/2026\/02\/Icone-da-musica-baiana-Luiz-Caldas-abre-o-Carnaval-de-Salvador-com-sua-pipoca-fiel-e-contagiante-2.jpeg\",\"contentUrl\":\"https:\/\/portalmf.com.br\/wp-content\/uploads\/2026\/02\/Icone-da-musica-baiana-Luiz-Caldas-abre-o-Carnaval-de-Salvador-com-sua-pipoca-fiel-e-contagiante-2.jpeg\",\"width\":1600,\"height\":1067},{\"@type\":\"BreadcrumbList\",\"@id\":\"https:\/\/portalmf.com.br\/index.php\/2026\/02\/13\/icone-da-musica-baiana-luiz-caldas-abre-o-carnaval-de-salvador-com-sua-pipoca-fiel-e-contagiante\/#breadcrumb\",\"itemListElement\":[{\"@type\":\"ListItem\",\"position\":1,\"name\":\"In\u00edcio\",\"item\":\"https:\/\/portalmf.com.br\/\"},{\"@type\":\"ListItem\",\"position\":2,\"name\":\"\u00cdcone da m\u00fasica baiana, Luiz Caldas abre o Carnaval de Salvador com sua pipoca fiel e contagiante\"}]},{\"@type\":\"WebSite\",\"@id\":\"https:\/\/portalmf.com.br\/#website\",\"url\":\"https:\/\/portalmf.com.br\/\",\"name\":\"Portal MF\",\"description\":\"Voc\u00ea conectado com a informa\u00e7\u00e3o\",\"potentialAction\":[{\"@type\":\"SearchAction\",\"target\":{\"@type\":\"EntryPoint\",\"urlTemplate\":\"https:\/\/portalmf.com.br\/?s={search_term_string}\"},\"query-input\":\"required name=search_term_string\"}],\"inLanguage\":\"pt-BR\"},{\"@type\":\"Person\",\"@id\":\"https:\/\/portalmf.com.br\/#\/schema\/person\/9ec101baf56233e53520c26de5d6f6f0\",\"name\":\"Reda\u00e7\u00e3o Portal MF\",\"image\":{\"@type\":\"ImageObject\",\"inLanguage\":\"pt-BR\",\"@id\":\"https:\/\/portalmf.com.br\/#\/schema\/person\/image\/\",\"url\":\"https:\/\/secure.gravatar.com\/avatar\/41b9aaeb2100835f7c64362330f74c7f?s=96&d=mm&r=g\",\"contentUrl\":\"https:\/\/secure.gravatar.com\/avatar\/41b9aaeb2100835f7c64362330f74c7f?s=96&d=mm&r=g\",\"caption\":\"Reda\u00e7\u00e3o Portal MF\"},\"description\":\"Sejam bem-vindos o portal de informa\u00e7\u00f5es de entretenimento de Feira de Santana, desde 2006 realiza coberturas dos principais eventos com entrevistas exclusivas com as principais personalidades mundiais. Fique conectado tamb\u00e9m nas redes sociais.\",\"sameAs\":[\"http:\/\/www.portalmf.com.br\/\",\"https:\/\/www.facebook.com\/portalmfoficial\",\"https:\/\/www.instagram.com\/portalmf\/\",\"https:\/\/x.com\/https:\/\/x.com\/portalmfoficial\",\"https:\/\/www.youtube.com\/@portalmfoficial\"],\"url\":\"https:\/\/portalmf.com.br\/index.php\/author\/junior\/\"}]}<\/script>\n<!-- \/ Yoast SEO plugin. -->","yoast_head_json":{"title":"\u00cdcone da m\u00fasica baiana, Luiz Caldas abre o Carnaval de Salvador com sua pipoca fiel e contagiante - Portal MF","robots":{"index":"index","follow":"follow","max-snippet":"max-snippet:-1","max-image-preview":"max-image-preview:large","max-video-preview":"max-video-preview:-1"},"canonical":"https:\/\/portalmf.com.br\/index.php\/2026\/02\/13\/icone-da-musica-baiana-luiz-caldas-abre-o-carnaval-de-salvador-com-sua-pipoca-fiel-e-contagiante\/","og_locale":"pt_BR","og_type":"article","og_title":"\u00cdcone da m\u00fasica baiana, Luiz Caldas abre o Carnaval de Salvador com sua pipoca fiel e contagiante - Portal MF","og_description":"Ainda que ningu\u00e9m consiga explicar ao certo a magia que toma conta da avenida na pipoca do mestre Luiz Caldas no Carnaval de Salvador, o certo \u00e9 que esse mist\u00e9rio atrai ano ap\u00f3s ano milhares foli\u00f5es fi\u00e9is que escolhem o pai da Ax\u00e9 Music para viver a festa na sua ess\u00eancia mais genu\u00edna e arrebatadora.&nbsp; [&hellip;]","og_url":"https:\/\/portalmf.com.br\/index.php\/2026\/02\/13\/icone-da-musica-baiana-luiz-caldas-abre-o-carnaval-de-salvador-com-sua-pipoca-fiel-e-contagiante\/","og_site_name":"Portal MF","article_author":"https:\/\/www.facebook.com\/portalmfoficial","article_published_time":"2026-02-13T19:25:49+00:00","article_modified_time":"2026-02-14T18:26:02+00:00","og_image":[{"width":1600,"height":1067,"url":"https:\/\/portalmf.com.br\/wp-content\/uploads\/2026\/02\/Icone-da-musica-baiana-Luiz-Caldas-abre-o-Carnaval-de-Salvador-com-sua-pipoca-fiel-e-contagiante-2.jpeg","type":"image\/jpeg"}],"author":"Reda\u00e7\u00e3o Portal MF","twitter_card":"summary_large_image","twitter_creator":"@https:\/\/x.com\/portalmfoficial","twitter_misc":{"Escrito por":"Reda\u00e7\u00e3o Portal MF","Est. tempo de leitura":"4 minutos"},"schema":{"@context":"https:\/\/schema.org","@graph":[{"@type":"WebPage","@id":"https:\/\/portalmf.com.br\/index.php\/2026\/02\/13\/icone-da-musica-baiana-luiz-caldas-abre-o-carnaval-de-salvador-com-sua-pipoca-fiel-e-contagiante\/","url":"https:\/\/portalmf.com.br\/index.php\/2026\/02\/13\/icone-da-musica-baiana-luiz-caldas-abre-o-carnaval-de-salvador-com-sua-pipoca-fiel-e-contagiante\/","name":"\u00cdcone da m\u00fasica baiana, Luiz Caldas abre o Carnaval de Salvador com sua pipoca fiel e contagiante - Portal MF","isPartOf":{"@id":"https:\/\/portalmf.com.br\/#website"},"primaryImageOfPage":{"@id":"https:\/\/portalmf.com.br\/index.php\/2026\/02\/13\/icone-da-musica-baiana-luiz-caldas-abre-o-carnaval-de-salvador-com-sua-pipoca-fiel-e-contagiante\/#primaryimage"},"image":{"@id":"https:\/\/portalmf.com.br\/index.php\/2026\/02\/13\/icone-da-musica-baiana-luiz-caldas-abre-o-carnaval-de-salvador-com-sua-pipoca-fiel-e-contagiante\/#primaryimage"},"thumbnailUrl":"https:\/\/portalmf.com.br\/wp-content\/uploads\/2026\/02\/Icone-da-musica-baiana-Luiz-Caldas-abre-o-Carnaval-de-Salvador-com-sua-pipoca-fiel-e-contagiante-2.jpeg","datePublished":"2026-02-13T19:25:49+00:00","dateModified":"2026-02-14T18:26:02+00:00","author":{"@id":"https:\/\/portalmf.com.br\/#\/schema\/person\/9ec101baf56233e53520c26de5d6f6f0"},"breadcrumb":{"@id":"https:\/\/portalmf.com.br\/index.php\/2026\/02\/13\/icone-da-musica-baiana-luiz-caldas-abre-o-carnaval-de-salvador-com-sua-pipoca-fiel-e-contagiante\/#breadcrumb"},"inLanguage":"pt-BR","potentialAction":[{"@type":"ReadAction","target":["https:\/\/portalmf.com.br\/index.php\/2026\/02\/13\/icone-da-musica-baiana-luiz-caldas-abre-o-carnaval-de-salvador-com-sua-pipoca-fiel-e-contagiante\/"]}]},{"@type":"ImageObject","inLanguage":"pt-BR","@id":"https:\/\/portalmf.com.br\/index.php\/2026\/02\/13\/icone-da-musica-baiana-luiz-caldas-abre-o-carnaval-de-salvador-com-sua-pipoca-fiel-e-contagiante\/#primaryimage","url":"https:\/\/portalmf.com.br\/wp-content\/uploads\/2026\/02\/Icone-da-musica-baiana-Luiz-Caldas-abre-o-Carnaval-de-Salvador-com-sua-pipoca-fiel-e-contagiante-2.jpeg","contentUrl":"https:\/\/portalmf.com.br\/wp-content\/uploads\/2026\/02\/Icone-da-musica-baiana-Luiz-Caldas-abre-o-Carnaval-de-Salvador-com-sua-pipoca-fiel-e-contagiante-2.jpeg","width":1600,"height":1067},{"@type":"BreadcrumbList","@id":"https:\/\/portalmf.com.br\/index.php\/2026\/02\/13\/icone-da-musica-baiana-luiz-caldas-abre-o-carnaval-de-salvador-com-sua-pipoca-fiel-e-contagiante\/#breadcrumb","itemListElement":[{"@type":"ListItem","position":1,"name":"In\u00edcio","item":"https:\/\/portalmf.com.br\/"},{"@type":"ListItem","position":2,"name":"\u00cdcone da m\u00fasica baiana, Luiz Caldas abre o Carnaval de Salvador com sua pipoca fiel e contagiante"}]},{"@type":"WebSite","@id":"https:\/\/portalmf.com.br\/#website","url":"https:\/\/portalmf.com.br\/","name":"Portal MF","description":"Voc\u00ea conectado com a informa\u00e7\u00e3o","potentialAction":[{"@type":"SearchAction","target":{"@type":"EntryPoint","urlTemplate":"https:\/\/portalmf.com.br\/?s={search_term_string}"},"query-input":"required name=search_term_string"}],"inLanguage":"pt-BR"},{"@type":"Person","@id":"https:\/\/portalmf.com.br\/#\/schema\/person\/9ec101baf56233e53520c26de5d6f6f0","name":"Reda\u00e7\u00e3o Portal MF","image":{"@type":"ImageObject","inLanguage":"pt-BR","@id":"https:\/\/portalmf.com.br\/#\/schema\/person\/image\/","url":"https:\/\/secure.gravatar.com\/avatar\/41b9aaeb2100835f7c64362330f74c7f?s=96&d=mm&r=g","contentUrl":"https:\/\/secure.gravatar.com\/avatar\/41b9aaeb2100835f7c64362330f74c7f?s=96&d=mm&r=g","caption":"Reda\u00e7\u00e3o Portal MF"},"description":"Sejam bem-vindos o portal de informa\u00e7\u00f5es de entretenimento de Feira de Santana, desde 2006 realiza coberturas dos principais eventos com entrevistas exclusivas com as principais personalidades mundiais. Fique conectado tamb\u00e9m nas redes sociais.","sameAs":["http:\/\/www.portalmf.com.br\/","https:\/\/www.facebook.com\/portalmfoficial","https:\/\/www.instagram.com\/portalmf\/","https:\/\/x.com\/https:\/\/x.com\/portalmfoficial","https:\/\/www.youtube.com\/@portalmfoficial"],"url":"https:\/\/portalmf.com.br\/index.php\/author\/junior\/"}]}},"_links":{"self":[{"href":"https:\/\/portalmf.com.br\/index.php\/wp-json\/wp\/v2\/posts\/41974"}],"collection":[{"href":"https:\/\/portalmf.com.br\/index.php\/wp-json\/wp\/v2\/posts"}],"about":[{"href":"https:\/\/portalmf.com.br\/index.php\/wp-json\/wp\/v2\/types\/post"}],"author":[{"embeddable":true,"href":"https:\/\/portalmf.com.br\/index.php\/wp-json\/wp\/v2\/users\/3"}],"replies":[{"embeddable":true,"href":"https:\/\/portalmf.com.br\/index.php\/wp-json\/wp\/v2\/comments?post=41974"}],"version-history":[{"count":1,"href":"https:\/\/portalmf.com.br\/index.php\/wp-json\/wp\/v2\/posts\/41974\/revisions"}],"predecessor-version":[{"id":41976,"href":"https:\/\/portalmf.com.br\/index.php\/wp-json\/wp\/v2\/posts\/41974\/revisions\/41976"}],"wp:featuredmedia":[{"embeddable":true,"href":"https:\/\/portalmf.com.br\/index.php\/wp-json\/wp\/v2\/media\/41975"}],"wp:attachment":[{"href":"https:\/\/portalmf.com.br\/index.php\/wp-json\/wp\/v2\/media?parent=41974"}],"wp:term":[{"taxonomy":"category","embeddable":true,"href":"https:\/\/portalmf.com.br\/index.php\/wp-json\/wp\/v2\/categories?post=41974"},{"taxonomy":"post_tag","embeddable":true,"href":"https:\/\/portalmf.com.br\/index.php\/wp-json\/wp\/v2\/tags?post=41974"}],"curies":[{"name":"wp","href":"https:\/\/api.w.org\/{rel}","templated":true}]}}