{"id":41971,"date":"2026-02-13T16:07:50","date_gmt":"2026-02-13T19:07:50","guid":{"rendered":"https:\/\/portalmf.com.br\/?p=41971"},"modified":"2026-02-13T16:07:50","modified_gmt":"2026-02-13T19:07:50","slug":"vina-calmon-abre-seu-carnaval-com-pipoca-no-circuito-barra-ondina","status":"publish","type":"post","link":"https:\/\/portalmf.com.br\/index.php\/2026\/02\/13\/vina-calmon-abre-seu-carnaval-com-pipoca-no-circuito-barra-ondina\/","title":{"rendered":"Vina Calmon abre seu Carnaval com pipoca no circuito Barra-Ondina"},"content":{"rendered":"\n<p>A cantora Vina Calmon deu in\u00edcio \u00e0 sua agenda de Carnaval 2026 na \u00faltima quinta-feira (12), comandando a \u201c<strong>Pipoca da Vina<\/strong>\u201d no Circuito Barra-Ondina, em Salvador. A apresenta\u00e7\u00e3o marcou a abertura oficial da maratona carnavalesca da artista, que neste ano presta um tributo especial ao Nordeste.<\/p>\n\n\n\n<p>Arrastando uma multid\u00e3o, a artista apresentou um repert\u00f3rio animado que mesclou can\u00e7\u00f5es autorais e grandes cl\u00e1ssicos do Carnaval, como \u201cEva\u201d, \u201cArer\u00ea\u201d e \u201cMaimb\u00ea Dand\u00e1\u201d. O setlist tamb\u00e9m contou com sua m\u00fasica \u201cToma\u201d, e o encerramento ficou por conta de \u201cDesliza\u201d, sucesso de L\u00e9o Santana.<\/p>\n\n\n\n<p>Nesta sexta-feira (13), a cantora se apresenta no circuito Campo Grande, em Salvador, e d\u00e1 continuidade \u00e0 sua maratona carnavalesca. Confira a agenda completa:<\/p>\n\n\n\n<p><strong>Agenda \u2013 Vina Calmon | Carnaval 2026<br>07\/02<\/strong>\u00a0\u2013 Candiba\/BA \u2013 Pr\u00e9-Carnaval de Candiba\u00a0<br><strong>08\/02<\/strong>\u00a0\u2013 Timon\/MA \u2013 Circuito Z\u00e9 Pereira\u00a0<img decoding=\"async\" src=\"https:\/\/fonts.gstatic.com\/s\/e\/notoemoji\/16.0\/2705\/32.png\" alt=\"\u2705\"><br><strong>12\/02<\/strong>\u00a0\u2013 Salvador\/BA (Barra\/Ondina) \u2013 Pipoca da Vina\u00a0<img decoding=\"async\" src=\"https:\/\/fonts.gstatic.com\/s\/e\/notoemoji\/16.0\/2705\/32.png\" alt=\"\u2705\"><br><strong>13\/02<\/strong>\u00a0\u2013 Salvador\/BA (Campo Grande) \u2013 Pipoca da Vina<br><strong>14\/02<\/strong>\u00a0\u2013 Caravelas\/BA \u2013 Carnaval de Caravelas<br><strong>14\/02<\/strong>\u00a0\u2013 Alcoba\u00e7a\/BA \u2013 Carnaval de Alcoba\u00e7a<br><strong>15\/02<\/strong>\u00a0\u2013 Itacar\u00e9\/BA \u2013 Carnaval de Itacar\u00e9<br><strong>16\/02<\/strong>\u00a0\u2013 Itaporanga\/SE \u2013 Ver\u00e3o Sergipe<br><strong>17\/02<\/strong>\u00a0\u2013 Salvador\/BA (Barra\/Ondina) \u2013 Pipoca da Vina<\/p>\n","protected":false},"excerpt":{"rendered":"<p>A cantora Vina Calmon deu in\u00edcio \u00e0 sua agenda de Carnaval 2026 na \u00faltima quinta-feira (12), comandando a \u201cPipoca da Vina\u201d no Circuito Barra-Ondina, em Salvador. A apresenta\u00e7\u00e3o marcou a abertura oficial da maratona carnavalesca da artista, que neste ano presta um tributo especial ao Nordeste. Arrastando uma multid\u00e3o, a artista apresentou um repert\u00f3rio animado [&hellip;]<\/p>\n","protected":false},"author":3,"featured_media":41972,"comment_status":"open","ping_status":"open","sticky":false,"template":"","format":"standard","meta":{"_monsterinsights_skip_tracking":false,"_monsterinsights_sitenote_active":false,"_monsterinsights_sitenote_note":"","_monsterinsights_sitenote_category":0,"footnotes":""},"categories":[44,47],"tags":[],"yoast_head":"<!-- This site is optimized with the Yoast SEO plugin v22.9 - https:\/\/yoast.com\/wordpress\/plugins\/seo\/ -->\n<title>Vina Calmon abre seu Carnaval com pipoca no circuito Barra-Ondina - Portal MF<\/title>\n<meta name=\"robots\" content=\"index, follow, max-snippet:-1, max-image-preview:large, max-video-preview:-1\" \/>\n<link rel=\"canonical\" href=\"https:\/\/portalmf.com.br\/index.php\/2026\/02\/13\/vina-calmon-abre-seu-carnaval-com-pipoca-no-circuito-barra-ondina\/\" \/>\n<meta property=\"og:locale\" content=\"pt_BR\" \/>\n<meta property=\"og:type\" content=\"article\" \/>\n<meta property=\"og:title\" content=\"Vina Calmon abre seu Carnaval com pipoca no circuito Barra-Ondina - Portal MF\" \/>\n<meta property=\"og:description\" content=\"A cantora Vina Calmon deu in\u00edcio \u00e0 sua agenda de Carnaval 2026 na \u00faltima quinta-feira (12), comandando a \u201cPipoca da Vina\u201d no Circuito Barra-Ondina, em Salvador. A apresenta\u00e7\u00e3o marcou a abertura oficial da maratona carnavalesca da artista, que neste ano presta um tributo especial ao Nordeste. Arrastando uma multid\u00e3o, a artista apresentou um repert\u00f3rio animado [&hellip;]\" \/>\n<meta property=\"og:url\" content=\"https:\/\/portalmf.com.br\/index.php\/2026\/02\/13\/vina-calmon-abre-seu-carnaval-com-pipoca-no-circuito-barra-ondina\/\" \/>\n<meta property=\"og:site_name\" content=\"Portal MF\" \/>\n<meta property=\"article:author\" content=\"https:\/\/www.facebook.com\/portalmfoficial\" \/>\n<meta property=\"article:published_time\" content=\"2026-02-13T19:07:50+00:00\" \/>\n<meta property=\"og:image\" content=\"https:\/\/portalmf.com.br\/wp-content\/uploads\/2026\/02\/VC.jpeg\" \/>\n\t<meta property=\"og:image:width\" content=\"1280\" \/>\n\t<meta property=\"og:image:height\" content=\"960\" \/>\n\t<meta property=\"og:image:type\" content=\"image\/jpeg\" \/>\n<meta name=\"author\" content=\"Reda\u00e7\u00e3o Portal MF\" \/>\n<meta name=\"twitter:card\" content=\"summary_large_image\" \/>\n<meta name=\"twitter:creator\" content=\"@https:\/\/x.com\/portalmfoficial\" \/>\n<meta name=\"twitter:label1\" content=\"Escrito por\" \/>\n\t<meta name=\"twitter:data1\" content=\"Reda\u00e7\u00e3o Portal MF\" \/>\n\t<meta name=\"twitter:label2\" content=\"Est. tempo de leitura\" \/>\n\t<meta name=\"twitter:data2\" content=\"2 minutos\" \/>\n<script type=\"application\/ld+json\" class=\"yoast-schema-graph\">{\"@context\":\"https:\/\/schema.org\",\"@graph\":[{\"@type\":\"WebPage\",\"@id\":\"https:\/\/portalmf.com.br\/index.php\/2026\/02\/13\/vina-calmon-abre-seu-carnaval-com-pipoca-no-circuito-barra-ondina\/\",\"url\":\"https:\/\/portalmf.com.br\/index.php\/2026\/02\/13\/vina-calmon-abre-seu-carnaval-com-pipoca-no-circuito-barra-ondina\/\",\"name\":\"Vina Calmon abre seu Carnaval com pipoca no circuito Barra-Ondina - Portal MF\",\"isPartOf\":{\"@id\":\"https:\/\/portalmf.com.br\/#website\"},\"primaryImageOfPage\":{\"@id\":\"https:\/\/portalmf.com.br\/index.php\/2026\/02\/13\/vina-calmon-abre-seu-carnaval-com-pipoca-no-circuito-barra-ondina\/#primaryimage\"},\"image\":{\"@id\":\"https:\/\/portalmf.com.br\/index.php\/2026\/02\/13\/vina-calmon-abre-seu-carnaval-com-pipoca-no-circuito-barra-ondina\/#primaryimage\"},\"thumbnailUrl\":\"https:\/\/portalmf.com.br\/wp-content\/uploads\/2026\/02\/VC.jpeg\",\"datePublished\":\"2026-02-13T19:07:50+00:00\",\"dateModified\":\"2026-02-13T19:07:50+00:00\",\"author\":{\"@id\":\"https:\/\/portalmf.com.br\/#\/schema\/person\/9ec101baf56233e53520c26de5d6f6f0\"},\"breadcrumb\":{\"@id\":\"https:\/\/portalmf.com.br\/index.php\/2026\/02\/13\/vina-calmon-abre-seu-carnaval-com-pipoca-no-circuito-barra-ondina\/#breadcrumb\"},\"inLanguage\":\"pt-BR\",\"potentialAction\":[{\"@type\":\"ReadAction\",\"target\":[\"https:\/\/portalmf.com.br\/index.php\/2026\/02\/13\/vina-calmon-abre-seu-carnaval-com-pipoca-no-circuito-barra-ondina\/\"]}]},{\"@type\":\"ImageObject\",\"inLanguage\":\"pt-BR\",\"@id\":\"https:\/\/portalmf.com.br\/index.php\/2026\/02\/13\/vina-calmon-abre-seu-carnaval-com-pipoca-no-circuito-barra-ondina\/#primaryimage\",\"url\":\"https:\/\/portalmf.com.br\/wp-content\/uploads\/2026\/02\/VC.jpeg\",\"contentUrl\":\"https:\/\/portalmf.com.br\/wp-content\/uploads\/2026\/02\/VC.jpeg\",\"width\":1280,\"height\":960},{\"@type\":\"BreadcrumbList\",\"@id\":\"https:\/\/portalmf.com.br\/index.php\/2026\/02\/13\/vina-calmon-abre-seu-carnaval-com-pipoca-no-circuito-barra-ondina\/#breadcrumb\",\"itemListElement\":[{\"@type\":\"ListItem\",\"position\":1,\"name\":\"In\u00edcio\",\"item\":\"https:\/\/portalmf.com.br\/\"},{\"@type\":\"ListItem\",\"position\":2,\"name\":\"Vina Calmon abre seu Carnaval com pipoca no circuito Barra-Ondina\"}]},{\"@type\":\"WebSite\",\"@id\":\"https:\/\/portalmf.com.br\/#website\",\"url\":\"https:\/\/portalmf.com.br\/\",\"name\":\"Portal MF\",\"description\":\"Voc\u00ea conectado com a informa\u00e7\u00e3o\",\"potentialAction\":[{\"@type\":\"SearchAction\",\"target\":{\"@type\":\"EntryPoint\",\"urlTemplate\":\"https:\/\/portalmf.com.br\/?s={search_term_string}\"},\"query-input\":\"required name=search_term_string\"}],\"inLanguage\":\"pt-BR\"},{\"@type\":\"Person\",\"@id\":\"https:\/\/portalmf.com.br\/#\/schema\/person\/9ec101baf56233e53520c26de5d6f6f0\",\"name\":\"Reda\u00e7\u00e3o Portal MF\",\"image\":{\"@type\":\"ImageObject\",\"inLanguage\":\"pt-BR\",\"@id\":\"https:\/\/portalmf.com.br\/#\/schema\/person\/image\/\",\"url\":\"https:\/\/secure.gravatar.com\/avatar\/41b9aaeb2100835f7c64362330f74c7f?s=96&d=mm&r=g\",\"contentUrl\":\"https:\/\/secure.gravatar.com\/avatar\/41b9aaeb2100835f7c64362330f74c7f?s=96&d=mm&r=g\",\"caption\":\"Reda\u00e7\u00e3o Portal MF\"},\"description\":\"Sejam bem-vindos o portal de informa\u00e7\u00f5es de entretenimento de Feira de Santana, desde 2006 realiza coberturas dos principais eventos com entrevistas exclusivas com as principais personalidades mundiais. Fique conectado tamb\u00e9m nas redes sociais.\",\"sameAs\":[\"http:\/\/www.portalmf.com.br\/\",\"https:\/\/www.facebook.com\/portalmfoficial\",\"https:\/\/www.instagram.com\/portalmf\/\",\"https:\/\/x.com\/https:\/\/x.com\/portalmfoficial\",\"https:\/\/www.youtube.com\/@portalmfoficial\"],\"url\":\"https:\/\/portalmf.com.br\/index.php\/author\/junior\/\"}]}<\/script>\n<!-- \/ Yoast SEO plugin. -->","yoast_head_json":{"title":"Vina Calmon abre seu Carnaval com pipoca no circuito Barra-Ondina - Portal MF","robots":{"index":"index","follow":"follow","max-snippet":"max-snippet:-1","max-image-preview":"max-image-preview:large","max-video-preview":"max-video-preview:-1"},"canonical":"https:\/\/portalmf.com.br\/index.php\/2026\/02\/13\/vina-calmon-abre-seu-carnaval-com-pipoca-no-circuito-barra-ondina\/","og_locale":"pt_BR","og_type":"article","og_title":"Vina Calmon abre seu Carnaval com pipoca no circuito Barra-Ondina - Portal MF","og_description":"A cantora Vina Calmon deu in\u00edcio \u00e0 sua agenda de Carnaval 2026 na \u00faltima quinta-feira (12), comandando a \u201cPipoca da Vina\u201d no Circuito Barra-Ondina, em Salvador. A apresenta\u00e7\u00e3o marcou a abertura oficial da maratona carnavalesca da artista, que neste ano presta um tributo especial ao Nordeste. Arrastando uma multid\u00e3o, a artista apresentou um repert\u00f3rio animado [&hellip;]","og_url":"https:\/\/portalmf.com.br\/index.php\/2026\/02\/13\/vina-calmon-abre-seu-carnaval-com-pipoca-no-circuito-barra-ondina\/","og_site_name":"Portal MF","article_author":"https:\/\/www.facebook.com\/portalmfoficial","article_published_time":"2026-02-13T19:07:50+00:00","og_image":[{"width":1280,"height":960,"url":"https:\/\/portalmf.com.br\/wp-content\/uploads\/2026\/02\/VC.jpeg","type":"image\/jpeg"}],"author":"Reda\u00e7\u00e3o Portal MF","twitter_card":"summary_large_image","twitter_creator":"@https:\/\/x.com\/portalmfoficial","twitter_misc":{"Escrito por":"Reda\u00e7\u00e3o Portal MF","Est. tempo de leitura":"2 minutos"},"schema":{"@context":"https:\/\/schema.org","@graph":[{"@type":"WebPage","@id":"https:\/\/portalmf.com.br\/index.php\/2026\/02\/13\/vina-calmon-abre-seu-carnaval-com-pipoca-no-circuito-barra-ondina\/","url":"https:\/\/portalmf.com.br\/index.php\/2026\/02\/13\/vina-calmon-abre-seu-carnaval-com-pipoca-no-circuito-barra-ondina\/","name":"Vina Calmon abre seu Carnaval com pipoca no circuito Barra-Ondina - Portal MF","isPartOf":{"@id":"https:\/\/portalmf.com.br\/#website"},"primaryImageOfPage":{"@id":"https:\/\/portalmf.com.br\/index.php\/2026\/02\/13\/vina-calmon-abre-seu-carnaval-com-pipoca-no-circuito-barra-ondina\/#primaryimage"},"image":{"@id":"https:\/\/portalmf.com.br\/index.php\/2026\/02\/13\/vina-calmon-abre-seu-carnaval-com-pipoca-no-circuito-barra-ondina\/#primaryimage"},"thumbnailUrl":"https:\/\/portalmf.com.br\/wp-content\/uploads\/2026\/02\/VC.jpeg","datePublished":"2026-02-13T19:07:50+00:00","dateModified":"2026-02-13T19:07:50+00:00","author":{"@id":"https:\/\/portalmf.com.br\/#\/schema\/person\/9ec101baf56233e53520c26de5d6f6f0"},"breadcrumb":{"@id":"https:\/\/portalmf.com.br\/index.php\/2026\/02\/13\/vina-calmon-abre-seu-carnaval-com-pipoca-no-circuito-barra-ondina\/#breadcrumb"},"inLanguage":"pt-BR","potentialAction":[{"@type":"ReadAction","target":["https:\/\/portalmf.com.br\/index.php\/2026\/02\/13\/vina-calmon-abre-seu-carnaval-com-pipoca-no-circuito-barra-ondina\/"]}]},{"@type":"ImageObject","inLanguage":"pt-BR","@id":"https:\/\/portalmf.com.br\/index.php\/2026\/02\/13\/vina-calmon-abre-seu-carnaval-com-pipoca-no-circuito-barra-ondina\/#primaryimage","url":"https:\/\/portalmf.com.br\/wp-content\/uploads\/2026\/02\/VC.jpeg","contentUrl":"https:\/\/portalmf.com.br\/wp-content\/uploads\/2026\/02\/VC.jpeg","width":1280,"height":960},{"@type":"BreadcrumbList","@id":"https:\/\/portalmf.com.br\/index.php\/2026\/02\/13\/vina-calmon-abre-seu-carnaval-com-pipoca-no-circuito-barra-ondina\/#breadcrumb","itemListElement":[{"@type":"ListItem","position":1,"name":"In\u00edcio","item":"https:\/\/portalmf.com.br\/"},{"@type":"ListItem","position":2,"name":"Vina Calmon abre seu Carnaval com pipoca no circuito Barra-Ondina"}]},{"@type":"WebSite","@id":"https:\/\/portalmf.com.br\/#website","url":"https:\/\/portalmf.com.br\/","name":"Portal MF","description":"Voc\u00ea conectado com a informa\u00e7\u00e3o","potentialAction":[{"@type":"SearchAction","target":{"@type":"EntryPoint","urlTemplate":"https:\/\/portalmf.com.br\/?s={search_term_string}"},"query-input":"required name=search_term_string"}],"inLanguage":"pt-BR"},{"@type":"Person","@id":"https:\/\/portalmf.com.br\/#\/schema\/person\/9ec101baf56233e53520c26de5d6f6f0","name":"Reda\u00e7\u00e3o Portal MF","image":{"@type":"ImageObject","inLanguage":"pt-BR","@id":"https:\/\/portalmf.com.br\/#\/schema\/person\/image\/","url":"https:\/\/secure.gravatar.com\/avatar\/41b9aaeb2100835f7c64362330f74c7f?s=96&d=mm&r=g","contentUrl":"https:\/\/secure.gravatar.com\/avatar\/41b9aaeb2100835f7c64362330f74c7f?s=96&d=mm&r=g","caption":"Reda\u00e7\u00e3o Portal MF"},"description":"Sejam bem-vindos o portal de informa\u00e7\u00f5es de entretenimento de Feira de Santana, desde 2006 realiza coberturas dos principais eventos com entrevistas exclusivas com as principais personalidades mundiais. Fique conectado tamb\u00e9m nas redes sociais.","sameAs":["http:\/\/www.portalmf.com.br\/","https:\/\/www.facebook.com\/portalmfoficial","https:\/\/www.instagram.com\/portalmf\/","https:\/\/x.com\/https:\/\/x.com\/portalmfoficial","https:\/\/www.youtube.com\/@portalmfoficial"],"url":"https:\/\/portalmf.com.br\/index.php\/author\/junior\/"}]}},"_links":{"self":[{"href":"https:\/\/portalmf.com.br\/index.php\/wp-json\/wp\/v2\/posts\/41971"}],"collection":[{"href":"https:\/\/portalmf.com.br\/index.php\/wp-json\/wp\/v2\/posts"}],"about":[{"href":"https:\/\/portalmf.com.br\/index.php\/wp-json\/wp\/v2\/types\/post"}],"author":[{"embeddable":true,"href":"https:\/\/portalmf.com.br\/index.php\/wp-json\/wp\/v2\/users\/3"}],"replies":[{"embeddable":true,"href":"https:\/\/portalmf.com.br\/index.php\/wp-json\/wp\/v2\/comments?post=41971"}],"version-history":[{"count":1,"href":"https:\/\/portalmf.com.br\/index.php\/wp-json\/wp\/v2\/posts\/41971\/revisions"}],"predecessor-version":[{"id":41973,"href":"https:\/\/portalmf.com.br\/index.php\/wp-json\/wp\/v2\/posts\/41971\/revisions\/41973"}],"wp:featuredmedia":[{"embeddable":true,"href":"https:\/\/portalmf.com.br\/index.php\/wp-json\/wp\/v2\/media\/41972"}],"wp:attachment":[{"href":"https:\/\/portalmf.com.br\/index.php\/wp-json\/wp\/v2\/media?parent=41971"}],"wp:term":[{"taxonomy":"category","embeddable":true,"href":"https:\/\/portalmf.com.br\/index.php\/wp-json\/wp\/v2\/categories?post=41971"},{"taxonomy":"post_tag","embeddable":true,"href":"https:\/\/portalmf.com.br\/index.php\/wp-json\/wp\/v2\/tags?post=41971"}],"curies":[{"name":"wp","href":"https:\/\/api.w.org\/{rel}","templated":true}]}}