{"id":4194,"date":"2022-09-12T13:30:00","date_gmt":"2022-09-12T16:30:00","guid":{"rendered":"http:\/\/portalmf.com.br\/?p=4194"},"modified":"2022-09-12T19:31:20","modified_gmt":"2022-09-12T22:31:20","slug":"luana-piovani-curte-show-da-timbalada-em-portugal","status":"publish","type":"post","link":"https:\/\/portalmf.com.br\/index.php\/2022\/09\/12\/luana-piovani-curte-show-da-timbalada-em-portugal\/","title":{"rendered":"Luana Piovani curte show da Timbalada em Portugal"},"content":{"rendered":"\n<p>A Timbalada acabou de realizar uma s\u00e9rie de shows em solo europeu. A banda, liderada por Denny Denan e Buja Ferreira passou pelas cidades de Vila do Conde, em Portugal, Geneve, na Su\u00ed\u00e7a e finalizou com chave de ouro, na capital do pa\u00eds portugu\u00eas, Lisboa.<\/p>\n\n\n\n<p>E foi na capital de Portugal que a banda recebeu na plateia uma convidada que \u00e9 f\u00e3 de carteirinha declarada. A atriz Luana Piovani curtiu de pertinho o show dos timbaleiros e foi a loucura com cada batida, mostrando que conhece todas as m\u00fasicas da banda.<\/p>\n\n\n\n<figure class=\"wp-block-gallery has-nested-images columns-default is-cropped wp-block-gallery-1 is-layout-flex wp-block-gallery-is-layout-flex\">\n<figure class=\"wp-block-image size-large\"><img fetchpriority=\"high\" decoding=\"async\" width=\"1024\" height=\"758\" data-id=\"4199\" src=\"http:\/\/portalmf.com.br\/wp-content\/uploads\/2022\/09\/Luana-Piovani-curte-show-da-Timbalada-em-Portugal-2-1024x758.jpeg\" alt=\"\" class=\"wp-image-4199\" srcset=\"https:\/\/portalmf.com.br\/wp-content\/uploads\/2022\/09\/Luana-Piovani-curte-show-da-Timbalada-em-Portugal-2-1024x758.jpeg 1024w, https:\/\/portalmf.com.br\/wp-content\/uploads\/2022\/09\/Luana-Piovani-curte-show-da-Timbalada-em-Portugal-2-300x222.jpeg 300w, https:\/\/portalmf.com.br\/wp-content\/uploads\/2022\/09\/Luana-Piovani-curte-show-da-Timbalada-em-Portugal-2-768x568.jpeg 768w, https:\/\/portalmf.com.br\/wp-content\/uploads\/2022\/09\/Luana-Piovani-curte-show-da-Timbalada-em-Portugal-2-585x433.jpeg 585w, https:\/\/portalmf.com.br\/wp-content\/uploads\/2022\/09\/Luana-Piovani-curte-show-da-Timbalada-em-Portugal-2.jpeg 1080w\" sizes=\"(max-width: 1024px) 100vw, 1024px\" \/><\/figure>\n\n\n\n<figure class=\"wp-block-image size-large\"><img decoding=\"async\" width=\"1024\" height=\"683\" data-id=\"4196\" src=\"http:\/\/portalmf.com.br\/wp-content\/uploads\/2022\/09\/Luana-Piovani-curte-show-da-Timbalada-em-Portugal-3-1024x683.jpeg\" alt=\"\" class=\"wp-image-4196\" srcset=\"https:\/\/portalmf.com.br\/wp-content\/uploads\/2022\/09\/Luana-Piovani-curte-show-da-Timbalada-em-Portugal-3-1024x683.jpeg 1024w, https:\/\/portalmf.com.br\/wp-content\/uploads\/2022\/09\/Luana-Piovani-curte-show-da-Timbalada-em-Portugal-3-300x200.jpeg 300w, https:\/\/portalmf.com.br\/wp-content\/uploads\/2022\/09\/Luana-Piovani-curte-show-da-Timbalada-em-Portugal-3-768x512.jpeg 768w, https:\/\/portalmf.com.br\/wp-content\/uploads\/2022\/09\/Luana-Piovani-curte-show-da-Timbalada-em-Portugal-3-585x390.jpeg 585w, https:\/\/portalmf.com.br\/wp-content\/uploads\/2022\/09\/Luana-Piovani-curte-show-da-Timbalada-em-Portugal-3-263x175.jpeg 263w, https:\/\/portalmf.com.br\/wp-content\/uploads\/2022\/09\/Luana-Piovani-curte-show-da-Timbalada-em-Portugal-3.jpeg 1080w\" sizes=\"(max-width: 1024px) 100vw, 1024px\" \/><\/figure>\n\n\n\n<figure class=\"wp-block-image size-large\"><img decoding=\"async\" width=\"1024\" height=\"683\" data-id=\"4197\" src=\"http:\/\/portalmf.com.br\/wp-content\/uploads\/2022\/09\/Luana-Piovani-curte-show-da-Timbalada-em-Portugal-4-1024x683.jpeg\" alt=\"\" class=\"wp-image-4197\" srcset=\"https:\/\/portalmf.com.br\/wp-content\/uploads\/2022\/09\/Luana-Piovani-curte-show-da-Timbalada-em-Portugal-4-1024x683.jpeg 1024w, https:\/\/portalmf.com.br\/wp-content\/uploads\/2022\/09\/Luana-Piovani-curte-show-da-Timbalada-em-Portugal-4-300x200.jpeg 300w, https:\/\/portalmf.com.br\/wp-content\/uploads\/2022\/09\/Luana-Piovani-curte-show-da-Timbalada-em-Portugal-4-768x512.jpeg 768w, https:\/\/portalmf.com.br\/wp-content\/uploads\/2022\/09\/Luana-Piovani-curte-show-da-Timbalada-em-Portugal-4-585x390.jpeg 585w, https:\/\/portalmf.com.br\/wp-content\/uploads\/2022\/09\/Luana-Piovani-curte-show-da-Timbalada-em-Portugal-4-263x175.jpeg 263w, https:\/\/portalmf.com.br\/wp-content\/uploads\/2022\/09\/Luana-Piovani-curte-show-da-Timbalada-em-Portugal-4.jpeg 1080w\" sizes=\"(max-width: 1024px) 100vw, 1024px\" \/><\/figure>\n\n\n\n<figure class=\"wp-block-image size-large\"><img loading=\"lazy\" decoding=\"async\" width=\"768\" height=\"1024\" data-id=\"4195\" src=\"http:\/\/portalmf.com.br\/wp-content\/uploads\/2022\/09\/Luana-Piovani-curte-show-da-Timbalada-em-Portugal-5-768x1024.jpeg\" alt=\"\" class=\"wp-image-4195\" srcset=\"https:\/\/portalmf.com.br\/wp-content\/uploads\/2022\/09\/Luana-Piovani-curte-show-da-Timbalada-em-Portugal-5-768x1024.jpeg 768w, https:\/\/portalmf.com.br\/wp-content\/uploads\/2022\/09\/Luana-Piovani-curte-show-da-Timbalada-em-Portugal-5-225x300.jpeg 225w, https:\/\/portalmf.com.br\/wp-content\/uploads\/2022\/09\/Luana-Piovani-curte-show-da-Timbalada-em-Portugal-5-1152x1536.jpeg 1152w, https:\/\/portalmf.com.br\/wp-content\/uploads\/2022\/09\/Luana-Piovani-curte-show-da-Timbalada-em-Portugal-5-1170x1560.jpeg 1170w, https:\/\/portalmf.com.br\/wp-content\/uploads\/2022\/09\/Luana-Piovani-curte-show-da-Timbalada-em-Portugal-5-585x780.jpeg 585w, https:\/\/portalmf.com.br\/wp-content\/uploads\/2022\/09\/Luana-Piovani-curte-show-da-Timbalada-em-Portugal-5.jpeg 1200w\" sizes=\"(max-width: 768px) 100vw, 768px\" \/><\/figure>\n\n\n\n<figure class=\"wp-block-image size-large\"><img loading=\"lazy\" decoding=\"async\" width=\"768\" height=\"1024\" data-id=\"4198\" src=\"http:\/\/portalmf.com.br\/wp-content\/uploads\/2022\/09\/Luana-Piovani-curte-show-da-Timbalada-em-Portugal-1-768x1024.jpeg\" alt=\"\" class=\"wp-image-4198\" srcset=\"https:\/\/portalmf.com.br\/wp-content\/uploads\/2022\/09\/Luana-Piovani-curte-show-da-Timbalada-em-Portugal-1-768x1024.jpeg 768w, https:\/\/portalmf.com.br\/wp-content\/uploads\/2022\/09\/Luana-Piovani-curte-show-da-Timbalada-em-Portugal-1-225x300.jpeg 225w, https:\/\/portalmf.com.br\/wp-content\/uploads\/2022\/09\/Luana-Piovani-curte-show-da-Timbalada-em-Portugal-1-1152x1536.jpeg 1152w, https:\/\/portalmf.com.br\/wp-content\/uploads\/2022\/09\/Luana-Piovani-curte-show-da-Timbalada-em-Portugal-1-1170x1560.jpeg 1170w, https:\/\/portalmf.com.br\/wp-content\/uploads\/2022\/09\/Luana-Piovani-curte-show-da-Timbalada-em-Portugal-1-585x780.jpeg 585w, https:\/\/portalmf.com.br\/wp-content\/uploads\/2022\/09\/Luana-Piovani-curte-show-da-Timbalada-em-Portugal-1.jpeg 1200w\" sizes=\"(max-width: 768px) 100vw, 768px\" \/><\/figure>\n<\/figure>\n","protected":false},"excerpt":{"rendered":"<p>A Timbalada acabou de realizar uma s\u00e9rie de shows em solo europeu. A banda, liderada por Denny Denan e Buja Ferreira passou pelas cidades de Vila do Conde, em Portugal, Geneve, na Su\u00ed\u00e7a e finalizou com chave de ouro, na capital do pa\u00eds portugu\u00eas, Lisboa. E foi na capital de Portugal que a banda recebeu [&hellip;]<\/p>\n","protected":false},"author":2,"featured_media":4200,"comment_status":"open","ping_status":"open","sticky":false,"template":"","format":"standard","meta":{"_monsterinsights_skip_tracking":false,"_monsterinsights_sitenote_active":false,"_monsterinsights_sitenote_note":"","_monsterinsights_sitenote_category":0,"footnotes":""},"categories":[48,36],"tags":[236,237],"yoast_head":"<!-- This site is optimized with the Yoast SEO plugin v22.9 - https:\/\/yoast.com\/wordpress\/plugins\/seo\/ -->\n<title>Luana Piovani curte show da Timbalada em Portugal - Portal MF<\/title>\n<meta name=\"robots\" content=\"index, follow, max-snippet:-1, max-image-preview:large, max-video-preview:-1\" \/>\n<link rel=\"canonical\" href=\"https:\/\/portalmf.com.br\/index.php\/2022\/09\/12\/luana-piovani-curte-show-da-timbalada-em-portugal\/\" \/>\n<meta property=\"og:locale\" content=\"pt_BR\" \/>\n<meta property=\"og:type\" content=\"article\" \/>\n<meta property=\"og:title\" content=\"Luana Piovani curte show da Timbalada em Portugal - Portal MF\" \/>\n<meta property=\"og:description\" content=\"A Timbalada acabou de realizar uma s\u00e9rie de shows em solo europeu. A banda, liderada por Denny Denan e Buja Ferreira passou pelas cidades de Vila do Conde, em Portugal, Geneve, na Su\u00ed\u00e7a e finalizou com chave de ouro, na capital do pa\u00eds portugu\u00eas, Lisboa. E foi na capital de Portugal que a banda recebeu [&hellip;]\" \/>\n<meta property=\"og:url\" content=\"https:\/\/portalmf.com.br\/index.php\/2022\/09\/12\/luana-piovani-curte-show-da-timbalada-em-portugal\/\" \/>\n<meta property=\"og:site_name\" content=\"Portal MF\" \/>\n<meta property=\"article:author\" content=\"reginaldojrfsa\" \/>\n<meta property=\"article:published_time\" content=\"2022-09-12T16:30:00+00:00\" \/>\n<meta property=\"article:modified_time\" content=\"2022-09-12T22:31:20+00:00\" \/>\n<meta property=\"og:image\" content=\"https:\/\/portalmf.com.br\/wp-content\/uploads\/2022\/09\/Luana-Piovani-curte-show-da-Timbalada-em-Portugal-01.jpg\" \/>\n\t<meta property=\"og:image:width\" content=\"1200\" \/>\n\t<meta property=\"og:image:height\" content=\"916\" \/>\n\t<meta property=\"og:image:type\" content=\"image\/jpeg\" \/>\n<meta name=\"author\" content=\"Reginaldo J\u00fanior\" \/>\n<meta name=\"twitter:card\" content=\"summary_large_image\" \/>\n<meta name=\"twitter:creator\" content=\"@reginaldojrmf\" \/>\n<meta name=\"twitter:label1\" content=\"Escrito por\" \/>\n\t<meta name=\"twitter:data1\" content=\"Reginaldo J\u00fanior\" \/>\n\t<meta name=\"twitter:label2\" content=\"Est. tempo de leitura\" \/>\n\t<meta name=\"twitter:data2\" content=\"2 minutos\" \/>\n<script type=\"application\/ld+json\" class=\"yoast-schema-graph\">{\"@context\":\"https:\/\/schema.org\",\"@graph\":[{\"@type\":\"WebPage\",\"@id\":\"https:\/\/portalmf.com.br\/index.php\/2022\/09\/12\/luana-piovani-curte-show-da-timbalada-em-portugal\/\",\"url\":\"https:\/\/portalmf.com.br\/index.php\/2022\/09\/12\/luana-piovani-curte-show-da-timbalada-em-portugal\/\",\"name\":\"Luana Piovani curte show da Timbalada em Portugal - Portal MF\",\"isPartOf\":{\"@id\":\"https:\/\/portalmf.com.br\/#website\"},\"primaryImageOfPage\":{\"@id\":\"https:\/\/portalmf.com.br\/index.php\/2022\/09\/12\/luana-piovani-curte-show-da-timbalada-em-portugal\/#primaryimage\"},\"image\":{\"@id\":\"https:\/\/portalmf.com.br\/index.php\/2022\/09\/12\/luana-piovani-curte-show-da-timbalada-em-portugal\/#primaryimage\"},\"thumbnailUrl\":\"https:\/\/portalmf.com.br\/wp-content\/uploads\/2022\/09\/Luana-Piovani-curte-show-da-Timbalada-em-Portugal-01.jpg\",\"datePublished\":\"2022-09-12T16:30:00+00:00\",\"dateModified\":\"2022-09-12T22:31:20+00:00\",\"author\":{\"@id\":\"https:\/\/portalmf.com.br\/#\/schema\/person\/11c82086fe8abc05a19147e964587285\"},\"breadcrumb\":{\"@id\":\"https:\/\/portalmf.com.br\/index.php\/2022\/09\/12\/luana-piovani-curte-show-da-timbalada-em-portugal\/#breadcrumb\"},\"inLanguage\":\"pt-BR\",\"potentialAction\":[{\"@type\":\"ReadAction\",\"target\":[\"https:\/\/portalmf.com.br\/index.php\/2022\/09\/12\/luana-piovani-curte-show-da-timbalada-em-portugal\/\"]}]},{\"@type\":\"ImageObject\",\"inLanguage\":\"pt-BR\",\"@id\":\"https:\/\/portalmf.com.br\/index.php\/2022\/09\/12\/luana-piovani-curte-show-da-timbalada-em-portugal\/#primaryimage\",\"url\":\"https:\/\/portalmf.com.br\/wp-content\/uploads\/2022\/09\/Luana-Piovani-curte-show-da-Timbalada-em-Portugal-01.jpg\",\"contentUrl\":\"https:\/\/portalmf.com.br\/wp-content\/uploads\/2022\/09\/Luana-Piovani-curte-show-da-Timbalada-em-Portugal-01.jpg\",\"width\":1200,\"height\":916},{\"@type\":\"BreadcrumbList\",\"@id\":\"https:\/\/portalmf.com.br\/index.php\/2022\/09\/12\/luana-piovani-curte-show-da-timbalada-em-portugal\/#breadcrumb\",\"itemListElement\":[{\"@type\":\"ListItem\",\"position\":1,\"name\":\"In\u00edcio\",\"item\":\"https:\/\/portalmf.com.br\/\"},{\"@type\":\"ListItem\",\"position\":2,\"name\":\"Luana Piovani curte show da Timbalada em Portugal\"}]},{\"@type\":\"WebSite\",\"@id\":\"https:\/\/portalmf.com.br\/#website\",\"url\":\"https:\/\/portalmf.com.br\/\",\"name\":\"Portal MF\",\"description\":\"Voc\u00ea conectado com a informa\u00e7\u00e3o\",\"potentialAction\":[{\"@type\":\"SearchAction\",\"target\":{\"@type\":\"EntryPoint\",\"urlTemplate\":\"https:\/\/portalmf.com.br\/?s={search_term_string}\"},\"query-input\":\"required name=search_term_string\"}],\"inLanguage\":\"pt-BR\"},{\"@type\":\"Person\",\"@id\":\"https:\/\/portalmf.com.br\/#\/schema\/person\/11c82086fe8abc05a19147e964587285\",\"name\":\"Reginaldo J\u00fanior\",\"image\":{\"@type\":\"ImageObject\",\"inLanguage\":\"pt-BR\",\"@id\":\"https:\/\/portalmf.com.br\/#\/schema\/person\/image\/\",\"url\":\"https:\/\/secure.gravatar.com\/avatar\/32a3c797cd0ac47cc53b8644c62776f9?s=96&d=mm&r=g\",\"contentUrl\":\"https:\/\/secure.gravatar.com\/avatar\/32a3c797cd0ac47cc53b8644c62776f9?s=96&d=mm&r=g\",\"caption\":\"Reginaldo J\u00fanior\"},\"description\":\"Jornalista e idealizador Portal MF\",\"sameAs\":[\"https:\/\/portalmf.com.br\/index.php\/author\/reginaldojr\/\",\"reginaldojrfsa\",\"reginaldojuniormf\",\"https:\/\/x.com\/reginaldojrmf\"],\"url\":\"https:\/\/portalmf.com.br\/index.php\/author\/reginaldojr\/\"}]}<\/script>\n<!-- \/ Yoast SEO plugin. -->","yoast_head_json":{"title":"Luana Piovani curte show da Timbalada em Portugal - Portal MF","robots":{"index":"index","follow":"follow","max-snippet":"max-snippet:-1","max-image-preview":"max-image-preview:large","max-video-preview":"max-video-preview:-1"},"canonical":"https:\/\/portalmf.com.br\/index.php\/2022\/09\/12\/luana-piovani-curte-show-da-timbalada-em-portugal\/","og_locale":"pt_BR","og_type":"article","og_title":"Luana Piovani curte show da Timbalada em Portugal - Portal MF","og_description":"A Timbalada acabou de realizar uma s\u00e9rie de shows em solo europeu. A banda, liderada por Denny Denan e Buja Ferreira passou pelas cidades de Vila do Conde, em Portugal, Geneve, na Su\u00ed\u00e7a e finalizou com chave de ouro, na capital do pa\u00eds portugu\u00eas, Lisboa. E foi na capital de Portugal que a banda recebeu [&hellip;]","og_url":"https:\/\/portalmf.com.br\/index.php\/2022\/09\/12\/luana-piovani-curte-show-da-timbalada-em-portugal\/","og_site_name":"Portal MF","article_author":"reginaldojrfsa","article_published_time":"2022-09-12T16:30:00+00:00","article_modified_time":"2022-09-12T22:31:20+00:00","og_image":[{"width":1200,"height":916,"url":"https:\/\/portalmf.com.br\/wp-content\/uploads\/2022\/09\/Luana-Piovani-curte-show-da-Timbalada-em-Portugal-01.jpg","type":"image\/jpeg"}],"author":"Reginaldo J\u00fanior","twitter_card":"summary_large_image","twitter_creator":"@reginaldojrmf","twitter_misc":{"Escrito por":"Reginaldo J\u00fanior","Est. tempo de leitura":"2 minutos"},"schema":{"@context":"https:\/\/schema.org","@graph":[{"@type":"WebPage","@id":"https:\/\/portalmf.com.br\/index.php\/2022\/09\/12\/luana-piovani-curte-show-da-timbalada-em-portugal\/","url":"https:\/\/portalmf.com.br\/index.php\/2022\/09\/12\/luana-piovani-curte-show-da-timbalada-em-portugal\/","name":"Luana Piovani curte show da Timbalada em Portugal - Portal MF","isPartOf":{"@id":"https:\/\/portalmf.com.br\/#website"},"primaryImageOfPage":{"@id":"https:\/\/portalmf.com.br\/index.php\/2022\/09\/12\/luana-piovani-curte-show-da-timbalada-em-portugal\/#primaryimage"},"image":{"@id":"https:\/\/portalmf.com.br\/index.php\/2022\/09\/12\/luana-piovani-curte-show-da-timbalada-em-portugal\/#primaryimage"},"thumbnailUrl":"https:\/\/portalmf.com.br\/wp-content\/uploads\/2022\/09\/Luana-Piovani-curte-show-da-Timbalada-em-Portugal-01.jpg","datePublished":"2022-09-12T16:30:00+00:00","dateModified":"2022-09-12T22:31:20+00:00","author":{"@id":"https:\/\/portalmf.com.br\/#\/schema\/person\/11c82086fe8abc05a19147e964587285"},"breadcrumb":{"@id":"https:\/\/portalmf.com.br\/index.php\/2022\/09\/12\/luana-piovani-curte-show-da-timbalada-em-portugal\/#breadcrumb"},"inLanguage":"pt-BR","potentialAction":[{"@type":"ReadAction","target":["https:\/\/portalmf.com.br\/index.php\/2022\/09\/12\/luana-piovani-curte-show-da-timbalada-em-portugal\/"]}]},{"@type":"ImageObject","inLanguage":"pt-BR","@id":"https:\/\/portalmf.com.br\/index.php\/2022\/09\/12\/luana-piovani-curte-show-da-timbalada-em-portugal\/#primaryimage","url":"https:\/\/portalmf.com.br\/wp-content\/uploads\/2022\/09\/Luana-Piovani-curte-show-da-Timbalada-em-Portugal-01.jpg","contentUrl":"https:\/\/portalmf.com.br\/wp-content\/uploads\/2022\/09\/Luana-Piovani-curte-show-da-Timbalada-em-Portugal-01.jpg","width":1200,"height":916},{"@type":"BreadcrumbList","@id":"https:\/\/portalmf.com.br\/index.php\/2022\/09\/12\/luana-piovani-curte-show-da-timbalada-em-portugal\/#breadcrumb","itemListElement":[{"@type":"ListItem","position":1,"name":"In\u00edcio","item":"https:\/\/portalmf.com.br\/"},{"@type":"ListItem","position":2,"name":"Luana Piovani curte show da Timbalada em Portugal"}]},{"@type":"WebSite","@id":"https:\/\/portalmf.com.br\/#website","url":"https:\/\/portalmf.com.br\/","name":"Portal MF","description":"Voc\u00ea conectado com a informa\u00e7\u00e3o","potentialAction":[{"@type":"SearchAction","target":{"@type":"EntryPoint","urlTemplate":"https:\/\/portalmf.com.br\/?s={search_term_string}"},"query-input":"required name=search_term_string"}],"inLanguage":"pt-BR"},{"@type":"Person","@id":"https:\/\/portalmf.com.br\/#\/schema\/person\/11c82086fe8abc05a19147e964587285","name":"Reginaldo J\u00fanior","image":{"@type":"ImageObject","inLanguage":"pt-BR","@id":"https:\/\/portalmf.com.br\/#\/schema\/person\/image\/","url":"https:\/\/secure.gravatar.com\/avatar\/32a3c797cd0ac47cc53b8644c62776f9?s=96&d=mm&r=g","contentUrl":"https:\/\/secure.gravatar.com\/avatar\/32a3c797cd0ac47cc53b8644c62776f9?s=96&d=mm&r=g","caption":"Reginaldo J\u00fanior"},"description":"Jornalista e idealizador Portal MF","sameAs":["https:\/\/portalmf.com.br\/index.php\/author\/reginaldojr\/","reginaldojrfsa","reginaldojuniormf","https:\/\/x.com\/reginaldojrmf"],"url":"https:\/\/portalmf.com.br\/index.php\/author\/reginaldojr\/"}]}},"_links":{"self":[{"href":"https:\/\/portalmf.com.br\/index.php\/wp-json\/wp\/v2\/posts\/4194"}],"collection":[{"href":"https:\/\/portalmf.com.br\/index.php\/wp-json\/wp\/v2\/posts"}],"about":[{"href":"https:\/\/portalmf.com.br\/index.php\/wp-json\/wp\/v2\/types\/post"}],"author":[{"embeddable":true,"href":"https:\/\/portalmf.com.br\/index.php\/wp-json\/wp\/v2\/users\/2"}],"replies":[{"embeddable":true,"href":"https:\/\/portalmf.com.br\/index.php\/wp-json\/wp\/v2\/comments?post=4194"}],"version-history":[{"count":1,"href":"https:\/\/portalmf.com.br\/index.php\/wp-json\/wp\/v2\/posts\/4194\/revisions"}],"predecessor-version":[{"id":4201,"href":"https:\/\/portalmf.com.br\/index.php\/wp-json\/wp\/v2\/posts\/4194\/revisions\/4201"}],"wp:featuredmedia":[{"embeddable":true,"href":"https:\/\/portalmf.com.br\/index.php\/wp-json\/wp\/v2\/media\/4200"}],"wp:attachment":[{"href":"https:\/\/portalmf.com.br\/index.php\/wp-json\/wp\/v2\/media?parent=4194"}],"wp:term":[{"taxonomy":"category","embeddable":true,"href":"https:\/\/portalmf.com.br\/index.php\/wp-json\/wp\/v2\/categories?post=4194"},{"taxonomy":"post_tag","embeddable":true,"href":"https:\/\/portalmf.com.br\/index.php\/wp-json\/wp\/v2\/tags?post=4194"}],"curies":[{"name":"wp","href":"https:\/\/api.w.org\/{rel}","templated":true}]}}