{"id":41935,"date":"2026-02-11T22:20:20","date_gmt":"2026-02-12T01:20:20","guid":{"rendered":"https:\/\/portalmf.com.br\/?p=41935"},"modified":"2026-02-11T22:20:22","modified_gmt":"2026-02-12T01:20:22","slug":"irmaos-macedo-comemoram-75-anos-do-trio-eletrico-no-carnaval-2026","status":"publish","type":"post","link":"https:\/\/portalmf.com.br\/index.php\/2026\/02\/11\/irmaos-macedo-comemoram-75-anos-do-trio-eletrico-no-carnaval-2026\/","title":{"rendered":"Irm\u00e3os Macedo comemoram 75 anos do Trio El\u00e9trico no Carnaval 2026"},"content":{"rendered":"\n<p>Os Irm\u00e3os Macedo, \u00e0 frente da banda Armandinho, Dod\u00f4 e Osmar, cumprem uma agenda especial no Carnaval, com apresenta\u00e7\u00f5es entre quinta e ter\u00e7a-feira, em Salvador. A programa\u00e7\u00e3o integra as comemora\u00e7\u00f5es dos 75 anos da inven\u00e7\u00e3o do Trio El\u00e9trico e dos 40 anos da Ax\u00e9 Music, reunindo desfiles em circuitos oficiais, shows em camarote e apresenta\u00e7\u00f5es em palco.<\/p>\n\n\n\n<p>A agenda come\u00e7a na quinta-feira, dia 12, com apresenta\u00e7\u00e3o no Camarote Har\u00e9m. No s\u00e1bado, dia 14, o grupo ocupa dois espa\u00e7os: o trio el\u00e9trico no Campo Grande e um show no palco do Rio Vermelho. De domingo a ter\u00e7a-feira, a banda segue em desfile de trio el\u00e9trico no circuito Barra-Ondina.<\/p>\n\n\n\n<p>No ver\u00e3o, os Irm\u00e3os Macedo tamb\u00e9m prestam homenagem a Caetano Veloso, artista decisivo na proje\u00e7\u00e3o do Trio El\u00e9trico e da m\u00fasica baiana no Brasil. A frase \u201cAtr\u00e1s do Trio El\u00e9trico s\u00f3 n\u00e3o vai quem j\u00e1 morreu\u201d, eternizada em can\u00e7\u00e3o, consolidou o trio como s\u00edmbolo do Carnaval e ampliou seu alcance para al\u00e9m da Bahia.<\/p>\n\n\n\n<p>Armandinho, Betinho, Aroldo e Andr\u00e9 Macedo d\u00e3o continuidade a um legado iniciado em 1950, quando Osmar Macedo e Dod\u00f4 transformaram um Ford 1929 em palco m\u00f3vel, mudando a forma de fazer festa nas ruas de Salvador. Desde ent\u00e3o, o Trio El\u00e9trico se tornou refer\u00eancia cultural e base de um modelo de Carnaval que ganhou o mundo.<\/p>\n\n\n\n<p>O repert\u00f3rio percorre a hist\u00f3ria do Trio El\u00e9trico e da Ax\u00e9 Music, com can\u00e7\u00f5es como \u201cChame Gente\u201d e \u201cPombo Correio\u201d, que seguem como marcas do encontro entre m\u00fasica eletrificada, rua e p\u00fablico, eixo central das apresenta\u00e7\u00f5es do grupo durante o Carnaval.<\/p>\n","protected":false},"excerpt":{"rendered":"<p>Os Irm\u00e3os Macedo, \u00e0 frente da banda Armandinho, Dod\u00f4 e Osmar, cumprem uma agenda especial no Carnaval, com apresenta\u00e7\u00f5es entre quinta e ter\u00e7a-feira, em Salvador. A programa\u00e7\u00e3o integra as comemora\u00e7\u00f5es dos 75 anos da inven\u00e7\u00e3o do Trio El\u00e9trico e dos 40 anos da Ax\u00e9 Music, reunindo desfiles em circuitos oficiais, shows em camarote e apresenta\u00e7\u00f5es [&hellip;]<\/p>\n","protected":false},"author":3,"featured_media":41936,"comment_status":"open","ping_status":"open","sticky":false,"template":"","format":"standard","meta":{"_monsterinsights_skip_tracking":false,"_monsterinsights_sitenote_active":false,"_monsterinsights_sitenote_note":"","_monsterinsights_sitenote_category":0,"footnotes":""},"categories":[44,48],"tags":[],"yoast_head":"<!-- This site is optimized with the Yoast SEO plugin v22.9 - https:\/\/yoast.com\/wordpress\/plugins\/seo\/ -->\n<title>Irm\u00e3os Macedo comemoram 75 anos do Trio El\u00e9trico no Carnaval 2026 - Portal MF<\/title>\n<meta name=\"robots\" content=\"index, follow, max-snippet:-1, max-image-preview:large, max-video-preview:-1\" \/>\n<link rel=\"canonical\" href=\"https:\/\/portalmf.com.br\/index.php\/2026\/02\/11\/irmaos-macedo-comemoram-75-anos-do-trio-eletrico-no-carnaval-2026\/\" \/>\n<meta property=\"og:locale\" content=\"pt_BR\" \/>\n<meta property=\"og:type\" content=\"article\" \/>\n<meta property=\"og:title\" content=\"Irm\u00e3os Macedo comemoram 75 anos do Trio El\u00e9trico no Carnaval 2026 - Portal MF\" \/>\n<meta property=\"og:description\" content=\"Os Irm\u00e3os Macedo, \u00e0 frente da banda Armandinho, Dod\u00f4 e Osmar, cumprem uma agenda especial no Carnaval, com apresenta\u00e7\u00f5es entre quinta e ter\u00e7a-feira, em Salvador. A programa\u00e7\u00e3o integra as comemora\u00e7\u00f5es dos 75 anos da inven\u00e7\u00e3o do Trio El\u00e9trico e dos 40 anos da Ax\u00e9 Music, reunindo desfiles em circuitos oficiais, shows em camarote e apresenta\u00e7\u00f5es [&hellip;]\" \/>\n<meta property=\"og:url\" content=\"https:\/\/portalmf.com.br\/index.php\/2026\/02\/11\/irmaos-macedo-comemoram-75-anos-do-trio-eletrico-no-carnaval-2026\/\" \/>\n<meta property=\"og:site_name\" content=\"Portal MF\" \/>\n<meta property=\"article:author\" content=\"https:\/\/www.facebook.com\/portalmfoficial\" \/>\n<meta property=\"article:published_time\" content=\"2026-02-12T01:20:20+00:00\" \/>\n<meta property=\"article:modified_time\" content=\"2026-02-12T01:20:22+00:00\" \/>\n<meta property=\"og:image\" content=\"https:\/\/portalmf.com.br\/wp-content\/uploads\/2026\/02\/irmaos_macedo_.jpg\" \/>\n\t<meta property=\"og:image:width\" content=\"2560\" \/>\n\t<meta property=\"og:image:height\" content=\"1706\" \/>\n\t<meta property=\"og:image:type\" content=\"image\/jpeg\" \/>\n<meta name=\"author\" content=\"Reda\u00e7\u00e3o Portal MF\" \/>\n<meta name=\"twitter:card\" content=\"summary_large_image\" \/>\n<meta name=\"twitter:creator\" content=\"@https:\/\/x.com\/portalmfoficial\" \/>\n<meta name=\"twitter:label1\" content=\"Escrito por\" \/>\n\t<meta name=\"twitter:data1\" content=\"Reda\u00e7\u00e3o Portal MF\" \/>\n\t<meta name=\"twitter:label2\" content=\"Est. tempo de leitura\" \/>\n\t<meta name=\"twitter:data2\" content=\"2 minutos\" \/>\n<script type=\"application\/ld+json\" class=\"yoast-schema-graph\">{\"@context\":\"https:\/\/schema.org\",\"@graph\":[{\"@type\":\"WebPage\",\"@id\":\"https:\/\/portalmf.com.br\/index.php\/2026\/02\/11\/irmaos-macedo-comemoram-75-anos-do-trio-eletrico-no-carnaval-2026\/\",\"url\":\"https:\/\/portalmf.com.br\/index.php\/2026\/02\/11\/irmaos-macedo-comemoram-75-anos-do-trio-eletrico-no-carnaval-2026\/\",\"name\":\"Irm\u00e3os Macedo comemoram 75 anos do Trio El\u00e9trico no Carnaval 2026 - Portal MF\",\"isPartOf\":{\"@id\":\"https:\/\/portalmf.com.br\/#website\"},\"primaryImageOfPage\":{\"@id\":\"https:\/\/portalmf.com.br\/index.php\/2026\/02\/11\/irmaos-macedo-comemoram-75-anos-do-trio-eletrico-no-carnaval-2026\/#primaryimage\"},\"image\":{\"@id\":\"https:\/\/portalmf.com.br\/index.php\/2026\/02\/11\/irmaos-macedo-comemoram-75-anos-do-trio-eletrico-no-carnaval-2026\/#primaryimage\"},\"thumbnailUrl\":\"https:\/\/portalmf.com.br\/wp-content\/uploads\/2026\/02\/irmaos_macedo_.jpg\",\"datePublished\":\"2026-02-12T01:20:20+00:00\",\"dateModified\":\"2026-02-12T01:20:22+00:00\",\"author\":{\"@id\":\"https:\/\/portalmf.com.br\/#\/schema\/person\/9ec101baf56233e53520c26de5d6f6f0\"},\"breadcrumb\":{\"@id\":\"https:\/\/portalmf.com.br\/index.php\/2026\/02\/11\/irmaos-macedo-comemoram-75-anos-do-trio-eletrico-no-carnaval-2026\/#breadcrumb\"},\"inLanguage\":\"pt-BR\",\"potentialAction\":[{\"@type\":\"ReadAction\",\"target\":[\"https:\/\/portalmf.com.br\/index.php\/2026\/02\/11\/irmaos-macedo-comemoram-75-anos-do-trio-eletrico-no-carnaval-2026\/\"]}]},{\"@type\":\"ImageObject\",\"inLanguage\":\"pt-BR\",\"@id\":\"https:\/\/portalmf.com.br\/index.php\/2026\/02\/11\/irmaos-macedo-comemoram-75-anos-do-trio-eletrico-no-carnaval-2026\/#primaryimage\",\"url\":\"https:\/\/portalmf.com.br\/wp-content\/uploads\/2026\/02\/irmaos_macedo_.jpg\",\"contentUrl\":\"https:\/\/portalmf.com.br\/wp-content\/uploads\/2026\/02\/irmaos_macedo_.jpg\",\"width\":2560,\"height\":1706},{\"@type\":\"BreadcrumbList\",\"@id\":\"https:\/\/portalmf.com.br\/index.php\/2026\/02\/11\/irmaos-macedo-comemoram-75-anos-do-trio-eletrico-no-carnaval-2026\/#breadcrumb\",\"itemListElement\":[{\"@type\":\"ListItem\",\"position\":1,\"name\":\"In\u00edcio\",\"item\":\"https:\/\/portalmf.com.br\/\"},{\"@type\":\"ListItem\",\"position\":2,\"name\":\"Irm\u00e3os Macedo comemoram 75 anos do Trio El\u00e9trico no Carnaval 2026\"}]},{\"@type\":\"WebSite\",\"@id\":\"https:\/\/portalmf.com.br\/#website\",\"url\":\"https:\/\/portalmf.com.br\/\",\"name\":\"Portal MF\",\"description\":\"Voc\u00ea conectado com a informa\u00e7\u00e3o\",\"potentialAction\":[{\"@type\":\"SearchAction\",\"target\":{\"@type\":\"EntryPoint\",\"urlTemplate\":\"https:\/\/portalmf.com.br\/?s={search_term_string}\"},\"query-input\":\"required name=search_term_string\"}],\"inLanguage\":\"pt-BR\"},{\"@type\":\"Person\",\"@id\":\"https:\/\/portalmf.com.br\/#\/schema\/person\/9ec101baf56233e53520c26de5d6f6f0\",\"name\":\"Reda\u00e7\u00e3o Portal MF\",\"image\":{\"@type\":\"ImageObject\",\"inLanguage\":\"pt-BR\",\"@id\":\"https:\/\/portalmf.com.br\/#\/schema\/person\/image\/\",\"url\":\"https:\/\/secure.gravatar.com\/avatar\/41b9aaeb2100835f7c64362330f74c7f?s=96&d=mm&r=g\",\"contentUrl\":\"https:\/\/secure.gravatar.com\/avatar\/41b9aaeb2100835f7c64362330f74c7f?s=96&d=mm&r=g\",\"caption\":\"Reda\u00e7\u00e3o Portal MF\"},\"description\":\"Sejam bem-vindos o portal de informa\u00e7\u00f5es de entretenimento de Feira de Santana, desde 2006 realiza coberturas dos principais eventos com entrevistas exclusivas com as principais personalidades mundiais. Fique conectado tamb\u00e9m nas redes sociais.\",\"sameAs\":[\"http:\/\/www.portalmf.com.br\/\",\"https:\/\/www.facebook.com\/portalmfoficial\",\"https:\/\/www.instagram.com\/portalmf\/\",\"https:\/\/x.com\/https:\/\/x.com\/portalmfoficial\",\"https:\/\/www.youtube.com\/@portalmfoficial\"],\"url\":\"https:\/\/portalmf.com.br\/index.php\/author\/junior\/\"}]}<\/script>\n<!-- \/ Yoast SEO plugin. -->","yoast_head_json":{"title":"Irm\u00e3os Macedo comemoram 75 anos do Trio El\u00e9trico no Carnaval 2026 - Portal MF","robots":{"index":"index","follow":"follow","max-snippet":"max-snippet:-1","max-image-preview":"max-image-preview:large","max-video-preview":"max-video-preview:-1"},"canonical":"https:\/\/portalmf.com.br\/index.php\/2026\/02\/11\/irmaos-macedo-comemoram-75-anos-do-trio-eletrico-no-carnaval-2026\/","og_locale":"pt_BR","og_type":"article","og_title":"Irm\u00e3os Macedo comemoram 75 anos do Trio El\u00e9trico no Carnaval 2026 - Portal MF","og_description":"Os Irm\u00e3os Macedo, \u00e0 frente da banda Armandinho, Dod\u00f4 e Osmar, cumprem uma agenda especial no Carnaval, com apresenta\u00e7\u00f5es entre quinta e ter\u00e7a-feira, em Salvador. A programa\u00e7\u00e3o integra as comemora\u00e7\u00f5es dos 75 anos da inven\u00e7\u00e3o do Trio El\u00e9trico e dos 40 anos da Ax\u00e9 Music, reunindo desfiles em circuitos oficiais, shows em camarote e apresenta\u00e7\u00f5es [&hellip;]","og_url":"https:\/\/portalmf.com.br\/index.php\/2026\/02\/11\/irmaos-macedo-comemoram-75-anos-do-trio-eletrico-no-carnaval-2026\/","og_site_name":"Portal MF","article_author":"https:\/\/www.facebook.com\/portalmfoficial","article_published_time":"2026-02-12T01:20:20+00:00","article_modified_time":"2026-02-12T01:20:22+00:00","og_image":[{"width":2560,"height":1706,"url":"https:\/\/portalmf.com.br\/wp-content\/uploads\/2026\/02\/irmaos_macedo_.jpg","type":"image\/jpeg"}],"author":"Reda\u00e7\u00e3o Portal MF","twitter_card":"summary_large_image","twitter_creator":"@https:\/\/x.com\/portalmfoficial","twitter_misc":{"Escrito por":"Reda\u00e7\u00e3o Portal MF","Est. tempo de leitura":"2 minutos"},"schema":{"@context":"https:\/\/schema.org","@graph":[{"@type":"WebPage","@id":"https:\/\/portalmf.com.br\/index.php\/2026\/02\/11\/irmaos-macedo-comemoram-75-anos-do-trio-eletrico-no-carnaval-2026\/","url":"https:\/\/portalmf.com.br\/index.php\/2026\/02\/11\/irmaos-macedo-comemoram-75-anos-do-trio-eletrico-no-carnaval-2026\/","name":"Irm\u00e3os Macedo comemoram 75 anos do Trio El\u00e9trico no Carnaval 2026 - Portal MF","isPartOf":{"@id":"https:\/\/portalmf.com.br\/#website"},"primaryImageOfPage":{"@id":"https:\/\/portalmf.com.br\/index.php\/2026\/02\/11\/irmaos-macedo-comemoram-75-anos-do-trio-eletrico-no-carnaval-2026\/#primaryimage"},"image":{"@id":"https:\/\/portalmf.com.br\/index.php\/2026\/02\/11\/irmaos-macedo-comemoram-75-anos-do-trio-eletrico-no-carnaval-2026\/#primaryimage"},"thumbnailUrl":"https:\/\/portalmf.com.br\/wp-content\/uploads\/2026\/02\/irmaos_macedo_.jpg","datePublished":"2026-02-12T01:20:20+00:00","dateModified":"2026-02-12T01:20:22+00:00","author":{"@id":"https:\/\/portalmf.com.br\/#\/schema\/person\/9ec101baf56233e53520c26de5d6f6f0"},"breadcrumb":{"@id":"https:\/\/portalmf.com.br\/index.php\/2026\/02\/11\/irmaos-macedo-comemoram-75-anos-do-trio-eletrico-no-carnaval-2026\/#breadcrumb"},"inLanguage":"pt-BR","potentialAction":[{"@type":"ReadAction","target":["https:\/\/portalmf.com.br\/index.php\/2026\/02\/11\/irmaos-macedo-comemoram-75-anos-do-trio-eletrico-no-carnaval-2026\/"]}]},{"@type":"ImageObject","inLanguage":"pt-BR","@id":"https:\/\/portalmf.com.br\/index.php\/2026\/02\/11\/irmaos-macedo-comemoram-75-anos-do-trio-eletrico-no-carnaval-2026\/#primaryimage","url":"https:\/\/portalmf.com.br\/wp-content\/uploads\/2026\/02\/irmaos_macedo_.jpg","contentUrl":"https:\/\/portalmf.com.br\/wp-content\/uploads\/2026\/02\/irmaos_macedo_.jpg","width":2560,"height":1706},{"@type":"BreadcrumbList","@id":"https:\/\/portalmf.com.br\/index.php\/2026\/02\/11\/irmaos-macedo-comemoram-75-anos-do-trio-eletrico-no-carnaval-2026\/#breadcrumb","itemListElement":[{"@type":"ListItem","position":1,"name":"In\u00edcio","item":"https:\/\/portalmf.com.br\/"},{"@type":"ListItem","position":2,"name":"Irm\u00e3os Macedo comemoram 75 anos do Trio El\u00e9trico no Carnaval 2026"}]},{"@type":"WebSite","@id":"https:\/\/portalmf.com.br\/#website","url":"https:\/\/portalmf.com.br\/","name":"Portal MF","description":"Voc\u00ea conectado com a informa\u00e7\u00e3o","potentialAction":[{"@type":"SearchAction","target":{"@type":"EntryPoint","urlTemplate":"https:\/\/portalmf.com.br\/?s={search_term_string}"},"query-input":"required name=search_term_string"}],"inLanguage":"pt-BR"},{"@type":"Person","@id":"https:\/\/portalmf.com.br\/#\/schema\/person\/9ec101baf56233e53520c26de5d6f6f0","name":"Reda\u00e7\u00e3o Portal MF","image":{"@type":"ImageObject","inLanguage":"pt-BR","@id":"https:\/\/portalmf.com.br\/#\/schema\/person\/image\/","url":"https:\/\/secure.gravatar.com\/avatar\/41b9aaeb2100835f7c64362330f74c7f?s=96&d=mm&r=g","contentUrl":"https:\/\/secure.gravatar.com\/avatar\/41b9aaeb2100835f7c64362330f74c7f?s=96&d=mm&r=g","caption":"Reda\u00e7\u00e3o Portal MF"},"description":"Sejam bem-vindos o portal de informa\u00e7\u00f5es de entretenimento de Feira de Santana, desde 2006 realiza coberturas dos principais eventos com entrevistas exclusivas com as principais personalidades mundiais. Fique conectado tamb\u00e9m nas redes sociais.","sameAs":["http:\/\/www.portalmf.com.br\/","https:\/\/www.facebook.com\/portalmfoficial","https:\/\/www.instagram.com\/portalmf\/","https:\/\/x.com\/https:\/\/x.com\/portalmfoficial","https:\/\/www.youtube.com\/@portalmfoficial"],"url":"https:\/\/portalmf.com.br\/index.php\/author\/junior\/"}]}},"_links":{"self":[{"href":"https:\/\/portalmf.com.br\/index.php\/wp-json\/wp\/v2\/posts\/41935"}],"collection":[{"href":"https:\/\/portalmf.com.br\/index.php\/wp-json\/wp\/v2\/posts"}],"about":[{"href":"https:\/\/portalmf.com.br\/index.php\/wp-json\/wp\/v2\/types\/post"}],"author":[{"embeddable":true,"href":"https:\/\/portalmf.com.br\/index.php\/wp-json\/wp\/v2\/users\/3"}],"replies":[{"embeddable":true,"href":"https:\/\/portalmf.com.br\/index.php\/wp-json\/wp\/v2\/comments?post=41935"}],"version-history":[{"count":1,"href":"https:\/\/portalmf.com.br\/index.php\/wp-json\/wp\/v2\/posts\/41935\/revisions"}],"predecessor-version":[{"id":41937,"href":"https:\/\/portalmf.com.br\/index.php\/wp-json\/wp\/v2\/posts\/41935\/revisions\/41937"}],"wp:featuredmedia":[{"embeddable":true,"href":"https:\/\/portalmf.com.br\/index.php\/wp-json\/wp\/v2\/media\/41936"}],"wp:attachment":[{"href":"https:\/\/portalmf.com.br\/index.php\/wp-json\/wp\/v2\/media?parent=41935"}],"wp:term":[{"taxonomy":"category","embeddable":true,"href":"https:\/\/portalmf.com.br\/index.php\/wp-json\/wp\/v2\/categories?post=41935"},{"taxonomy":"post_tag","embeddable":true,"href":"https:\/\/portalmf.com.br\/index.php\/wp-json\/wp\/v2\/tags?post=41935"}],"curies":[{"name":"wp","href":"https:\/\/api.w.org\/{rel}","templated":true}]}}