{"id":4188,"date":"2022-09-12T12:18:00","date_gmt":"2022-09-12T15:18:00","guid":{"rendered":"http:\/\/portalmf.com.br\/?p=4188"},"modified":"2022-09-12T19:22:35","modified_gmt":"2022-09-12T22:22:35","slug":"marina-silva-declara-apoio-a-lula-como-unica-alternativa-contra-bolsonaro","status":"publish","type":"post","link":"https:\/\/portalmf.com.br\/index.php\/2022\/09\/12\/marina-silva-declara-apoio-a-lula-como-unica-alternativa-contra-bolsonaro\/","title":{"rendered":"Marina Silva declara apoio a Lula como \u00fanica alternativa contra Bolsonaro"},"content":{"rendered":"\n<p>A ex-senadora Marina Silva do partido Rede Sustentabilidade,&nbsp;declarou&nbsp;apoio \u00e0 candidatura do ex-presidente Luiz In\u00e1cio Lula da Silva (PT) \u00e0 presid\u00eancia da Rep\u00fablica. Em entrevista coletiva nesta 2\u00aa feira (12.set), ela afirmou que o petista \u00e9, hoje, a \u00fanica alternativa contra o presidente Jair Bolsonaro (PL).&nbsp;<\/p>\n\n\n\n<p><em>&#8220;Compreendo que nesse momento crucial da nossa hist\u00f3ria, quem re\u00fane as maiores e melhores condi\u00e7\u00f5es para derrotar Bolsonaro e a semente mal\u00e9fica do bolsonarismo que est\u00e1 se implementando no seio da nossa sociedade, agredindo irm\u00e3os brasileiros, ceifando vidas de pessoas por pensarem diferente, \u00e9 a sua candidatura [de Lula]&#8221;, diz Marina.&nbsp;<\/em><\/p>\n\n\n\n<p>Marina Silva&nbsp;\u00e9 candidata a deputada federal por S\u00e3o Paulo e&nbsp;elogiou os esfor\u00e7os de todos que buscam ser uma alternativa ao governo Bolsonaro.<\/p>\n\n\n\n<p>&#8220;Eu agrade\u00e7o profundamente a todos aqueles&nbsp;que, neste momento, se somam ao nosso esfor\u00e7o e reconhe\u00e7o os leg\u00edtimos demais esfor\u00e7os que est\u00e3o sendo feitos para se tornarem alternativa&#8221;, afirmou a ex-ministra do Meio Ambiente de Lula.<\/p>\n\n\n\n<p>Para formalizar o apoio, Marina apresentou o&nbsp;documento &#8220;Compromissos de resgate atualizado da Agenda Socioambiental brasileira perdida&#8221;, o qual re\u00fane&nbsp;algumas exig\u00eancias para serem cumpridas em um novo eventual governo.&nbsp;<\/p>\n\n\n\n<p>O texto cita, al\u00e9m da\u00a0cria\u00e7\u00e3o de uma autoridade nacional para enfrentar mudan\u00e7as clim\u00e1ticas, quatro principais diretrizes:\u00a0pol\u00edtica ambiental transversal e integrada; fortalecimento do Sistema Nacional de Meio Ambiente; promo\u00e7\u00e3o do controle e da participa\u00e7\u00e3o social; e investimento em a\u00e7\u00f5es para o desenvolvimento sustent\u00e1vel.<br><br>Com informa\u00e7\u00f5es do SBT News<\/p>\n","protected":false},"excerpt":{"rendered":"<p>A ex-senadora Marina Silva do partido Rede Sustentabilidade,&nbsp;declarou&nbsp;apoio \u00e0 candidatura do ex-presidente Luiz In\u00e1cio Lula da Silva (PT) \u00e0 presid\u00eancia da Rep\u00fablica. Em entrevista coletiva nesta 2\u00aa feira (12.set), ela afirmou que o petista \u00e9, hoje, a \u00fanica alternativa contra o presidente Jair Bolsonaro (PL).&nbsp; &#8220;Compreendo que nesse momento crucial da nossa hist\u00f3ria, quem re\u00fane [&hellip;]<\/p>\n","protected":false},"author":2,"featured_media":4189,"comment_status":"open","ping_status":"open","sticky":false,"template":"","format":"standard","meta":{"_monsterinsights_skip_tracking":false,"_monsterinsights_sitenote_active":false,"_monsterinsights_sitenote_note":"","_monsterinsights_sitenote_category":0,"footnotes":""},"categories":[34],"tags":[],"yoast_head":"<!-- This site is optimized with the Yoast SEO plugin v22.9 - https:\/\/yoast.com\/wordpress\/plugins\/seo\/ -->\n<title>Marina Silva declara apoio a Lula como \u00fanica alternativa contra Bolsonaro - Portal MF<\/title>\n<meta name=\"robots\" content=\"index, follow, max-snippet:-1, max-image-preview:large, max-video-preview:-1\" \/>\n<link rel=\"canonical\" href=\"https:\/\/portalmf.com.br\/index.php\/2022\/09\/12\/marina-silva-declara-apoio-a-lula-como-unica-alternativa-contra-bolsonaro\/\" \/>\n<meta property=\"og:locale\" content=\"pt_BR\" \/>\n<meta property=\"og:type\" content=\"article\" \/>\n<meta property=\"og:title\" content=\"Marina Silva declara apoio a Lula como \u00fanica alternativa contra Bolsonaro - Portal MF\" \/>\n<meta property=\"og:description\" content=\"A ex-senadora Marina Silva do partido Rede Sustentabilidade,&nbsp;declarou&nbsp;apoio \u00e0 candidatura do ex-presidente Luiz In\u00e1cio Lula da Silva (PT) \u00e0 presid\u00eancia da Rep\u00fablica. Em entrevista coletiva nesta 2\u00aa feira (12.set), ela afirmou que o petista \u00e9, hoje, a \u00fanica alternativa contra o presidente Jair Bolsonaro (PL).&nbsp; &#8220;Compreendo que nesse momento crucial da nossa hist\u00f3ria, quem re\u00fane [&hellip;]\" \/>\n<meta property=\"og:url\" content=\"https:\/\/portalmf.com.br\/index.php\/2022\/09\/12\/marina-silva-declara-apoio-a-lula-como-unica-alternativa-contra-bolsonaro\/\" \/>\n<meta property=\"og:site_name\" content=\"Portal MF\" \/>\n<meta property=\"article:author\" content=\"reginaldojrfsa\" \/>\n<meta property=\"article:published_time\" content=\"2022-09-12T15:18:00+00:00\" \/>\n<meta property=\"article:modified_time\" content=\"2022-09-12T22:22:35+00:00\" \/>\n<meta property=\"og:image\" content=\"https:\/\/portalmf.com.br\/wp-content\/uploads\/2022\/09\/WhatsApp-Image-2022-09-12-at-19.21.06.jpeg\" \/>\n\t<meta property=\"og:image:width\" content=\"1280\" \/>\n\t<meta property=\"og:image:height\" content=\"894\" \/>\n\t<meta property=\"og:image:type\" content=\"image\/jpeg\" \/>\n<meta name=\"author\" content=\"Reginaldo J\u00fanior\" \/>\n<meta name=\"twitter:card\" content=\"summary_large_image\" \/>\n<meta name=\"twitter:creator\" content=\"@reginaldojrmf\" \/>\n<meta name=\"twitter:label1\" content=\"Escrito por\" \/>\n\t<meta name=\"twitter:data1\" content=\"Reginaldo J\u00fanior\" \/>\n\t<meta name=\"twitter:label2\" content=\"Est. tempo de leitura\" \/>\n\t<meta name=\"twitter:data2\" content=\"2 minutos\" \/>\n<script type=\"application\/ld+json\" class=\"yoast-schema-graph\">{\"@context\":\"https:\/\/schema.org\",\"@graph\":[{\"@type\":\"WebPage\",\"@id\":\"https:\/\/portalmf.com.br\/index.php\/2022\/09\/12\/marina-silva-declara-apoio-a-lula-como-unica-alternativa-contra-bolsonaro\/\",\"url\":\"https:\/\/portalmf.com.br\/index.php\/2022\/09\/12\/marina-silva-declara-apoio-a-lula-como-unica-alternativa-contra-bolsonaro\/\",\"name\":\"Marina Silva declara apoio a Lula como \u00fanica alternativa contra Bolsonaro - Portal MF\",\"isPartOf\":{\"@id\":\"https:\/\/portalmf.com.br\/#website\"},\"primaryImageOfPage\":{\"@id\":\"https:\/\/portalmf.com.br\/index.php\/2022\/09\/12\/marina-silva-declara-apoio-a-lula-como-unica-alternativa-contra-bolsonaro\/#primaryimage\"},\"image\":{\"@id\":\"https:\/\/portalmf.com.br\/index.php\/2022\/09\/12\/marina-silva-declara-apoio-a-lula-como-unica-alternativa-contra-bolsonaro\/#primaryimage\"},\"thumbnailUrl\":\"https:\/\/portalmf.com.br\/wp-content\/uploads\/2022\/09\/WhatsApp-Image-2022-09-12-at-19.21.06.jpeg\",\"datePublished\":\"2022-09-12T15:18:00+00:00\",\"dateModified\":\"2022-09-12T22:22:35+00:00\",\"author\":{\"@id\":\"https:\/\/portalmf.com.br\/#\/schema\/person\/11c82086fe8abc05a19147e964587285\"},\"breadcrumb\":{\"@id\":\"https:\/\/portalmf.com.br\/index.php\/2022\/09\/12\/marina-silva-declara-apoio-a-lula-como-unica-alternativa-contra-bolsonaro\/#breadcrumb\"},\"inLanguage\":\"pt-BR\",\"potentialAction\":[{\"@type\":\"ReadAction\",\"target\":[\"https:\/\/portalmf.com.br\/index.php\/2022\/09\/12\/marina-silva-declara-apoio-a-lula-como-unica-alternativa-contra-bolsonaro\/\"]}]},{\"@type\":\"ImageObject\",\"inLanguage\":\"pt-BR\",\"@id\":\"https:\/\/portalmf.com.br\/index.php\/2022\/09\/12\/marina-silva-declara-apoio-a-lula-como-unica-alternativa-contra-bolsonaro\/#primaryimage\",\"url\":\"https:\/\/portalmf.com.br\/wp-content\/uploads\/2022\/09\/WhatsApp-Image-2022-09-12-at-19.21.06.jpeg\",\"contentUrl\":\"https:\/\/portalmf.com.br\/wp-content\/uploads\/2022\/09\/WhatsApp-Image-2022-09-12-at-19.21.06.jpeg\",\"width\":1280,\"height\":894,\"caption\":\"Foto: Ricardo Stuckert\"},{\"@type\":\"BreadcrumbList\",\"@id\":\"https:\/\/portalmf.com.br\/index.php\/2022\/09\/12\/marina-silva-declara-apoio-a-lula-como-unica-alternativa-contra-bolsonaro\/#breadcrumb\",\"itemListElement\":[{\"@type\":\"ListItem\",\"position\":1,\"name\":\"In\u00edcio\",\"item\":\"https:\/\/portalmf.com.br\/\"},{\"@type\":\"ListItem\",\"position\":2,\"name\":\"Marina Silva declara apoio a Lula como \u00fanica alternativa contra Bolsonaro\"}]},{\"@type\":\"WebSite\",\"@id\":\"https:\/\/portalmf.com.br\/#website\",\"url\":\"https:\/\/portalmf.com.br\/\",\"name\":\"Portal MF\",\"description\":\"Voc\u00ea conectado com a informa\u00e7\u00e3o\",\"potentialAction\":[{\"@type\":\"SearchAction\",\"target\":{\"@type\":\"EntryPoint\",\"urlTemplate\":\"https:\/\/portalmf.com.br\/?s={search_term_string}\"},\"query-input\":\"required name=search_term_string\"}],\"inLanguage\":\"pt-BR\"},{\"@type\":\"Person\",\"@id\":\"https:\/\/portalmf.com.br\/#\/schema\/person\/11c82086fe8abc05a19147e964587285\",\"name\":\"Reginaldo J\u00fanior\",\"image\":{\"@type\":\"ImageObject\",\"inLanguage\":\"pt-BR\",\"@id\":\"https:\/\/portalmf.com.br\/#\/schema\/person\/image\/\",\"url\":\"https:\/\/secure.gravatar.com\/avatar\/32a3c797cd0ac47cc53b8644c62776f9?s=96&d=mm&r=g\",\"contentUrl\":\"https:\/\/secure.gravatar.com\/avatar\/32a3c797cd0ac47cc53b8644c62776f9?s=96&d=mm&r=g\",\"caption\":\"Reginaldo J\u00fanior\"},\"description\":\"Jornalista e idealizador Portal MF\",\"sameAs\":[\"https:\/\/portalmf.com.br\/index.php\/author\/reginaldojr\/\",\"reginaldojrfsa\",\"reginaldojuniormf\",\"https:\/\/x.com\/reginaldojrmf\"],\"url\":\"https:\/\/portalmf.com.br\/index.php\/author\/reginaldojr\/\"}]}<\/script>\n<!-- \/ Yoast SEO plugin. -->","yoast_head_json":{"title":"Marina Silva declara apoio a Lula como \u00fanica alternativa contra Bolsonaro - Portal MF","robots":{"index":"index","follow":"follow","max-snippet":"max-snippet:-1","max-image-preview":"max-image-preview:large","max-video-preview":"max-video-preview:-1"},"canonical":"https:\/\/portalmf.com.br\/index.php\/2022\/09\/12\/marina-silva-declara-apoio-a-lula-como-unica-alternativa-contra-bolsonaro\/","og_locale":"pt_BR","og_type":"article","og_title":"Marina Silva declara apoio a Lula como \u00fanica alternativa contra Bolsonaro - Portal MF","og_description":"A ex-senadora Marina Silva do partido Rede Sustentabilidade,&nbsp;declarou&nbsp;apoio \u00e0 candidatura do ex-presidente Luiz In\u00e1cio Lula da Silva (PT) \u00e0 presid\u00eancia da Rep\u00fablica. Em entrevista coletiva nesta 2\u00aa feira (12.set), ela afirmou que o petista \u00e9, hoje, a \u00fanica alternativa contra o presidente Jair Bolsonaro (PL).&nbsp; &#8220;Compreendo que nesse momento crucial da nossa hist\u00f3ria, quem re\u00fane [&hellip;]","og_url":"https:\/\/portalmf.com.br\/index.php\/2022\/09\/12\/marina-silva-declara-apoio-a-lula-como-unica-alternativa-contra-bolsonaro\/","og_site_name":"Portal MF","article_author":"reginaldojrfsa","article_published_time":"2022-09-12T15:18:00+00:00","article_modified_time":"2022-09-12T22:22:35+00:00","og_image":[{"width":1280,"height":894,"url":"https:\/\/portalmf.com.br\/wp-content\/uploads\/2022\/09\/WhatsApp-Image-2022-09-12-at-19.21.06.jpeg","type":"image\/jpeg"}],"author":"Reginaldo J\u00fanior","twitter_card":"summary_large_image","twitter_creator":"@reginaldojrmf","twitter_misc":{"Escrito por":"Reginaldo J\u00fanior","Est. tempo de leitura":"2 minutos"},"schema":{"@context":"https:\/\/schema.org","@graph":[{"@type":"WebPage","@id":"https:\/\/portalmf.com.br\/index.php\/2022\/09\/12\/marina-silva-declara-apoio-a-lula-como-unica-alternativa-contra-bolsonaro\/","url":"https:\/\/portalmf.com.br\/index.php\/2022\/09\/12\/marina-silva-declara-apoio-a-lula-como-unica-alternativa-contra-bolsonaro\/","name":"Marina Silva declara apoio a Lula como \u00fanica alternativa contra Bolsonaro - Portal MF","isPartOf":{"@id":"https:\/\/portalmf.com.br\/#website"},"primaryImageOfPage":{"@id":"https:\/\/portalmf.com.br\/index.php\/2022\/09\/12\/marina-silva-declara-apoio-a-lula-como-unica-alternativa-contra-bolsonaro\/#primaryimage"},"image":{"@id":"https:\/\/portalmf.com.br\/index.php\/2022\/09\/12\/marina-silva-declara-apoio-a-lula-como-unica-alternativa-contra-bolsonaro\/#primaryimage"},"thumbnailUrl":"https:\/\/portalmf.com.br\/wp-content\/uploads\/2022\/09\/WhatsApp-Image-2022-09-12-at-19.21.06.jpeg","datePublished":"2022-09-12T15:18:00+00:00","dateModified":"2022-09-12T22:22:35+00:00","author":{"@id":"https:\/\/portalmf.com.br\/#\/schema\/person\/11c82086fe8abc05a19147e964587285"},"breadcrumb":{"@id":"https:\/\/portalmf.com.br\/index.php\/2022\/09\/12\/marina-silva-declara-apoio-a-lula-como-unica-alternativa-contra-bolsonaro\/#breadcrumb"},"inLanguage":"pt-BR","potentialAction":[{"@type":"ReadAction","target":["https:\/\/portalmf.com.br\/index.php\/2022\/09\/12\/marina-silva-declara-apoio-a-lula-como-unica-alternativa-contra-bolsonaro\/"]}]},{"@type":"ImageObject","inLanguage":"pt-BR","@id":"https:\/\/portalmf.com.br\/index.php\/2022\/09\/12\/marina-silva-declara-apoio-a-lula-como-unica-alternativa-contra-bolsonaro\/#primaryimage","url":"https:\/\/portalmf.com.br\/wp-content\/uploads\/2022\/09\/WhatsApp-Image-2022-09-12-at-19.21.06.jpeg","contentUrl":"https:\/\/portalmf.com.br\/wp-content\/uploads\/2022\/09\/WhatsApp-Image-2022-09-12-at-19.21.06.jpeg","width":1280,"height":894,"caption":"Foto: Ricardo Stuckert"},{"@type":"BreadcrumbList","@id":"https:\/\/portalmf.com.br\/index.php\/2022\/09\/12\/marina-silva-declara-apoio-a-lula-como-unica-alternativa-contra-bolsonaro\/#breadcrumb","itemListElement":[{"@type":"ListItem","position":1,"name":"In\u00edcio","item":"https:\/\/portalmf.com.br\/"},{"@type":"ListItem","position":2,"name":"Marina Silva declara apoio a Lula como \u00fanica alternativa contra Bolsonaro"}]},{"@type":"WebSite","@id":"https:\/\/portalmf.com.br\/#website","url":"https:\/\/portalmf.com.br\/","name":"Portal MF","description":"Voc\u00ea conectado com a informa\u00e7\u00e3o","potentialAction":[{"@type":"SearchAction","target":{"@type":"EntryPoint","urlTemplate":"https:\/\/portalmf.com.br\/?s={search_term_string}"},"query-input":"required name=search_term_string"}],"inLanguage":"pt-BR"},{"@type":"Person","@id":"https:\/\/portalmf.com.br\/#\/schema\/person\/11c82086fe8abc05a19147e964587285","name":"Reginaldo J\u00fanior","image":{"@type":"ImageObject","inLanguage":"pt-BR","@id":"https:\/\/portalmf.com.br\/#\/schema\/person\/image\/","url":"https:\/\/secure.gravatar.com\/avatar\/32a3c797cd0ac47cc53b8644c62776f9?s=96&d=mm&r=g","contentUrl":"https:\/\/secure.gravatar.com\/avatar\/32a3c797cd0ac47cc53b8644c62776f9?s=96&d=mm&r=g","caption":"Reginaldo J\u00fanior"},"description":"Jornalista e idealizador Portal MF","sameAs":["https:\/\/portalmf.com.br\/index.php\/author\/reginaldojr\/","reginaldojrfsa","reginaldojuniormf","https:\/\/x.com\/reginaldojrmf"],"url":"https:\/\/portalmf.com.br\/index.php\/author\/reginaldojr\/"}]}},"_links":{"self":[{"href":"https:\/\/portalmf.com.br\/index.php\/wp-json\/wp\/v2\/posts\/4188"}],"collection":[{"href":"https:\/\/portalmf.com.br\/index.php\/wp-json\/wp\/v2\/posts"}],"about":[{"href":"https:\/\/portalmf.com.br\/index.php\/wp-json\/wp\/v2\/types\/post"}],"author":[{"embeddable":true,"href":"https:\/\/portalmf.com.br\/index.php\/wp-json\/wp\/v2\/users\/2"}],"replies":[{"embeddable":true,"href":"https:\/\/portalmf.com.br\/index.php\/wp-json\/wp\/v2\/comments?post=4188"}],"version-history":[{"count":1,"href":"https:\/\/portalmf.com.br\/index.php\/wp-json\/wp\/v2\/posts\/4188\/revisions"}],"predecessor-version":[{"id":4190,"href":"https:\/\/portalmf.com.br\/index.php\/wp-json\/wp\/v2\/posts\/4188\/revisions\/4190"}],"wp:featuredmedia":[{"embeddable":true,"href":"https:\/\/portalmf.com.br\/index.php\/wp-json\/wp\/v2\/media\/4189"}],"wp:attachment":[{"href":"https:\/\/portalmf.com.br\/index.php\/wp-json\/wp\/v2\/media?parent=4188"}],"wp:term":[{"taxonomy":"category","embeddable":true,"href":"https:\/\/portalmf.com.br\/index.php\/wp-json\/wp\/v2\/categories?post=4188"},{"taxonomy":"post_tag","embeddable":true,"href":"https:\/\/portalmf.com.br\/index.php\/wp-json\/wp\/v2\/tags?post=4188"}],"curies":[{"name":"wp","href":"https:\/\/api.w.org\/{rel}","templated":true}]}}