{"id":41871,"date":"2026-02-09T19:58:06","date_gmt":"2026-02-09T22:58:06","guid":{"rendered":"https:\/\/portalmf.com.br\/?p=41871"},"modified":"2026-02-09T19:58:07","modified_gmt":"2026-02-09T22:58:07","slug":"leo-santana-recebe-diggo-no-pipoco-nesta-terca-feira-10","status":"publish","type":"post","link":"https:\/\/portalmf.com.br\/index.php\/2026\/02\/09\/leo-santana-recebe-diggo-no-pipoco-nesta-terca-feira-10\/","title":{"rendered":"L\u00e9o Santana recebe Diggo no Pipoco nesta ter\u00e7a-feira (10)"},"content":{"rendered":"\n<p>O gigante L\u00e9o Santana vai comandar, mais um ano, o Pipoco vai abrir oficialmente o Carnaval de Salvador para o cantor. Arrastando uma multid\u00e3o que o segue de Ondina at\u00e9 a Barra, o GG vai receber este ano o cantor Diggo para animar os foli\u00f5es. Juntos, os artistas gravaram a can\u00e7\u00e3o \u2018Hipnotiza\u2019 e ela tem tido uma repercuss\u00e3o muito positiva nas redes sociais e nas plataformas de m\u00fasica.<\/p>\n\n\n\n<p><em>\u201cDiggo \u00e9 um parceiro da m\u00fasica e um artista muito talentoso. Gravamos uma can\u00e7\u00e3o juntos, que \u00e9 muito gostosa e eu quero ver todo mundo curtindo do in\u00edcio ao fim.\u201d,<\/em> comentou L\u00e9o.<\/p>\n\n\n\n<p>Com um repert\u00f3rio que contar\u00e1 com os maiores sucessos de seus 20 anos de carreira, L\u00e9o promete n\u00e3o deixar ningu\u00e9m parado! Can\u00e7\u00f5es como \u2018Zona de Perigo\u2019, \u2018Santinha\u2019, al\u00e9m de \u2018Desliza\u2019 e \u2018Marquinha de Fitinha\u2019 \u2013 as duas apostas do artista para o Carnaval 2026.<\/p>\n\n\n\n<p>O trio est\u00e1 marcado para sair da concentra\u00e7\u00e3o \u00e0s 18h, no Circuito Ondina\/Barra.<\/p>\n\n\n\n<figure class=\"wp-block-embed is-type-video is-provider-youtube wp-block-embed-youtube wp-embed-aspect-16-9 wp-has-aspect-ratio\"><div class=\"wp-block-embed__wrapper\">\n<iframe title=\"Diggo, L\u00e9o Santana - Hipnotiza (Clipe Oficial)\" width=\"696\" height=\"392\" src=\"https:\/\/www.youtube.com\/embed\/-wV71gxPQlk?feature=oembed\" frameborder=\"0\" allow=\"accelerometer; autoplay; clipboard-write; encrypted-media; gyroscope; picture-in-picture; web-share\" referrerpolicy=\"strict-origin-when-cross-origin\" allowfullscreen><\/iframe>\n<\/div><\/figure>\n","protected":false},"excerpt":{"rendered":"<p>O gigante L\u00e9o Santana vai comandar, mais um ano, o Pipoco vai abrir oficialmente o Carnaval de Salvador para o cantor. Arrastando uma multid\u00e3o que o segue de Ondina at\u00e9 a Barra, o GG vai receber este ano o cantor Diggo para animar os foli\u00f5es. Juntos, os artistas gravaram a can\u00e7\u00e3o \u2018Hipnotiza\u2019 e ela tem [&hellip;]<\/p>\n","protected":false},"author":3,"featured_media":41872,"comment_status":"open","ping_status":"open","sticky":false,"template":"","format":"standard","meta":{"_monsterinsights_skip_tracking":false,"_monsterinsights_sitenote_active":false,"_monsterinsights_sitenote_note":"","_monsterinsights_sitenote_category":0,"footnotes":""},"categories":[44,47],"tags":[],"yoast_head":"<!-- This site is optimized with the Yoast SEO plugin v22.9 - https:\/\/yoast.com\/wordpress\/plugins\/seo\/ -->\n<title>L\u00e9o Santana recebe Diggo no Pipoco nesta ter\u00e7a-feira (10) - Portal MF<\/title>\n<meta name=\"robots\" content=\"index, follow, max-snippet:-1, max-image-preview:large, max-video-preview:-1\" \/>\n<link rel=\"canonical\" href=\"https:\/\/portalmf.com.br\/index.php\/2026\/02\/09\/leo-santana-recebe-diggo-no-pipoco-nesta-terca-feira-10\/\" \/>\n<meta property=\"og:locale\" content=\"pt_BR\" \/>\n<meta property=\"og:type\" content=\"article\" \/>\n<meta property=\"og:title\" content=\"L\u00e9o Santana recebe Diggo no Pipoco nesta ter\u00e7a-feira (10) - Portal MF\" \/>\n<meta property=\"og:description\" content=\"O gigante L\u00e9o Santana vai comandar, mais um ano, o Pipoco vai abrir oficialmente o Carnaval de Salvador para o cantor. Arrastando uma multid\u00e3o que o segue de Ondina at\u00e9 a Barra, o GG vai receber este ano o cantor Diggo para animar os foli\u00f5es. Juntos, os artistas gravaram a can\u00e7\u00e3o \u2018Hipnotiza\u2019 e ela tem [&hellip;]\" \/>\n<meta property=\"og:url\" content=\"https:\/\/portalmf.com.br\/index.php\/2026\/02\/09\/leo-santana-recebe-diggo-no-pipoco-nesta-terca-feira-10\/\" \/>\n<meta property=\"og:site_name\" content=\"Portal MF\" \/>\n<meta property=\"article:author\" content=\"https:\/\/www.facebook.com\/portalmfoficial\" \/>\n<meta property=\"article:published_time\" content=\"2026-02-09T22:58:06+00:00\" \/>\n<meta property=\"article:modified_time\" content=\"2026-02-09T22:58:07+00:00\" \/>\n<meta property=\"og:image\" content=\"https:\/\/portalmf.com.br\/wp-content\/uploads\/2026\/02\/Leo-Santana-recebe-Diggo-no-Pipoco-nesta-terca-feira-10-e1770677852128.jpeg\" \/>\n\t<meta property=\"og:image:width\" content=\"849\" \/>\n\t<meta property=\"og:image:height\" content=\"789\" \/>\n\t<meta property=\"og:image:type\" content=\"image\/jpeg\" \/>\n<meta name=\"author\" content=\"Reda\u00e7\u00e3o Portal MF\" \/>\n<meta name=\"twitter:card\" content=\"summary_large_image\" \/>\n<meta name=\"twitter:creator\" content=\"@https:\/\/x.com\/portalmfoficial\" \/>\n<meta name=\"twitter:label1\" content=\"Escrito por\" \/>\n\t<meta name=\"twitter:data1\" content=\"Reda\u00e7\u00e3o Portal MF\" \/>\n\t<meta name=\"twitter:label2\" content=\"Est. tempo de leitura\" \/>\n\t<meta name=\"twitter:data2\" content=\"2 minutos\" \/>\n<script type=\"application\/ld+json\" class=\"yoast-schema-graph\">{\"@context\":\"https:\/\/schema.org\",\"@graph\":[{\"@type\":\"WebPage\",\"@id\":\"https:\/\/portalmf.com.br\/index.php\/2026\/02\/09\/leo-santana-recebe-diggo-no-pipoco-nesta-terca-feira-10\/\",\"url\":\"https:\/\/portalmf.com.br\/index.php\/2026\/02\/09\/leo-santana-recebe-diggo-no-pipoco-nesta-terca-feira-10\/\",\"name\":\"L\u00e9o Santana recebe Diggo no Pipoco nesta ter\u00e7a-feira (10) - Portal MF\",\"isPartOf\":{\"@id\":\"https:\/\/portalmf.com.br\/#website\"},\"primaryImageOfPage\":{\"@id\":\"https:\/\/portalmf.com.br\/index.php\/2026\/02\/09\/leo-santana-recebe-diggo-no-pipoco-nesta-terca-feira-10\/#primaryimage\"},\"image\":{\"@id\":\"https:\/\/portalmf.com.br\/index.php\/2026\/02\/09\/leo-santana-recebe-diggo-no-pipoco-nesta-terca-feira-10\/#primaryimage\"},\"thumbnailUrl\":\"https:\/\/portalmf.com.br\/wp-content\/uploads\/2026\/02\/Leo-Santana-recebe-Diggo-no-Pipoco-nesta-terca-feira-10-e1770677852128.jpeg\",\"datePublished\":\"2026-02-09T22:58:06+00:00\",\"dateModified\":\"2026-02-09T22:58:07+00:00\",\"author\":{\"@id\":\"https:\/\/portalmf.com.br\/#\/schema\/person\/9ec101baf56233e53520c26de5d6f6f0\"},\"breadcrumb\":{\"@id\":\"https:\/\/portalmf.com.br\/index.php\/2026\/02\/09\/leo-santana-recebe-diggo-no-pipoco-nesta-terca-feira-10\/#breadcrumb\"},\"inLanguage\":\"pt-BR\",\"potentialAction\":[{\"@type\":\"ReadAction\",\"target\":[\"https:\/\/portalmf.com.br\/index.php\/2026\/02\/09\/leo-santana-recebe-diggo-no-pipoco-nesta-terca-feira-10\/\"]}]},{\"@type\":\"ImageObject\",\"inLanguage\":\"pt-BR\",\"@id\":\"https:\/\/portalmf.com.br\/index.php\/2026\/02\/09\/leo-santana-recebe-diggo-no-pipoco-nesta-terca-feira-10\/#primaryimage\",\"url\":\"https:\/\/portalmf.com.br\/wp-content\/uploads\/2026\/02\/Leo-Santana-recebe-Diggo-no-Pipoco-nesta-terca-feira-10-e1770677852128.jpeg\",\"contentUrl\":\"https:\/\/portalmf.com.br\/wp-content\/uploads\/2026\/02\/Leo-Santana-recebe-Diggo-no-Pipoco-nesta-terca-feira-10-e1770677852128.jpeg\",\"width\":849,\"height\":789},{\"@type\":\"BreadcrumbList\",\"@id\":\"https:\/\/portalmf.com.br\/index.php\/2026\/02\/09\/leo-santana-recebe-diggo-no-pipoco-nesta-terca-feira-10\/#breadcrumb\",\"itemListElement\":[{\"@type\":\"ListItem\",\"position\":1,\"name\":\"In\u00edcio\",\"item\":\"https:\/\/portalmf.com.br\/\"},{\"@type\":\"ListItem\",\"position\":2,\"name\":\"L\u00e9o Santana recebe Diggo no Pipoco nesta ter\u00e7a-feira (10)\"}]},{\"@type\":\"WebSite\",\"@id\":\"https:\/\/portalmf.com.br\/#website\",\"url\":\"https:\/\/portalmf.com.br\/\",\"name\":\"Portal MF\",\"description\":\"Voc\u00ea conectado com a informa\u00e7\u00e3o\",\"potentialAction\":[{\"@type\":\"SearchAction\",\"target\":{\"@type\":\"EntryPoint\",\"urlTemplate\":\"https:\/\/portalmf.com.br\/?s={search_term_string}\"},\"query-input\":\"required name=search_term_string\"}],\"inLanguage\":\"pt-BR\"},{\"@type\":\"Person\",\"@id\":\"https:\/\/portalmf.com.br\/#\/schema\/person\/9ec101baf56233e53520c26de5d6f6f0\",\"name\":\"Reda\u00e7\u00e3o Portal MF\",\"image\":{\"@type\":\"ImageObject\",\"inLanguage\":\"pt-BR\",\"@id\":\"https:\/\/portalmf.com.br\/#\/schema\/person\/image\/\",\"url\":\"https:\/\/secure.gravatar.com\/avatar\/41b9aaeb2100835f7c64362330f74c7f?s=96&d=mm&r=g\",\"contentUrl\":\"https:\/\/secure.gravatar.com\/avatar\/41b9aaeb2100835f7c64362330f74c7f?s=96&d=mm&r=g\",\"caption\":\"Reda\u00e7\u00e3o Portal MF\"},\"description\":\"Sejam bem-vindos o portal de informa\u00e7\u00f5es de entretenimento de Feira de Santana, desde 2006 realiza coberturas dos principais eventos com entrevistas exclusivas com as principais personalidades mundiais. Fique conectado tamb\u00e9m nas redes sociais.\",\"sameAs\":[\"http:\/\/www.portalmf.com.br\/\",\"https:\/\/www.facebook.com\/portalmfoficial\",\"https:\/\/www.instagram.com\/portalmf\/\",\"https:\/\/x.com\/https:\/\/x.com\/portalmfoficial\",\"https:\/\/www.youtube.com\/@portalmfoficial\"],\"url\":\"https:\/\/portalmf.com.br\/index.php\/author\/junior\/\"}]}<\/script>\n<!-- \/ Yoast SEO plugin. -->","yoast_head_json":{"title":"L\u00e9o Santana recebe Diggo no Pipoco nesta ter\u00e7a-feira (10) - Portal MF","robots":{"index":"index","follow":"follow","max-snippet":"max-snippet:-1","max-image-preview":"max-image-preview:large","max-video-preview":"max-video-preview:-1"},"canonical":"https:\/\/portalmf.com.br\/index.php\/2026\/02\/09\/leo-santana-recebe-diggo-no-pipoco-nesta-terca-feira-10\/","og_locale":"pt_BR","og_type":"article","og_title":"L\u00e9o Santana recebe Diggo no Pipoco nesta ter\u00e7a-feira (10) - Portal MF","og_description":"O gigante L\u00e9o Santana vai comandar, mais um ano, o Pipoco vai abrir oficialmente o Carnaval de Salvador para o cantor. Arrastando uma multid\u00e3o que o segue de Ondina at\u00e9 a Barra, o GG vai receber este ano o cantor Diggo para animar os foli\u00f5es. Juntos, os artistas gravaram a can\u00e7\u00e3o \u2018Hipnotiza\u2019 e ela tem [&hellip;]","og_url":"https:\/\/portalmf.com.br\/index.php\/2026\/02\/09\/leo-santana-recebe-diggo-no-pipoco-nesta-terca-feira-10\/","og_site_name":"Portal MF","article_author":"https:\/\/www.facebook.com\/portalmfoficial","article_published_time":"2026-02-09T22:58:06+00:00","article_modified_time":"2026-02-09T22:58:07+00:00","og_image":[{"width":849,"height":789,"url":"https:\/\/portalmf.com.br\/wp-content\/uploads\/2026\/02\/Leo-Santana-recebe-Diggo-no-Pipoco-nesta-terca-feira-10-e1770677852128.jpeg","type":"image\/jpeg"}],"author":"Reda\u00e7\u00e3o Portal MF","twitter_card":"summary_large_image","twitter_creator":"@https:\/\/x.com\/portalmfoficial","twitter_misc":{"Escrito por":"Reda\u00e7\u00e3o Portal MF","Est. tempo de leitura":"2 minutos"},"schema":{"@context":"https:\/\/schema.org","@graph":[{"@type":"WebPage","@id":"https:\/\/portalmf.com.br\/index.php\/2026\/02\/09\/leo-santana-recebe-diggo-no-pipoco-nesta-terca-feira-10\/","url":"https:\/\/portalmf.com.br\/index.php\/2026\/02\/09\/leo-santana-recebe-diggo-no-pipoco-nesta-terca-feira-10\/","name":"L\u00e9o Santana recebe Diggo no Pipoco nesta ter\u00e7a-feira (10) - Portal MF","isPartOf":{"@id":"https:\/\/portalmf.com.br\/#website"},"primaryImageOfPage":{"@id":"https:\/\/portalmf.com.br\/index.php\/2026\/02\/09\/leo-santana-recebe-diggo-no-pipoco-nesta-terca-feira-10\/#primaryimage"},"image":{"@id":"https:\/\/portalmf.com.br\/index.php\/2026\/02\/09\/leo-santana-recebe-diggo-no-pipoco-nesta-terca-feira-10\/#primaryimage"},"thumbnailUrl":"https:\/\/portalmf.com.br\/wp-content\/uploads\/2026\/02\/Leo-Santana-recebe-Diggo-no-Pipoco-nesta-terca-feira-10-e1770677852128.jpeg","datePublished":"2026-02-09T22:58:06+00:00","dateModified":"2026-02-09T22:58:07+00:00","author":{"@id":"https:\/\/portalmf.com.br\/#\/schema\/person\/9ec101baf56233e53520c26de5d6f6f0"},"breadcrumb":{"@id":"https:\/\/portalmf.com.br\/index.php\/2026\/02\/09\/leo-santana-recebe-diggo-no-pipoco-nesta-terca-feira-10\/#breadcrumb"},"inLanguage":"pt-BR","potentialAction":[{"@type":"ReadAction","target":["https:\/\/portalmf.com.br\/index.php\/2026\/02\/09\/leo-santana-recebe-diggo-no-pipoco-nesta-terca-feira-10\/"]}]},{"@type":"ImageObject","inLanguage":"pt-BR","@id":"https:\/\/portalmf.com.br\/index.php\/2026\/02\/09\/leo-santana-recebe-diggo-no-pipoco-nesta-terca-feira-10\/#primaryimage","url":"https:\/\/portalmf.com.br\/wp-content\/uploads\/2026\/02\/Leo-Santana-recebe-Diggo-no-Pipoco-nesta-terca-feira-10-e1770677852128.jpeg","contentUrl":"https:\/\/portalmf.com.br\/wp-content\/uploads\/2026\/02\/Leo-Santana-recebe-Diggo-no-Pipoco-nesta-terca-feira-10-e1770677852128.jpeg","width":849,"height":789},{"@type":"BreadcrumbList","@id":"https:\/\/portalmf.com.br\/index.php\/2026\/02\/09\/leo-santana-recebe-diggo-no-pipoco-nesta-terca-feira-10\/#breadcrumb","itemListElement":[{"@type":"ListItem","position":1,"name":"In\u00edcio","item":"https:\/\/portalmf.com.br\/"},{"@type":"ListItem","position":2,"name":"L\u00e9o Santana recebe Diggo no Pipoco nesta ter\u00e7a-feira (10)"}]},{"@type":"WebSite","@id":"https:\/\/portalmf.com.br\/#website","url":"https:\/\/portalmf.com.br\/","name":"Portal MF","description":"Voc\u00ea conectado com a informa\u00e7\u00e3o","potentialAction":[{"@type":"SearchAction","target":{"@type":"EntryPoint","urlTemplate":"https:\/\/portalmf.com.br\/?s={search_term_string}"},"query-input":"required name=search_term_string"}],"inLanguage":"pt-BR"},{"@type":"Person","@id":"https:\/\/portalmf.com.br\/#\/schema\/person\/9ec101baf56233e53520c26de5d6f6f0","name":"Reda\u00e7\u00e3o Portal MF","image":{"@type":"ImageObject","inLanguage":"pt-BR","@id":"https:\/\/portalmf.com.br\/#\/schema\/person\/image\/","url":"https:\/\/secure.gravatar.com\/avatar\/41b9aaeb2100835f7c64362330f74c7f?s=96&d=mm&r=g","contentUrl":"https:\/\/secure.gravatar.com\/avatar\/41b9aaeb2100835f7c64362330f74c7f?s=96&d=mm&r=g","caption":"Reda\u00e7\u00e3o Portal MF"},"description":"Sejam bem-vindos o portal de informa\u00e7\u00f5es de entretenimento de Feira de Santana, desde 2006 realiza coberturas dos principais eventos com entrevistas exclusivas com as principais personalidades mundiais. Fique conectado tamb\u00e9m nas redes sociais.","sameAs":["http:\/\/www.portalmf.com.br\/","https:\/\/www.facebook.com\/portalmfoficial","https:\/\/www.instagram.com\/portalmf\/","https:\/\/x.com\/https:\/\/x.com\/portalmfoficial","https:\/\/www.youtube.com\/@portalmfoficial"],"url":"https:\/\/portalmf.com.br\/index.php\/author\/junior\/"}]}},"_links":{"self":[{"href":"https:\/\/portalmf.com.br\/index.php\/wp-json\/wp\/v2\/posts\/41871"}],"collection":[{"href":"https:\/\/portalmf.com.br\/index.php\/wp-json\/wp\/v2\/posts"}],"about":[{"href":"https:\/\/portalmf.com.br\/index.php\/wp-json\/wp\/v2\/types\/post"}],"author":[{"embeddable":true,"href":"https:\/\/portalmf.com.br\/index.php\/wp-json\/wp\/v2\/users\/3"}],"replies":[{"embeddable":true,"href":"https:\/\/portalmf.com.br\/index.php\/wp-json\/wp\/v2\/comments?post=41871"}],"version-history":[{"count":1,"href":"https:\/\/portalmf.com.br\/index.php\/wp-json\/wp\/v2\/posts\/41871\/revisions"}],"predecessor-version":[{"id":41873,"href":"https:\/\/portalmf.com.br\/index.php\/wp-json\/wp\/v2\/posts\/41871\/revisions\/41873"}],"wp:featuredmedia":[{"embeddable":true,"href":"https:\/\/portalmf.com.br\/index.php\/wp-json\/wp\/v2\/media\/41872"}],"wp:attachment":[{"href":"https:\/\/portalmf.com.br\/index.php\/wp-json\/wp\/v2\/media?parent=41871"}],"wp:term":[{"taxonomy":"category","embeddable":true,"href":"https:\/\/portalmf.com.br\/index.php\/wp-json\/wp\/v2\/categories?post=41871"},{"taxonomy":"post_tag","embeddable":true,"href":"https:\/\/portalmf.com.br\/index.php\/wp-json\/wp\/v2\/tags?post=41871"}],"curies":[{"name":"wp","href":"https:\/\/api.w.org\/{rel}","templated":true}]}}