{"id":41865,"date":"2026-02-09T19:39:15","date_gmt":"2026-02-09T22:39:15","guid":{"rendered":"https:\/\/portalmf.com.br\/?p=41865"},"modified":"2026-02-09T19:39:17","modified_gmt":"2026-02-09T22:39:17","slug":"edcity-fantasmao-cumpre-maratona-de-shows-no-carnaval-2026","status":"publish","type":"post","link":"https:\/\/portalmf.com.br\/index.php\/2026\/02\/09\/edcity-fantasmao-cumpre-maratona-de-shows-no-carnaval-2026\/","title":{"rendered":"Edcity Fantasm\u00e3o cumpre maratona de shows no Carnaval 2026"},"content":{"rendered":"\n<p>O Carnaval 2026 ser\u00e1 o primeiro de Edcity \u00e0 frente do Fantasm\u00e3o ap\u00f3s o retorno ao grupo para a turn\u00ea especial de 20 anos. A agenda ser\u00e1 intensa e j\u00e1 come\u00e7a nesta quinta-feira (12), em Salvador. Primeiro o artista participa da abertura oficial do Carnaval, que acontece no Circuito Osmar (Campo Grande), a partir das 18 horas. Depois, Edcity e sua banda Fantasm\u00e3o, ir\u00e3o comandar um trio para o foli\u00e3o pipoca, no circuito Dod\u00f4 (Barra-Ondina). Na sexta-feira (13), o show ser\u00e1 na cidade de Pesqueira, no interior de Pernambuco. Reconhecido como um dos carnavais mais tradicionais do interior do estado, o evento \u00e9 marcado pela for\u00e7a dos blocos e dos arrast\u00f5es.<\/p>\n\n\n\n<p>No s\u00e1bado, 14, a jornada ser\u00e1 dupla, com shows nas cidades de Pirambu e Ne\u00f3polis, ambas em Sergipe. O domingo (15) chega com mais tr\u00eas apresenta\u00e7\u00f5es. No Rio Grande do Norte, Edcity Fantasm\u00e3o passa por Apodi, cidade que abriga um dos maiores carnavais do estado e que tem a festa reconhecida como Patrim\u00f4nio Cultural de Natureza Imaterial. Ainda no RN, segue para Areia Branca, que em 2026 realiza um dos maiores carnavais de sua hist\u00f3ria, com novos circuitos de trios el\u00e9tricos no chamado Corredor da Folia e, no mesmo dia, faz show em Aracati, no Cear\u00e1, no circuito da Avenida Viva, principal via do tradicional carnaval do litoral leste cearense. Na segunda-feira (16), ser\u00e3o mais duas cidades no roteiro. Em Barra dos Coqueiros, Sergipe, comanda o Arrast\u00e3o da Praia da Costa\/Atalaia Nova. Depois, segue para Piranhas, cidade \u00e0s margens do Rio S\u00e3o Francisco, no interior baiano, onde se apresenta no palco principal do Centro Hist\u00f3rico.<\/p>\n\n\n\n<p>A maratona acaba na ter\u00e7a-feira (17), quando a banda performa no \u00faltimo dia dos festejos dos munic\u00edpios de Barreiras e Correntina, ambas no oeste da Bahia. Os shows trazem no repert\u00f3rio grandes sucessos que marcam esses 20 anos do Fantasm\u00e3o, al\u00e9m, claro, de novidades como o EP \u201cSacudindo Tudo\u201d, que tem a cara da esta\u00e7\u00e3o mais quente do ano e foi lan\u00e7ado na \u00faltima semana.<\/p>\n","protected":false},"excerpt":{"rendered":"<p>O Carnaval 2026 ser\u00e1 o primeiro de Edcity \u00e0 frente do Fantasm\u00e3o ap\u00f3s o retorno ao grupo para a turn\u00ea especial de 20 anos. A agenda ser\u00e1 intensa e j\u00e1 come\u00e7a nesta quinta-feira (12), em Salvador. Primeiro o artista participa da abertura oficial do Carnaval, que acontece no Circuito Osmar (Campo Grande), a partir das [&hellip;]<\/p>\n","protected":false},"author":3,"featured_media":40161,"comment_status":"open","ping_status":"open","sticky":false,"template":"","format":"standard","meta":{"_monsterinsights_skip_tracking":false,"_monsterinsights_sitenote_active":false,"_monsterinsights_sitenote_note":"","_monsterinsights_sitenote_category":0,"footnotes":""},"categories":[44,47],"tags":[],"yoast_head":"<!-- This site is optimized with the Yoast SEO plugin v22.9 - https:\/\/yoast.com\/wordpress\/plugins\/seo\/ -->\n<title>Edcity Fantasm\u00e3o cumpre maratona de shows no Carnaval 2026 - Portal MF<\/title>\n<meta name=\"robots\" content=\"index, follow, max-snippet:-1, max-image-preview:large, max-video-preview:-1\" \/>\n<link rel=\"canonical\" href=\"https:\/\/portalmf.com.br\/index.php\/2026\/02\/09\/edcity-fantasmao-cumpre-maratona-de-shows-no-carnaval-2026\/\" \/>\n<meta property=\"og:locale\" content=\"pt_BR\" \/>\n<meta property=\"og:type\" content=\"article\" \/>\n<meta property=\"og:title\" content=\"Edcity Fantasm\u00e3o cumpre maratona de shows no Carnaval 2026 - Portal MF\" \/>\n<meta property=\"og:description\" content=\"O Carnaval 2026 ser\u00e1 o primeiro de Edcity \u00e0 frente do Fantasm\u00e3o ap\u00f3s o retorno ao grupo para a turn\u00ea especial de 20 anos. A agenda ser\u00e1 intensa e j\u00e1 come\u00e7a nesta quinta-feira (12), em Salvador. Primeiro o artista participa da abertura oficial do Carnaval, que acontece no Circuito Osmar (Campo Grande), a partir das [&hellip;]\" \/>\n<meta property=\"og:url\" content=\"https:\/\/portalmf.com.br\/index.php\/2026\/02\/09\/edcity-fantasmao-cumpre-maratona-de-shows-no-carnaval-2026\/\" \/>\n<meta property=\"og:site_name\" content=\"Portal MF\" \/>\n<meta property=\"article:author\" content=\"https:\/\/www.facebook.com\/portalmfoficial\" \/>\n<meta property=\"article:published_time\" content=\"2026-02-09T22:39:15+00:00\" \/>\n<meta property=\"article:modified_time\" content=\"2026-02-09T22:39:17+00:00\" \/>\n<meta property=\"og:image\" content=\"https:\/\/portalmf.com.br\/wp-content\/uploads\/2025\/11\/Edcity-Fantasmao-lanca-audiovisual-2.jpeg\" \/>\n\t<meta property=\"og:image:width\" content=\"1280\" \/>\n\t<meta property=\"og:image:height\" content=\"853\" \/>\n\t<meta property=\"og:image:type\" content=\"image\/jpeg\" \/>\n<meta name=\"author\" content=\"Reda\u00e7\u00e3o Portal MF\" \/>\n<meta name=\"twitter:card\" content=\"summary_large_image\" \/>\n<meta name=\"twitter:creator\" content=\"@https:\/\/x.com\/portalmfoficial\" \/>\n<meta name=\"twitter:label1\" content=\"Escrito por\" \/>\n\t<meta name=\"twitter:data1\" content=\"Reda\u00e7\u00e3o Portal MF\" \/>\n\t<meta name=\"twitter:label2\" content=\"Est. tempo de leitura\" \/>\n\t<meta name=\"twitter:data2\" content=\"3 minutos\" \/>\n<script type=\"application\/ld+json\" class=\"yoast-schema-graph\">{\"@context\":\"https:\/\/schema.org\",\"@graph\":[{\"@type\":\"WebPage\",\"@id\":\"https:\/\/portalmf.com.br\/index.php\/2026\/02\/09\/edcity-fantasmao-cumpre-maratona-de-shows-no-carnaval-2026\/\",\"url\":\"https:\/\/portalmf.com.br\/index.php\/2026\/02\/09\/edcity-fantasmao-cumpre-maratona-de-shows-no-carnaval-2026\/\",\"name\":\"Edcity Fantasm\u00e3o cumpre maratona de shows no Carnaval 2026 - Portal MF\",\"isPartOf\":{\"@id\":\"https:\/\/portalmf.com.br\/#website\"},\"primaryImageOfPage\":{\"@id\":\"https:\/\/portalmf.com.br\/index.php\/2026\/02\/09\/edcity-fantasmao-cumpre-maratona-de-shows-no-carnaval-2026\/#primaryimage\"},\"image\":{\"@id\":\"https:\/\/portalmf.com.br\/index.php\/2026\/02\/09\/edcity-fantasmao-cumpre-maratona-de-shows-no-carnaval-2026\/#primaryimage\"},\"thumbnailUrl\":\"https:\/\/portalmf.com.br\/wp-content\/uploads\/2025\/11\/Edcity-Fantasmao-lanca-audiovisual-2.jpeg\",\"datePublished\":\"2026-02-09T22:39:15+00:00\",\"dateModified\":\"2026-02-09T22:39:17+00:00\",\"author\":{\"@id\":\"https:\/\/portalmf.com.br\/#\/schema\/person\/9ec101baf56233e53520c26de5d6f6f0\"},\"breadcrumb\":{\"@id\":\"https:\/\/portalmf.com.br\/index.php\/2026\/02\/09\/edcity-fantasmao-cumpre-maratona-de-shows-no-carnaval-2026\/#breadcrumb\"},\"inLanguage\":\"pt-BR\",\"potentialAction\":[{\"@type\":\"ReadAction\",\"target\":[\"https:\/\/portalmf.com.br\/index.php\/2026\/02\/09\/edcity-fantasmao-cumpre-maratona-de-shows-no-carnaval-2026\/\"]}]},{\"@type\":\"ImageObject\",\"inLanguage\":\"pt-BR\",\"@id\":\"https:\/\/portalmf.com.br\/index.php\/2026\/02\/09\/edcity-fantasmao-cumpre-maratona-de-shows-no-carnaval-2026\/#primaryimage\",\"url\":\"https:\/\/portalmf.com.br\/wp-content\/uploads\/2025\/11\/Edcity-Fantasmao-lanca-audiovisual-2.jpeg\",\"contentUrl\":\"https:\/\/portalmf.com.br\/wp-content\/uploads\/2025\/11\/Edcity-Fantasmao-lanca-audiovisual-2.jpeg\",\"width\":1280,\"height\":853},{\"@type\":\"BreadcrumbList\",\"@id\":\"https:\/\/portalmf.com.br\/index.php\/2026\/02\/09\/edcity-fantasmao-cumpre-maratona-de-shows-no-carnaval-2026\/#breadcrumb\",\"itemListElement\":[{\"@type\":\"ListItem\",\"position\":1,\"name\":\"In\u00edcio\",\"item\":\"https:\/\/portalmf.com.br\/\"},{\"@type\":\"ListItem\",\"position\":2,\"name\":\"Edcity Fantasm\u00e3o cumpre maratona de shows no Carnaval 2026\"}]},{\"@type\":\"WebSite\",\"@id\":\"https:\/\/portalmf.com.br\/#website\",\"url\":\"https:\/\/portalmf.com.br\/\",\"name\":\"Portal MF\",\"description\":\"Voc\u00ea conectado com a informa\u00e7\u00e3o\",\"potentialAction\":[{\"@type\":\"SearchAction\",\"target\":{\"@type\":\"EntryPoint\",\"urlTemplate\":\"https:\/\/portalmf.com.br\/?s={search_term_string}\"},\"query-input\":\"required name=search_term_string\"}],\"inLanguage\":\"pt-BR\"},{\"@type\":\"Person\",\"@id\":\"https:\/\/portalmf.com.br\/#\/schema\/person\/9ec101baf56233e53520c26de5d6f6f0\",\"name\":\"Reda\u00e7\u00e3o Portal MF\",\"image\":{\"@type\":\"ImageObject\",\"inLanguage\":\"pt-BR\",\"@id\":\"https:\/\/portalmf.com.br\/#\/schema\/person\/image\/\",\"url\":\"https:\/\/secure.gravatar.com\/avatar\/41b9aaeb2100835f7c64362330f74c7f?s=96&d=mm&r=g\",\"contentUrl\":\"https:\/\/secure.gravatar.com\/avatar\/41b9aaeb2100835f7c64362330f74c7f?s=96&d=mm&r=g\",\"caption\":\"Reda\u00e7\u00e3o Portal MF\"},\"description\":\"Sejam bem-vindos o portal de informa\u00e7\u00f5es de entretenimento de Feira de Santana, desde 2006 realiza coberturas dos principais eventos com entrevistas exclusivas com as principais personalidades mundiais. Fique conectado tamb\u00e9m nas redes sociais.\",\"sameAs\":[\"http:\/\/www.portalmf.com.br\/\",\"https:\/\/www.facebook.com\/portalmfoficial\",\"https:\/\/www.instagram.com\/portalmf\/\",\"https:\/\/x.com\/https:\/\/x.com\/portalmfoficial\",\"https:\/\/www.youtube.com\/@portalmfoficial\"],\"url\":\"https:\/\/portalmf.com.br\/index.php\/author\/junior\/\"}]}<\/script>\n<!-- \/ Yoast SEO plugin. -->","yoast_head_json":{"title":"Edcity Fantasm\u00e3o cumpre maratona de shows no Carnaval 2026 - Portal MF","robots":{"index":"index","follow":"follow","max-snippet":"max-snippet:-1","max-image-preview":"max-image-preview:large","max-video-preview":"max-video-preview:-1"},"canonical":"https:\/\/portalmf.com.br\/index.php\/2026\/02\/09\/edcity-fantasmao-cumpre-maratona-de-shows-no-carnaval-2026\/","og_locale":"pt_BR","og_type":"article","og_title":"Edcity Fantasm\u00e3o cumpre maratona de shows no Carnaval 2026 - Portal MF","og_description":"O Carnaval 2026 ser\u00e1 o primeiro de Edcity \u00e0 frente do Fantasm\u00e3o ap\u00f3s o retorno ao grupo para a turn\u00ea especial de 20 anos. A agenda ser\u00e1 intensa e j\u00e1 come\u00e7a nesta quinta-feira (12), em Salvador. Primeiro o artista participa da abertura oficial do Carnaval, que acontece no Circuito Osmar (Campo Grande), a partir das [&hellip;]","og_url":"https:\/\/portalmf.com.br\/index.php\/2026\/02\/09\/edcity-fantasmao-cumpre-maratona-de-shows-no-carnaval-2026\/","og_site_name":"Portal MF","article_author":"https:\/\/www.facebook.com\/portalmfoficial","article_published_time":"2026-02-09T22:39:15+00:00","article_modified_time":"2026-02-09T22:39:17+00:00","og_image":[{"width":1280,"height":853,"url":"https:\/\/portalmf.com.br\/wp-content\/uploads\/2025\/11\/Edcity-Fantasmao-lanca-audiovisual-2.jpeg","type":"image\/jpeg"}],"author":"Reda\u00e7\u00e3o Portal MF","twitter_card":"summary_large_image","twitter_creator":"@https:\/\/x.com\/portalmfoficial","twitter_misc":{"Escrito por":"Reda\u00e7\u00e3o Portal MF","Est. tempo de leitura":"3 minutos"},"schema":{"@context":"https:\/\/schema.org","@graph":[{"@type":"WebPage","@id":"https:\/\/portalmf.com.br\/index.php\/2026\/02\/09\/edcity-fantasmao-cumpre-maratona-de-shows-no-carnaval-2026\/","url":"https:\/\/portalmf.com.br\/index.php\/2026\/02\/09\/edcity-fantasmao-cumpre-maratona-de-shows-no-carnaval-2026\/","name":"Edcity Fantasm\u00e3o cumpre maratona de shows no Carnaval 2026 - Portal MF","isPartOf":{"@id":"https:\/\/portalmf.com.br\/#website"},"primaryImageOfPage":{"@id":"https:\/\/portalmf.com.br\/index.php\/2026\/02\/09\/edcity-fantasmao-cumpre-maratona-de-shows-no-carnaval-2026\/#primaryimage"},"image":{"@id":"https:\/\/portalmf.com.br\/index.php\/2026\/02\/09\/edcity-fantasmao-cumpre-maratona-de-shows-no-carnaval-2026\/#primaryimage"},"thumbnailUrl":"https:\/\/portalmf.com.br\/wp-content\/uploads\/2025\/11\/Edcity-Fantasmao-lanca-audiovisual-2.jpeg","datePublished":"2026-02-09T22:39:15+00:00","dateModified":"2026-02-09T22:39:17+00:00","author":{"@id":"https:\/\/portalmf.com.br\/#\/schema\/person\/9ec101baf56233e53520c26de5d6f6f0"},"breadcrumb":{"@id":"https:\/\/portalmf.com.br\/index.php\/2026\/02\/09\/edcity-fantasmao-cumpre-maratona-de-shows-no-carnaval-2026\/#breadcrumb"},"inLanguage":"pt-BR","potentialAction":[{"@type":"ReadAction","target":["https:\/\/portalmf.com.br\/index.php\/2026\/02\/09\/edcity-fantasmao-cumpre-maratona-de-shows-no-carnaval-2026\/"]}]},{"@type":"ImageObject","inLanguage":"pt-BR","@id":"https:\/\/portalmf.com.br\/index.php\/2026\/02\/09\/edcity-fantasmao-cumpre-maratona-de-shows-no-carnaval-2026\/#primaryimage","url":"https:\/\/portalmf.com.br\/wp-content\/uploads\/2025\/11\/Edcity-Fantasmao-lanca-audiovisual-2.jpeg","contentUrl":"https:\/\/portalmf.com.br\/wp-content\/uploads\/2025\/11\/Edcity-Fantasmao-lanca-audiovisual-2.jpeg","width":1280,"height":853},{"@type":"BreadcrumbList","@id":"https:\/\/portalmf.com.br\/index.php\/2026\/02\/09\/edcity-fantasmao-cumpre-maratona-de-shows-no-carnaval-2026\/#breadcrumb","itemListElement":[{"@type":"ListItem","position":1,"name":"In\u00edcio","item":"https:\/\/portalmf.com.br\/"},{"@type":"ListItem","position":2,"name":"Edcity Fantasm\u00e3o cumpre maratona de shows no Carnaval 2026"}]},{"@type":"WebSite","@id":"https:\/\/portalmf.com.br\/#website","url":"https:\/\/portalmf.com.br\/","name":"Portal MF","description":"Voc\u00ea conectado com a informa\u00e7\u00e3o","potentialAction":[{"@type":"SearchAction","target":{"@type":"EntryPoint","urlTemplate":"https:\/\/portalmf.com.br\/?s={search_term_string}"},"query-input":"required name=search_term_string"}],"inLanguage":"pt-BR"},{"@type":"Person","@id":"https:\/\/portalmf.com.br\/#\/schema\/person\/9ec101baf56233e53520c26de5d6f6f0","name":"Reda\u00e7\u00e3o Portal MF","image":{"@type":"ImageObject","inLanguage":"pt-BR","@id":"https:\/\/portalmf.com.br\/#\/schema\/person\/image\/","url":"https:\/\/secure.gravatar.com\/avatar\/41b9aaeb2100835f7c64362330f74c7f?s=96&d=mm&r=g","contentUrl":"https:\/\/secure.gravatar.com\/avatar\/41b9aaeb2100835f7c64362330f74c7f?s=96&d=mm&r=g","caption":"Reda\u00e7\u00e3o Portal MF"},"description":"Sejam bem-vindos o portal de informa\u00e7\u00f5es de entretenimento de Feira de Santana, desde 2006 realiza coberturas dos principais eventos com entrevistas exclusivas com as principais personalidades mundiais. Fique conectado tamb\u00e9m nas redes sociais.","sameAs":["http:\/\/www.portalmf.com.br\/","https:\/\/www.facebook.com\/portalmfoficial","https:\/\/www.instagram.com\/portalmf\/","https:\/\/x.com\/https:\/\/x.com\/portalmfoficial","https:\/\/www.youtube.com\/@portalmfoficial"],"url":"https:\/\/portalmf.com.br\/index.php\/author\/junior\/"}]}},"_links":{"self":[{"href":"https:\/\/portalmf.com.br\/index.php\/wp-json\/wp\/v2\/posts\/41865"}],"collection":[{"href":"https:\/\/portalmf.com.br\/index.php\/wp-json\/wp\/v2\/posts"}],"about":[{"href":"https:\/\/portalmf.com.br\/index.php\/wp-json\/wp\/v2\/types\/post"}],"author":[{"embeddable":true,"href":"https:\/\/portalmf.com.br\/index.php\/wp-json\/wp\/v2\/users\/3"}],"replies":[{"embeddable":true,"href":"https:\/\/portalmf.com.br\/index.php\/wp-json\/wp\/v2\/comments?post=41865"}],"version-history":[{"count":1,"href":"https:\/\/portalmf.com.br\/index.php\/wp-json\/wp\/v2\/posts\/41865\/revisions"}],"predecessor-version":[{"id":41866,"href":"https:\/\/portalmf.com.br\/index.php\/wp-json\/wp\/v2\/posts\/41865\/revisions\/41866"}],"wp:featuredmedia":[{"embeddable":true,"href":"https:\/\/portalmf.com.br\/index.php\/wp-json\/wp\/v2\/media\/40161"}],"wp:attachment":[{"href":"https:\/\/portalmf.com.br\/index.php\/wp-json\/wp\/v2\/media?parent=41865"}],"wp:term":[{"taxonomy":"category","embeddable":true,"href":"https:\/\/portalmf.com.br\/index.php\/wp-json\/wp\/v2\/categories?post=41865"},{"taxonomy":"post_tag","embeddable":true,"href":"https:\/\/portalmf.com.br\/index.php\/wp-json\/wp\/v2\/tags?post=41865"}],"curies":[{"name":"wp","href":"https:\/\/api.w.org\/{rel}","templated":true}]}}