{"id":41860,"date":"2026-02-09T19:20:18","date_gmt":"2026-02-09T22:20:18","guid":{"rendered":"https:\/\/portalmf.com.br\/?p=41860"},"modified":"2026-02-09T19:23:26","modified_gmt":"2026-02-09T22:23:26","slug":"camaleao-faz-releitura-de-primeira-mortalha-produzida-para-o-bloco-em-1986","status":"publish","type":"post","link":"https:\/\/portalmf.com.br\/index.php\/2026\/02\/09\/camaleao-faz-releitura-de-primeira-mortalha-produzida-para-o-bloco-em-1986\/","title":{"rendered":"Camale\u00e3o faz releitura de primeira mortalha produzida para o bloco em 1986"},"content":{"rendered":"\n<p>O Bloco Camale\u00e3o trar\u00e1 para o Carnaval 2026 um convite para mergulharmos na ess\u00eancia que deu origem a um dos mais importantes blocos da folia. Com uma releitura da primeira mortalha produzida para o bloco em 1986, assinada por Pedrinho da Rocha, o abad\u00e1 do domingo \u2013 primeiro dia de desfile, trar\u00e1 em seu design refer\u00eancias ao primeiro modelo feito na d\u00e9cada de 80, agora repensado com um olhar contempor\u00e2neo, contando uma hist\u00f3ria que atravessa gera\u00e7\u00f5es.<\/p>\n\n\n<div class=\"wp-block-image\">\n<figure class=\"alignleft size-large is-resized\"><img fetchpriority=\"high\" decoding=\"async\" width=\"618\" height=\"1024\" src=\"https:\/\/portalmf.com.br\/wp-content\/uploads\/2026\/02\/WhatsApp-Image-2026-02-09-at-10.18.18-618x1024.jpeg\" alt=\"\" class=\"wp-image-41862\" style=\"width:256px;height:auto\" srcset=\"https:\/\/portalmf.com.br\/wp-content\/uploads\/2026\/02\/WhatsApp-Image-2026-02-09-at-10.18.18-618x1024.jpeg 618w, https:\/\/portalmf.com.br\/wp-content\/uploads\/2026\/02\/WhatsApp-Image-2026-02-09-at-10.18.18-181x300.jpeg 181w, https:\/\/portalmf.com.br\/wp-content\/uploads\/2026\/02\/WhatsApp-Image-2026-02-09-at-10.18.18-768x1273.jpeg 768w, https:\/\/portalmf.com.br\/wp-content\/uploads\/2026\/02\/WhatsApp-Image-2026-02-09-at-10.18.18-926x1536.jpeg 926w, https:\/\/portalmf.com.br\/wp-content\/uploads\/2026\/02\/WhatsApp-Image-2026-02-09-at-10.18.18-696x1154.jpeg 696w, https:\/\/portalmf.com.br\/wp-content\/uploads\/2026\/02\/WhatsApp-Image-2026-02-09-at-10.18.18.jpeg 965w\" sizes=\"(max-width: 618px) 100vw, 618px\" \/><\/figure><\/div>\n\n\n<p>Idealizado pelo designer de fantasias, o abad\u00e1 traz em suas cores e desenhos, claras refer\u00eancias ao modelo de estreia do Camale\u00e3o em 1986. \u201cNos anos 80 ainda tinha uma influ\u00eancia do tropicalismo e eu quis fazer uma homenagem \u00e0quele mundo tropical que a gente vivia, epresentando um pouco aquela quest\u00e3o da natureza, das florestas.\u201d, comentou Pedrinho da Rocha.<\/p>\n\n\n\n<p>Sob o comando de Bell Marques, o Camale\u00e3o desfila no domingo, segunda e ter\u00e7a de Carnaval, levando para o Circuito Barra\/Ondina toda a magia do ax\u00e9 music e a energia que s\u00f3 Bell \u00e9 capaz de transmitir aos foli\u00f5es.<\/p>\n\n\n\n<p>Comemorando 40 anos desde a primeira vers\u00e3o, o Camale\u00e3o segue consolidado como um dos blocos mais disputados e procurados do Carnaval de Salvador.<\/p>\n\n\n\n<p><em>\u201cCelebrar os 40 anos dessa fantasia \u00e9 mais do que revisitar uma imagem marcante do Camale\u00e3o \u2014 \u00e9 reverenciar a criatividade e a ousadia de Pedrinho da Rocha, que em 1986 transformou arte em identidade. Essa fantasia atravessou gera\u00e7\u00f5es, virou s\u00edmbolo e segue viva, colorida e pulsante, como o pr\u00f3prio Carnaval da Bahia. Vamos reviver essa hist\u00f3ria em 2026.\u201d,<\/em> comentou Joaquim Nery, diretor do Bloco Camale\u00e3o.<\/p>\n\n\n\n<p>Com poucas unidades dispon\u00edveis, os abad\u00e1s ainda est\u00e3o sendo vendidos na loja da Central do Carnaval, no 2\u00ba e no 3\u00ba piso do Shopping da Bahia ou atrav\u00e9s do site www.centraldocarnaval.com.br .<\/p>\n","protected":false},"excerpt":{"rendered":"<p>O Bloco Camale\u00e3o trar\u00e1 para o Carnaval 2026 um convite para mergulharmos na ess\u00eancia que deu origem a um dos mais importantes blocos da folia. Com uma releitura da primeira mortalha produzida para o bloco em 1986, assinada por Pedrinho da Rocha, o abad\u00e1 do domingo \u2013 primeiro dia de desfile, trar\u00e1 em seu design [&hellip;]<\/p>\n","protected":false},"author":3,"featured_media":33910,"comment_status":"open","ping_status":"open","sticky":false,"template":"","format":"standard","meta":{"_monsterinsights_skip_tracking":false,"_monsterinsights_sitenote_active":false,"_monsterinsights_sitenote_note":"","_monsterinsights_sitenote_category":0,"footnotes":""},"categories":[44,48],"tags":[],"yoast_head":"<!-- This site is optimized with the Yoast SEO plugin v22.9 - https:\/\/yoast.com\/wordpress\/plugins\/seo\/ -->\n<title>Camale\u00e3o faz releitura de primeira mortalha produzida para o bloco em 1986 - Portal MF<\/title>\n<meta name=\"robots\" content=\"index, follow, max-snippet:-1, max-image-preview:large, max-video-preview:-1\" \/>\n<link rel=\"canonical\" href=\"https:\/\/portalmf.com.br\/index.php\/2026\/02\/09\/camaleao-faz-releitura-de-primeira-mortalha-produzida-para-o-bloco-em-1986\/\" \/>\n<meta property=\"og:locale\" content=\"pt_BR\" \/>\n<meta property=\"og:type\" content=\"article\" \/>\n<meta property=\"og:title\" content=\"Camale\u00e3o faz releitura de primeira mortalha produzida para o bloco em 1986 - Portal MF\" \/>\n<meta property=\"og:description\" content=\"O Bloco Camale\u00e3o trar\u00e1 para o Carnaval 2026 um convite para mergulharmos na ess\u00eancia que deu origem a um dos mais importantes blocos da folia. Com uma releitura da primeira mortalha produzida para o bloco em 1986, assinada por Pedrinho da Rocha, o abad\u00e1 do domingo \u2013 primeiro dia de desfile, trar\u00e1 em seu design [&hellip;]\" \/>\n<meta property=\"og:url\" content=\"https:\/\/portalmf.com.br\/index.php\/2026\/02\/09\/camaleao-faz-releitura-de-primeira-mortalha-produzida-para-o-bloco-em-1986\/\" \/>\n<meta property=\"og:site_name\" content=\"Portal MF\" \/>\n<meta property=\"article:author\" content=\"https:\/\/www.facebook.com\/portalmfoficial\" \/>\n<meta property=\"article:published_time\" content=\"2026-02-09T22:20:18+00:00\" \/>\n<meta property=\"article:modified_time\" content=\"2026-02-09T22:23:26+00:00\" \/>\n<meta property=\"og:image\" content=\"https:\/\/portalmf.com.br\/wp-content\/uploads\/2025\/02\/Bloco-Camaleao-esgota-abadas-para-o-domingo-primeiro-dia-de-desfile.jpg\" \/>\n\t<meta property=\"og:image:width\" content=\"1600\" \/>\n\t<meta property=\"og:image:height\" content=\"1066\" \/>\n\t<meta property=\"og:image:type\" content=\"image\/jpeg\" \/>\n<meta name=\"author\" content=\"Reda\u00e7\u00e3o Portal MF\" \/>\n<meta name=\"twitter:card\" content=\"summary_large_image\" \/>\n<meta name=\"twitter:creator\" content=\"@https:\/\/x.com\/portalmfoficial\" \/>\n<meta name=\"twitter:label1\" content=\"Escrito por\" \/>\n\t<meta name=\"twitter:data1\" content=\"Reda\u00e7\u00e3o Portal MF\" \/>\n\t<meta name=\"twitter:label2\" content=\"Est. tempo de leitura\" \/>\n\t<meta name=\"twitter:data2\" content=\"3 minutos\" \/>\n<script type=\"application\/ld+json\" class=\"yoast-schema-graph\">{\"@context\":\"https:\/\/schema.org\",\"@graph\":[{\"@type\":\"WebPage\",\"@id\":\"https:\/\/portalmf.com.br\/index.php\/2026\/02\/09\/camaleao-faz-releitura-de-primeira-mortalha-produzida-para-o-bloco-em-1986\/\",\"url\":\"https:\/\/portalmf.com.br\/index.php\/2026\/02\/09\/camaleao-faz-releitura-de-primeira-mortalha-produzida-para-o-bloco-em-1986\/\",\"name\":\"Camale\u00e3o faz releitura de primeira mortalha produzida para o bloco em 1986 - Portal MF\",\"isPartOf\":{\"@id\":\"https:\/\/portalmf.com.br\/#website\"},\"primaryImageOfPage\":{\"@id\":\"https:\/\/portalmf.com.br\/index.php\/2026\/02\/09\/camaleao-faz-releitura-de-primeira-mortalha-produzida-para-o-bloco-em-1986\/#primaryimage\"},\"image\":{\"@id\":\"https:\/\/portalmf.com.br\/index.php\/2026\/02\/09\/camaleao-faz-releitura-de-primeira-mortalha-produzida-para-o-bloco-em-1986\/#primaryimage\"},\"thumbnailUrl\":\"https:\/\/portalmf.com.br\/wp-content\/uploads\/2025\/02\/Bloco-Camaleao-esgota-abadas-para-o-domingo-primeiro-dia-de-desfile.jpg\",\"datePublished\":\"2026-02-09T22:20:18+00:00\",\"dateModified\":\"2026-02-09T22:23:26+00:00\",\"author\":{\"@id\":\"https:\/\/portalmf.com.br\/#\/schema\/person\/9ec101baf56233e53520c26de5d6f6f0\"},\"breadcrumb\":{\"@id\":\"https:\/\/portalmf.com.br\/index.php\/2026\/02\/09\/camaleao-faz-releitura-de-primeira-mortalha-produzida-para-o-bloco-em-1986\/#breadcrumb\"},\"inLanguage\":\"pt-BR\",\"potentialAction\":[{\"@type\":\"ReadAction\",\"target\":[\"https:\/\/portalmf.com.br\/index.php\/2026\/02\/09\/camaleao-faz-releitura-de-primeira-mortalha-produzida-para-o-bloco-em-1986\/\"]}]},{\"@type\":\"ImageObject\",\"inLanguage\":\"pt-BR\",\"@id\":\"https:\/\/portalmf.com.br\/index.php\/2026\/02\/09\/camaleao-faz-releitura-de-primeira-mortalha-produzida-para-o-bloco-em-1986\/#primaryimage\",\"url\":\"https:\/\/portalmf.com.br\/wp-content\/uploads\/2025\/02\/Bloco-Camaleao-esgota-abadas-para-o-domingo-primeiro-dia-de-desfile.jpg\",\"contentUrl\":\"https:\/\/portalmf.com.br\/wp-content\/uploads\/2025\/02\/Bloco-Camaleao-esgota-abadas-para-o-domingo-primeiro-dia-de-desfile.jpg\",\"width\":1600,\"height\":1066},{\"@type\":\"BreadcrumbList\",\"@id\":\"https:\/\/portalmf.com.br\/index.php\/2026\/02\/09\/camaleao-faz-releitura-de-primeira-mortalha-produzida-para-o-bloco-em-1986\/#breadcrumb\",\"itemListElement\":[{\"@type\":\"ListItem\",\"position\":1,\"name\":\"In\u00edcio\",\"item\":\"https:\/\/portalmf.com.br\/\"},{\"@type\":\"ListItem\",\"position\":2,\"name\":\"Camale\u00e3o faz releitura de primeira mortalha produzida para o bloco em 1986\"}]},{\"@type\":\"WebSite\",\"@id\":\"https:\/\/portalmf.com.br\/#website\",\"url\":\"https:\/\/portalmf.com.br\/\",\"name\":\"Portal MF\",\"description\":\"Voc\u00ea conectado com a informa\u00e7\u00e3o\",\"potentialAction\":[{\"@type\":\"SearchAction\",\"target\":{\"@type\":\"EntryPoint\",\"urlTemplate\":\"https:\/\/portalmf.com.br\/?s={search_term_string}\"},\"query-input\":\"required name=search_term_string\"}],\"inLanguage\":\"pt-BR\"},{\"@type\":\"Person\",\"@id\":\"https:\/\/portalmf.com.br\/#\/schema\/person\/9ec101baf56233e53520c26de5d6f6f0\",\"name\":\"Reda\u00e7\u00e3o Portal MF\",\"image\":{\"@type\":\"ImageObject\",\"inLanguage\":\"pt-BR\",\"@id\":\"https:\/\/portalmf.com.br\/#\/schema\/person\/image\/\",\"url\":\"https:\/\/secure.gravatar.com\/avatar\/41b9aaeb2100835f7c64362330f74c7f?s=96&d=mm&r=g\",\"contentUrl\":\"https:\/\/secure.gravatar.com\/avatar\/41b9aaeb2100835f7c64362330f74c7f?s=96&d=mm&r=g\",\"caption\":\"Reda\u00e7\u00e3o Portal MF\"},\"description\":\"Sejam bem-vindos o portal de informa\u00e7\u00f5es de entretenimento de Feira de Santana, desde 2006 realiza coberturas dos principais eventos com entrevistas exclusivas com as principais personalidades mundiais. Fique conectado tamb\u00e9m nas redes sociais.\",\"sameAs\":[\"http:\/\/www.portalmf.com.br\/\",\"https:\/\/www.facebook.com\/portalmfoficial\",\"https:\/\/www.instagram.com\/portalmf\/\",\"https:\/\/x.com\/https:\/\/x.com\/portalmfoficial\",\"https:\/\/www.youtube.com\/@portalmfoficial\"],\"url\":\"https:\/\/portalmf.com.br\/index.php\/author\/junior\/\"}]}<\/script>\n<!-- \/ Yoast SEO plugin. -->","yoast_head_json":{"title":"Camale\u00e3o faz releitura de primeira mortalha produzida para o bloco em 1986 - Portal MF","robots":{"index":"index","follow":"follow","max-snippet":"max-snippet:-1","max-image-preview":"max-image-preview:large","max-video-preview":"max-video-preview:-1"},"canonical":"https:\/\/portalmf.com.br\/index.php\/2026\/02\/09\/camaleao-faz-releitura-de-primeira-mortalha-produzida-para-o-bloco-em-1986\/","og_locale":"pt_BR","og_type":"article","og_title":"Camale\u00e3o faz releitura de primeira mortalha produzida para o bloco em 1986 - Portal MF","og_description":"O Bloco Camale\u00e3o trar\u00e1 para o Carnaval 2026 um convite para mergulharmos na ess\u00eancia que deu origem a um dos mais importantes blocos da folia. Com uma releitura da primeira mortalha produzida para o bloco em 1986, assinada por Pedrinho da Rocha, o abad\u00e1 do domingo \u2013 primeiro dia de desfile, trar\u00e1 em seu design [&hellip;]","og_url":"https:\/\/portalmf.com.br\/index.php\/2026\/02\/09\/camaleao-faz-releitura-de-primeira-mortalha-produzida-para-o-bloco-em-1986\/","og_site_name":"Portal MF","article_author":"https:\/\/www.facebook.com\/portalmfoficial","article_published_time":"2026-02-09T22:20:18+00:00","article_modified_time":"2026-02-09T22:23:26+00:00","og_image":[{"width":1600,"height":1066,"url":"https:\/\/portalmf.com.br\/wp-content\/uploads\/2025\/02\/Bloco-Camaleao-esgota-abadas-para-o-domingo-primeiro-dia-de-desfile.jpg","type":"image\/jpeg"}],"author":"Reda\u00e7\u00e3o Portal MF","twitter_card":"summary_large_image","twitter_creator":"@https:\/\/x.com\/portalmfoficial","twitter_misc":{"Escrito por":"Reda\u00e7\u00e3o Portal MF","Est. tempo de leitura":"3 minutos"},"schema":{"@context":"https:\/\/schema.org","@graph":[{"@type":"WebPage","@id":"https:\/\/portalmf.com.br\/index.php\/2026\/02\/09\/camaleao-faz-releitura-de-primeira-mortalha-produzida-para-o-bloco-em-1986\/","url":"https:\/\/portalmf.com.br\/index.php\/2026\/02\/09\/camaleao-faz-releitura-de-primeira-mortalha-produzida-para-o-bloco-em-1986\/","name":"Camale\u00e3o faz releitura de primeira mortalha produzida para o bloco em 1986 - Portal MF","isPartOf":{"@id":"https:\/\/portalmf.com.br\/#website"},"primaryImageOfPage":{"@id":"https:\/\/portalmf.com.br\/index.php\/2026\/02\/09\/camaleao-faz-releitura-de-primeira-mortalha-produzida-para-o-bloco-em-1986\/#primaryimage"},"image":{"@id":"https:\/\/portalmf.com.br\/index.php\/2026\/02\/09\/camaleao-faz-releitura-de-primeira-mortalha-produzida-para-o-bloco-em-1986\/#primaryimage"},"thumbnailUrl":"https:\/\/portalmf.com.br\/wp-content\/uploads\/2025\/02\/Bloco-Camaleao-esgota-abadas-para-o-domingo-primeiro-dia-de-desfile.jpg","datePublished":"2026-02-09T22:20:18+00:00","dateModified":"2026-02-09T22:23:26+00:00","author":{"@id":"https:\/\/portalmf.com.br\/#\/schema\/person\/9ec101baf56233e53520c26de5d6f6f0"},"breadcrumb":{"@id":"https:\/\/portalmf.com.br\/index.php\/2026\/02\/09\/camaleao-faz-releitura-de-primeira-mortalha-produzida-para-o-bloco-em-1986\/#breadcrumb"},"inLanguage":"pt-BR","potentialAction":[{"@type":"ReadAction","target":["https:\/\/portalmf.com.br\/index.php\/2026\/02\/09\/camaleao-faz-releitura-de-primeira-mortalha-produzida-para-o-bloco-em-1986\/"]}]},{"@type":"ImageObject","inLanguage":"pt-BR","@id":"https:\/\/portalmf.com.br\/index.php\/2026\/02\/09\/camaleao-faz-releitura-de-primeira-mortalha-produzida-para-o-bloco-em-1986\/#primaryimage","url":"https:\/\/portalmf.com.br\/wp-content\/uploads\/2025\/02\/Bloco-Camaleao-esgota-abadas-para-o-domingo-primeiro-dia-de-desfile.jpg","contentUrl":"https:\/\/portalmf.com.br\/wp-content\/uploads\/2025\/02\/Bloco-Camaleao-esgota-abadas-para-o-domingo-primeiro-dia-de-desfile.jpg","width":1600,"height":1066},{"@type":"BreadcrumbList","@id":"https:\/\/portalmf.com.br\/index.php\/2026\/02\/09\/camaleao-faz-releitura-de-primeira-mortalha-produzida-para-o-bloco-em-1986\/#breadcrumb","itemListElement":[{"@type":"ListItem","position":1,"name":"In\u00edcio","item":"https:\/\/portalmf.com.br\/"},{"@type":"ListItem","position":2,"name":"Camale\u00e3o faz releitura de primeira mortalha produzida para o bloco em 1986"}]},{"@type":"WebSite","@id":"https:\/\/portalmf.com.br\/#website","url":"https:\/\/portalmf.com.br\/","name":"Portal MF","description":"Voc\u00ea conectado com a informa\u00e7\u00e3o","potentialAction":[{"@type":"SearchAction","target":{"@type":"EntryPoint","urlTemplate":"https:\/\/portalmf.com.br\/?s={search_term_string}"},"query-input":"required name=search_term_string"}],"inLanguage":"pt-BR"},{"@type":"Person","@id":"https:\/\/portalmf.com.br\/#\/schema\/person\/9ec101baf56233e53520c26de5d6f6f0","name":"Reda\u00e7\u00e3o Portal MF","image":{"@type":"ImageObject","inLanguage":"pt-BR","@id":"https:\/\/portalmf.com.br\/#\/schema\/person\/image\/","url":"https:\/\/secure.gravatar.com\/avatar\/41b9aaeb2100835f7c64362330f74c7f?s=96&d=mm&r=g","contentUrl":"https:\/\/secure.gravatar.com\/avatar\/41b9aaeb2100835f7c64362330f74c7f?s=96&d=mm&r=g","caption":"Reda\u00e7\u00e3o Portal MF"},"description":"Sejam bem-vindos o portal de informa\u00e7\u00f5es de entretenimento de Feira de Santana, desde 2006 realiza coberturas dos principais eventos com entrevistas exclusivas com as principais personalidades mundiais. Fique conectado tamb\u00e9m nas redes sociais.","sameAs":["http:\/\/www.portalmf.com.br\/","https:\/\/www.facebook.com\/portalmfoficial","https:\/\/www.instagram.com\/portalmf\/","https:\/\/x.com\/https:\/\/x.com\/portalmfoficial","https:\/\/www.youtube.com\/@portalmfoficial"],"url":"https:\/\/portalmf.com.br\/index.php\/author\/junior\/"}]}},"_links":{"self":[{"href":"https:\/\/portalmf.com.br\/index.php\/wp-json\/wp\/v2\/posts\/41860"}],"collection":[{"href":"https:\/\/portalmf.com.br\/index.php\/wp-json\/wp\/v2\/posts"}],"about":[{"href":"https:\/\/portalmf.com.br\/index.php\/wp-json\/wp\/v2\/types\/post"}],"author":[{"embeddable":true,"href":"https:\/\/portalmf.com.br\/index.php\/wp-json\/wp\/v2\/users\/3"}],"replies":[{"embeddable":true,"href":"https:\/\/portalmf.com.br\/index.php\/wp-json\/wp\/v2\/comments?post=41860"}],"version-history":[{"count":2,"href":"https:\/\/portalmf.com.br\/index.php\/wp-json\/wp\/v2\/posts\/41860\/revisions"}],"predecessor-version":[{"id":41864,"href":"https:\/\/portalmf.com.br\/index.php\/wp-json\/wp\/v2\/posts\/41860\/revisions\/41864"}],"wp:featuredmedia":[{"embeddable":true,"href":"https:\/\/portalmf.com.br\/index.php\/wp-json\/wp\/v2\/media\/33910"}],"wp:attachment":[{"href":"https:\/\/portalmf.com.br\/index.php\/wp-json\/wp\/v2\/media?parent=41860"}],"wp:term":[{"taxonomy":"category","embeddable":true,"href":"https:\/\/portalmf.com.br\/index.php\/wp-json\/wp\/v2\/categories?post=41860"},{"taxonomy":"post_tag","embeddable":true,"href":"https:\/\/portalmf.com.br\/index.php\/wp-json\/wp\/v2\/tags?post=41860"}],"curies":[{"name":"wp","href":"https:\/\/api.w.org\/{rel}","templated":true}]}}