{"id":41846,"date":"2026-02-09T18:21:38","date_gmt":"2026-02-09T21:21:38","guid":{"rendered":"https:\/\/portalmf.com.br\/?p=41846"},"modified":"2026-02-09T18:21:39","modified_gmt":"2026-02-09T21:21:39","slug":"alexandre-peixe-anima-a-folia-carnavalesca-em-salvador-e-minas-gerais-2","status":"publish","type":"post","link":"https:\/\/portalmf.com.br\/index.php\/2026\/02\/09\/alexandre-peixe-anima-a-folia-carnavalesca-em-salvador-e-minas-gerais-2\/","title":{"rendered":"Alexandre Peixe anima a folia carnavalesca em Salvador e Minas Gerais"},"content":{"rendered":"\n<p>A maratona carnavalesca do cantor e compositor Alexandre Peixe promete animar o p\u00fablico por onde passar. Nesta quarta-feira, dia 11 de fevereiro, o artista comanda o Bloco Gravata Doida, no Santo Ant\u00f4nio Al\u00e9m do Carmo, em Salvador, dando in\u00edcio \u00e0 sequ\u00eancia. <a href=\"https:\/\/vendas.ticketmaker.com.br\/evento\/gravata-doida\/5723-11\">Os ingressos est\u00e3o dispon\u00edveis atrav\u00e9s da ticketmaker.<\/a><\/p>\n\n\n\n<p>Quinta, dia 12, Peixe vai comandar o foli\u00e3o pipoca, a bordo de um trio el\u00e9trico, no Circuito do Campo Grande. Na sexta (13), tem dobradinha de apresenta\u00e7\u00f5es. Primeiro Peixe se apresenta mais uma vez no Circuito do Campo Grande; e depois segue para sacudir o p\u00fablico no Camarote Ondina, no circuito Dod\u00f4. No s\u00e1bado (14), j\u00e1 em solo mineiro, o artista vai fazer a festa na cidade de Coqueiral. Domingo, 15, tem dose tripla. Os shows ser\u00e3o em Cristais, Carmo do Rio Claro e Boa Esperan\u00e7a, todas no interior de Minas Gerais.<\/p>\n\n\n\n<p>&nbsp;Na segunda, dia 16, tem apresenta\u00e7\u00f5es em Belo Horizonte, na festa \u201cCarnaval dos Sonhos\u201d; e no munic\u00edpio de Brumadinho (MG). J\u00e1 na ter\u00e7a, dia 17, Alexandre Peixe volta a Salvador para agitar o p\u00fablico dos Camarotes Har\u00e9m Soho e Club, ambos no circuito Dod\u00f4, onde garante que n\u00e3o faltar\u00e3o sucessos para os foli\u00f5es.<\/p>\n\n\n\n<p>\u201cEsse Carnaval ser\u00e1 especial demais. Poder levar o Ax\u00e9 para tantos ligares diferentes \u00e9 realmente uma d\u00e1diva. J\u00e1 estamos na contagem regressiva\u201d, conta Peixe.<\/p>\n","protected":false},"excerpt":{"rendered":"<p>A maratona carnavalesca do cantor e compositor Alexandre Peixe promete animar o p\u00fablico por onde passar. Nesta quarta-feira, dia 11 de fevereiro, o artista comanda o Bloco Gravata Doida, no Santo Ant\u00f4nio Al\u00e9m do Carmo, em Salvador, dando in\u00edcio \u00e0 sequ\u00eancia. Os ingressos est\u00e3o dispon\u00edveis atrav\u00e9s da ticketmaker. Quinta, dia 12, Peixe vai comandar o [&hellip;]<\/p>\n","protected":false},"author":3,"featured_media":41847,"comment_status":"open","ping_status":"open","sticky":false,"template":"","format":"standard","meta":{"_monsterinsights_skip_tracking":false,"_monsterinsights_sitenote_active":false,"_monsterinsights_sitenote_note":"","_monsterinsights_sitenote_category":0,"footnotes":""},"categories":[44],"tags":[],"yoast_head":"<!-- This site is optimized with the Yoast SEO plugin v22.9 - https:\/\/yoast.com\/wordpress\/plugins\/seo\/ -->\n<title>Alexandre Peixe anima a folia carnavalesca em Salvador e Minas Gerais - Portal MF<\/title>\n<meta name=\"robots\" content=\"index, follow, max-snippet:-1, max-image-preview:large, max-video-preview:-1\" \/>\n<link rel=\"canonical\" href=\"https:\/\/portalmf.com.br\/index.php\/2026\/02\/09\/alexandre-peixe-anima-a-folia-carnavalesca-em-salvador-e-minas-gerais-2\/\" \/>\n<meta property=\"og:locale\" content=\"pt_BR\" \/>\n<meta property=\"og:type\" content=\"article\" \/>\n<meta property=\"og:title\" content=\"Alexandre Peixe anima a folia carnavalesca em Salvador e Minas Gerais - Portal MF\" \/>\n<meta property=\"og:description\" content=\"A maratona carnavalesca do cantor e compositor Alexandre Peixe promete animar o p\u00fablico por onde passar. Nesta quarta-feira, dia 11 de fevereiro, o artista comanda o Bloco Gravata Doida, no Santo Ant\u00f4nio Al\u00e9m do Carmo, em Salvador, dando in\u00edcio \u00e0 sequ\u00eancia. Os ingressos est\u00e3o dispon\u00edveis atrav\u00e9s da ticketmaker. Quinta, dia 12, Peixe vai comandar o [&hellip;]\" \/>\n<meta property=\"og:url\" content=\"https:\/\/portalmf.com.br\/index.php\/2026\/02\/09\/alexandre-peixe-anima-a-folia-carnavalesca-em-salvador-e-minas-gerais-2\/\" \/>\n<meta property=\"og:site_name\" content=\"Portal MF\" \/>\n<meta property=\"article:author\" content=\"https:\/\/www.facebook.com\/portalmfoficial\" \/>\n<meta property=\"article:published_time\" content=\"2026-02-09T21:21:38+00:00\" \/>\n<meta property=\"article:modified_time\" content=\"2026-02-09T21:21:39+00:00\" \/>\n<meta property=\"og:image\" content=\"https:\/\/portalmf.com.br\/wp-content\/uploads\/2026\/02\/Alexandre-Peixe-anima-a-folia-carnavalesca-em-Salvador-e-Minas-Gerais.jpeg\" \/>\n\t<meta property=\"og:image:width\" content=\"1488\" \/>\n\t<meta property=\"og:image:height\" content=\"992\" \/>\n\t<meta property=\"og:image:type\" content=\"image\/jpeg\" \/>\n<meta name=\"author\" content=\"Reda\u00e7\u00e3o Portal MF\" \/>\n<meta name=\"twitter:card\" content=\"summary_large_image\" \/>\n<meta name=\"twitter:creator\" content=\"@https:\/\/x.com\/portalmfoficial\" \/>\n<meta name=\"twitter:label1\" content=\"Escrito por\" \/>\n\t<meta name=\"twitter:data1\" content=\"Reda\u00e7\u00e3o Portal MF\" \/>\n\t<meta name=\"twitter:label2\" content=\"Est. tempo de leitura\" \/>\n\t<meta name=\"twitter:data2\" content=\"2 minutos\" \/>\n<script type=\"application\/ld+json\" class=\"yoast-schema-graph\">{\"@context\":\"https:\/\/schema.org\",\"@graph\":[{\"@type\":\"WebPage\",\"@id\":\"https:\/\/portalmf.com.br\/index.php\/2026\/02\/09\/alexandre-peixe-anima-a-folia-carnavalesca-em-salvador-e-minas-gerais-2\/\",\"url\":\"https:\/\/portalmf.com.br\/index.php\/2026\/02\/09\/alexandre-peixe-anima-a-folia-carnavalesca-em-salvador-e-minas-gerais-2\/\",\"name\":\"Alexandre Peixe anima a folia carnavalesca em Salvador e Minas Gerais - Portal MF\",\"isPartOf\":{\"@id\":\"https:\/\/portalmf.com.br\/#website\"},\"primaryImageOfPage\":{\"@id\":\"https:\/\/portalmf.com.br\/index.php\/2026\/02\/09\/alexandre-peixe-anima-a-folia-carnavalesca-em-salvador-e-minas-gerais-2\/#primaryimage\"},\"image\":{\"@id\":\"https:\/\/portalmf.com.br\/index.php\/2026\/02\/09\/alexandre-peixe-anima-a-folia-carnavalesca-em-salvador-e-minas-gerais-2\/#primaryimage\"},\"thumbnailUrl\":\"https:\/\/portalmf.com.br\/wp-content\/uploads\/2026\/02\/Alexandre-Peixe-anima-a-folia-carnavalesca-em-Salvador-e-Minas-Gerais.jpeg\",\"datePublished\":\"2026-02-09T21:21:38+00:00\",\"dateModified\":\"2026-02-09T21:21:39+00:00\",\"author\":{\"@id\":\"https:\/\/portalmf.com.br\/#\/schema\/person\/9ec101baf56233e53520c26de5d6f6f0\"},\"breadcrumb\":{\"@id\":\"https:\/\/portalmf.com.br\/index.php\/2026\/02\/09\/alexandre-peixe-anima-a-folia-carnavalesca-em-salvador-e-minas-gerais-2\/#breadcrumb\"},\"inLanguage\":\"pt-BR\",\"potentialAction\":[{\"@type\":\"ReadAction\",\"target\":[\"https:\/\/portalmf.com.br\/index.php\/2026\/02\/09\/alexandre-peixe-anima-a-folia-carnavalesca-em-salvador-e-minas-gerais-2\/\"]}]},{\"@type\":\"ImageObject\",\"inLanguage\":\"pt-BR\",\"@id\":\"https:\/\/portalmf.com.br\/index.php\/2026\/02\/09\/alexandre-peixe-anima-a-folia-carnavalesca-em-salvador-e-minas-gerais-2\/#primaryimage\",\"url\":\"https:\/\/portalmf.com.br\/wp-content\/uploads\/2026\/02\/Alexandre-Peixe-anima-a-folia-carnavalesca-em-Salvador-e-Minas-Gerais.jpeg\",\"contentUrl\":\"https:\/\/portalmf.com.br\/wp-content\/uploads\/2026\/02\/Alexandre-Peixe-anima-a-folia-carnavalesca-em-Salvador-e-Minas-Gerais.jpeg\",\"width\":1488,\"height\":992},{\"@type\":\"BreadcrumbList\",\"@id\":\"https:\/\/portalmf.com.br\/index.php\/2026\/02\/09\/alexandre-peixe-anima-a-folia-carnavalesca-em-salvador-e-minas-gerais-2\/#breadcrumb\",\"itemListElement\":[{\"@type\":\"ListItem\",\"position\":1,\"name\":\"In\u00edcio\",\"item\":\"https:\/\/portalmf.com.br\/\"},{\"@type\":\"ListItem\",\"position\":2,\"name\":\"Alexandre Peixe anima a folia carnavalesca em Salvador e Minas Gerais\"}]},{\"@type\":\"WebSite\",\"@id\":\"https:\/\/portalmf.com.br\/#website\",\"url\":\"https:\/\/portalmf.com.br\/\",\"name\":\"Portal MF\",\"description\":\"Voc\u00ea conectado com a informa\u00e7\u00e3o\",\"potentialAction\":[{\"@type\":\"SearchAction\",\"target\":{\"@type\":\"EntryPoint\",\"urlTemplate\":\"https:\/\/portalmf.com.br\/?s={search_term_string}\"},\"query-input\":\"required name=search_term_string\"}],\"inLanguage\":\"pt-BR\"},{\"@type\":\"Person\",\"@id\":\"https:\/\/portalmf.com.br\/#\/schema\/person\/9ec101baf56233e53520c26de5d6f6f0\",\"name\":\"Reda\u00e7\u00e3o Portal MF\",\"image\":{\"@type\":\"ImageObject\",\"inLanguage\":\"pt-BR\",\"@id\":\"https:\/\/portalmf.com.br\/#\/schema\/person\/image\/\",\"url\":\"https:\/\/secure.gravatar.com\/avatar\/41b9aaeb2100835f7c64362330f74c7f?s=96&d=mm&r=g\",\"contentUrl\":\"https:\/\/secure.gravatar.com\/avatar\/41b9aaeb2100835f7c64362330f74c7f?s=96&d=mm&r=g\",\"caption\":\"Reda\u00e7\u00e3o Portal MF\"},\"description\":\"Sejam bem-vindos o portal de informa\u00e7\u00f5es de entretenimento de Feira de Santana, desde 2006 realiza coberturas dos principais eventos com entrevistas exclusivas com as principais personalidades mundiais. Fique conectado tamb\u00e9m nas redes sociais.\",\"sameAs\":[\"http:\/\/www.portalmf.com.br\/\",\"https:\/\/www.facebook.com\/portalmfoficial\",\"https:\/\/www.instagram.com\/portalmf\/\",\"https:\/\/x.com\/https:\/\/x.com\/portalmfoficial\",\"https:\/\/www.youtube.com\/@portalmfoficial\"],\"url\":\"https:\/\/portalmf.com.br\/index.php\/author\/junior\/\"}]}<\/script>\n<!-- \/ Yoast SEO plugin. -->","yoast_head_json":{"title":"Alexandre Peixe anima a folia carnavalesca em Salvador e Minas Gerais - Portal MF","robots":{"index":"index","follow":"follow","max-snippet":"max-snippet:-1","max-image-preview":"max-image-preview:large","max-video-preview":"max-video-preview:-1"},"canonical":"https:\/\/portalmf.com.br\/index.php\/2026\/02\/09\/alexandre-peixe-anima-a-folia-carnavalesca-em-salvador-e-minas-gerais-2\/","og_locale":"pt_BR","og_type":"article","og_title":"Alexandre Peixe anima a folia carnavalesca em Salvador e Minas Gerais - Portal MF","og_description":"A maratona carnavalesca do cantor e compositor Alexandre Peixe promete animar o p\u00fablico por onde passar. Nesta quarta-feira, dia 11 de fevereiro, o artista comanda o Bloco Gravata Doida, no Santo Ant\u00f4nio Al\u00e9m do Carmo, em Salvador, dando in\u00edcio \u00e0 sequ\u00eancia. Os ingressos est\u00e3o dispon\u00edveis atrav\u00e9s da ticketmaker. Quinta, dia 12, Peixe vai comandar o [&hellip;]","og_url":"https:\/\/portalmf.com.br\/index.php\/2026\/02\/09\/alexandre-peixe-anima-a-folia-carnavalesca-em-salvador-e-minas-gerais-2\/","og_site_name":"Portal MF","article_author":"https:\/\/www.facebook.com\/portalmfoficial","article_published_time":"2026-02-09T21:21:38+00:00","article_modified_time":"2026-02-09T21:21:39+00:00","og_image":[{"width":1488,"height":992,"url":"https:\/\/portalmf.com.br\/wp-content\/uploads\/2026\/02\/Alexandre-Peixe-anima-a-folia-carnavalesca-em-Salvador-e-Minas-Gerais.jpeg","type":"image\/jpeg"}],"author":"Reda\u00e7\u00e3o Portal MF","twitter_card":"summary_large_image","twitter_creator":"@https:\/\/x.com\/portalmfoficial","twitter_misc":{"Escrito por":"Reda\u00e7\u00e3o Portal MF","Est. tempo de leitura":"2 minutos"},"schema":{"@context":"https:\/\/schema.org","@graph":[{"@type":"WebPage","@id":"https:\/\/portalmf.com.br\/index.php\/2026\/02\/09\/alexandre-peixe-anima-a-folia-carnavalesca-em-salvador-e-minas-gerais-2\/","url":"https:\/\/portalmf.com.br\/index.php\/2026\/02\/09\/alexandre-peixe-anima-a-folia-carnavalesca-em-salvador-e-minas-gerais-2\/","name":"Alexandre Peixe anima a folia carnavalesca em Salvador e Minas Gerais - Portal MF","isPartOf":{"@id":"https:\/\/portalmf.com.br\/#website"},"primaryImageOfPage":{"@id":"https:\/\/portalmf.com.br\/index.php\/2026\/02\/09\/alexandre-peixe-anima-a-folia-carnavalesca-em-salvador-e-minas-gerais-2\/#primaryimage"},"image":{"@id":"https:\/\/portalmf.com.br\/index.php\/2026\/02\/09\/alexandre-peixe-anima-a-folia-carnavalesca-em-salvador-e-minas-gerais-2\/#primaryimage"},"thumbnailUrl":"https:\/\/portalmf.com.br\/wp-content\/uploads\/2026\/02\/Alexandre-Peixe-anima-a-folia-carnavalesca-em-Salvador-e-Minas-Gerais.jpeg","datePublished":"2026-02-09T21:21:38+00:00","dateModified":"2026-02-09T21:21:39+00:00","author":{"@id":"https:\/\/portalmf.com.br\/#\/schema\/person\/9ec101baf56233e53520c26de5d6f6f0"},"breadcrumb":{"@id":"https:\/\/portalmf.com.br\/index.php\/2026\/02\/09\/alexandre-peixe-anima-a-folia-carnavalesca-em-salvador-e-minas-gerais-2\/#breadcrumb"},"inLanguage":"pt-BR","potentialAction":[{"@type":"ReadAction","target":["https:\/\/portalmf.com.br\/index.php\/2026\/02\/09\/alexandre-peixe-anima-a-folia-carnavalesca-em-salvador-e-minas-gerais-2\/"]}]},{"@type":"ImageObject","inLanguage":"pt-BR","@id":"https:\/\/portalmf.com.br\/index.php\/2026\/02\/09\/alexandre-peixe-anima-a-folia-carnavalesca-em-salvador-e-minas-gerais-2\/#primaryimage","url":"https:\/\/portalmf.com.br\/wp-content\/uploads\/2026\/02\/Alexandre-Peixe-anima-a-folia-carnavalesca-em-Salvador-e-Minas-Gerais.jpeg","contentUrl":"https:\/\/portalmf.com.br\/wp-content\/uploads\/2026\/02\/Alexandre-Peixe-anima-a-folia-carnavalesca-em-Salvador-e-Minas-Gerais.jpeg","width":1488,"height":992},{"@type":"BreadcrumbList","@id":"https:\/\/portalmf.com.br\/index.php\/2026\/02\/09\/alexandre-peixe-anima-a-folia-carnavalesca-em-salvador-e-minas-gerais-2\/#breadcrumb","itemListElement":[{"@type":"ListItem","position":1,"name":"In\u00edcio","item":"https:\/\/portalmf.com.br\/"},{"@type":"ListItem","position":2,"name":"Alexandre Peixe anima a folia carnavalesca em Salvador e Minas Gerais"}]},{"@type":"WebSite","@id":"https:\/\/portalmf.com.br\/#website","url":"https:\/\/portalmf.com.br\/","name":"Portal MF","description":"Voc\u00ea conectado com a informa\u00e7\u00e3o","potentialAction":[{"@type":"SearchAction","target":{"@type":"EntryPoint","urlTemplate":"https:\/\/portalmf.com.br\/?s={search_term_string}"},"query-input":"required name=search_term_string"}],"inLanguage":"pt-BR"},{"@type":"Person","@id":"https:\/\/portalmf.com.br\/#\/schema\/person\/9ec101baf56233e53520c26de5d6f6f0","name":"Reda\u00e7\u00e3o Portal MF","image":{"@type":"ImageObject","inLanguage":"pt-BR","@id":"https:\/\/portalmf.com.br\/#\/schema\/person\/image\/","url":"https:\/\/secure.gravatar.com\/avatar\/41b9aaeb2100835f7c64362330f74c7f?s=96&d=mm&r=g","contentUrl":"https:\/\/secure.gravatar.com\/avatar\/41b9aaeb2100835f7c64362330f74c7f?s=96&d=mm&r=g","caption":"Reda\u00e7\u00e3o Portal MF"},"description":"Sejam bem-vindos o portal de informa\u00e7\u00f5es de entretenimento de Feira de Santana, desde 2006 realiza coberturas dos principais eventos com entrevistas exclusivas com as principais personalidades mundiais. Fique conectado tamb\u00e9m nas redes sociais.","sameAs":["http:\/\/www.portalmf.com.br\/","https:\/\/www.facebook.com\/portalmfoficial","https:\/\/www.instagram.com\/portalmf\/","https:\/\/x.com\/https:\/\/x.com\/portalmfoficial","https:\/\/www.youtube.com\/@portalmfoficial"],"url":"https:\/\/portalmf.com.br\/index.php\/author\/junior\/"}]}},"_links":{"self":[{"href":"https:\/\/portalmf.com.br\/index.php\/wp-json\/wp\/v2\/posts\/41846"}],"collection":[{"href":"https:\/\/portalmf.com.br\/index.php\/wp-json\/wp\/v2\/posts"}],"about":[{"href":"https:\/\/portalmf.com.br\/index.php\/wp-json\/wp\/v2\/types\/post"}],"author":[{"embeddable":true,"href":"https:\/\/portalmf.com.br\/index.php\/wp-json\/wp\/v2\/users\/3"}],"replies":[{"embeddable":true,"href":"https:\/\/portalmf.com.br\/index.php\/wp-json\/wp\/v2\/comments?post=41846"}],"version-history":[{"count":1,"href":"https:\/\/portalmf.com.br\/index.php\/wp-json\/wp\/v2\/posts\/41846\/revisions"}],"predecessor-version":[{"id":41848,"href":"https:\/\/portalmf.com.br\/index.php\/wp-json\/wp\/v2\/posts\/41846\/revisions\/41848"}],"wp:featuredmedia":[{"embeddable":true,"href":"https:\/\/portalmf.com.br\/index.php\/wp-json\/wp\/v2\/media\/41847"}],"wp:attachment":[{"href":"https:\/\/portalmf.com.br\/index.php\/wp-json\/wp\/v2\/media?parent=41846"}],"wp:term":[{"taxonomy":"category","embeddable":true,"href":"https:\/\/portalmf.com.br\/index.php\/wp-json\/wp\/v2\/categories?post=41846"},{"taxonomy":"post_tag","embeddable":true,"href":"https:\/\/portalmf.com.br\/index.php\/wp-json\/wp\/v2\/tags?post=41846"}],"curies":[{"name":"wp","href":"https:\/\/api.w.org\/{rel}","templated":true}]}}