{"id":41843,"date":"2026-02-09T18:16:54","date_gmt":"2026-02-09T21:16:54","guid":{"rendered":"https:\/\/portalmf.com.br\/?p=41843"},"modified":"2026-02-09T18:16:55","modified_gmt":"2026-02-09T21:16:55","slug":"elo-celebra-brasilidade-e-cultura-com-patrocinios-e-experiencias-nos-carnavais-de-salvador-rio-de-janeiro-e-sao-paulo","status":"publish","type":"post","link":"https:\/\/portalmf.com.br\/index.php\/2026\/02\/09\/elo-celebra-brasilidade-e-cultura-com-patrocinios-e-experiencias-nos-carnavais-de-salvador-rio-de-janeiro-e-sao-paulo\/","title":{"rendered":"Elo celebra brasilidade e cultura com patroc\u00ednios e experi\u00eancias nos carnavais de Salvador, Rio de Janeiro e S\u00e3o Paulo"},"content":{"rendered":"\n<p>A <strong>Elo<\/strong>, empresa 100% brasileira de tecnologia de pagamentos, consolida sua estrat\u00e9gia de conex\u00e3o com a cultura nacional no Carnaval 2026. A marca estar\u00e1 presente no Circuito Barra-Ondina, em Salvador, na Sapuca\u00ed, Rio de Janeiro, e no centro de S\u00e3o Paulo, com a estrat\u00e9gia de unir todas as a\u00e7\u00f5es em uma narrativa que celebra a brasilidade e, ao mesmo tempo, apoiar experi\u00eancias que aproximam a Elo das pessoas.<\/p>\n\n\n\n<p>Em Salvador, a Elo patrocina o Camarote Expresso 2222, o Camarote Club, em parceria com o Bradesco, e apoia os trios el\u00e9tricos comandados por Daniela Mercury: o Pipoca da Rainha, dias 13 e 17, o Bloco Crocodilo, dia 15, e o Pipoca do Crocodilo, dia 16. Para fechar as a\u00e7\u00f5es carnavalescas, que come\u00e7aram justamente em Salvador, no dia 1\u00ba de fevereiro, com o patroc\u00ednio ao festival Palco Arara, a Elo ainda ajudar\u00e1 a levar o Pipoca da Rainha para as ruas da capital paulista, no dia 22\/02.<\/p>\n\n\n\n<p>A presen\u00e7a da marca na folia carnavalesca se baseia em tr\u00eas frentes: a primeira \u00e9 a de cultura e m\u00fasica brasileira, em que a Elo valoriza a brasilidade como plataforma da marca; a segunda \u00e9 a de experi\u00eancia, em que a marca viabiliza espa\u00e7os exclusivos como Camarote Club e Expresso 2222, em Salvador, com ativa\u00e7\u00f5es personalizadas; e a terceira \u00e9 o de embaixadores da marca, em que a Elo est\u00e1 presente em grandes eventos junto a personalidades como Bela Gil e um grupo selecionado de influenciadores.<\/p>\n\n\n\n<p>\u201cO Carnaval \u00e9 uma potente celebra\u00e7\u00e3o da nossa identidade e, para a Elo, que tem a brasilidade em seu DNA, estar presente nesses momentos \u00e9 fundamental. Nosso objetivo \u00e9 engrandecer a conex\u00e3o com a cultura, trazendo uma narrativa que a gente vem desenvolvendo h\u00e1 algum tempo, e usando o ver\u00e3o como um amplificador das experi\u00eancias que aproximam a Elo dos brasileiros\u201d, pontua Jade Chemin, Gerente Executiva de Marketing da Elo.<\/p>\n\n\n\n<p><strong><br>Compromisso da Elo com a\u00e7\u00f5es que exaltam a brasilidade<\/strong><strong><\/strong><\/p>\n\n\n\n<p>O movimento cont\u00ednuo de apoio \u00e0 cultura brasileira vem sendo constru\u00eddo pela Elo por meio de diversas iniciativas. Seja ampliando o territ\u00f3rio de \u201cBrasileiros Extraordin\u00e1rios\u201d com suas campanhas e embaixadores, como Bela Gil e Sasha Meneghel, ou em shows e turn\u00eas de artistas brasileiros como P\u00e9ricles, Maria Beth\u00e2nia e Luan Santana, a Elo tem fortalecido seu posicionamento como protagonista da m\u00fasica, arte e entretenimento nacional.<\/p>\n\n\n\n<p>O novo cap\u00edtulo dessa jornada chegou com o lan\u00e7amento da campanha &#8220;O que \u00e9 daqui, vale muito&#8221;, estrelada por Wagner Moura. A parceria com o ator, figura que personifica o sucesso do talento brasileiro no cen\u00e1rio global, materializa a estrat\u00e9gia da Elo de celebrar a brasilidade em sua m\u00e1xima pot\u00eancia. Mais do que uma pe\u00e7a publicit\u00e1ria, a iniciativa cocriada com o ator funciona como um manifesto que convida o pa\u00eds a se orgulhar de suas ra\u00edzes e de sua capacidade de conquistar o extraordin\u00e1rio.<\/p>\n\n\n\n<p><strong>Sobre a Elo | <\/strong>Fundada em 2011 com foco em cart\u00f5es de d\u00e9bito e cr\u00e9dito, a Elo ampliou sua atua\u00e7\u00e3o para outros neg\u00f3cios ao longo dos anos. Com uma plataforma tecnol\u00f3gica propriet\u00e1ria e local, oferece mais agilidade e flexibilidade para atender \u00e0s necessidades dos clientes. A companhia atua por meio de uma rede abrangente de portadores de cart\u00f5es, estabelecimentos comerciais, credenciadores e emissores, apoiando empresas em suas demandas de pagamentos no Brasil e no exterior.<\/p>\n\n\n\n<p>Com a miss\u00e3o de fomentar a inclus\u00e3o dos pagamentos digitais no pa\u00eds, a Elo disponibiliza uma variedade de produtos para diferentes perfis de pessoas e empresas, incluindo um portf\u00f3lio completo de cart\u00f5es de cr\u00e9dito, d\u00e9bito, pr\u00e9-pagos, especializados e de benef\u00edcios. Com DNA brasileiro e foco em inova\u00e7\u00e3o, tamb\u00e9m oferece solu\u00e7\u00f5es customizadas para empresas, como plataformas de tokeniza\u00e7\u00e3o, preven\u00e7\u00e3o a fraudes, pagamentos por aproxima\u00e7\u00e3o via QR Code e NFC, al\u00e9m de consultoria de dados voltada \u00e0 gera\u00e7\u00e3o de novos neg\u00f3cios para seus parceiros.<\/p>\n","protected":false},"excerpt":{"rendered":"<p>A Elo, empresa 100% brasileira de tecnologia de pagamentos, consolida sua estrat\u00e9gia de conex\u00e3o com a cultura nacional no Carnaval 2026. A marca estar\u00e1 presente no Circuito Barra-Ondina, em Salvador, na Sapuca\u00ed, Rio de Janeiro, e no centro de S\u00e3o Paulo, com a estrat\u00e9gia de unir todas as a\u00e7\u00f5es em uma narrativa que celebra a [&hellip;]<\/p>\n","protected":false},"author":3,"featured_media":41844,"comment_status":"open","ping_status":"open","sticky":false,"template":"","format":"standard","meta":{"_monsterinsights_skip_tracking":false,"_monsterinsights_sitenote_active":false,"_monsterinsights_sitenote_note":"","_monsterinsights_sitenote_category":0,"footnotes":""},"categories":[44],"tags":[],"yoast_head":"<!-- This site is optimized with the Yoast SEO plugin v22.9 - https:\/\/yoast.com\/wordpress\/plugins\/seo\/ -->\n<title>Elo celebra brasilidade e cultura com patroc\u00ednios e experi\u00eancias nos carnavais de Salvador, Rio de Janeiro e S\u00e3o Paulo - Portal MF<\/title>\n<meta name=\"robots\" content=\"index, follow, max-snippet:-1, max-image-preview:large, max-video-preview:-1\" \/>\n<link rel=\"canonical\" href=\"https:\/\/portalmf.com.br\/index.php\/2026\/02\/09\/elo-celebra-brasilidade-e-cultura-com-patrocinios-e-experiencias-nos-carnavais-de-salvador-rio-de-janeiro-e-sao-paulo\/\" \/>\n<meta property=\"og:locale\" content=\"pt_BR\" \/>\n<meta property=\"og:type\" content=\"article\" \/>\n<meta property=\"og:title\" content=\"Elo celebra brasilidade e cultura com patroc\u00ednios e experi\u00eancias nos carnavais de Salvador, Rio de Janeiro e S\u00e3o Paulo - Portal MF\" \/>\n<meta property=\"og:description\" content=\"A Elo, empresa 100% brasileira de tecnologia de pagamentos, consolida sua estrat\u00e9gia de conex\u00e3o com a cultura nacional no Carnaval 2026. A marca estar\u00e1 presente no Circuito Barra-Ondina, em Salvador, na Sapuca\u00ed, Rio de Janeiro, e no centro de S\u00e3o Paulo, com a estrat\u00e9gia de unir todas as a\u00e7\u00f5es em uma narrativa que celebra a [&hellip;]\" \/>\n<meta property=\"og:url\" content=\"https:\/\/portalmf.com.br\/index.php\/2026\/02\/09\/elo-celebra-brasilidade-e-cultura-com-patrocinios-e-experiencias-nos-carnavais-de-salvador-rio-de-janeiro-e-sao-paulo\/\" \/>\n<meta property=\"og:site_name\" content=\"Portal MF\" \/>\n<meta property=\"article:author\" content=\"https:\/\/www.facebook.com\/portalmfoficial\" \/>\n<meta property=\"article:published_time\" content=\"2026-02-09T21:16:54+00:00\" \/>\n<meta property=\"article:modified_time\" content=\"2026-02-09T21:16:55+00:00\" \/>\n<meta property=\"og:image\" content=\"https:\/\/portalmf.com.br\/wp-content\/uploads\/2026\/02\/WhatsApp-Image-2026-02-09-at-14.11.07.jpeg\" \/>\n\t<meta property=\"og:image:width\" content=\"1600\" \/>\n\t<meta property=\"og:image:height\" content=\"900\" \/>\n\t<meta property=\"og:image:type\" content=\"image\/jpeg\" \/>\n<meta name=\"author\" content=\"Reda\u00e7\u00e3o Portal MF\" \/>\n<meta name=\"twitter:card\" content=\"summary_large_image\" \/>\n<meta name=\"twitter:creator\" content=\"@https:\/\/x.com\/portalmfoficial\" \/>\n<meta name=\"twitter:label1\" content=\"Escrito por\" \/>\n\t<meta name=\"twitter:data1\" content=\"Reda\u00e7\u00e3o Portal MF\" \/>\n\t<meta name=\"twitter:label2\" content=\"Est. tempo de leitura\" \/>\n\t<meta name=\"twitter:data2\" content=\"4 minutos\" \/>\n<script type=\"application\/ld+json\" class=\"yoast-schema-graph\">{\"@context\":\"https:\/\/schema.org\",\"@graph\":[{\"@type\":\"WebPage\",\"@id\":\"https:\/\/portalmf.com.br\/index.php\/2026\/02\/09\/elo-celebra-brasilidade-e-cultura-com-patrocinios-e-experiencias-nos-carnavais-de-salvador-rio-de-janeiro-e-sao-paulo\/\",\"url\":\"https:\/\/portalmf.com.br\/index.php\/2026\/02\/09\/elo-celebra-brasilidade-e-cultura-com-patrocinios-e-experiencias-nos-carnavais-de-salvador-rio-de-janeiro-e-sao-paulo\/\",\"name\":\"Elo celebra brasilidade e cultura com patroc\u00ednios e experi\u00eancias nos carnavais de Salvador, Rio de Janeiro e S\u00e3o Paulo - Portal MF\",\"isPartOf\":{\"@id\":\"https:\/\/portalmf.com.br\/#website\"},\"primaryImageOfPage\":{\"@id\":\"https:\/\/portalmf.com.br\/index.php\/2026\/02\/09\/elo-celebra-brasilidade-e-cultura-com-patrocinios-e-experiencias-nos-carnavais-de-salvador-rio-de-janeiro-e-sao-paulo\/#primaryimage\"},\"image\":{\"@id\":\"https:\/\/portalmf.com.br\/index.php\/2026\/02\/09\/elo-celebra-brasilidade-e-cultura-com-patrocinios-e-experiencias-nos-carnavais-de-salvador-rio-de-janeiro-e-sao-paulo\/#primaryimage\"},\"thumbnailUrl\":\"https:\/\/portalmf.com.br\/wp-content\/uploads\/2026\/02\/WhatsApp-Image-2026-02-09-at-14.11.07.jpeg\",\"datePublished\":\"2026-02-09T21:16:54+00:00\",\"dateModified\":\"2026-02-09T21:16:55+00:00\",\"author\":{\"@id\":\"https:\/\/portalmf.com.br\/#\/schema\/person\/9ec101baf56233e53520c26de5d6f6f0\"},\"breadcrumb\":{\"@id\":\"https:\/\/portalmf.com.br\/index.php\/2026\/02\/09\/elo-celebra-brasilidade-e-cultura-com-patrocinios-e-experiencias-nos-carnavais-de-salvador-rio-de-janeiro-e-sao-paulo\/#breadcrumb\"},\"inLanguage\":\"pt-BR\",\"potentialAction\":[{\"@type\":\"ReadAction\",\"target\":[\"https:\/\/portalmf.com.br\/index.php\/2026\/02\/09\/elo-celebra-brasilidade-e-cultura-com-patrocinios-e-experiencias-nos-carnavais-de-salvador-rio-de-janeiro-e-sao-paulo\/\"]}]},{\"@type\":\"ImageObject\",\"inLanguage\":\"pt-BR\",\"@id\":\"https:\/\/portalmf.com.br\/index.php\/2026\/02\/09\/elo-celebra-brasilidade-e-cultura-com-patrocinios-e-experiencias-nos-carnavais-de-salvador-rio-de-janeiro-e-sao-paulo\/#primaryimage\",\"url\":\"https:\/\/portalmf.com.br\/wp-content\/uploads\/2026\/02\/WhatsApp-Image-2026-02-09-at-14.11.07.jpeg\",\"contentUrl\":\"https:\/\/portalmf.com.br\/wp-content\/uploads\/2026\/02\/WhatsApp-Image-2026-02-09-at-14.11.07.jpeg\",\"width\":1600,\"height\":900},{\"@type\":\"BreadcrumbList\",\"@id\":\"https:\/\/portalmf.com.br\/index.php\/2026\/02\/09\/elo-celebra-brasilidade-e-cultura-com-patrocinios-e-experiencias-nos-carnavais-de-salvador-rio-de-janeiro-e-sao-paulo\/#breadcrumb\",\"itemListElement\":[{\"@type\":\"ListItem\",\"position\":1,\"name\":\"In\u00edcio\",\"item\":\"https:\/\/portalmf.com.br\/\"},{\"@type\":\"ListItem\",\"position\":2,\"name\":\"Elo celebra brasilidade e cultura com patroc\u00ednios e experi\u00eancias nos carnavais de Salvador, Rio de Janeiro e S\u00e3o Paulo\"}]},{\"@type\":\"WebSite\",\"@id\":\"https:\/\/portalmf.com.br\/#website\",\"url\":\"https:\/\/portalmf.com.br\/\",\"name\":\"Portal MF\",\"description\":\"Voc\u00ea conectado com a informa\u00e7\u00e3o\",\"potentialAction\":[{\"@type\":\"SearchAction\",\"target\":{\"@type\":\"EntryPoint\",\"urlTemplate\":\"https:\/\/portalmf.com.br\/?s={search_term_string}\"},\"query-input\":\"required name=search_term_string\"}],\"inLanguage\":\"pt-BR\"},{\"@type\":\"Person\",\"@id\":\"https:\/\/portalmf.com.br\/#\/schema\/person\/9ec101baf56233e53520c26de5d6f6f0\",\"name\":\"Reda\u00e7\u00e3o Portal MF\",\"image\":{\"@type\":\"ImageObject\",\"inLanguage\":\"pt-BR\",\"@id\":\"https:\/\/portalmf.com.br\/#\/schema\/person\/image\/\",\"url\":\"https:\/\/secure.gravatar.com\/avatar\/41b9aaeb2100835f7c64362330f74c7f?s=96&d=mm&r=g\",\"contentUrl\":\"https:\/\/secure.gravatar.com\/avatar\/41b9aaeb2100835f7c64362330f74c7f?s=96&d=mm&r=g\",\"caption\":\"Reda\u00e7\u00e3o Portal MF\"},\"description\":\"Sejam bem-vindos o portal de informa\u00e7\u00f5es de entretenimento de Feira de Santana, desde 2006 realiza coberturas dos principais eventos com entrevistas exclusivas com as principais personalidades mundiais. Fique conectado tamb\u00e9m nas redes sociais.\",\"sameAs\":[\"http:\/\/www.portalmf.com.br\/\",\"https:\/\/www.facebook.com\/portalmfoficial\",\"https:\/\/www.instagram.com\/portalmf\/\",\"https:\/\/x.com\/https:\/\/x.com\/portalmfoficial\",\"https:\/\/www.youtube.com\/@portalmfoficial\"],\"url\":\"https:\/\/portalmf.com.br\/index.php\/author\/junior\/\"}]}<\/script>\n<!-- \/ Yoast SEO plugin. -->","yoast_head_json":{"title":"Elo celebra brasilidade e cultura com patroc\u00ednios e experi\u00eancias nos carnavais de Salvador, Rio de Janeiro e S\u00e3o Paulo - Portal MF","robots":{"index":"index","follow":"follow","max-snippet":"max-snippet:-1","max-image-preview":"max-image-preview:large","max-video-preview":"max-video-preview:-1"},"canonical":"https:\/\/portalmf.com.br\/index.php\/2026\/02\/09\/elo-celebra-brasilidade-e-cultura-com-patrocinios-e-experiencias-nos-carnavais-de-salvador-rio-de-janeiro-e-sao-paulo\/","og_locale":"pt_BR","og_type":"article","og_title":"Elo celebra brasilidade e cultura com patroc\u00ednios e experi\u00eancias nos carnavais de Salvador, Rio de Janeiro e S\u00e3o Paulo - Portal MF","og_description":"A Elo, empresa 100% brasileira de tecnologia de pagamentos, consolida sua estrat\u00e9gia de conex\u00e3o com a cultura nacional no Carnaval 2026. A marca estar\u00e1 presente no Circuito Barra-Ondina, em Salvador, na Sapuca\u00ed, Rio de Janeiro, e no centro de S\u00e3o Paulo, com a estrat\u00e9gia de unir todas as a\u00e7\u00f5es em uma narrativa que celebra a [&hellip;]","og_url":"https:\/\/portalmf.com.br\/index.php\/2026\/02\/09\/elo-celebra-brasilidade-e-cultura-com-patrocinios-e-experiencias-nos-carnavais-de-salvador-rio-de-janeiro-e-sao-paulo\/","og_site_name":"Portal MF","article_author":"https:\/\/www.facebook.com\/portalmfoficial","article_published_time":"2026-02-09T21:16:54+00:00","article_modified_time":"2026-02-09T21:16:55+00:00","og_image":[{"width":1600,"height":900,"url":"https:\/\/portalmf.com.br\/wp-content\/uploads\/2026\/02\/WhatsApp-Image-2026-02-09-at-14.11.07.jpeg","type":"image\/jpeg"}],"author":"Reda\u00e7\u00e3o Portal MF","twitter_card":"summary_large_image","twitter_creator":"@https:\/\/x.com\/portalmfoficial","twitter_misc":{"Escrito por":"Reda\u00e7\u00e3o Portal MF","Est. tempo de leitura":"4 minutos"},"schema":{"@context":"https:\/\/schema.org","@graph":[{"@type":"WebPage","@id":"https:\/\/portalmf.com.br\/index.php\/2026\/02\/09\/elo-celebra-brasilidade-e-cultura-com-patrocinios-e-experiencias-nos-carnavais-de-salvador-rio-de-janeiro-e-sao-paulo\/","url":"https:\/\/portalmf.com.br\/index.php\/2026\/02\/09\/elo-celebra-brasilidade-e-cultura-com-patrocinios-e-experiencias-nos-carnavais-de-salvador-rio-de-janeiro-e-sao-paulo\/","name":"Elo celebra brasilidade e cultura com patroc\u00ednios e experi\u00eancias nos carnavais de Salvador, Rio de Janeiro e S\u00e3o Paulo - Portal MF","isPartOf":{"@id":"https:\/\/portalmf.com.br\/#website"},"primaryImageOfPage":{"@id":"https:\/\/portalmf.com.br\/index.php\/2026\/02\/09\/elo-celebra-brasilidade-e-cultura-com-patrocinios-e-experiencias-nos-carnavais-de-salvador-rio-de-janeiro-e-sao-paulo\/#primaryimage"},"image":{"@id":"https:\/\/portalmf.com.br\/index.php\/2026\/02\/09\/elo-celebra-brasilidade-e-cultura-com-patrocinios-e-experiencias-nos-carnavais-de-salvador-rio-de-janeiro-e-sao-paulo\/#primaryimage"},"thumbnailUrl":"https:\/\/portalmf.com.br\/wp-content\/uploads\/2026\/02\/WhatsApp-Image-2026-02-09-at-14.11.07.jpeg","datePublished":"2026-02-09T21:16:54+00:00","dateModified":"2026-02-09T21:16:55+00:00","author":{"@id":"https:\/\/portalmf.com.br\/#\/schema\/person\/9ec101baf56233e53520c26de5d6f6f0"},"breadcrumb":{"@id":"https:\/\/portalmf.com.br\/index.php\/2026\/02\/09\/elo-celebra-brasilidade-e-cultura-com-patrocinios-e-experiencias-nos-carnavais-de-salvador-rio-de-janeiro-e-sao-paulo\/#breadcrumb"},"inLanguage":"pt-BR","potentialAction":[{"@type":"ReadAction","target":["https:\/\/portalmf.com.br\/index.php\/2026\/02\/09\/elo-celebra-brasilidade-e-cultura-com-patrocinios-e-experiencias-nos-carnavais-de-salvador-rio-de-janeiro-e-sao-paulo\/"]}]},{"@type":"ImageObject","inLanguage":"pt-BR","@id":"https:\/\/portalmf.com.br\/index.php\/2026\/02\/09\/elo-celebra-brasilidade-e-cultura-com-patrocinios-e-experiencias-nos-carnavais-de-salvador-rio-de-janeiro-e-sao-paulo\/#primaryimage","url":"https:\/\/portalmf.com.br\/wp-content\/uploads\/2026\/02\/WhatsApp-Image-2026-02-09-at-14.11.07.jpeg","contentUrl":"https:\/\/portalmf.com.br\/wp-content\/uploads\/2026\/02\/WhatsApp-Image-2026-02-09-at-14.11.07.jpeg","width":1600,"height":900},{"@type":"BreadcrumbList","@id":"https:\/\/portalmf.com.br\/index.php\/2026\/02\/09\/elo-celebra-brasilidade-e-cultura-com-patrocinios-e-experiencias-nos-carnavais-de-salvador-rio-de-janeiro-e-sao-paulo\/#breadcrumb","itemListElement":[{"@type":"ListItem","position":1,"name":"In\u00edcio","item":"https:\/\/portalmf.com.br\/"},{"@type":"ListItem","position":2,"name":"Elo celebra brasilidade e cultura com patroc\u00ednios e experi\u00eancias nos carnavais de Salvador, Rio de Janeiro e S\u00e3o Paulo"}]},{"@type":"WebSite","@id":"https:\/\/portalmf.com.br\/#website","url":"https:\/\/portalmf.com.br\/","name":"Portal MF","description":"Voc\u00ea conectado com a informa\u00e7\u00e3o","potentialAction":[{"@type":"SearchAction","target":{"@type":"EntryPoint","urlTemplate":"https:\/\/portalmf.com.br\/?s={search_term_string}"},"query-input":"required name=search_term_string"}],"inLanguage":"pt-BR"},{"@type":"Person","@id":"https:\/\/portalmf.com.br\/#\/schema\/person\/9ec101baf56233e53520c26de5d6f6f0","name":"Reda\u00e7\u00e3o Portal MF","image":{"@type":"ImageObject","inLanguage":"pt-BR","@id":"https:\/\/portalmf.com.br\/#\/schema\/person\/image\/","url":"https:\/\/secure.gravatar.com\/avatar\/41b9aaeb2100835f7c64362330f74c7f?s=96&d=mm&r=g","contentUrl":"https:\/\/secure.gravatar.com\/avatar\/41b9aaeb2100835f7c64362330f74c7f?s=96&d=mm&r=g","caption":"Reda\u00e7\u00e3o Portal MF"},"description":"Sejam bem-vindos o portal de informa\u00e7\u00f5es de entretenimento de Feira de Santana, desde 2006 realiza coberturas dos principais eventos com entrevistas exclusivas com as principais personalidades mundiais. Fique conectado tamb\u00e9m nas redes sociais.","sameAs":["http:\/\/www.portalmf.com.br\/","https:\/\/www.facebook.com\/portalmfoficial","https:\/\/www.instagram.com\/portalmf\/","https:\/\/x.com\/https:\/\/x.com\/portalmfoficial","https:\/\/www.youtube.com\/@portalmfoficial"],"url":"https:\/\/portalmf.com.br\/index.php\/author\/junior\/"}]}},"_links":{"self":[{"href":"https:\/\/portalmf.com.br\/index.php\/wp-json\/wp\/v2\/posts\/41843"}],"collection":[{"href":"https:\/\/portalmf.com.br\/index.php\/wp-json\/wp\/v2\/posts"}],"about":[{"href":"https:\/\/portalmf.com.br\/index.php\/wp-json\/wp\/v2\/types\/post"}],"author":[{"embeddable":true,"href":"https:\/\/portalmf.com.br\/index.php\/wp-json\/wp\/v2\/users\/3"}],"replies":[{"embeddable":true,"href":"https:\/\/portalmf.com.br\/index.php\/wp-json\/wp\/v2\/comments?post=41843"}],"version-history":[{"count":1,"href":"https:\/\/portalmf.com.br\/index.php\/wp-json\/wp\/v2\/posts\/41843\/revisions"}],"predecessor-version":[{"id":41845,"href":"https:\/\/portalmf.com.br\/index.php\/wp-json\/wp\/v2\/posts\/41843\/revisions\/41845"}],"wp:featuredmedia":[{"embeddable":true,"href":"https:\/\/portalmf.com.br\/index.php\/wp-json\/wp\/v2\/media\/41844"}],"wp:attachment":[{"href":"https:\/\/portalmf.com.br\/index.php\/wp-json\/wp\/v2\/media?parent=41843"}],"wp:term":[{"taxonomy":"category","embeddable":true,"href":"https:\/\/portalmf.com.br\/index.php\/wp-json\/wp\/v2\/categories?post=41843"},{"taxonomy":"post_tag","embeddable":true,"href":"https:\/\/portalmf.com.br\/index.php\/wp-json\/wp\/v2\/tags?post=41843"}],"curies":[{"name":"wp","href":"https:\/\/api.w.org\/{rel}","templated":true}]}}