{"id":41798,"date":"2026-02-08T14:26:15","date_gmt":"2026-02-08T17:26:15","guid":{"rendered":"https:\/\/portalmf.com.br\/?p=41798"},"modified":"2026-02-08T14:26:17","modified_gmt":"2026-02-08T17:26:17","slug":"danniel-vieira-arrasta-multidao-no-furdunco-e-celebra-mais-uma-edicao-historica-da-festa","status":"publish","type":"post","link":"https:\/\/portalmf.com.br\/index.php\/2026\/02\/08\/danniel-vieira-arrasta-multidao-no-furdunco-e-celebra-mais-uma-edicao-historica-da-festa\/","title":{"rendered":"Danniel Vieira arrasta multid\u00e3o no Furdun\u00e7o e celebra mais uma edi\u00e7\u00e3o hist\u00f3rica da festa"},"content":{"rendered":"\n<p>O cantor Danniel Vieira foi um dos grandes destaques do Furdun\u00e7o, neste s\u00e1bado (07), em Salvador. Em um show eletrizante, o artista comandou o pranch\u00e3o e arrastou uma verdadeira multid\u00e3o pelo circuito Orlando Tapaj\u00f3s, de Ondina at\u00e9 a Barra, em mais uma edi\u00e7\u00e3o marcada por sucesso absoluto e muita conex\u00e3o com o povo.<\/p>\n\n\n\n<p>Com carisma e repert\u00f3rio afiado, Danniel levou para as ruas seus principais sucessos, cantados em coro pela galera, e apresentou tamb\u00e9m a sua nova m\u00fasica, \u201cTchau Rol\u00ea\u201d, aposta forte da esta\u00e7\u00e3o e que j\u00e1 caiu no gosto do p\u00fablico.<\/p>\n\n\n\n<figure class=\"wp-block-image size-large\"><img fetchpriority=\"high\" decoding=\"async\" width=\"1024\" height=\"682\" src=\"https:\/\/portalmf.com.br\/wp-content\/uploads\/2026\/02\/Danniel-Vieira-arrasta-multidao-no-Furdunco-e-celebra-mais-uma-edicao-historica-da-festa-4-1024x682.jpeg\" alt=\"\" class=\"wp-image-41802\" srcset=\"https:\/\/portalmf.com.br\/wp-content\/uploads\/2026\/02\/Danniel-Vieira-arrasta-multidao-no-Furdunco-e-celebra-mais-uma-edicao-historica-da-festa-4-1024x682.jpeg 1024w, https:\/\/portalmf.com.br\/wp-content\/uploads\/2026\/02\/Danniel-Vieira-arrasta-multidao-no-Furdunco-e-celebra-mais-uma-edicao-historica-da-festa-4-300x200.jpeg 300w, https:\/\/portalmf.com.br\/wp-content\/uploads\/2026\/02\/Danniel-Vieira-arrasta-multidao-no-Furdunco-e-celebra-mais-uma-edicao-historica-da-festa-4-768x512.jpeg 768w, https:\/\/portalmf.com.br\/wp-content\/uploads\/2026\/02\/Danniel-Vieira-arrasta-multidao-no-Furdunco-e-celebra-mais-uma-edicao-historica-da-festa-4-1536x1023.jpeg 1536w, https:\/\/portalmf.com.br\/wp-content\/uploads\/2026\/02\/Danniel-Vieira-arrasta-multidao-no-Furdunco-e-celebra-mais-uma-edicao-historica-da-festa-4-696x464.jpeg 696w, https:\/\/portalmf.com.br\/wp-content\/uploads\/2026\/02\/Danniel-Vieira-arrasta-multidao-no-Furdunco-e-celebra-mais-uma-edicao-historica-da-festa-4-1068x712.jpeg 1068w, https:\/\/portalmf.com.br\/wp-content\/uploads\/2026\/02\/Danniel-Vieira-arrasta-multidao-no-Furdunco-e-celebra-mais-uma-edicao-historica-da-festa-4.jpeg 1600w\" sizes=\"(max-width: 1024px) 100vw, 1024px\" \/><figcaption class=\"wp-element-caption\"><strong>Fotos: Gabriel Lordelo<\/strong><\/figcaption><\/figure>\n\n\n\n<p>O desfile ficou ainda mais especial com a participa\u00e7\u00e3o de L\u00e9o Estakazero, em um dueto vibrante, que celebrou a for\u00e7a da m\u00fasica nordestina e arrancou aplausos do p\u00fablico que acompanhava o trio de perto.<\/p>\n\n\n\n<figure class=\"wp-block-image size-large\"><img decoding=\"async\" width=\"1024\" height=\"682\" src=\"https:\/\/portalmf.com.br\/wp-content\/uploads\/2026\/02\/Danniel-Vieira-arrasta-multidao-no-Furdunco-e-celebra-mais-uma-edicao-historica-da-festa-3-1024x682.jpeg\" alt=\"\" class=\"wp-image-41801\" srcset=\"https:\/\/portalmf.com.br\/wp-content\/uploads\/2026\/02\/Danniel-Vieira-arrasta-multidao-no-Furdunco-e-celebra-mais-uma-edicao-historica-da-festa-3-1024x682.jpeg 1024w, https:\/\/portalmf.com.br\/wp-content\/uploads\/2026\/02\/Danniel-Vieira-arrasta-multidao-no-Furdunco-e-celebra-mais-uma-edicao-historica-da-festa-3-300x200.jpeg 300w, https:\/\/portalmf.com.br\/wp-content\/uploads\/2026\/02\/Danniel-Vieira-arrasta-multidao-no-Furdunco-e-celebra-mais-uma-edicao-historica-da-festa-3-768x512.jpeg 768w, https:\/\/portalmf.com.br\/wp-content\/uploads\/2026\/02\/Danniel-Vieira-arrasta-multidao-no-Furdunco-e-celebra-mais-uma-edicao-historica-da-festa-3-1536x1023.jpeg 1536w, https:\/\/portalmf.com.br\/wp-content\/uploads\/2026\/02\/Danniel-Vieira-arrasta-multidao-no-Furdunco-e-celebra-mais-uma-edicao-historica-da-festa-3-696x464.jpeg 696w, https:\/\/portalmf.com.br\/wp-content\/uploads\/2026\/02\/Danniel-Vieira-arrasta-multidao-no-Furdunco-e-celebra-mais-uma-edicao-historica-da-festa-3-1068x712.jpeg 1068w, https:\/\/portalmf.com.br\/wp-content\/uploads\/2026\/02\/Danniel-Vieira-arrasta-multidao-no-Furdunco-e-celebra-mais-uma-edicao-historica-da-festa-3.jpeg 1600w\" sizes=\"(max-width: 1024px) 100vw, 1024px\" \/><figcaption class=\"wp-element-caption\"><strong>Fotos: Gabriel Lordelo<\/strong><\/figcaption><\/figure>\n\n\n\n<p>Em clima de gratid\u00e3o, Danniel Vieira celebrou mais um ano fazendo parte dessa festa, que \u00e9 a cara de Salvador.<\/p>\n\n\n\n<p><em>\u201c\u00c9 um prazer enorme estar mais um ano no Furdun\u00e7o, fazendo parte dessa festa linda do povo. Tocar no pranch\u00e3o, pertinho da galera, sentindo essa energia de perto, \u00e9 algo que n\u00e3o tem pre\u00e7o\u201d,<\/em> destacou.<\/p>\n\n\n\n<figure class=\"wp-block-image size-large\"><img decoding=\"async\" width=\"1024\" height=\"682\" src=\"https:\/\/portalmf.com.br\/wp-content\/uploads\/2026\/02\/Danniel-Vieira-arrasta-multidao-no-Furdunco-e-celebra-mais-uma-edicao-historica-da-festa-2-1024x682.jpeg\" alt=\"\" class=\"wp-image-41800\" srcset=\"https:\/\/portalmf.com.br\/wp-content\/uploads\/2026\/02\/Danniel-Vieira-arrasta-multidao-no-Furdunco-e-celebra-mais-uma-edicao-historica-da-festa-2-1024x682.jpeg 1024w, https:\/\/portalmf.com.br\/wp-content\/uploads\/2026\/02\/Danniel-Vieira-arrasta-multidao-no-Furdunco-e-celebra-mais-uma-edicao-historica-da-festa-2-300x200.jpeg 300w, https:\/\/portalmf.com.br\/wp-content\/uploads\/2026\/02\/Danniel-Vieira-arrasta-multidao-no-Furdunco-e-celebra-mais-uma-edicao-historica-da-festa-2-768x512.jpeg 768w, https:\/\/portalmf.com.br\/wp-content\/uploads\/2026\/02\/Danniel-Vieira-arrasta-multidao-no-Furdunco-e-celebra-mais-uma-edicao-historica-da-festa-2-1536x1023.jpeg 1536w, https:\/\/portalmf.com.br\/wp-content\/uploads\/2026\/02\/Danniel-Vieira-arrasta-multidao-no-Furdunco-e-celebra-mais-uma-edicao-historica-da-festa-2-696x464.jpeg 696w, https:\/\/portalmf.com.br\/wp-content\/uploads\/2026\/02\/Danniel-Vieira-arrasta-multidao-no-Furdunco-e-celebra-mais-uma-edicao-historica-da-festa-2-1068x712.jpeg 1068w, https:\/\/portalmf.com.br\/wp-content\/uploads\/2026\/02\/Danniel-Vieira-arrasta-multidao-no-Furdunco-e-celebra-mais-uma-edicao-historica-da-festa-2.jpeg 1600w\" sizes=\"(max-width: 1024px) 100vw, 1024px\" \/><figcaption class=\"wp-element-caption\">Fotos: Gabriel Lordelo<\/figcaption><\/figure>\n\n\n\n<p>Representante do sertanejo, Danniel tamb\u00e9m fez quest\u00e3o de ressaltar a diversidade de ritmos que marca o Furdun\u00e7o e o Carnaval de Salvador, mostrando que a festa \u00e9 um grande encontro de estilos, culturas e sons.<\/p>\n\n\n\n<p><em>\u201cO Furdun\u00e7o \u00e9 isso: diversidade, mistura, alegria. \u00c9 bonito demais ver tantos ritmos dividindo o mesmo espa\u00e7o e o mesmo amor pela m\u00fasica\u201d,<\/em> completou.<\/p>\n\n\n\n<p>E o cantor avisa: a maratona est\u00e1 s\u00f3 come\u00e7ando. A programa\u00e7\u00e3o de Carnaval promete ser intensa, com uma agenda cheia de shows e encontros com o p\u00fablico.<\/p>\n\n\n\n<p><em>\u201cO Furdun\u00e7o foi s\u00f3 o pontap\u00e9 inicial. Vem muita coisa boa por a\u00ed\u201d,<\/em> antecipou.<\/p>\n","protected":false},"excerpt":{"rendered":"<p>O cantor Danniel Vieira foi um dos grandes destaques do Furdun\u00e7o, neste s\u00e1bado (07), em Salvador. Em um show eletrizante, o artista comandou o pranch\u00e3o e arrastou uma verdadeira multid\u00e3o pelo circuito Orlando Tapaj\u00f3s, de Ondina at\u00e9 a Barra, em mais uma edi\u00e7\u00e3o marcada por sucesso absoluto e muita conex\u00e3o com o povo. Com carisma [&hellip;]<\/p>\n","protected":false},"author":3,"featured_media":41799,"comment_status":"open","ping_status":"open","sticky":false,"template":"","format":"standard","meta":{"_monsterinsights_skip_tracking":false,"_monsterinsights_sitenote_active":false,"_monsterinsights_sitenote_note":"","_monsterinsights_sitenote_category":0,"footnotes":""},"categories":[44,48],"tags":[],"yoast_head":"<!-- This site is optimized with the Yoast SEO plugin v22.9 - https:\/\/yoast.com\/wordpress\/plugins\/seo\/ -->\n<title>Danniel Vieira arrasta multid\u00e3o no Furdun\u00e7o e celebra mais uma edi\u00e7\u00e3o hist\u00f3rica da festa - Portal MF<\/title>\n<meta name=\"robots\" content=\"index, follow, max-snippet:-1, max-image-preview:large, max-video-preview:-1\" \/>\n<link rel=\"canonical\" href=\"https:\/\/portalmf.com.br\/index.php\/2026\/02\/08\/danniel-vieira-arrasta-multidao-no-furdunco-e-celebra-mais-uma-edicao-historica-da-festa\/\" \/>\n<meta property=\"og:locale\" content=\"pt_BR\" \/>\n<meta property=\"og:type\" content=\"article\" \/>\n<meta property=\"og:title\" content=\"Danniel Vieira arrasta multid\u00e3o no Furdun\u00e7o e celebra mais uma edi\u00e7\u00e3o hist\u00f3rica da festa - Portal MF\" \/>\n<meta property=\"og:description\" content=\"O cantor Danniel Vieira foi um dos grandes destaques do Furdun\u00e7o, neste s\u00e1bado (07), em Salvador. Em um show eletrizante, o artista comandou o pranch\u00e3o e arrastou uma verdadeira multid\u00e3o pelo circuito Orlando Tapaj\u00f3s, de Ondina at\u00e9 a Barra, em mais uma edi\u00e7\u00e3o marcada por sucesso absoluto e muita conex\u00e3o com o povo. Com carisma [&hellip;]\" \/>\n<meta property=\"og:url\" content=\"https:\/\/portalmf.com.br\/index.php\/2026\/02\/08\/danniel-vieira-arrasta-multidao-no-furdunco-e-celebra-mais-uma-edicao-historica-da-festa\/\" \/>\n<meta property=\"og:site_name\" content=\"Portal MF\" \/>\n<meta property=\"article:author\" content=\"https:\/\/www.facebook.com\/portalmfoficial\" \/>\n<meta property=\"article:published_time\" content=\"2026-02-08T17:26:15+00:00\" \/>\n<meta property=\"article:modified_time\" content=\"2026-02-08T17:26:17+00:00\" \/>\n<meta property=\"og:image\" content=\"https:\/\/portalmf.com.br\/wp-content\/uploads\/2026\/02\/Danniel-Vieira-arrasta-multidao-no-Furdunco-e-celebra-mais-uma-edicao-historica-da-festa-1.jpeg\" \/>\n\t<meta property=\"og:image:width\" content=\"1600\" \/>\n\t<meta property=\"og:image:height\" content=\"1066\" \/>\n\t<meta property=\"og:image:type\" content=\"image\/jpeg\" \/>\n<meta name=\"author\" content=\"Reda\u00e7\u00e3o Portal MF\" \/>\n<meta name=\"twitter:card\" content=\"summary_large_image\" \/>\n<meta name=\"twitter:creator\" content=\"@https:\/\/x.com\/portalmfoficial\" \/>\n<meta name=\"twitter:label1\" content=\"Escrito por\" \/>\n\t<meta name=\"twitter:data1\" content=\"Reda\u00e7\u00e3o Portal MF\" \/>\n\t<meta name=\"twitter:label2\" content=\"Est. tempo de leitura\" \/>\n\t<meta name=\"twitter:data2\" content=\"3 minutos\" \/>\n<script type=\"application\/ld+json\" class=\"yoast-schema-graph\">{\"@context\":\"https:\/\/schema.org\",\"@graph\":[{\"@type\":\"WebPage\",\"@id\":\"https:\/\/portalmf.com.br\/index.php\/2026\/02\/08\/danniel-vieira-arrasta-multidao-no-furdunco-e-celebra-mais-uma-edicao-historica-da-festa\/\",\"url\":\"https:\/\/portalmf.com.br\/index.php\/2026\/02\/08\/danniel-vieira-arrasta-multidao-no-furdunco-e-celebra-mais-uma-edicao-historica-da-festa\/\",\"name\":\"Danniel Vieira arrasta multid\u00e3o no Furdun\u00e7o e celebra mais uma edi\u00e7\u00e3o hist\u00f3rica da festa - Portal MF\",\"isPartOf\":{\"@id\":\"https:\/\/portalmf.com.br\/#website\"},\"primaryImageOfPage\":{\"@id\":\"https:\/\/portalmf.com.br\/index.php\/2026\/02\/08\/danniel-vieira-arrasta-multidao-no-furdunco-e-celebra-mais-uma-edicao-historica-da-festa\/#primaryimage\"},\"image\":{\"@id\":\"https:\/\/portalmf.com.br\/index.php\/2026\/02\/08\/danniel-vieira-arrasta-multidao-no-furdunco-e-celebra-mais-uma-edicao-historica-da-festa\/#primaryimage\"},\"thumbnailUrl\":\"https:\/\/portalmf.com.br\/wp-content\/uploads\/2026\/02\/Danniel-Vieira-arrasta-multidao-no-Furdunco-e-celebra-mais-uma-edicao-historica-da-festa-1.jpeg\",\"datePublished\":\"2026-02-08T17:26:15+00:00\",\"dateModified\":\"2026-02-08T17:26:17+00:00\",\"author\":{\"@id\":\"https:\/\/portalmf.com.br\/#\/schema\/person\/9ec101baf56233e53520c26de5d6f6f0\"},\"breadcrumb\":{\"@id\":\"https:\/\/portalmf.com.br\/index.php\/2026\/02\/08\/danniel-vieira-arrasta-multidao-no-furdunco-e-celebra-mais-uma-edicao-historica-da-festa\/#breadcrumb\"},\"inLanguage\":\"pt-BR\",\"potentialAction\":[{\"@type\":\"ReadAction\",\"target\":[\"https:\/\/portalmf.com.br\/index.php\/2026\/02\/08\/danniel-vieira-arrasta-multidao-no-furdunco-e-celebra-mais-uma-edicao-historica-da-festa\/\"]}]},{\"@type\":\"ImageObject\",\"inLanguage\":\"pt-BR\",\"@id\":\"https:\/\/portalmf.com.br\/index.php\/2026\/02\/08\/danniel-vieira-arrasta-multidao-no-furdunco-e-celebra-mais-uma-edicao-historica-da-festa\/#primaryimage\",\"url\":\"https:\/\/portalmf.com.br\/wp-content\/uploads\/2026\/02\/Danniel-Vieira-arrasta-multidao-no-Furdunco-e-celebra-mais-uma-edicao-historica-da-festa-1.jpeg\",\"contentUrl\":\"https:\/\/portalmf.com.br\/wp-content\/uploads\/2026\/02\/Danniel-Vieira-arrasta-multidao-no-Furdunco-e-celebra-mais-uma-edicao-historica-da-festa-1.jpeg\",\"width\":1600,\"height\":1066},{\"@type\":\"BreadcrumbList\",\"@id\":\"https:\/\/portalmf.com.br\/index.php\/2026\/02\/08\/danniel-vieira-arrasta-multidao-no-furdunco-e-celebra-mais-uma-edicao-historica-da-festa\/#breadcrumb\",\"itemListElement\":[{\"@type\":\"ListItem\",\"position\":1,\"name\":\"In\u00edcio\",\"item\":\"https:\/\/portalmf.com.br\/\"},{\"@type\":\"ListItem\",\"position\":2,\"name\":\"Danniel Vieira arrasta multid\u00e3o no Furdun\u00e7o e celebra mais uma edi\u00e7\u00e3o hist\u00f3rica da festa\"}]},{\"@type\":\"WebSite\",\"@id\":\"https:\/\/portalmf.com.br\/#website\",\"url\":\"https:\/\/portalmf.com.br\/\",\"name\":\"Portal MF\",\"description\":\"Voc\u00ea conectado com a informa\u00e7\u00e3o\",\"potentialAction\":[{\"@type\":\"SearchAction\",\"target\":{\"@type\":\"EntryPoint\",\"urlTemplate\":\"https:\/\/portalmf.com.br\/?s={search_term_string}\"},\"query-input\":\"required name=search_term_string\"}],\"inLanguage\":\"pt-BR\"},{\"@type\":\"Person\",\"@id\":\"https:\/\/portalmf.com.br\/#\/schema\/person\/9ec101baf56233e53520c26de5d6f6f0\",\"name\":\"Reda\u00e7\u00e3o Portal MF\",\"image\":{\"@type\":\"ImageObject\",\"inLanguage\":\"pt-BR\",\"@id\":\"https:\/\/portalmf.com.br\/#\/schema\/person\/image\/\",\"url\":\"https:\/\/secure.gravatar.com\/avatar\/41b9aaeb2100835f7c64362330f74c7f?s=96&d=mm&r=g\",\"contentUrl\":\"https:\/\/secure.gravatar.com\/avatar\/41b9aaeb2100835f7c64362330f74c7f?s=96&d=mm&r=g\",\"caption\":\"Reda\u00e7\u00e3o Portal MF\"},\"description\":\"Sejam bem-vindos o portal de informa\u00e7\u00f5es de entretenimento de Feira de Santana, desde 2006 realiza coberturas dos principais eventos com entrevistas exclusivas com as principais personalidades mundiais. Fique conectado tamb\u00e9m nas redes sociais.\",\"sameAs\":[\"http:\/\/www.portalmf.com.br\/\",\"https:\/\/www.facebook.com\/portalmfoficial\",\"https:\/\/www.instagram.com\/portalmf\/\",\"https:\/\/x.com\/https:\/\/x.com\/portalmfoficial\",\"https:\/\/www.youtube.com\/@portalmfoficial\"],\"url\":\"https:\/\/portalmf.com.br\/index.php\/author\/junior\/\"}]}<\/script>\n<!-- \/ Yoast SEO plugin. -->","yoast_head_json":{"title":"Danniel Vieira arrasta multid\u00e3o no Furdun\u00e7o e celebra mais uma edi\u00e7\u00e3o hist\u00f3rica da festa - Portal MF","robots":{"index":"index","follow":"follow","max-snippet":"max-snippet:-1","max-image-preview":"max-image-preview:large","max-video-preview":"max-video-preview:-1"},"canonical":"https:\/\/portalmf.com.br\/index.php\/2026\/02\/08\/danniel-vieira-arrasta-multidao-no-furdunco-e-celebra-mais-uma-edicao-historica-da-festa\/","og_locale":"pt_BR","og_type":"article","og_title":"Danniel Vieira arrasta multid\u00e3o no Furdun\u00e7o e celebra mais uma edi\u00e7\u00e3o hist\u00f3rica da festa - Portal MF","og_description":"O cantor Danniel Vieira foi um dos grandes destaques do Furdun\u00e7o, neste s\u00e1bado (07), em Salvador. Em um show eletrizante, o artista comandou o pranch\u00e3o e arrastou uma verdadeira multid\u00e3o pelo circuito Orlando Tapaj\u00f3s, de Ondina at\u00e9 a Barra, em mais uma edi\u00e7\u00e3o marcada por sucesso absoluto e muita conex\u00e3o com o povo. Com carisma [&hellip;]","og_url":"https:\/\/portalmf.com.br\/index.php\/2026\/02\/08\/danniel-vieira-arrasta-multidao-no-furdunco-e-celebra-mais-uma-edicao-historica-da-festa\/","og_site_name":"Portal MF","article_author":"https:\/\/www.facebook.com\/portalmfoficial","article_published_time":"2026-02-08T17:26:15+00:00","article_modified_time":"2026-02-08T17:26:17+00:00","og_image":[{"width":1600,"height":1066,"url":"https:\/\/portalmf.com.br\/wp-content\/uploads\/2026\/02\/Danniel-Vieira-arrasta-multidao-no-Furdunco-e-celebra-mais-uma-edicao-historica-da-festa-1.jpeg","type":"image\/jpeg"}],"author":"Reda\u00e7\u00e3o Portal MF","twitter_card":"summary_large_image","twitter_creator":"@https:\/\/x.com\/portalmfoficial","twitter_misc":{"Escrito por":"Reda\u00e7\u00e3o Portal MF","Est. tempo de leitura":"3 minutos"},"schema":{"@context":"https:\/\/schema.org","@graph":[{"@type":"WebPage","@id":"https:\/\/portalmf.com.br\/index.php\/2026\/02\/08\/danniel-vieira-arrasta-multidao-no-furdunco-e-celebra-mais-uma-edicao-historica-da-festa\/","url":"https:\/\/portalmf.com.br\/index.php\/2026\/02\/08\/danniel-vieira-arrasta-multidao-no-furdunco-e-celebra-mais-uma-edicao-historica-da-festa\/","name":"Danniel Vieira arrasta multid\u00e3o no Furdun\u00e7o e celebra mais uma edi\u00e7\u00e3o hist\u00f3rica da festa - Portal MF","isPartOf":{"@id":"https:\/\/portalmf.com.br\/#website"},"primaryImageOfPage":{"@id":"https:\/\/portalmf.com.br\/index.php\/2026\/02\/08\/danniel-vieira-arrasta-multidao-no-furdunco-e-celebra-mais-uma-edicao-historica-da-festa\/#primaryimage"},"image":{"@id":"https:\/\/portalmf.com.br\/index.php\/2026\/02\/08\/danniel-vieira-arrasta-multidao-no-furdunco-e-celebra-mais-uma-edicao-historica-da-festa\/#primaryimage"},"thumbnailUrl":"https:\/\/portalmf.com.br\/wp-content\/uploads\/2026\/02\/Danniel-Vieira-arrasta-multidao-no-Furdunco-e-celebra-mais-uma-edicao-historica-da-festa-1.jpeg","datePublished":"2026-02-08T17:26:15+00:00","dateModified":"2026-02-08T17:26:17+00:00","author":{"@id":"https:\/\/portalmf.com.br\/#\/schema\/person\/9ec101baf56233e53520c26de5d6f6f0"},"breadcrumb":{"@id":"https:\/\/portalmf.com.br\/index.php\/2026\/02\/08\/danniel-vieira-arrasta-multidao-no-furdunco-e-celebra-mais-uma-edicao-historica-da-festa\/#breadcrumb"},"inLanguage":"pt-BR","potentialAction":[{"@type":"ReadAction","target":["https:\/\/portalmf.com.br\/index.php\/2026\/02\/08\/danniel-vieira-arrasta-multidao-no-furdunco-e-celebra-mais-uma-edicao-historica-da-festa\/"]}]},{"@type":"ImageObject","inLanguage":"pt-BR","@id":"https:\/\/portalmf.com.br\/index.php\/2026\/02\/08\/danniel-vieira-arrasta-multidao-no-furdunco-e-celebra-mais-uma-edicao-historica-da-festa\/#primaryimage","url":"https:\/\/portalmf.com.br\/wp-content\/uploads\/2026\/02\/Danniel-Vieira-arrasta-multidao-no-Furdunco-e-celebra-mais-uma-edicao-historica-da-festa-1.jpeg","contentUrl":"https:\/\/portalmf.com.br\/wp-content\/uploads\/2026\/02\/Danniel-Vieira-arrasta-multidao-no-Furdunco-e-celebra-mais-uma-edicao-historica-da-festa-1.jpeg","width":1600,"height":1066},{"@type":"BreadcrumbList","@id":"https:\/\/portalmf.com.br\/index.php\/2026\/02\/08\/danniel-vieira-arrasta-multidao-no-furdunco-e-celebra-mais-uma-edicao-historica-da-festa\/#breadcrumb","itemListElement":[{"@type":"ListItem","position":1,"name":"In\u00edcio","item":"https:\/\/portalmf.com.br\/"},{"@type":"ListItem","position":2,"name":"Danniel Vieira arrasta multid\u00e3o no Furdun\u00e7o e celebra mais uma edi\u00e7\u00e3o hist\u00f3rica da festa"}]},{"@type":"WebSite","@id":"https:\/\/portalmf.com.br\/#website","url":"https:\/\/portalmf.com.br\/","name":"Portal MF","description":"Voc\u00ea conectado com a informa\u00e7\u00e3o","potentialAction":[{"@type":"SearchAction","target":{"@type":"EntryPoint","urlTemplate":"https:\/\/portalmf.com.br\/?s={search_term_string}"},"query-input":"required name=search_term_string"}],"inLanguage":"pt-BR"},{"@type":"Person","@id":"https:\/\/portalmf.com.br\/#\/schema\/person\/9ec101baf56233e53520c26de5d6f6f0","name":"Reda\u00e7\u00e3o Portal MF","image":{"@type":"ImageObject","inLanguage":"pt-BR","@id":"https:\/\/portalmf.com.br\/#\/schema\/person\/image\/","url":"https:\/\/secure.gravatar.com\/avatar\/41b9aaeb2100835f7c64362330f74c7f?s=96&d=mm&r=g","contentUrl":"https:\/\/secure.gravatar.com\/avatar\/41b9aaeb2100835f7c64362330f74c7f?s=96&d=mm&r=g","caption":"Reda\u00e7\u00e3o Portal MF"},"description":"Sejam bem-vindos o portal de informa\u00e7\u00f5es de entretenimento de Feira de Santana, desde 2006 realiza coberturas dos principais eventos com entrevistas exclusivas com as principais personalidades mundiais. Fique conectado tamb\u00e9m nas redes sociais.","sameAs":["http:\/\/www.portalmf.com.br\/","https:\/\/www.facebook.com\/portalmfoficial","https:\/\/www.instagram.com\/portalmf\/","https:\/\/x.com\/https:\/\/x.com\/portalmfoficial","https:\/\/www.youtube.com\/@portalmfoficial"],"url":"https:\/\/portalmf.com.br\/index.php\/author\/junior\/"}]}},"_links":{"self":[{"href":"https:\/\/portalmf.com.br\/index.php\/wp-json\/wp\/v2\/posts\/41798"}],"collection":[{"href":"https:\/\/portalmf.com.br\/index.php\/wp-json\/wp\/v2\/posts"}],"about":[{"href":"https:\/\/portalmf.com.br\/index.php\/wp-json\/wp\/v2\/types\/post"}],"author":[{"embeddable":true,"href":"https:\/\/portalmf.com.br\/index.php\/wp-json\/wp\/v2\/users\/3"}],"replies":[{"embeddable":true,"href":"https:\/\/portalmf.com.br\/index.php\/wp-json\/wp\/v2\/comments?post=41798"}],"version-history":[{"count":1,"href":"https:\/\/portalmf.com.br\/index.php\/wp-json\/wp\/v2\/posts\/41798\/revisions"}],"predecessor-version":[{"id":41803,"href":"https:\/\/portalmf.com.br\/index.php\/wp-json\/wp\/v2\/posts\/41798\/revisions\/41803"}],"wp:featuredmedia":[{"embeddable":true,"href":"https:\/\/portalmf.com.br\/index.php\/wp-json\/wp\/v2\/media\/41799"}],"wp:attachment":[{"href":"https:\/\/portalmf.com.br\/index.php\/wp-json\/wp\/v2\/media?parent=41798"}],"wp:term":[{"taxonomy":"category","embeddable":true,"href":"https:\/\/portalmf.com.br\/index.php\/wp-json\/wp\/v2\/categories?post=41798"},{"taxonomy":"post_tag","embeddable":true,"href":"https:\/\/portalmf.com.br\/index.php\/wp-json\/wp\/v2\/tags?post=41798"}],"curies":[{"name":"wp","href":"https:\/\/api.w.org\/{rel}","templated":true}]}}