{"id":41787,"date":"2026-02-07T09:56:45","date_gmt":"2026-02-07T12:56:45","guid":{"rendered":"https:\/\/portalmf.com.br\/?p=41787"},"modified":"2026-02-07T09:56:46","modified_gmt":"2026-02-07T12:56:46","slug":"leo-santana-divulga-agenda-do-carnaval-2026","status":"publish","type":"post","link":"https:\/\/portalmf.com.br\/index.php\/2026\/02\/07\/leo-santana-divulga-agenda-do-carnaval-2026\/","title":{"rendered":"L\u00e9o Santana divulga agenda do Carnaval 2026"},"content":{"rendered":"\n<p>O GG est\u00e1 sempre fazendo a diferen\u00e7a, dando destaque para a um repert\u00f3rio atualizado e impressionando os foli\u00f5es com seu tema de carnaval. L\u00e9o Santana preza sempre pela beleza e inova\u00e7\u00e3o atrav\u00e9s do que h\u00e1 de mais moderno na tecnologia, seja pela qualidade de som, efeitos especiais, cenografia e figurinos.<\/p>\n\n\n\n<p>O cantor promete encantar a todos nos seus desfiles pelas ruas do carnaval de Salvador com o tema \u201cBrasileiraGGem\u201d, onde ele vai celebrar o Brasil, passando pelas belezas naturais, a riqueza cultural, a fauna, flora, a dan\u00e7a, a moda e as paix\u00f5es dos brasileiros como o futebol, um bom boteco, uma cerveja gelada e \u00e9 claro com muita m\u00fasica e muito pagod\u00e3o.<\/p>\n\n\n\n<p><em>\u201cEsse tema traz a verdadeira ess\u00eancia do que sou e do que me representa. Trago no sangue e na pele a mistura do que o pa\u00eds inventou, nasci e me criei em comunidade, trago o som da rua, trago o paggod\u00e3o, trago a Bahia, trago o Brasil e o orgulho e a paix\u00e3o de ser brasileiro e de tudo de bom que o meu pa\u00eds tem a oferecer. E sendo fruto de tudo isso, n\u00e3o tinha como ser diferente e \u00e9 essa mistura que eu vou levar para o tema do meu carnaval, a BrasileiraGGEm!\u201d,<\/em> pontua L\u00e9o Santana.<\/p>\n\n\n\n<p>Com um repert\u00f3rio repleto de hits, incluindo as suas duas apostas \u00e0 m\u00fasica do carnaval: \u2018Marquinha de Fitinha (Canudinho)\u2019 e \u2018Desliza\u2019, L\u00e9o promete, atrav\u00e9s da \u2018BrasileiraGGem\u2019, sacudir baianos e turistas do pa\u00eds e do mundo no carnaval de Salvador e levar ao del\u00edrio a galera que for curtir atr\u00e1s do Bloco Vem Com o Gigante\/Nana, na pipoca ou no arrast\u00e3o, e garante que ser\u00e1 o melhor carnaval da vida de todos os foli\u00f5es!<\/p>\n\n\n\n<p>A dire\u00e7\u00e3o de cria\u00e7\u00e3o do tema e do projeto \u00e9 de L\u00e9o Santana e sua equipe de marketing, e o projeto cenogr\u00e1fico \u00e9 assinado pela Uranus 2 e por Dexter.<\/p>\n\n\n\n<p>Preparados para acompanhar a maratona de shows do cantor, que come\u00e7a dia 10 no PIPOCO em Salvador, passa por passa por S\u00e3o Paulo, Rio de Janeiro, Minas Gerais, Cear\u00e1 e Pernambuco, e s\u00f3 acaba no dia 22\/02 no p\u00f3s carnaval de S\u00e3o Paulo, no Bloco Vem com o Gigante? Let\u2019s go?!<\/p>\n\n\n\n<p><strong>Confira a agenda de carnaval do GG:<\/strong><\/p>\n\n\n\n<p>&#8211; 10.02 &#8211; Salvador\/BA (Ondina\/Barra) &#8211; Pipoco<br>&#8211; 12.02 &#8211; Salvador\/BA (Barra\/Ondina) &#8211; Pipoca do GG<br>&#8211; 12.02 &#8211; Salvador\/BA &#8211; Camarote Brahma<br>&#8211; 13.02 &#8211; Salvador\/BA (Barra\/Ondina) &#8211; Bloco Vem Com o Gigante \/ Nana<br>&#8211; 13.02 &#8211; Salvador\/BA &#8211; Camarote Salvador<br>&#8211; 14.02 &#8211; Salvador\/BA (Barra\/Ondina) &#8211; Bloco Vem Com o Gigante \/Nana<br>&#8211; 14.02 &#8211; Salvador\/BA &#8211; Camarote Villa<br>&#8211; 15.02 &#8211; Votuporanga\/SP \u2013 OBA<br>&#8211; 15.02 &#8211; Santa Rita do Sapuca\u00ed\/MG &#8211; Bloco do Urso<br>&#8211; 16.02 &#8211; Acarati\/CE &#8211; Carnaval de Acarati<br>&#8211; 16.02 &#8211; Recife\/PE \u2013 Carvalheira na Ladeira<br>&#8211; 17.02 &#8211; Salvador\/BA (Campo Grande) &#8211; Pipoca do GG<br>&#8211; 17.02 &#8211; Salvador\/BA (Barra\/Ondina) &#8211; Arrast\u00e3o do Gigante<br>&#8211; 17.02 &#8211; Salvador\/BA &#8211; Camarote Club<\/p>\n\n\n\n<p><strong>P\u00f3s carnaval:<\/strong><\/p>\n\n\n\n<p>&#8211; 21.02 &#8211; Rio de Janeiro\/RJ &#8211; Camarote Aura<br>&#8211; 22.02 &#8211; S\u00e3o Paulo\/SP (Circuito Ibirapuera) &#8211; Bloco Vem com O Gigante<\/p>\n","protected":false},"excerpt":{"rendered":"<p>O GG est\u00e1 sempre fazendo a diferen\u00e7a, dando destaque para a um repert\u00f3rio atualizado e impressionando os foli\u00f5es com seu tema de carnaval. L\u00e9o Santana preza sempre pela beleza e inova\u00e7\u00e3o atrav\u00e9s do que h\u00e1 de mais moderno na tecnologia, seja pela qualidade de som, efeitos especiais, cenografia e figurinos. O cantor promete encantar a [&hellip;]<\/p>\n","protected":false},"author":3,"featured_media":41788,"comment_status":"open","ping_status":"open","sticky":false,"template":"","format":"standard","meta":{"_monsterinsights_skip_tracking":false,"_monsterinsights_sitenote_active":false,"_monsterinsights_sitenote_note":"","_monsterinsights_sitenote_category":0,"footnotes":""},"categories":[44,48],"tags":[],"yoast_head":"<!-- This site is optimized with the Yoast SEO plugin v22.9 - https:\/\/yoast.com\/wordpress\/plugins\/seo\/ -->\n<title>L\u00e9o Santana divulga agenda do Carnaval 2026 - Portal MF<\/title>\n<meta name=\"robots\" content=\"index, follow, max-snippet:-1, max-image-preview:large, max-video-preview:-1\" \/>\n<link rel=\"canonical\" href=\"https:\/\/portalmf.com.br\/index.php\/2026\/02\/07\/leo-santana-divulga-agenda-do-carnaval-2026\/\" \/>\n<meta property=\"og:locale\" content=\"pt_BR\" \/>\n<meta property=\"og:type\" content=\"article\" \/>\n<meta property=\"og:title\" content=\"L\u00e9o Santana divulga agenda do Carnaval 2026 - Portal MF\" \/>\n<meta property=\"og:description\" content=\"O GG est\u00e1 sempre fazendo a diferen\u00e7a, dando destaque para a um repert\u00f3rio atualizado e impressionando os foli\u00f5es com seu tema de carnaval. L\u00e9o Santana preza sempre pela beleza e inova\u00e7\u00e3o atrav\u00e9s do que h\u00e1 de mais moderno na tecnologia, seja pela qualidade de som, efeitos especiais, cenografia e figurinos. O cantor promete encantar a [&hellip;]\" \/>\n<meta property=\"og:url\" content=\"https:\/\/portalmf.com.br\/index.php\/2026\/02\/07\/leo-santana-divulga-agenda-do-carnaval-2026\/\" \/>\n<meta property=\"og:site_name\" content=\"Portal MF\" \/>\n<meta property=\"article:author\" content=\"https:\/\/www.facebook.com\/portalmfoficial\" \/>\n<meta property=\"article:published_time\" content=\"2026-02-07T12:56:45+00:00\" \/>\n<meta property=\"article:modified_time\" content=\"2026-02-07T12:56:46+00:00\" \/>\n<meta property=\"og:image\" content=\"https:\/\/portalmf.com.br\/wp-content\/uploads\/2026\/02\/Leo-Santana-divulga-agenda-do-Carnaval-2026_2-e1770468993966.jpg\" \/>\n\t<meta property=\"og:image:width\" content=\"1597\" \/>\n\t<meta property=\"og:image:height\" content=\"1117\" \/>\n\t<meta property=\"og:image:type\" content=\"image\/jpeg\" \/>\n<meta name=\"author\" content=\"Reda\u00e7\u00e3o Portal MF\" \/>\n<meta name=\"twitter:card\" content=\"summary_large_image\" \/>\n<meta name=\"twitter:creator\" content=\"@https:\/\/x.com\/portalmfoficial\" \/>\n<meta name=\"twitter:label1\" content=\"Escrito por\" \/>\n\t<meta name=\"twitter:data1\" content=\"Reda\u00e7\u00e3o Portal MF\" \/>\n\t<meta name=\"twitter:label2\" content=\"Est. tempo de leitura\" \/>\n\t<meta name=\"twitter:data2\" content=\"3 minutos\" \/>\n<script type=\"application\/ld+json\" class=\"yoast-schema-graph\">{\"@context\":\"https:\/\/schema.org\",\"@graph\":[{\"@type\":\"WebPage\",\"@id\":\"https:\/\/portalmf.com.br\/index.php\/2026\/02\/07\/leo-santana-divulga-agenda-do-carnaval-2026\/\",\"url\":\"https:\/\/portalmf.com.br\/index.php\/2026\/02\/07\/leo-santana-divulga-agenda-do-carnaval-2026\/\",\"name\":\"L\u00e9o Santana divulga agenda do Carnaval 2026 - Portal MF\",\"isPartOf\":{\"@id\":\"https:\/\/portalmf.com.br\/#website\"},\"primaryImageOfPage\":{\"@id\":\"https:\/\/portalmf.com.br\/index.php\/2026\/02\/07\/leo-santana-divulga-agenda-do-carnaval-2026\/#primaryimage\"},\"image\":{\"@id\":\"https:\/\/portalmf.com.br\/index.php\/2026\/02\/07\/leo-santana-divulga-agenda-do-carnaval-2026\/#primaryimage\"},\"thumbnailUrl\":\"https:\/\/portalmf.com.br\/wp-content\/uploads\/2026\/02\/Leo-Santana-divulga-agenda-do-Carnaval-2026_2-e1770468993966.jpg\",\"datePublished\":\"2026-02-07T12:56:45+00:00\",\"dateModified\":\"2026-02-07T12:56:46+00:00\",\"author\":{\"@id\":\"https:\/\/portalmf.com.br\/#\/schema\/person\/9ec101baf56233e53520c26de5d6f6f0\"},\"breadcrumb\":{\"@id\":\"https:\/\/portalmf.com.br\/index.php\/2026\/02\/07\/leo-santana-divulga-agenda-do-carnaval-2026\/#breadcrumb\"},\"inLanguage\":\"pt-BR\",\"potentialAction\":[{\"@type\":\"ReadAction\",\"target\":[\"https:\/\/portalmf.com.br\/index.php\/2026\/02\/07\/leo-santana-divulga-agenda-do-carnaval-2026\/\"]}]},{\"@type\":\"ImageObject\",\"inLanguage\":\"pt-BR\",\"@id\":\"https:\/\/portalmf.com.br\/index.php\/2026\/02\/07\/leo-santana-divulga-agenda-do-carnaval-2026\/#primaryimage\",\"url\":\"https:\/\/portalmf.com.br\/wp-content\/uploads\/2026\/02\/Leo-Santana-divulga-agenda-do-Carnaval-2026_2-e1770468993966.jpg\",\"contentUrl\":\"https:\/\/portalmf.com.br\/wp-content\/uploads\/2026\/02\/Leo-Santana-divulga-agenda-do-Carnaval-2026_2-e1770468993966.jpg\",\"width\":1597,\"height\":1117},{\"@type\":\"BreadcrumbList\",\"@id\":\"https:\/\/portalmf.com.br\/index.php\/2026\/02\/07\/leo-santana-divulga-agenda-do-carnaval-2026\/#breadcrumb\",\"itemListElement\":[{\"@type\":\"ListItem\",\"position\":1,\"name\":\"In\u00edcio\",\"item\":\"https:\/\/portalmf.com.br\/\"},{\"@type\":\"ListItem\",\"position\":2,\"name\":\"L\u00e9o Santana divulga agenda do Carnaval 2026\"}]},{\"@type\":\"WebSite\",\"@id\":\"https:\/\/portalmf.com.br\/#website\",\"url\":\"https:\/\/portalmf.com.br\/\",\"name\":\"Portal MF\",\"description\":\"Voc\u00ea conectado com a informa\u00e7\u00e3o\",\"potentialAction\":[{\"@type\":\"SearchAction\",\"target\":{\"@type\":\"EntryPoint\",\"urlTemplate\":\"https:\/\/portalmf.com.br\/?s={search_term_string}\"},\"query-input\":\"required name=search_term_string\"}],\"inLanguage\":\"pt-BR\"},{\"@type\":\"Person\",\"@id\":\"https:\/\/portalmf.com.br\/#\/schema\/person\/9ec101baf56233e53520c26de5d6f6f0\",\"name\":\"Reda\u00e7\u00e3o Portal MF\",\"image\":{\"@type\":\"ImageObject\",\"inLanguage\":\"pt-BR\",\"@id\":\"https:\/\/portalmf.com.br\/#\/schema\/person\/image\/\",\"url\":\"https:\/\/secure.gravatar.com\/avatar\/41b9aaeb2100835f7c64362330f74c7f?s=96&d=mm&r=g\",\"contentUrl\":\"https:\/\/secure.gravatar.com\/avatar\/41b9aaeb2100835f7c64362330f74c7f?s=96&d=mm&r=g\",\"caption\":\"Reda\u00e7\u00e3o Portal MF\"},\"description\":\"Sejam bem-vindos o portal de informa\u00e7\u00f5es de entretenimento de Feira de Santana, desde 2006 realiza coberturas dos principais eventos com entrevistas exclusivas com as principais personalidades mundiais. Fique conectado tamb\u00e9m nas redes sociais.\",\"sameAs\":[\"http:\/\/www.portalmf.com.br\/\",\"https:\/\/www.facebook.com\/portalmfoficial\",\"https:\/\/www.instagram.com\/portalmf\/\",\"https:\/\/x.com\/https:\/\/x.com\/portalmfoficial\",\"https:\/\/www.youtube.com\/@portalmfoficial\"],\"url\":\"https:\/\/portalmf.com.br\/index.php\/author\/junior\/\"}]}<\/script>\n<!-- \/ Yoast SEO plugin. -->","yoast_head_json":{"title":"L\u00e9o Santana divulga agenda do Carnaval 2026 - Portal MF","robots":{"index":"index","follow":"follow","max-snippet":"max-snippet:-1","max-image-preview":"max-image-preview:large","max-video-preview":"max-video-preview:-1"},"canonical":"https:\/\/portalmf.com.br\/index.php\/2026\/02\/07\/leo-santana-divulga-agenda-do-carnaval-2026\/","og_locale":"pt_BR","og_type":"article","og_title":"L\u00e9o Santana divulga agenda do Carnaval 2026 - Portal MF","og_description":"O GG est\u00e1 sempre fazendo a diferen\u00e7a, dando destaque para a um repert\u00f3rio atualizado e impressionando os foli\u00f5es com seu tema de carnaval. L\u00e9o Santana preza sempre pela beleza e inova\u00e7\u00e3o atrav\u00e9s do que h\u00e1 de mais moderno na tecnologia, seja pela qualidade de som, efeitos especiais, cenografia e figurinos. O cantor promete encantar a [&hellip;]","og_url":"https:\/\/portalmf.com.br\/index.php\/2026\/02\/07\/leo-santana-divulga-agenda-do-carnaval-2026\/","og_site_name":"Portal MF","article_author":"https:\/\/www.facebook.com\/portalmfoficial","article_published_time":"2026-02-07T12:56:45+00:00","article_modified_time":"2026-02-07T12:56:46+00:00","og_image":[{"width":1597,"height":1117,"url":"https:\/\/portalmf.com.br\/wp-content\/uploads\/2026\/02\/Leo-Santana-divulga-agenda-do-Carnaval-2026_2-e1770468993966.jpg","type":"image\/jpeg"}],"author":"Reda\u00e7\u00e3o Portal MF","twitter_card":"summary_large_image","twitter_creator":"@https:\/\/x.com\/portalmfoficial","twitter_misc":{"Escrito por":"Reda\u00e7\u00e3o Portal MF","Est. tempo de leitura":"3 minutos"},"schema":{"@context":"https:\/\/schema.org","@graph":[{"@type":"WebPage","@id":"https:\/\/portalmf.com.br\/index.php\/2026\/02\/07\/leo-santana-divulga-agenda-do-carnaval-2026\/","url":"https:\/\/portalmf.com.br\/index.php\/2026\/02\/07\/leo-santana-divulga-agenda-do-carnaval-2026\/","name":"L\u00e9o Santana divulga agenda do Carnaval 2026 - Portal MF","isPartOf":{"@id":"https:\/\/portalmf.com.br\/#website"},"primaryImageOfPage":{"@id":"https:\/\/portalmf.com.br\/index.php\/2026\/02\/07\/leo-santana-divulga-agenda-do-carnaval-2026\/#primaryimage"},"image":{"@id":"https:\/\/portalmf.com.br\/index.php\/2026\/02\/07\/leo-santana-divulga-agenda-do-carnaval-2026\/#primaryimage"},"thumbnailUrl":"https:\/\/portalmf.com.br\/wp-content\/uploads\/2026\/02\/Leo-Santana-divulga-agenda-do-Carnaval-2026_2-e1770468993966.jpg","datePublished":"2026-02-07T12:56:45+00:00","dateModified":"2026-02-07T12:56:46+00:00","author":{"@id":"https:\/\/portalmf.com.br\/#\/schema\/person\/9ec101baf56233e53520c26de5d6f6f0"},"breadcrumb":{"@id":"https:\/\/portalmf.com.br\/index.php\/2026\/02\/07\/leo-santana-divulga-agenda-do-carnaval-2026\/#breadcrumb"},"inLanguage":"pt-BR","potentialAction":[{"@type":"ReadAction","target":["https:\/\/portalmf.com.br\/index.php\/2026\/02\/07\/leo-santana-divulga-agenda-do-carnaval-2026\/"]}]},{"@type":"ImageObject","inLanguage":"pt-BR","@id":"https:\/\/portalmf.com.br\/index.php\/2026\/02\/07\/leo-santana-divulga-agenda-do-carnaval-2026\/#primaryimage","url":"https:\/\/portalmf.com.br\/wp-content\/uploads\/2026\/02\/Leo-Santana-divulga-agenda-do-Carnaval-2026_2-e1770468993966.jpg","contentUrl":"https:\/\/portalmf.com.br\/wp-content\/uploads\/2026\/02\/Leo-Santana-divulga-agenda-do-Carnaval-2026_2-e1770468993966.jpg","width":1597,"height":1117},{"@type":"BreadcrumbList","@id":"https:\/\/portalmf.com.br\/index.php\/2026\/02\/07\/leo-santana-divulga-agenda-do-carnaval-2026\/#breadcrumb","itemListElement":[{"@type":"ListItem","position":1,"name":"In\u00edcio","item":"https:\/\/portalmf.com.br\/"},{"@type":"ListItem","position":2,"name":"L\u00e9o Santana divulga agenda do Carnaval 2026"}]},{"@type":"WebSite","@id":"https:\/\/portalmf.com.br\/#website","url":"https:\/\/portalmf.com.br\/","name":"Portal MF","description":"Voc\u00ea conectado com a informa\u00e7\u00e3o","potentialAction":[{"@type":"SearchAction","target":{"@type":"EntryPoint","urlTemplate":"https:\/\/portalmf.com.br\/?s={search_term_string}"},"query-input":"required name=search_term_string"}],"inLanguage":"pt-BR"},{"@type":"Person","@id":"https:\/\/portalmf.com.br\/#\/schema\/person\/9ec101baf56233e53520c26de5d6f6f0","name":"Reda\u00e7\u00e3o Portal MF","image":{"@type":"ImageObject","inLanguage":"pt-BR","@id":"https:\/\/portalmf.com.br\/#\/schema\/person\/image\/","url":"https:\/\/secure.gravatar.com\/avatar\/41b9aaeb2100835f7c64362330f74c7f?s=96&d=mm&r=g","contentUrl":"https:\/\/secure.gravatar.com\/avatar\/41b9aaeb2100835f7c64362330f74c7f?s=96&d=mm&r=g","caption":"Reda\u00e7\u00e3o Portal MF"},"description":"Sejam bem-vindos o portal de informa\u00e7\u00f5es de entretenimento de Feira de Santana, desde 2006 realiza coberturas dos principais eventos com entrevistas exclusivas com as principais personalidades mundiais. Fique conectado tamb\u00e9m nas redes sociais.","sameAs":["http:\/\/www.portalmf.com.br\/","https:\/\/www.facebook.com\/portalmfoficial","https:\/\/www.instagram.com\/portalmf\/","https:\/\/x.com\/https:\/\/x.com\/portalmfoficial","https:\/\/www.youtube.com\/@portalmfoficial"],"url":"https:\/\/portalmf.com.br\/index.php\/author\/junior\/"}]}},"_links":{"self":[{"href":"https:\/\/portalmf.com.br\/index.php\/wp-json\/wp\/v2\/posts\/41787"}],"collection":[{"href":"https:\/\/portalmf.com.br\/index.php\/wp-json\/wp\/v2\/posts"}],"about":[{"href":"https:\/\/portalmf.com.br\/index.php\/wp-json\/wp\/v2\/types\/post"}],"author":[{"embeddable":true,"href":"https:\/\/portalmf.com.br\/index.php\/wp-json\/wp\/v2\/users\/3"}],"replies":[{"embeddable":true,"href":"https:\/\/portalmf.com.br\/index.php\/wp-json\/wp\/v2\/comments?post=41787"}],"version-history":[{"count":1,"href":"https:\/\/portalmf.com.br\/index.php\/wp-json\/wp\/v2\/posts\/41787\/revisions"}],"predecessor-version":[{"id":41789,"href":"https:\/\/portalmf.com.br\/index.php\/wp-json\/wp\/v2\/posts\/41787\/revisions\/41789"}],"wp:featuredmedia":[{"embeddable":true,"href":"https:\/\/portalmf.com.br\/index.php\/wp-json\/wp\/v2\/media\/41788"}],"wp:attachment":[{"href":"https:\/\/portalmf.com.br\/index.php\/wp-json\/wp\/v2\/media?parent=41787"}],"wp:term":[{"taxonomy":"category","embeddable":true,"href":"https:\/\/portalmf.com.br\/index.php\/wp-json\/wp\/v2\/categories?post=41787"},{"taxonomy":"post_tag","embeddable":true,"href":"https:\/\/portalmf.com.br\/index.php\/wp-json\/wp\/v2\/tags?post=41787"}],"curies":[{"name":"wp","href":"https:\/\/api.w.org\/{rel}","templated":true}]}}