{"id":41718,"date":"2026-02-05T08:39:19","date_gmt":"2026-02-05T11:39:19","guid":{"rendered":"https:\/\/portalmf.com.br\/?p=41718"},"modified":"2026-02-05T08:39:21","modified_gmt":"2026-02-05T11:39:21","slug":"prefeitura-decreta-ponto-facultativo-durante-o-carnaval","status":"publish","type":"post","link":"https:\/\/portalmf.com.br\/index.php\/2026\/02\/05\/prefeitura-decreta-ponto-facultativo-durante-o-carnaval\/","title":{"rendered":"Prefeitura decreta ponto facultativo durante o Carnaval"},"content":{"rendered":"\n<p>A Prefeitura de Feira de Santana publicou, no Di\u00e1rio Oficial Eletr\u00f4nico do Munic\u00edpio, o Decreto n\u00ba 14.354, de 03 de fevereiro de 2026, que estabelece ponto facultativo nas reparti\u00e7\u00f5es p\u00fablicas municipais durante o per\u00edodo do Carnaval.<\/p>\n\n\n\n<p>De acordo com o decreto, assinado pelo prefeito Jos\u00e9 Ronaldo de Carvalho, ser\u00e1 considerado facultativo o expediente nos \u00f3rg\u00e3os da administra\u00e7\u00e3o p\u00fablica municipal, que n\u00e3o funcionam em regime de plant\u00e3o e n\u00e3o prestam servi\u00e7os essenciais \u00e0 popula\u00e7\u00e3o, nos dias 16 e 17 de fevereiro de 2026, correspondentes \u00e0 segunda e ter\u00e7a-feira de Carnaval.<\/p>\n\n\n\n<p>Ainda conforme o documento, na quarta-feira (18 de fevereiro), o expediente nas reparti\u00e7\u00f5es p\u00fablicas municipais ser\u00e1 retomado a partir das 14h, mantendo-se o funcionamento normal dos servi\u00e7os essenciais.<\/p>\n\n\n\n<p>A medida considera o car\u00e1ter nacional das festividades carnavalescas e tem como objetivo organizar o funcionamento da administra\u00e7\u00e3o p\u00fablica municipal durante o per\u00edodo, garantindo o atendimento \u00e0 popula\u00e7\u00e3o nos servi\u00e7os indispens\u00e1veis.<\/p>\n","protected":false},"excerpt":{"rendered":"<p>A Prefeitura de Feira de Santana publicou, no Di\u00e1rio Oficial Eletr\u00f4nico do Munic\u00edpio, o Decreto n\u00ba 14.354, de 03 de fevereiro de 2026, que estabelece ponto facultativo nas reparti\u00e7\u00f5es p\u00fablicas municipais durante o per\u00edodo do Carnaval. De acordo com o decreto, assinado pelo prefeito Jos\u00e9 Ronaldo de Carvalho, ser\u00e1 considerado facultativo o expediente nos \u00f3rg\u00e3os [&hellip;]<\/p>\n","protected":false},"author":3,"featured_media":41719,"comment_status":"open","ping_status":"open","sticky":false,"template":"","format":"standard","meta":{"_monsterinsights_skip_tracking":false,"_monsterinsights_sitenote_active":false,"_monsterinsights_sitenote_note":"","_monsterinsights_sitenote_category":0,"footnotes":""},"categories":[44,47],"tags":[],"yoast_head":"<!-- This site is optimized with the Yoast SEO plugin v22.9 - https:\/\/yoast.com\/wordpress\/plugins\/seo\/ -->\n<title>Prefeitura decreta ponto facultativo durante o Carnaval - Portal MF<\/title>\n<meta name=\"robots\" content=\"index, follow, max-snippet:-1, max-image-preview:large, max-video-preview:-1\" \/>\n<link rel=\"canonical\" href=\"https:\/\/portalmf.com.br\/index.php\/2026\/02\/05\/prefeitura-decreta-ponto-facultativo-durante-o-carnaval\/\" \/>\n<meta property=\"og:locale\" content=\"pt_BR\" \/>\n<meta property=\"og:type\" content=\"article\" \/>\n<meta property=\"og:title\" content=\"Prefeitura decreta ponto facultativo durante o Carnaval - Portal MF\" \/>\n<meta property=\"og:description\" content=\"A Prefeitura de Feira de Santana publicou, no Di\u00e1rio Oficial Eletr\u00f4nico do Munic\u00edpio, o Decreto n\u00ba 14.354, de 03 de fevereiro de 2026, que estabelece ponto facultativo nas reparti\u00e7\u00f5es p\u00fablicas municipais durante o per\u00edodo do Carnaval. De acordo com o decreto, assinado pelo prefeito Jos\u00e9 Ronaldo de Carvalho, ser\u00e1 considerado facultativo o expediente nos \u00f3rg\u00e3os [&hellip;]\" \/>\n<meta property=\"og:url\" content=\"https:\/\/portalmf.com.br\/index.php\/2026\/02\/05\/prefeitura-decreta-ponto-facultativo-durante-o-carnaval\/\" \/>\n<meta property=\"og:site_name\" content=\"Portal MF\" \/>\n<meta property=\"article:author\" content=\"https:\/\/www.facebook.com\/portalmfoficial\" \/>\n<meta property=\"article:published_time\" content=\"2026-02-05T11:39:19+00:00\" \/>\n<meta property=\"article:modified_time\" content=\"2026-02-05T11:39:21+00:00\" \/>\n<meta property=\"og:image\" content=\"https:\/\/portalmf.com.br\/wp-content\/uploads\/2026\/02\/04022026073242.jpg\" \/>\n\t<meta property=\"og:image:width\" content=\"1306\" \/>\n\t<meta property=\"og:image:height\" content=\"752\" \/>\n\t<meta property=\"og:image:type\" content=\"image\/jpeg\" \/>\n<meta name=\"author\" content=\"Reda\u00e7\u00e3o Portal MF\" \/>\n<meta name=\"twitter:card\" content=\"summary_large_image\" \/>\n<meta name=\"twitter:creator\" content=\"@https:\/\/x.com\/portalmfoficial\" \/>\n<meta name=\"twitter:label1\" content=\"Escrito por\" \/>\n\t<meta name=\"twitter:data1\" content=\"Reda\u00e7\u00e3o Portal MF\" \/>\n\t<meta name=\"twitter:label2\" content=\"Est. tempo de leitura\" \/>\n\t<meta name=\"twitter:data2\" content=\"2 minutos\" \/>\n<script type=\"application\/ld+json\" class=\"yoast-schema-graph\">{\"@context\":\"https:\/\/schema.org\",\"@graph\":[{\"@type\":\"WebPage\",\"@id\":\"https:\/\/portalmf.com.br\/index.php\/2026\/02\/05\/prefeitura-decreta-ponto-facultativo-durante-o-carnaval\/\",\"url\":\"https:\/\/portalmf.com.br\/index.php\/2026\/02\/05\/prefeitura-decreta-ponto-facultativo-durante-o-carnaval\/\",\"name\":\"Prefeitura decreta ponto facultativo durante o Carnaval - Portal MF\",\"isPartOf\":{\"@id\":\"https:\/\/portalmf.com.br\/#website\"},\"primaryImageOfPage\":{\"@id\":\"https:\/\/portalmf.com.br\/index.php\/2026\/02\/05\/prefeitura-decreta-ponto-facultativo-durante-o-carnaval\/#primaryimage\"},\"image\":{\"@id\":\"https:\/\/portalmf.com.br\/index.php\/2026\/02\/05\/prefeitura-decreta-ponto-facultativo-durante-o-carnaval\/#primaryimage\"},\"thumbnailUrl\":\"https:\/\/portalmf.com.br\/wp-content\/uploads\/2026\/02\/04022026073242.jpg\",\"datePublished\":\"2026-02-05T11:39:19+00:00\",\"dateModified\":\"2026-02-05T11:39:21+00:00\",\"author\":{\"@id\":\"https:\/\/portalmf.com.br\/#\/schema\/person\/9ec101baf56233e53520c26de5d6f6f0\"},\"breadcrumb\":{\"@id\":\"https:\/\/portalmf.com.br\/index.php\/2026\/02\/05\/prefeitura-decreta-ponto-facultativo-durante-o-carnaval\/#breadcrumb\"},\"inLanguage\":\"pt-BR\",\"potentialAction\":[{\"@type\":\"ReadAction\",\"target\":[\"https:\/\/portalmf.com.br\/index.php\/2026\/02\/05\/prefeitura-decreta-ponto-facultativo-durante-o-carnaval\/\"]}]},{\"@type\":\"ImageObject\",\"inLanguage\":\"pt-BR\",\"@id\":\"https:\/\/portalmf.com.br\/index.php\/2026\/02\/05\/prefeitura-decreta-ponto-facultativo-durante-o-carnaval\/#primaryimage\",\"url\":\"https:\/\/portalmf.com.br\/wp-content\/uploads\/2026\/02\/04022026073242.jpg\",\"contentUrl\":\"https:\/\/portalmf.com.br\/wp-content\/uploads\/2026\/02\/04022026073242.jpg\",\"width\":1306,\"height\":752},{\"@type\":\"BreadcrumbList\",\"@id\":\"https:\/\/portalmf.com.br\/index.php\/2026\/02\/05\/prefeitura-decreta-ponto-facultativo-durante-o-carnaval\/#breadcrumb\",\"itemListElement\":[{\"@type\":\"ListItem\",\"position\":1,\"name\":\"In\u00edcio\",\"item\":\"https:\/\/portalmf.com.br\/\"},{\"@type\":\"ListItem\",\"position\":2,\"name\":\"Prefeitura decreta ponto facultativo durante o Carnaval\"}]},{\"@type\":\"WebSite\",\"@id\":\"https:\/\/portalmf.com.br\/#website\",\"url\":\"https:\/\/portalmf.com.br\/\",\"name\":\"Portal MF\",\"description\":\"Voc\u00ea conectado com a informa\u00e7\u00e3o\",\"potentialAction\":[{\"@type\":\"SearchAction\",\"target\":{\"@type\":\"EntryPoint\",\"urlTemplate\":\"https:\/\/portalmf.com.br\/?s={search_term_string}\"},\"query-input\":\"required name=search_term_string\"}],\"inLanguage\":\"pt-BR\"},{\"@type\":\"Person\",\"@id\":\"https:\/\/portalmf.com.br\/#\/schema\/person\/9ec101baf56233e53520c26de5d6f6f0\",\"name\":\"Reda\u00e7\u00e3o Portal MF\",\"image\":{\"@type\":\"ImageObject\",\"inLanguage\":\"pt-BR\",\"@id\":\"https:\/\/portalmf.com.br\/#\/schema\/person\/image\/\",\"url\":\"https:\/\/secure.gravatar.com\/avatar\/41b9aaeb2100835f7c64362330f74c7f?s=96&d=mm&r=g\",\"contentUrl\":\"https:\/\/secure.gravatar.com\/avatar\/41b9aaeb2100835f7c64362330f74c7f?s=96&d=mm&r=g\",\"caption\":\"Reda\u00e7\u00e3o Portal MF\"},\"description\":\"Sejam bem-vindos o portal de informa\u00e7\u00f5es de entretenimento de Feira de Santana, desde 2006 realiza coberturas dos principais eventos com entrevistas exclusivas com as principais personalidades mundiais. Fique conectado tamb\u00e9m nas redes sociais.\",\"sameAs\":[\"http:\/\/www.portalmf.com.br\/\",\"https:\/\/www.facebook.com\/portalmfoficial\",\"https:\/\/www.instagram.com\/portalmf\/\",\"https:\/\/x.com\/https:\/\/x.com\/portalmfoficial\",\"https:\/\/www.youtube.com\/@portalmfoficial\"],\"url\":\"https:\/\/portalmf.com.br\/index.php\/author\/junior\/\"}]}<\/script>\n<!-- \/ Yoast SEO plugin. -->","yoast_head_json":{"title":"Prefeitura decreta ponto facultativo durante o Carnaval - Portal MF","robots":{"index":"index","follow":"follow","max-snippet":"max-snippet:-1","max-image-preview":"max-image-preview:large","max-video-preview":"max-video-preview:-1"},"canonical":"https:\/\/portalmf.com.br\/index.php\/2026\/02\/05\/prefeitura-decreta-ponto-facultativo-durante-o-carnaval\/","og_locale":"pt_BR","og_type":"article","og_title":"Prefeitura decreta ponto facultativo durante o Carnaval - Portal MF","og_description":"A Prefeitura de Feira de Santana publicou, no Di\u00e1rio Oficial Eletr\u00f4nico do Munic\u00edpio, o Decreto n\u00ba 14.354, de 03 de fevereiro de 2026, que estabelece ponto facultativo nas reparti\u00e7\u00f5es p\u00fablicas municipais durante o per\u00edodo do Carnaval. De acordo com o decreto, assinado pelo prefeito Jos\u00e9 Ronaldo de Carvalho, ser\u00e1 considerado facultativo o expediente nos \u00f3rg\u00e3os [&hellip;]","og_url":"https:\/\/portalmf.com.br\/index.php\/2026\/02\/05\/prefeitura-decreta-ponto-facultativo-durante-o-carnaval\/","og_site_name":"Portal MF","article_author":"https:\/\/www.facebook.com\/portalmfoficial","article_published_time":"2026-02-05T11:39:19+00:00","article_modified_time":"2026-02-05T11:39:21+00:00","og_image":[{"width":1306,"height":752,"url":"https:\/\/portalmf.com.br\/wp-content\/uploads\/2026\/02\/04022026073242.jpg","type":"image\/jpeg"}],"author":"Reda\u00e7\u00e3o Portal MF","twitter_card":"summary_large_image","twitter_creator":"@https:\/\/x.com\/portalmfoficial","twitter_misc":{"Escrito por":"Reda\u00e7\u00e3o Portal MF","Est. tempo de leitura":"2 minutos"},"schema":{"@context":"https:\/\/schema.org","@graph":[{"@type":"WebPage","@id":"https:\/\/portalmf.com.br\/index.php\/2026\/02\/05\/prefeitura-decreta-ponto-facultativo-durante-o-carnaval\/","url":"https:\/\/portalmf.com.br\/index.php\/2026\/02\/05\/prefeitura-decreta-ponto-facultativo-durante-o-carnaval\/","name":"Prefeitura decreta ponto facultativo durante o Carnaval - Portal MF","isPartOf":{"@id":"https:\/\/portalmf.com.br\/#website"},"primaryImageOfPage":{"@id":"https:\/\/portalmf.com.br\/index.php\/2026\/02\/05\/prefeitura-decreta-ponto-facultativo-durante-o-carnaval\/#primaryimage"},"image":{"@id":"https:\/\/portalmf.com.br\/index.php\/2026\/02\/05\/prefeitura-decreta-ponto-facultativo-durante-o-carnaval\/#primaryimage"},"thumbnailUrl":"https:\/\/portalmf.com.br\/wp-content\/uploads\/2026\/02\/04022026073242.jpg","datePublished":"2026-02-05T11:39:19+00:00","dateModified":"2026-02-05T11:39:21+00:00","author":{"@id":"https:\/\/portalmf.com.br\/#\/schema\/person\/9ec101baf56233e53520c26de5d6f6f0"},"breadcrumb":{"@id":"https:\/\/portalmf.com.br\/index.php\/2026\/02\/05\/prefeitura-decreta-ponto-facultativo-durante-o-carnaval\/#breadcrumb"},"inLanguage":"pt-BR","potentialAction":[{"@type":"ReadAction","target":["https:\/\/portalmf.com.br\/index.php\/2026\/02\/05\/prefeitura-decreta-ponto-facultativo-durante-o-carnaval\/"]}]},{"@type":"ImageObject","inLanguage":"pt-BR","@id":"https:\/\/portalmf.com.br\/index.php\/2026\/02\/05\/prefeitura-decreta-ponto-facultativo-durante-o-carnaval\/#primaryimage","url":"https:\/\/portalmf.com.br\/wp-content\/uploads\/2026\/02\/04022026073242.jpg","contentUrl":"https:\/\/portalmf.com.br\/wp-content\/uploads\/2026\/02\/04022026073242.jpg","width":1306,"height":752},{"@type":"BreadcrumbList","@id":"https:\/\/portalmf.com.br\/index.php\/2026\/02\/05\/prefeitura-decreta-ponto-facultativo-durante-o-carnaval\/#breadcrumb","itemListElement":[{"@type":"ListItem","position":1,"name":"In\u00edcio","item":"https:\/\/portalmf.com.br\/"},{"@type":"ListItem","position":2,"name":"Prefeitura decreta ponto facultativo durante o Carnaval"}]},{"@type":"WebSite","@id":"https:\/\/portalmf.com.br\/#website","url":"https:\/\/portalmf.com.br\/","name":"Portal MF","description":"Voc\u00ea conectado com a informa\u00e7\u00e3o","potentialAction":[{"@type":"SearchAction","target":{"@type":"EntryPoint","urlTemplate":"https:\/\/portalmf.com.br\/?s={search_term_string}"},"query-input":"required name=search_term_string"}],"inLanguage":"pt-BR"},{"@type":"Person","@id":"https:\/\/portalmf.com.br\/#\/schema\/person\/9ec101baf56233e53520c26de5d6f6f0","name":"Reda\u00e7\u00e3o Portal MF","image":{"@type":"ImageObject","inLanguage":"pt-BR","@id":"https:\/\/portalmf.com.br\/#\/schema\/person\/image\/","url":"https:\/\/secure.gravatar.com\/avatar\/41b9aaeb2100835f7c64362330f74c7f?s=96&d=mm&r=g","contentUrl":"https:\/\/secure.gravatar.com\/avatar\/41b9aaeb2100835f7c64362330f74c7f?s=96&d=mm&r=g","caption":"Reda\u00e7\u00e3o Portal MF"},"description":"Sejam bem-vindos o portal de informa\u00e7\u00f5es de entretenimento de Feira de Santana, desde 2006 realiza coberturas dos principais eventos com entrevistas exclusivas com as principais personalidades mundiais. Fique conectado tamb\u00e9m nas redes sociais.","sameAs":["http:\/\/www.portalmf.com.br\/","https:\/\/www.facebook.com\/portalmfoficial","https:\/\/www.instagram.com\/portalmf\/","https:\/\/x.com\/https:\/\/x.com\/portalmfoficial","https:\/\/www.youtube.com\/@portalmfoficial"],"url":"https:\/\/portalmf.com.br\/index.php\/author\/junior\/"}]}},"_links":{"self":[{"href":"https:\/\/portalmf.com.br\/index.php\/wp-json\/wp\/v2\/posts\/41718"}],"collection":[{"href":"https:\/\/portalmf.com.br\/index.php\/wp-json\/wp\/v2\/posts"}],"about":[{"href":"https:\/\/portalmf.com.br\/index.php\/wp-json\/wp\/v2\/types\/post"}],"author":[{"embeddable":true,"href":"https:\/\/portalmf.com.br\/index.php\/wp-json\/wp\/v2\/users\/3"}],"replies":[{"embeddable":true,"href":"https:\/\/portalmf.com.br\/index.php\/wp-json\/wp\/v2\/comments?post=41718"}],"version-history":[{"count":1,"href":"https:\/\/portalmf.com.br\/index.php\/wp-json\/wp\/v2\/posts\/41718\/revisions"}],"predecessor-version":[{"id":41720,"href":"https:\/\/portalmf.com.br\/index.php\/wp-json\/wp\/v2\/posts\/41718\/revisions\/41720"}],"wp:featuredmedia":[{"embeddable":true,"href":"https:\/\/portalmf.com.br\/index.php\/wp-json\/wp\/v2\/media\/41719"}],"wp:attachment":[{"href":"https:\/\/portalmf.com.br\/index.php\/wp-json\/wp\/v2\/media?parent=41718"}],"wp:term":[{"taxonomy":"category","embeddable":true,"href":"https:\/\/portalmf.com.br\/index.php\/wp-json\/wp\/v2\/categories?post=41718"},{"taxonomy":"post_tag","embeddable":true,"href":"https:\/\/portalmf.com.br\/index.php\/wp-json\/wp\/v2\/tags?post=41718"}],"curies":[{"name":"wp","href":"https:\/\/api.w.org\/{rel}","templated":true}]}}