{"id":41711,"date":"2026-02-04T07:50:59","date_gmt":"2026-02-04T10:50:59","guid":{"rendered":"https:\/\/portalmf.com.br\/?p=41711"},"modified":"2026-02-04T07:51:00","modified_gmt":"2026-02-04T10:51:00","slug":"camarote-cabana-da-barra-traz-novo-conceito-para-o-carnaval-de-salvador-2026","status":"publish","type":"post","link":"https:\/\/portalmf.com.br\/index.php\/2026\/02\/04\/camarote-cabana-da-barra-traz-novo-conceito-para-o-carnaval-de-salvador-2026\/","title":{"rendered":"Camarote Cabana da Barra traz novo conceito para o Carnaval de Salvador 2026"},"content":{"rendered":"\n<p>O Camarote Cabana da Barra possui uma estrutura moderna, conceitual, cheia de estilo, conforto e servi\u00e7os diferenciados. Localizado no in\u00edcio do Circuito Barra-Ondina, na Rua Afonso Celso, n\u00b0 1, funcionar\u00e1 de quinta (12 de fevereiro) a ter\u00e7a (17 de fevereiro), das 14h \u00e0s 2h. Com assinatura da Casa de Taipa Produ\u00e7\u00f5es, comandada pelos empres\u00e1rios Vandr\u00e9 Souza e Ramon Vasques, em parceria com os s\u00f3cios Bruno Lopes e&nbsp; Adriano Cohim, o Camarote Cabana da Barra chega neste ano de 2026 com a proposta de garantir a divers\u00e3o do p\u00fablico em um verdadeiro ref\u00fagio de alegria e emo\u00e7\u00e3o.<\/p>\n\n\n\n<p>\u201cEstamos preparando tudo com muito carinho para receber o p\u00fablico e faz\u00ea-lo sentir-se em casa. Ser\u00e1 uma experi\u00eancia imersiva e inigual\u00e1vel. Tudo est\u00e1 sendo pensado nos m\u00ednimos detalhes para que o foli\u00e3o viva o melhor da avenida dentro do camarote. Vamos transformar o espa\u00e7o e deix\u00e1-lo ainda mais badalado, com uma arquitetura moderna, um servi\u00e7o diferenciado e uma estrutura com seguran\u00e7a, conforto, visibilidade privilegiada e a vibra\u00e7\u00e3o contagiante do trio el\u00e9trico. O Camarote Cabana da Barra \u00e9 tamb\u00e9m um espa\u00e7o para a fam\u00edlia curtir o Carnaval com exclusividade e tranquilidade\u201d, comenta a produtora Casa de Taipa.<\/p>\n\n\n\n<p>Na estrutura, o camarote contar\u00e1 com palco com DJ todos os dias, \u00e1reas instagram\u00e1veis, sal\u00e3o de beleza e espa\u00e7o kids climatizado, com a qualidade do servi\u00e7o da empresa Esquadr\u00e3o Arena Kids, a mesma que opera o espa\u00e7o Kids da Arena Fonte Nova. O servi\u00e7o de Bar Premium, ter\u00e1 mesas bistr\u00f4, gar\u00e7om e equipe preparada para garantir agilidade no atendimento. O p\u00fablico tamb\u00e9m ter\u00e1 \u00e0 disposi\u00e7\u00e3o pra\u00e7a de alimenta\u00e7\u00e3o climatizada, com gastronomia variada e op\u00e7\u00f5es para todos os gostos. Para garantir o acesso ao camarote, as vendas est\u00e3o sendo realizadas pelos sites da Central do Carnaval, Meu Bilhete, Folia Bahia, Ticket Maker e Sympla, al\u00e9m de pontos f\u00edsicos nos balc\u00f5es do Pida, localizados no Salvador Shopping, Shopping Paralela, Shopping Piedade e na loja oficial do camarote, que ser\u00e1 inaugurada no 2\u00ba piso do Shopping da Bahia (em frente \u00e0 Papel &amp; Cia).<\/p>\n\n\n\n<p>Crian\u00e7as de at\u00e9 11 anos t\u00eam entrada gratuita, desde que acompanhadas pelos pais. O camarote possui classifica\u00e7\u00e3o livre. Mais informa\u00e7\u00f5es est\u00e3o dispon\u00edveis no Instagram oficial: @camarotecabanadabarraoficial ou pelo telefone (71) 99678-7806.<\/p>\n","protected":false},"excerpt":{"rendered":"<p>O Camarote Cabana da Barra possui uma estrutura moderna, conceitual, cheia de estilo, conforto e servi\u00e7os diferenciados. Localizado no in\u00edcio do Circuito Barra-Ondina, na Rua Afonso Celso, n\u00b0 1, funcionar\u00e1 de quinta (12 de fevereiro) a ter\u00e7a (17 de fevereiro), das 14h \u00e0s 2h. Com assinatura da Casa de Taipa Produ\u00e7\u00f5es, comandada pelos empres\u00e1rios Vandr\u00e9 [&hellip;]<\/p>\n","protected":false},"author":3,"featured_media":41712,"comment_status":"open","ping_status":"open","sticky":false,"template":"","format":"standard","meta":{"_monsterinsights_skip_tracking":false,"_monsterinsights_sitenote_active":false,"_monsterinsights_sitenote_note":"","_monsterinsights_sitenote_category":0,"footnotes":""},"categories":[44,47],"tags":[],"yoast_head":"<!-- This site is optimized with the Yoast SEO plugin v22.9 - https:\/\/yoast.com\/wordpress\/plugins\/seo\/ -->\n<title>Camarote Cabana da Barra traz novo conceito para o Carnaval de Salvador 2026 - Portal MF<\/title>\n<meta name=\"robots\" content=\"index, follow, max-snippet:-1, max-image-preview:large, max-video-preview:-1\" \/>\n<link rel=\"canonical\" href=\"https:\/\/portalmf.com.br\/index.php\/2026\/02\/04\/camarote-cabana-da-barra-traz-novo-conceito-para-o-carnaval-de-salvador-2026\/\" \/>\n<meta property=\"og:locale\" content=\"pt_BR\" \/>\n<meta property=\"og:type\" content=\"article\" \/>\n<meta property=\"og:title\" content=\"Camarote Cabana da Barra traz novo conceito para o Carnaval de Salvador 2026 - Portal MF\" \/>\n<meta property=\"og:description\" content=\"O Camarote Cabana da Barra possui uma estrutura moderna, conceitual, cheia de estilo, conforto e servi\u00e7os diferenciados. Localizado no in\u00edcio do Circuito Barra-Ondina, na Rua Afonso Celso, n\u00b0 1, funcionar\u00e1 de quinta (12 de fevereiro) a ter\u00e7a (17 de fevereiro), das 14h \u00e0s 2h. Com assinatura da Casa de Taipa Produ\u00e7\u00f5es, comandada pelos empres\u00e1rios Vandr\u00e9 [&hellip;]\" \/>\n<meta property=\"og:url\" content=\"https:\/\/portalmf.com.br\/index.php\/2026\/02\/04\/camarote-cabana-da-barra-traz-novo-conceito-para-o-carnaval-de-salvador-2026\/\" \/>\n<meta property=\"og:site_name\" content=\"Portal MF\" \/>\n<meta property=\"article:author\" content=\"https:\/\/www.facebook.com\/portalmfoficial\" \/>\n<meta property=\"article:published_time\" content=\"2026-02-04T10:50:59+00:00\" \/>\n<meta property=\"article:modified_time\" content=\"2026-02-04T10:51:00+00:00\" \/>\n<meta property=\"og:image\" content=\"https:\/\/portalmf.com.br\/wp-content\/uploads\/2026\/02\/Camarote-Cabana-da-Barra-aposta-em-conforto-estrutura-moderna-e-servicos-diferenciados-no-Carnaval-2026-e1770202248761.jpeg\" \/>\n\t<meta property=\"og:image:width\" content=\"720\" \/>\n\t<meta property=\"og:image:height\" content=\"608\" \/>\n\t<meta property=\"og:image:type\" content=\"image\/jpeg\" \/>\n<meta name=\"author\" content=\"Reda\u00e7\u00e3o Portal MF\" \/>\n<meta name=\"twitter:card\" content=\"summary_large_image\" \/>\n<meta name=\"twitter:creator\" content=\"@https:\/\/x.com\/portalmfoficial\" \/>\n<meta name=\"twitter:label1\" content=\"Escrito por\" \/>\n\t<meta name=\"twitter:data1\" content=\"Reda\u00e7\u00e3o Portal MF\" \/>\n\t<meta name=\"twitter:label2\" content=\"Est. tempo de leitura\" \/>\n\t<meta name=\"twitter:data2\" content=\"3 minutos\" \/>\n<script type=\"application\/ld+json\" class=\"yoast-schema-graph\">{\"@context\":\"https:\/\/schema.org\",\"@graph\":[{\"@type\":\"WebPage\",\"@id\":\"https:\/\/portalmf.com.br\/index.php\/2026\/02\/04\/camarote-cabana-da-barra-traz-novo-conceito-para-o-carnaval-de-salvador-2026\/\",\"url\":\"https:\/\/portalmf.com.br\/index.php\/2026\/02\/04\/camarote-cabana-da-barra-traz-novo-conceito-para-o-carnaval-de-salvador-2026\/\",\"name\":\"Camarote Cabana da Barra traz novo conceito para o Carnaval de Salvador 2026 - Portal MF\",\"isPartOf\":{\"@id\":\"https:\/\/portalmf.com.br\/#website\"},\"primaryImageOfPage\":{\"@id\":\"https:\/\/portalmf.com.br\/index.php\/2026\/02\/04\/camarote-cabana-da-barra-traz-novo-conceito-para-o-carnaval-de-salvador-2026\/#primaryimage\"},\"image\":{\"@id\":\"https:\/\/portalmf.com.br\/index.php\/2026\/02\/04\/camarote-cabana-da-barra-traz-novo-conceito-para-o-carnaval-de-salvador-2026\/#primaryimage\"},\"thumbnailUrl\":\"https:\/\/portalmf.com.br\/wp-content\/uploads\/2026\/02\/Camarote-Cabana-da-Barra-aposta-em-conforto-estrutura-moderna-e-servicos-diferenciados-no-Carnaval-2026-e1770202248761.jpeg\",\"datePublished\":\"2026-02-04T10:50:59+00:00\",\"dateModified\":\"2026-02-04T10:51:00+00:00\",\"author\":{\"@id\":\"https:\/\/portalmf.com.br\/#\/schema\/person\/9ec101baf56233e53520c26de5d6f6f0\"},\"breadcrumb\":{\"@id\":\"https:\/\/portalmf.com.br\/index.php\/2026\/02\/04\/camarote-cabana-da-barra-traz-novo-conceito-para-o-carnaval-de-salvador-2026\/#breadcrumb\"},\"inLanguage\":\"pt-BR\",\"potentialAction\":[{\"@type\":\"ReadAction\",\"target\":[\"https:\/\/portalmf.com.br\/index.php\/2026\/02\/04\/camarote-cabana-da-barra-traz-novo-conceito-para-o-carnaval-de-salvador-2026\/\"]}]},{\"@type\":\"ImageObject\",\"inLanguage\":\"pt-BR\",\"@id\":\"https:\/\/portalmf.com.br\/index.php\/2026\/02\/04\/camarote-cabana-da-barra-traz-novo-conceito-para-o-carnaval-de-salvador-2026\/#primaryimage\",\"url\":\"https:\/\/portalmf.com.br\/wp-content\/uploads\/2026\/02\/Camarote-Cabana-da-Barra-aposta-em-conforto-estrutura-moderna-e-servicos-diferenciados-no-Carnaval-2026-e1770202248761.jpeg\",\"contentUrl\":\"https:\/\/portalmf.com.br\/wp-content\/uploads\/2026\/02\/Camarote-Cabana-da-Barra-aposta-em-conforto-estrutura-moderna-e-servicos-diferenciados-no-Carnaval-2026-e1770202248761.jpeg\",\"width\":720,\"height\":608},{\"@type\":\"BreadcrumbList\",\"@id\":\"https:\/\/portalmf.com.br\/index.php\/2026\/02\/04\/camarote-cabana-da-barra-traz-novo-conceito-para-o-carnaval-de-salvador-2026\/#breadcrumb\",\"itemListElement\":[{\"@type\":\"ListItem\",\"position\":1,\"name\":\"In\u00edcio\",\"item\":\"https:\/\/portalmf.com.br\/\"},{\"@type\":\"ListItem\",\"position\":2,\"name\":\"Camarote Cabana da Barra traz novo conceito para o Carnaval de Salvador 2026\"}]},{\"@type\":\"WebSite\",\"@id\":\"https:\/\/portalmf.com.br\/#website\",\"url\":\"https:\/\/portalmf.com.br\/\",\"name\":\"Portal MF\",\"description\":\"Voc\u00ea conectado com a informa\u00e7\u00e3o\",\"potentialAction\":[{\"@type\":\"SearchAction\",\"target\":{\"@type\":\"EntryPoint\",\"urlTemplate\":\"https:\/\/portalmf.com.br\/?s={search_term_string}\"},\"query-input\":\"required name=search_term_string\"}],\"inLanguage\":\"pt-BR\"},{\"@type\":\"Person\",\"@id\":\"https:\/\/portalmf.com.br\/#\/schema\/person\/9ec101baf56233e53520c26de5d6f6f0\",\"name\":\"Reda\u00e7\u00e3o Portal MF\",\"image\":{\"@type\":\"ImageObject\",\"inLanguage\":\"pt-BR\",\"@id\":\"https:\/\/portalmf.com.br\/#\/schema\/person\/image\/\",\"url\":\"https:\/\/secure.gravatar.com\/avatar\/41b9aaeb2100835f7c64362330f74c7f?s=96&d=mm&r=g\",\"contentUrl\":\"https:\/\/secure.gravatar.com\/avatar\/41b9aaeb2100835f7c64362330f74c7f?s=96&d=mm&r=g\",\"caption\":\"Reda\u00e7\u00e3o Portal MF\"},\"description\":\"Sejam bem-vindos o portal de informa\u00e7\u00f5es de entretenimento de Feira de Santana, desde 2006 realiza coberturas dos principais eventos com entrevistas exclusivas com as principais personalidades mundiais. Fique conectado tamb\u00e9m nas redes sociais.\",\"sameAs\":[\"http:\/\/www.portalmf.com.br\/\",\"https:\/\/www.facebook.com\/portalmfoficial\",\"https:\/\/www.instagram.com\/portalmf\/\",\"https:\/\/x.com\/https:\/\/x.com\/portalmfoficial\",\"https:\/\/www.youtube.com\/@portalmfoficial\"],\"url\":\"https:\/\/portalmf.com.br\/index.php\/author\/junior\/\"}]}<\/script>\n<!-- \/ Yoast SEO plugin. -->","yoast_head_json":{"title":"Camarote Cabana da Barra traz novo conceito para o Carnaval de Salvador 2026 - Portal MF","robots":{"index":"index","follow":"follow","max-snippet":"max-snippet:-1","max-image-preview":"max-image-preview:large","max-video-preview":"max-video-preview:-1"},"canonical":"https:\/\/portalmf.com.br\/index.php\/2026\/02\/04\/camarote-cabana-da-barra-traz-novo-conceito-para-o-carnaval-de-salvador-2026\/","og_locale":"pt_BR","og_type":"article","og_title":"Camarote Cabana da Barra traz novo conceito para o Carnaval de Salvador 2026 - Portal MF","og_description":"O Camarote Cabana da Barra possui uma estrutura moderna, conceitual, cheia de estilo, conforto e servi\u00e7os diferenciados. Localizado no in\u00edcio do Circuito Barra-Ondina, na Rua Afonso Celso, n\u00b0 1, funcionar\u00e1 de quinta (12 de fevereiro) a ter\u00e7a (17 de fevereiro), das 14h \u00e0s 2h. Com assinatura da Casa de Taipa Produ\u00e7\u00f5es, comandada pelos empres\u00e1rios Vandr\u00e9 [&hellip;]","og_url":"https:\/\/portalmf.com.br\/index.php\/2026\/02\/04\/camarote-cabana-da-barra-traz-novo-conceito-para-o-carnaval-de-salvador-2026\/","og_site_name":"Portal MF","article_author":"https:\/\/www.facebook.com\/portalmfoficial","article_published_time":"2026-02-04T10:50:59+00:00","article_modified_time":"2026-02-04T10:51:00+00:00","og_image":[{"width":720,"height":608,"url":"https:\/\/portalmf.com.br\/wp-content\/uploads\/2026\/02\/Camarote-Cabana-da-Barra-aposta-em-conforto-estrutura-moderna-e-servicos-diferenciados-no-Carnaval-2026-e1770202248761.jpeg","type":"image\/jpeg"}],"author":"Reda\u00e7\u00e3o Portal MF","twitter_card":"summary_large_image","twitter_creator":"@https:\/\/x.com\/portalmfoficial","twitter_misc":{"Escrito por":"Reda\u00e7\u00e3o Portal MF","Est. tempo de leitura":"3 minutos"},"schema":{"@context":"https:\/\/schema.org","@graph":[{"@type":"WebPage","@id":"https:\/\/portalmf.com.br\/index.php\/2026\/02\/04\/camarote-cabana-da-barra-traz-novo-conceito-para-o-carnaval-de-salvador-2026\/","url":"https:\/\/portalmf.com.br\/index.php\/2026\/02\/04\/camarote-cabana-da-barra-traz-novo-conceito-para-o-carnaval-de-salvador-2026\/","name":"Camarote Cabana da Barra traz novo conceito para o Carnaval de Salvador 2026 - Portal MF","isPartOf":{"@id":"https:\/\/portalmf.com.br\/#website"},"primaryImageOfPage":{"@id":"https:\/\/portalmf.com.br\/index.php\/2026\/02\/04\/camarote-cabana-da-barra-traz-novo-conceito-para-o-carnaval-de-salvador-2026\/#primaryimage"},"image":{"@id":"https:\/\/portalmf.com.br\/index.php\/2026\/02\/04\/camarote-cabana-da-barra-traz-novo-conceito-para-o-carnaval-de-salvador-2026\/#primaryimage"},"thumbnailUrl":"https:\/\/portalmf.com.br\/wp-content\/uploads\/2026\/02\/Camarote-Cabana-da-Barra-aposta-em-conforto-estrutura-moderna-e-servicos-diferenciados-no-Carnaval-2026-e1770202248761.jpeg","datePublished":"2026-02-04T10:50:59+00:00","dateModified":"2026-02-04T10:51:00+00:00","author":{"@id":"https:\/\/portalmf.com.br\/#\/schema\/person\/9ec101baf56233e53520c26de5d6f6f0"},"breadcrumb":{"@id":"https:\/\/portalmf.com.br\/index.php\/2026\/02\/04\/camarote-cabana-da-barra-traz-novo-conceito-para-o-carnaval-de-salvador-2026\/#breadcrumb"},"inLanguage":"pt-BR","potentialAction":[{"@type":"ReadAction","target":["https:\/\/portalmf.com.br\/index.php\/2026\/02\/04\/camarote-cabana-da-barra-traz-novo-conceito-para-o-carnaval-de-salvador-2026\/"]}]},{"@type":"ImageObject","inLanguage":"pt-BR","@id":"https:\/\/portalmf.com.br\/index.php\/2026\/02\/04\/camarote-cabana-da-barra-traz-novo-conceito-para-o-carnaval-de-salvador-2026\/#primaryimage","url":"https:\/\/portalmf.com.br\/wp-content\/uploads\/2026\/02\/Camarote-Cabana-da-Barra-aposta-em-conforto-estrutura-moderna-e-servicos-diferenciados-no-Carnaval-2026-e1770202248761.jpeg","contentUrl":"https:\/\/portalmf.com.br\/wp-content\/uploads\/2026\/02\/Camarote-Cabana-da-Barra-aposta-em-conforto-estrutura-moderna-e-servicos-diferenciados-no-Carnaval-2026-e1770202248761.jpeg","width":720,"height":608},{"@type":"BreadcrumbList","@id":"https:\/\/portalmf.com.br\/index.php\/2026\/02\/04\/camarote-cabana-da-barra-traz-novo-conceito-para-o-carnaval-de-salvador-2026\/#breadcrumb","itemListElement":[{"@type":"ListItem","position":1,"name":"In\u00edcio","item":"https:\/\/portalmf.com.br\/"},{"@type":"ListItem","position":2,"name":"Camarote Cabana da Barra traz novo conceito para o Carnaval de Salvador 2026"}]},{"@type":"WebSite","@id":"https:\/\/portalmf.com.br\/#website","url":"https:\/\/portalmf.com.br\/","name":"Portal MF","description":"Voc\u00ea conectado com a informa\u00e7\u00e3o","potentialAction":[{"@type":"SearchAction","target":{"@type":"EntryPoint","urlTemplate":"https:\/\/portalmf.com.br\/?s={search_term_string}"},"query-input":"required name=search_term_string"}],"inLanguage":"pt-BR"},{"@type":"Person","@id":"https:\/\/portalmf.com.br\/#\/schema\/person\/9ec101baf56233e53520c26de5d6f6f0","name":"Reda\u00e7\u00e3o Portal MF","image":{"@type":"ImageObject","inLanguage":"pt-BR","@id":"https:\/\/portalmf.com.br\/#\/schema\/person\/image\/","url":"https:\/\/secure.gravatar.com\/avatar\/41b9aaeb2100835f7c64362330f74c7f?s=96&d=mm&r=g","contentUrl":"https:\/\/secure.gravatar.com\/avatar\/41b9aaeb2100835f7c64362330f74c7f?s=96&d=mm&r=g","caption":"Reda\u00e7\u00e3o Portal MF"},"description":"Sejam bem-vindos o portal de informa\u00e7\u00f5es de entretenimento de Feira de Santana, desde 2006 realiza coberturas dos principais eventos com entrevistas exclusivas com as principais personalidades mundiais. Fique conectado tamb\u00e9m nas redes sociais.","sameAs":["http:\/\/www.portalmf.com.br\/","https:\/\/www.facebook.com\/portalmfoficial","https:\/\/www.instagram.com\/portalmf\/","https:\/\/x.com\/https:\/\/x.com\/portalmfoficial","https:\/\/www.youtube.com\/@portalmfoficial"],"url":"https:\/\/portalmf.com.br\/index.php\/author\/junior\/"}]}},"_links":{"self":[{"href":"https:\/\/portalmf.com.br\/index.php\/wp-json\/wp\/v2\/posts\/41711"}],"collection":[{"href":"https:\/\/portalmf.com.br\/index.php\/wp-json\/wp\/v2\/posts"}],"about":[{"href":"https:\/\/portalmf.com.br\/index.php\/wp-json\/wp\/v2\/types\/post"}],"author":[{"embeddable":true,"href":"https:\/\/portalmf.com.br\/index.php\/wp-json\/wp\/v2\/users\/3"}],"replies":[{"embeddable":true,"href":"https:\/\/portalmf.com.br\/index.php\/wp-json\/wp\/v2\/comments?post=41711"}],"version-history":[{"count":1,"href":"https:\/\/portalmf.com.br\/index.php\/wp-json\/wp\/v2\/posts\/41711\/revisions"}],"predecessor-version":[{"id":41713,"href":"https:\/\/portalmf.com.br\/index.php\/wp-json\/wp\/v2\/posts\/41711\/revisions\/41713"}],"wp:featuredmedia":[{"embeddable":true,"href":"https:\/\/portalmf.com.br\/index.php\/wp-json\/wp\/v2\/media\/41712"}],"wp:attachment":[{"href":"https:\/\/portalmf.com.br\/index.php\/wp-json\/wp\/v2\/media?parent=41711"}],"wp:term":[{"taxonomy":"category","embeddable":true,"href":"https:\/\/portalmf.com.br\/index.php\/wp-json\/wp\/v2\/categories?post=41711"},{"taxonomy":"post_tag","embeddable":true,"href":"https:\/\/portalmf.com.br\/index.php\/wp-json\/wp\/v2\/tags?post=41711"}],"curies":[{"name":"wp","href":"https:\/\/api.w.org\/{rel}","templated":true}]}}