{"id":41701,"date":"2026-02-03T19:43:48","date_gmt":"2026-02-03T22:43:48","guid":{"rendered":"https:\/\/portalmf.com.br\/?p=41701"},"modified":"2026-02-03T19:46:17","modified_gmt":"2026-02-03T22:46:17","slug":"feirense-brilha-e-e-eleita-1a-princesa-do-carnaval-de-salvador-2026","status":"publish","type":"post","link":"https:\/\/portalmf.com.br\/index.php\/2026\/02\/03\/feirense-brilha-e-e-eleita-1a-princesa-do-carnaval-de-salvador-2026\/","title":{"rendered":"Feirense brilha e \u00e9 eleita 1\u00aa Princesa do Carnaval de Salvador 2026"},"content":{"rendered":"\n<p>Feira de Santana voltou a ser destaque no cen\u00e1rio cultural da Bahia com a elei\u00e7\u00e3o de Maria L\u00facia Longuinho, de 26 anos, como 1\u00aa Princesa do Carnaval de Salvador 2026. A feirense conquistou o t\u00edtulo durante a final do tradicional concurso realizado na noite desta segunda-feira (2), no Fiesta Bahia Hotel, em Salvador.<\/p>\n\n\n\n<p>A vencedora do concurso foi a estudante de nutri\u00e7\u00e3o Maria Eduarda Nunes, 21 anos, de Cama\u00e7ari, que ser\u00e1 a Rainha do Carnaval 2026. Influenciadora digital conhecida como Duda Nuza, ela celebrou a conquista destacando o papel das mulheres na hist\u00f3ria da folia. O p\u00f3dio foi completado por Mavini\u00ea Hebe, de Brumado, eleita 2\u00aa Princesa.<\/p>\n\n\n\n<p><strong>A corte:<\/strong><\/p>\n\n\n\n<p>Rainha 2026: Maria Eduarda Nunes ( Jau\u00e1\/Cama\u00e7ari)<\/p>\n\n\n\n<p>1\u00aa Princesa: Maria L\u00facia Longuinho ( Feirade Santana)<\/p>\n\n\n\n<p>2\u00aa Princesa: Mavini\u00ea Hebe Nunes ( Brumado)<\/p>\n\n\n\n<p>O evento, promovido pelo Ficet, reuniu uma plateia animada, torcidas das candidatas e um corpo de jurados respons\u00e1vel pela escolha das soberanas que representar\u00e3o oficialmente o Carnaval de Salvador at\u00e9 a Quarta-feira de Cinzas. O espet\u00e1culo valorizou a identidade cultural da Bahia com o tema <em>\u201cBahia de Todos os Sambas\u201d<\/em>, celebrando as diversas express\u00f5es do ritmo que nasceu no estado e ganhou o mundo.<\/p>\n\n\n\n<p>Segundo o presidente do Ficet, Gorg\u00f4nio Loureiro, a edi\u00e7\u00e3o foi marcada pela beleza, simpatia e alegria das eleitas, refor\u00e7ando a import\u00e2ncia do concurso para a valoriza\u00e7\u00e3o do Carnaval baiano, com apoio fundamental da Secretaria de Turismo da Bahia (Setur-BA).<\/p>\n","protected":false},"excerpt":{"rendered":"<p>Feira de Santana voltou a ser destaque no cen\u00e1rio cultural da Bahia com a elei\u00e7\u00e3o de Maria L\u00facia Longuinho, de 26 anos, como 1\u00aa Princesa do Carnaval de Salvador 2026. A feirense conquistou o t\u00edtulo durante a final do tradicional concurso realizado na noite desta segunda-feira (2), no Fiesta Bahia Hotel, em Salvador. A vencedora [&hellip;]<\/p>\n","protected":false},"author":3,"featured_media":41702,"comment_status":"open","ping_status":"open","sticky":false,"template":"","format":"standard","meta":{"_monsterinsights_skip_tracking":false,"_monsterinsights_sitenote_active":false,"_monsterinsights_sitenote_note":"","_monsterinsights_sitenote_category":0,"footnotes":""},"categories":[44,48],"tags":[],"yoast_head":"<!-- This site is optimized with the Yoast SEO plugin v22.9 - https:\/\/yoast.com\/wordpress\/plugins\/seo\/ -->\n<title>Feirense brilha e \u00e9 eleita 1\u00aa Princesa do Carnaval de Salvador 2026 - Portal MF<\/title>\n<meta name=\"robots\" content=\"index, follow, max-snippet:-1, max-image-preview:large, max-video-preview:-1\" \/>\n<link rel=\"canonical\" href=\"https:\/\/portalmf.com.br\/index.php\/2026\/02\/03\/feirense-brilha-e-e-eleita-1a-princesa-do-carnaval-de-salvador-2026\/\" \/>\n<meta property=\"og:locale\" content=\"pt_BR\" \/>\n<meta property=\"og:type\" content=\"article\" \/>\n<meta property=\"og:title\" content=\"Feirense brilha e \u00e9 eleita 1\u00aa Princesa do Carnaval de Salvador 2026 - Portal MF\" \/>\n<meta property=\"og:description\" content=\"Feira de Santana voltou a ser destaque no cen\u00e1rio cultural da Bahia com a elei\u00e7\u00e3o de Maria L\u00facia Longuinho, de 26 anos, como 1\u00aa Princesa do Carnaval de Salvador 2026. A feirense conquistou o t\u00edtulo durante a final do tradicional concurso realizado na noite desta segunda-feira (2), no Fiesta Bahia Hotel, em Salvador. A vencedora [&hellip;]\" \/>\n<meta property=\"og:url\" content=\"https:\/\/portalmf.com.br\/index.php\/2026\/02\/03\/feirense-brilha-e-e-eleita-1a-princesa-do-carnaval-de-salvador-2026\/\" \/>\n<meta property=\"og:site_name\" content=\"Portal MF\" \/>\n<meta property=\"article:author\" content=\"https:\/\/www.facebook.com\/portalmfoficial\" \/>\n<meta property=\"article:published_time\" content=\"2026-02-03T22:43:48+00:00\" \/>\n<meta property=\"article:modified_time\" content=\"2026-02-03T22:46:17+00:00\" \/>\n<meta property=\"og:image\" content=\"https:\/\/portalmf.com.br\/wp-content\/uploads\/2026\/02\/RAINHA-E-PRINCESAS-DO-CARNAVAL-SALVADOR-2026-1536x864-1.jpeg\" \/>\n\t<meta property=\"og:image:width\" content=\"1536\" \/>\n\t<meta property=\"og:image:height\" content=\"864\" \/>\n\t<meta property=\"og:image:type\" content=\"image\/jpeg\" \/>\n<meta name=\"author\" content=\"Reda\u00e7\u00e3o Portal MF\" \/>\n<meta name=\"twitter:card\" content=\"summary_large_image\" \/>\n<meta name=\"twitter:creator\" content=\"@https:\/\/x.com\/portalmfoficial\" \/>\n<meta name=\"twitter:label1\" content=\"Escrito por\" \/>\n\t<meta name=\"twitter:data1\" content=\"Reda\u00e7\u00e3o Portal MF\" \/>\n\t<meta name=\"twitter:label2\" content=\"Est. tempo de leitura\" \/>\n\t<meta name=\"twitter:data2\" content=\"2 minutos\" \/>\n<script type=\"application\/ld+json\" class=\"yoast-schema-graph\">{\"@context\":\"https:\/\/schema.org\",\"@graph\":[{\"@type\":\"WebPage\",\"@id\":\"https:\/\/portalmf.com.br\/index.php\/2026\/02\/03\/feirense-brilha-e-e-eleita-1a-princesa-do-carnaval-de-salvador-2026\/\",\"url\":\"https:\/\/portalmf.com.br\/index.php\/2026\/02\/03\/feirense-brilha-e-e-eleita-1a-princesa-do-carnaval-de-salvador-2026\/\",\"name\":\"Feirense brilha e \u00e9 eleita 1\u00aa Princesa do Carnaval de Salvador 2026 - Portal MF\",\"isPartOf\":{\"@id\":\"https:\/\/portalmf.com.br\/#website\"},\"primaryImageOfPage\":{\"@id\":\"https:\/\/portalmf.com.br\/index.php\/2026\/02\/03\/feirense-brilha-e-e-eleita-1a-princesa-do-carnaval-de-salvador-2026\/#primaryimage\"},\"image\":{\"@id\":\"https:\/\/portalmf.com.br\/index.php\/2026\/02\/03\/feirense-brilha-e-e-eleita-1a-princesa-do-carnaval-de-salvador-2026\/#primaryimage\"},\"thumbnailUrl\":\"https:\/\/portalmf.com.br\/wp-content\/uploads\/2026\/02\/RAINHA-E-PRINCESAS-DO-CARNAVAL-SALVADOR-2026-1536x864-1.jpeg\",\"datePublished\":\"2026-02-03T22:43:48+00:00\",\"dateModified\":\"2026-02-03T22:46:17+00:00\",\"author\":{\"@id\":\"https:\/\/portalmf.com.br\/#\/schema\/person\/9ec101baf56233e53520c26de5d6f6f0\"},\"breadcrumb\":{\"@id\":\"https:\/\/portalmf.com.br\/index.php\/2026\/02\/03\/feirense-brilha-e-e-eleita-1a-princesa-do-carnaval-de-salvador-2026\/#breadcrumb\"},\"inLanguage\":\"pt-BR\",\"potentialAction\":[{\"@type\":\"ReadAction\",\"target\":[\"https:\/\/portalmf.com.br\/index.php\/2026\/02\/03\/feirense-brilha-e-e-eleita-1a-princesa-do-carnaval-de-salvador-2026\/\"]}]},{\"@type\":\"ImageObject\",\"inLanguage\":\"pt-BR\",\"@id\":\"https:\/\/portalmf.com.br\/index.php\/2026\/02\/03\/feirense-brilha-e-e-eleita-1a-princesa-do-carnaval-de-salvador-2026\/#primaryimage\",\"url\":\"https:\/\/portalmf.com.br\/wp-content\/uploads\/2026\/02\/RAINHA-E-PRINCESAS-DO-CARNAVAL-SALVADOR-2026-1536x864-1.jpeg\",\"contentUrl\":\"https:\/\/portalmf.com.br\/wp-content\/uploads\/2026\/02\/RAINHA-E-PRINCESAS-DO-CARNAVAL-SALVADOR-2026-1536x864-1.jpeg\",\"width\":1536,\"height\":864},{\"@type\":\"BreadcrumbList\",\"@id\":\"https:\/\/portalmf.com.br\/index.php\/2026\/02\/03\/feirense-brilha-e-e-eleita-1a-princesa-do-carnaval-de-salvador-2026\/#breadcrumb\",\"itemListElement\":[{\"@type\":\"ListItem\",\"position\":1,\"name\":\"In\u00edcio\",\"item\":\"https:\/\/portalmf.com.br\/\"},{\"@type\":\"ListItem\",\"position\":2,\"name\":\"Feirense brilha e \u00e9 eleita 1\u00aa Princesa do Carnaval de Salvador 2026\"}]},{\"@type\":\"WebSite\",\"@id\":\"https:\/\/portalmf.com.br\/#website\",\"url\":\"https:\/\/portalmf.com.br\/\",\"name\":\"Portal MF\",\"description\":\"Voc\u00ea conectado com a informa\u00e7\u00e3o\",\"potentialAction\":[{\"@type\":\"SearchAction\",\"target\":{\"@type\":\"EntryPoint\",\"urlTemplate\":\"https:\/\/portalmf.com.br\/?s={search_term_string}\"},\"query-input\":\"required name=search_term_string\"}],\"inLanguage\":\"pt-BR\"},{\"@type\":\"Person\",\"@id\":\"https:\/\/portalmf.com.br\/#\/schema\/person\/9ec101baf56233e53520c26de5d6f6f0\",\"name\":\"Reda\u00e7\u00e3o Portal MF\",\"image\":{\"@type\":\"ImageObject\",\"inLanguage\":\"pt-BR\",\"@id\":\"https:\/\/portalmf.com.br\/#\/schema\/person\/image\/\",\"url\":\"https:\/\/secure.gravatar.com\/avatar\/41b9aaeb2100835f7c64362330f74c7f?s=96&d=mm&r=g\",\"contentUrl\":\"https:\/\/secure.gravatar.com\/avatar\/41b9aaeb2100835f7c64362330f74c7f?s=96&d=mm&r=g\",\"caption\":\"Reda\u00e7\u00e3o Portal MF\"},\"description\":\"Sejam bem-vindos o portal de informa\u00e7\u00f5es de entretenimento de Feira de Santana, desde 2006 realiza coberturas dos principais eventos com entrevistas exclusivas com as principais personalidades mundiais. Fique conectado tamb\u00e9m nas redes sociais.\",\"sameAs\":[\"http:\/\/www.portalmf.com.br\/\",\"https:\/\/www.facebook.com\/portalmfoficial\",\"https:\/\/www.instagram.com\/portalmf\/\",\"https:\/\/x.com\/https:\/\/x.com\/portalmfoficial\",\"https:\/\/www.youtube.com\/@portalmfoficial\"],\"url\":\"https:\/\/portalmf.com.br\/index.php\/author\/junior\/\"}]}<\/script>\n<!-- \/ Yoast SEO plugin. -->","yoast_head_json":{"title":"Feirense brilha e \u00e9 eleita 1\u00aa Princesa do Carnaval de Salvador 2026 - Portal MF","robots":{"index":"index","follow":"follow","max-snippet":"max-snippet:-1","max-image-preview":"max-image-preview:large","max-video-preview":"max-video-preview:-1"},"canonical":"https:\/\/portalmf.com.br\/index.php\/2026\/02\/03\/feirense-brilha-e-e-eleita-1a-princesa-do-carnaval-de-salvador-2026\/","og_locale":"pt_BR","og_type":"article","og_title":"Feirense brilha e \u00e9 eleita 1\u00aa Princesa do Carnaval de Salvador 2026 - Portal MF","og_description":"Feira de Santana voltou a ser destaque no cen\u00e1rio cultural da Bahia com a elei\u00e7\u00e3o de Maria L\u00facia Longuinho, de 26 anos, como 1\u00aa Princesa do Carnaval de Salvador 2026. A feirense conquistou o t\u00edtulo durante a final do tradicional concurso realizado na noite desta segunda-feira (2), no Fiesta Bahia Hotel, em Salvador. A vencedora [&hellip;]","og_url":"https:\/\/portalmf.com.br\/index.php\/2026\/02\/03\/feirense-brilha-e-e-eleita-1a-princesa-do-carnaval-de-salvador-2026\/","og_site_name":"Portal MF","article_author":"https:\/\/www.facebook.com\/portalmfoficial","article_published_time":"2026-02-03T22:43:48+00:00","article_modified_time":"2026-02-03T22:46:17+00:00","og_image":[{"width":1536,"height":864,"url":"https:\/\/portalmf.com.br\/wp-content\/uploads\/2026\/02\/RAINHA-E-PRINCESAS-DO-CARNAVAL-SALVADOR-2026-1536x864-1.jpeg","type":"image\/jpeg"}],"author":"Reda\u00e7\u00e3o Portal MF","twitter_card":"summary_large_image","twitter_creator":"@https:\/\/x.com\/portalmfoficial","twitter_misc":{"Escrito por":"Reda\u00e7\u00e3o Portal MF","Est. tempo de leitura":"2 minutos"},"schema":{"@context":"https:\/\/schema.org","@graph":[{"@type":"WebPage","@id":"https:\/\/portalmf.com.br\/index.php\/2026\/02\/03\/feirense-brilha-e-e-eleita-1a-princesa-do-carnaval-de-salvador-2026\/","url":"https:\/\/portalmf.com.br\/index.php\/2026\/02\/03\/feirense-brilha-e-e-eleita-1a-princesa-do-carnaval-de-salvador-2026\/","name":"Feirense brilha e \u00e9 eleita 1\u00aa Princesa do Carnaval de Salvador 2026 - Portal MF","isPartOf":{"@id":"https:\/\/portalmf.com.br\/#website"},"primaryImageOfPage":{"@id":"https:\/\/portalmf.com.br\/index.php\/2026\/02\/03\/feirense-brilha-e-e-eleita-1a-princesa-do-carnaval-de-salvador-2026\/#primaryimage"},"image":{"@id":"https:\/\/portalmf.com.br\/index.php\/2026\/02\/03\/feirense-brilha-e-e-eleita-1a-princesa-do-carnaval-de-salvador-2026\/#primaryimage"},"thumbnailUrl":"https:\/\/portalmf.com.br\/wp-content\/uploads\/2026\/02\/RAINHA-E-PRINCESAS-DO-CARNAVAL-SALVADOR-2026-1536x864-1.jpeg","datePublished":"2026-02-03T22:43:48+00:00","dateModified":"2026-02-03T22:46:17+00:00","author":{"@id":"https:\/\/portalmf.com.br\/#\/schema\/person\/9ec101baf56233e53520c26de5d6f6f0"},"breadcrumb":{"@id":"https:\/\/portalmf.com.br\/index.php\/2026\/02\/03\/feirense-brilha-e-e-eleita-1a-princesa-do-carnaval-de-salvador-2026\/#breadcrumb"},"inLanguage":"pt-BR","potentialAction":[{"@type":"ReadAction","target":["https:\/\/portalmf.com.br\/index.php\/2026\/02\/03\/feirense-brilha-e-e-eleita-1a-princesa-do-carnaval-de-salvador-2026\/"]}]},{"@type":"ImageObject","inLanguage":"pt-BR","@id":"https:\/\/portalmf.com.br\/index.php\/2026\/02\/03\/feirense-brilha-e-e-eleita-1a-princesa-do-carnaval-de-salvador-2026\/#primaryimage","url":"https:\/\/portalmf.com.br\/wp-content\/uploads\/2026\/02\/RAINHA-E-PRINCESAS-DO-CARNAVAL-SALVADOR-2026-1536x864-1.jpeg","contentUrl":"https:\/\/portalmf.com.br\/wp-content\/uploads\/2026\/02\/RAINHA-E-PRINCESAS-DO-CARNAVAL-SALVADOR-2026-1536x864-1.jpeg","width":1536,"height":864},{"@type":"BreadcrumbList","@id":"https:\/\/portalmf.com.br\/index.php\/2026\/02\/03\/feirense-brilha-e-e-eleita-1a-princesa-do-carnaval-de-salvador-2026\/#breadcrumb","itemListElement":[{"@type":"ListItem","position":1,"name":"In\u00edcio","item":"https:\/\/portalmf.com.br\/"},{"@type":"ListItem","position":2,"name":"Feirense brilha e \u00e9 eleita 1\u00aa Princesa do Carnaval de Salvador 2026"}]},{"@type":"WebSite","@id":"https:\/\/portalmf.com.br\/#website","url":"https:\/\/portalmf.com.br\/","name":"Portal MF","description":"Voc\u00ea conectado com a informa\u00e7\u00e3o","potentialAction":[{"@type":"SearchAction","target":{"@type":"EntryPoint","urlTemplate":"https:\/\/portalmf.com.br\/?s={search_term_string}"},"query-input":"required name=search_term_string"}],"inLanguage":"pt-BR"},{"@type":"Person","@id":"https:\/\/portalmf.com.br\/#\/schema\/person\/9ec101baf56233e53520c26de5d6f6f0","name":"Reda\u00e7\u00e3o Portal MF","image":{"@type":"ImageObject","inLanguage":"pt-BR","@id":"https:\/\/portalmf.com.br\/#\/schema\/person\/image\/","url":"https:\/\/secure.gravatar.com\/avatar\/41b9aaeb2100835f7c64362330f74c7f?s=96&d=mm&r=g","contentUrl":"https:\/\/secure.gravatar.com\/avatar\/41b9aaeb2100835f7c64362330f74c7f?s=96&d=mm&r=g","caption":"Reda\u00e7\u00e3o Portal MF"},"description":"Sejam bem-vindos o portal de informa\u00e7\u00f5es de entretenimento de Feira de Santana, desde 2006 realiza coberturas dos principais eventos com entrevistas exclusivas com as principais personalidades mundiais. Fique conectado tamb\u00e9m nas redes sociais.","sameAs":["http:\/\/www.portalmf.com.br\/","https:\/\/www.facebook.com\/portalmfoficial","https:\/\/www.instagram.com\/portalmf\/","https:\/\/x.com\/https:\/\/x.com\/portalmfoficial","https:\/\/www.youtube.com\/@portalmfoficial"],"url":"https:\/\/portalmf.com.br\/index.php\/author\/junior\/"}]}},"_links":{"self":[{"href":"https:\/\/portalmf.com.br\/index.php\/wp-json\/wp\/v2\/posts\/41701"}],"collection":[{"href":"https:\/\/portalmf.com.br\/index.php\/wp-json\/wp\/v2\/posts"}],"about":[{"href":"https:\/\/portalmf.com.br\/index.php\/wp-json\/wp\/v2\/types\/post"}],"author":[{"embeddable":true,"href":"https:\/\/portalmf.com.br\/index.php\/wp-json\/wp\/v2\/users\/3"}],"replies":[{"embeddable":true,"href":"https:\/\/portalmf.com.br\/index.php\/wp-json\/wp\/v2\/comments?post=41701"}],"version-history":[{"count":2,"href":"https:\/\/portalmf.com.br\/index.php\/wp-json\/wp\/v2\/posts\/41701\/revisions"}],"predecessor-version":[{"id":41704,"href":"https:\/\/portalmf.com.br\/index.php\/wp-json\/wp\/v2\/posts\/41701\/revisions\/41704"}],"wp:featuredmedia":[{"embeddable":true,"href":"https:\/\/portalmf.com.br\/index.php\/wp-json\/wp\/v2\/media\/41702"}],"wp:attachment":[{"href":"https:\/\/portalmf.com.br\/index.php\/wp-json\/wp\/v2\/media?parent=41701"}],"wp:term":[{"taxonomy":"category","embeddable":true,"href":"https:\/\/portalmf.com.br\/index.php\/wp-json\/wp\/v2\/categories?post=41701"},{"taxonomy":"post_tag","embeddable":true,"href":"https:\/\/portalmf.com.br\/index.php\/wp-json\/wp\/v2\/tags?post=41701"}],"curies":[{"name":"wp","href":"https:\/\/api.w.org\/{rel}","templated":true}]}}