{"id":41554,"date":"2026-01-28T20:49:23","date_gmt":"2026-01-28T23:49:23","guid":{"rendered":"https:\/\/portalmf.com.br\/?p=41554"},"modified":"2026-01-28T20:49:24","modified_gmt":"2026-01-28T23:49:24","slug":"palco-orla-destaca-joao-gomes-edson-gomes-escandurras-e-banjo-novo-no-carnaval-de-juazeiro-2026","status":"publish","type":"post","link":"https:\/\/portalmf.com.br\/index.php\/2026\/01\/28\/palco-orla-destaca-joao-gomes-edson-gomes-escandurras-e-banjo-novo-no-carnaval-de-juazeiro-2026\/","title":{"rendered":"Palco Orla destaca Jo\u00e3o Gomes, Edson Gomes, Escandurras e Banjo Novo no Carnaval de Juazeiro 2026"},"content":{"rendered":"\n<p>O Palco Orla Circuito Luiz Galv\u00e3o integra a programa\u00e7\u00e3o do Carnaval de Juazeiro 2026 e recebe, entre os dias 29 de janeiro e 1\u00ba de fevereiro, na Orla II da cidade, apresenta\u00e7\u00f5es de artistas nacionais e regionais que refor\u00e7am a pluralidade musical da festa promovida pela Prefeitura de Juazeiro.<\/p>\n\n\n\n<p>O circuito se firma como um espa\u00e7o dedicado a diferentes linguagens musicais, reunindo samba-reggae, reggae, ax\u00e9, MPB, pop e sons alternativos, em uma programa\u00e7\u00e3o distribu\u00edda ao longo de quatro dias. A proposta amplia a experi\u00eancia do Carnaval \u00e0s margens do Rio S\u00e3o Francisco e atrai p\u00fablicos diversos, que encontram no Palco Orla uma alternativa aos desfiles de trio el\u00e9trico.<\/p>\n\n\n\n<p>Entre os principais destaques est\u00e3o Jo\u00e3o Gomes, vencedor do Grammy Latino, e Edson Gomes, refer\u00eancia do reggae no Brasil. O palco recebe ainda nome do samba como Escandurras e Banjo Novo, al\u00e9m de Banda Mel, Alexandre Le\u00e3o e Orquestra Velho Chico, reunindo artistas de diferentes gera\u00e7\u00f5es e trajet\u00f3rias.<\/p>\n\n\n\n<p>O Carnaval de Juazeiro 2026 \u00e9 realizado pela Prefeitura de Juazeiro, por meio da Secretaria de Cultura, Turismo e Esportes (Seculte), em parceria com o Governo do Estado da Bahia, atrav\u00e9s da Sufotur e da Setur, e com apoio do Governo Federal, por meio do Minist\u00e9rio do Turismo. A cidade abre oficialmente o Carnaval do Brasil com programa\u00e7\u00e3o antecipada, tr\u00eas circuitos e estrutura ampliada na orla.<\/p>\n\n\n\n<p>Ao todo, o evento re\u00fane mais de 50 atra\u00e7\u00f5es distribu\u00eddas entre o Circuito Ivete Sangalo, na Orla I\/Avenida Adolfo Viana, o Circuito Luiz Galv\u00e3o, na Orla II, e o Circuito Folia Kids, no Pa\u00e7o Municipal. A expectativa \u00e9 de cerca de 100 mil pessoas por noite, com impacto direto na economia local, no turismo e na gera\u00e7\u00e3o de trabalho, al\u00e9m de opera\u00e7\u00e3o integrada de seguran\u00e7a, servi\u00e7os e infraestrutura.<\/p>\n\n\n\n<p><strong>Programa\u00e7\u00e3o \u2013 Palco Orla<br>Circuito Luiz Galv\u00e3o | Orla II<\/strong><\/p>\n\n\n\n<p><strong>Quinta-feira (29\/01)<\/strong><br>18h30 \u2013 Tambor em Movimento<br>20h30 \u2013 Edu Casa Nova<br>22h30 \u2013 Semivelhos<br>0h30 \u2013 Banda Astral<\/p>\n\n\n\n<p><strong>Sexta-feira (30\/01)<\/strong><br>15h \u2013 Banda Senegal<br>16h30 \u2013 Tarc\u00edsio Black<br>18h30 \u2013 Alexandre Le\u00e3o<br>20h30 \u2013 Banjo Novo<br>22h30 \u2013 Benzadeus<br>0h30 \u2013 Autorais<\/p>\n\n\n\n<p><strong>S\u00e1bado (31\/01)<\/strong><br>15h \u2013 Orquestra Velho Chico<br>16h30 \u2013 Ricardinho Rodrigues<br>18h30 \u2013 Camila Yasmine<br>20h30 \u2013 Lary<br>22h30 \u2013 Escandurras<br>0h30 \u2013 Banda Mel<\/p>\n\n\n\n<p><strong>Domingo (01\/02)<\/strong><br>16h30 \u2013 Maguila e Banda<br>18h30 \u2013 Banda Lyra<br>20h30 \u2013 Brenno Casagrande<br>22h30 \u2013 Edson Gomes<br>0h30 \u2013 Jo\u00e3o Gomes<\/p>\n","protected":false},"excerpt":{"rendered":"<p>O Palco Orla Circuito Luiz Galv\u00e3o integra a programa\u00e7\u00e3o do Carnaval de Juazeiro 2026 e recebe, entre os dias 29 de janeiro e 1\u00ba de fevereiro, na Orla II da cidade, apresenta\u00e7\u00f5es de artistas nacionais e regionais que refor\u00e7am a pluralidade musical da festa promovida pela Prefeitura de Juazeiro. O circuito se firma como um [&hellip;]<\/p>\n","protected":false},"author":3,"featured_media":27541,"comment_status":"open","ping_status":"open","sticky":false,"template":"","format":"standard","meta":{"_monsterinsights_skip_tracking":false,"_monsterinsights_sitenote_active":false,"_monsterinsights_sitenote_note":"","_monsterinsights_sitenote_category":0,"footnotes":""},"categories":[44],"tags":[],"yoast_head":"<!-- This site is optimized with the Yoast SEO plugin v22.9 - https:\/\/yoast.com\/wordpress\/plugins\/seo\/ -->\n<title>Palco Orla destaca Jo\u00e3o Gomes, Edson Gomes, Escandurras e Banjo Novo no Carnaval de Juazeiro 2026 - Portal MF<\/title>\n<meta name=\"robots\" content=\"index, follow, max-snippet:-1, max-image-preview:large, max-video-preview:-1\" \/>\n<link rel=\"canonical\" href=\"https:\/\/portalmf.com.br\/index.php\/2026\/01\/28\/palco-orla-destaca-joao-gomes-edson-gomes-escandurras-e-banjo-novo-no-carnaval-de-juazeiro-2026\/\" \/>\n<meta property=\"og:locale\" content=\"pt_BR\" \/>\n<meta property=\"og:type\" content=\"article\" \/>\n<meta property=\"og:title\" content=\"Palco Orla destaca Jo\u00e3o Gomes, Edson Gomes, Escandurras e Banjo Novo no Carnaval de Juazeiro 2026 - Portal MF\" \/>\n<meta property=\"og:description\" content=\"O Palco Orla Circuito Luiz Galv\u00e3o integra a programa\u00e7\u00e3o do Carnaval de Juazeiro 2026 e recebe, entre os dias 29 de janeiro e 1\u00ba de fevereiro, na Orla II da cidade, apresenta\u00e7\u00f5es de artistas nacionais e regionais que refor\u00e7am a pluralidade musical da festa promovida pela Prefeitura de Juazeiro. O circuito se firma como um [&hellip;]\" \/>\n<meta property=\"og:url\" content=\"https:\/\/portalmf.com.br\/index.php\/2026\/01\/28\/palco-orla-destaca-joao-gomes-edson-gomes-escandurras-e-banjo-novo-no-carnaval-de-juazeiro-2026\/\" \/>\n<meta property=\"og:site_name\" content=\"Portal MF\" \/>\n<meta property=\"article:author\" content=\"https:\/\/www.facebook.com\/portalmfoficial\" \/>\n<meta property=\"article:published_time\" content=\"2026-01-28T23:49:23+00:00\" \/>\n<meta property=\"article:modified_time\" content=\"2026-01-28T23:49:24+00:00\" \/>\n<meta property=\"og:image\" content=\"https:\/\/portalmf.com.br\/wp-content\/uploads\/2024\/07\/edson-gomes-foto-divulgacao-salvador-bahia.jpg\" \/>\n\t<meta property=\"og:image:width\" content=\"700\" \/>\n\t<meta property=\"og:image:height\" content=\"525\" \/>\n\t<meta property=\"og:image:type\" content=\"image\/jpeg\" \/>\n<meta name=\"author\" content=\"Reda\u00e7\u00e3o Portal MF\" \/>\n<meta name=\"twitter:card\" content=\"summary_large_image\" \/>\n<meta name=\"twitter:creator\" content=\"@https:\/\/x.com\/portalmfoficial\" \/>\n<meta name=\"twitter:label1\" content=\"Escrito por\" \/>\n\t<meta name=\"twitter:data1\" content=\"Reda\u00e7\u00e3o Portal MF\" \/>\n\t<meta name=\"twitter:label2\" content=\"Est. tempo de leitura\" \/>\n\t<meta name=\"twitter:data2\" content=\"3 minutos\" \/>\n<script type=\"application\/ld+json\" class=\"yoast-schema-graph\">{\"@context\":\"https:\/\/schema.org\",\"@graph\":[{\"@type\":\"WebPage\",\"@id\":\"https:\/\/portalmf.com.br\/index.php\/2026\/01\/28\/palco-orla-destaca-joao-gomes-edson-gomes-escandurras-e-banjo-novo-no-carnaval-de-juazeiro-2026\/\",\"url\":\"https:\/\/portalmf.com.br\/index.php\/2026\/01\/28\/palco-orla-destaca-joao-gomes-edson-gomes-escandurras-e-banjo-novo-no-carnaval-de-juazeiro-2026\/\",\"name\":\"Palco Orla destaca Jo\u00e3o Gomes, Edson Gomes, Escandurras e Banjo Novo no Carnaval de Juazeiro 2026 - Portal MF\",\"isPartOf\":{\"@id\":\"https:\/\/portalmf.com.br\/#website\"},\"primaryImageOfPage\":{\"@id\":\"https:\/\/portalmf.com.br\/index.php\/2026\/01\/28\/palco-orla-destaca-joao-gomes-edson-gomes-escandurras-e-banjo-novo-no-carnaval-de-juazeiro-2026\/#primaryimage\"},\"image\":{\"@id\":\"https:\/\/portalmf.com.br\/index.php\/2026\/01\/28\/palco-orla-destaca-joao-gomes-edson-gomes-escandurras-e-banjo-novo-no-carnaval-de-juazeiro-2026\/#primaryimage\"},\"thumbnailUrl\":\"https:\/\/portalmf.com.br\/wp-content\/uploads\/2024\/07\/edson-gomes-foto-divulgacao-salvador-bahia.jpg\",\"datePublished\":\"2026-01-28T23:49:23+00:00\",\"dateModified\":\"2026-01-28T23:49:24+00:00\",\"author\":{\"@id\":\"https:\/\/portalmf.com.br\/#\/schema\/person\/9ec101baf56233e53520c26de5d6f6f0\"},\"breadcrumb\":{\"@id\":\"https:\/\/portalmf.com.br\/index.php\/2026\/01\/28\/palco-orla-destaca-joao-gomes-edson-gomes-escandurras-e-banjo-novo-no-carnaval-de-juazeiro-2026\/#breadcrumb\"},\"inLanguage\":\"pt-BR\",\"potentialAction\":[{\"@type\":\"ReadAction\",\"target\":[\"https:\/\/portalmf.com.br\/index.php\/2026\/01\/28\/palco-orla-destaca-joao-gomes-edson-gomes-escandurras-e-banjo-novo-no-carnaval-de-juazeiro-2026\/\"]}]},{\"@type\":\"ImageObject\",\"inLanguage\":\"pt-BR\",\"@id\":\"https:\/\/portalmf.com.br\/index.php\/2026\/01\/28\/palco-orla-destaca-joao-gomes-edson-gomes-escandurras-e-banjo-novo-no-carnaval-de-juazeiro-2026\/#primaryimage\",\"url\":\"https:\/\/portalmf.com.br\/wp-content\/uploads\/2024\/07\/edson-gomes-foto-divulgacao-salvador-bahia.jpg\",\"contentUrl\":\"https:\/\/portalmf.com.br\/wp-content\/uploads\/2024\/07\/edson-gomes-foto-divulgacao-salvador-bahia.jpg\",\"width\":700,\"height\":525},{\"@type\":\"BreadcrumbList\",\"@id\":\"https:\/\/portalmf.com.br\/index.php\/2026\/01\/28\/palco-orla-destaca-joao-gomes-edson-gomes-escandurras-e-banjo-novo-no-carnaval-de-juazeiro-2026\/#breadcrumb\",\"itemListElement\":[{\"@type\":\"ListItem\",\"position\":1,\"name\":\"In\u00edcio\",\"item\":\"https:\/\/portalmf.com.br\/\"},{\"@type\":\"ListItem\",\"position\":2,\"name\":\"Palco Orla destaca Jo\u00e3o Gomes, Edson Gomes, Escandurras e Banjo Novo no Carnaval de Juazeiro 2026\"}]},{\"@type\":\"WebSite\",\"@id\":\"https:\/\/portalmf.com.br\/#website\",\"url\":\"https:\/\/portalmf.com.br\/\",\"name\":\"Portal MF\",\"description\":\"Voc\u00ea conectado com a informa\u00e7\u00e3o\",\"potentialAction\":[{\"@type\":\"SearchAction\",\"target\":{\"@type\":\"EntryPoint\",\"urlTemplate\":\"https:\/\/portalmf.com.br\/?s={search_term_string}\"},\"query-input\":\"required name=search_term_string\"}],\"inLanguage\":\"pt-BR\"},{\"@type\":\"Person\",\"@id\":\"https:\/\/portalmf.com.br\/#\/schema\/person\/9ec101baf56233e53520c26de5d6f6f0\",\"name\":\"Reda\u00e7\u00e3o Portal MF\",\"image\":{\"@type\":\"ImageObject\",\"inLanguage\":\"pt-BR\",\"@id\":\"https:\/\/portalmf.com.br\/#\/schema\/person\/image\/\",\"url\":\"https:\/\/secure.gravatar.com\/avatar\/41b9aaeb2100835f7c64362330f74c7f?s=96&d=mm&r=g\",\"contentUrl\":\"https:\/\/secure.gravatar.com\/avatar\/41b9aaeb2100835f7c64362330f74c7f?s=96&d=mm&r=g\",\"caption\":\"Reda\u00e7\u00e3o Portal MF\"},\"description\":\"Sejam bem-vindos o portal de informa\u00e7\u00f5es de entretenimento de Feira de Santana, desde 2006 realiza coberturas dos principais eventos com entrevistas exclusivas com as principais personalidades mundiais. Fique conectado tamb\u00e9m nas redes sociais.\",\"sameAs\":[\"http:\/\/www.portalmf.com.br\/\",\"https:\/\/www.facebook.com\/portalmfoficial\",\"https:\/\/www.instagram.com\/portalmf\/\",\"https:\/\/x.com\/https:\/\/x.com\/portalmfoficial\",\"https:\/\/www.youtube.com\/@portalmfoficial\"],\"url\":\"https:\/\/portalmf.com.br\/index.php\/author\/junior\/\"}]}<\/script>\n<!-- \/ Yoast SEO plugin. -->","yoast_head_json":{"title":"Palco Orla destaca Jo\u00e3o Gomes, Edson Gomes, Escandurras e Banjo Novo no Carnaval de Juazeiro 2026 - Portal MF","robots":{"index":"index","follow":"follow","max-snippet":"max-snippet:-1","max-image-preview":"max-image-preview:large","max-video-preview":"max-video-preview:-1"},"canonical":"https:\/\/portalmf.com.br\/index.php\/2026\/01\/28\/palco-orla-destaca-joao-gomes-edson-gomes-escandurras-e-banjo-novo-no-carnaval-de-juazeiro-2026\/","og_locale":"pt_BR","og_type":"article","og_title":"Palco Orla destaca Jo\u00e3o Gomes, Edson Gomes, Escandurras e Banjo Novo no Carnaval de Juazeiro 2026 - Portal MF","og_description":"O Palco Orla Circuito Luiz Galv\u00e3o integra a programa\u00e7\u00e3o do Carnaval de Juazeiro 2026 e recebe, entre os dias 29 de janeiro e 1\u00ba de fevereiro, na Orla II da cidade, apresenta\u00e7\u00f5es de artistas nacionais e regionais que refor\u00e7am a pluralidade musical da festa promovida pela Prefeitura de Juazeiro. O circuito se firma como um [&hellip;]","og_url":"https:\/\/portalmf.com.br\/index.php\/2026\/01\/28\/palco-orla-destaca-joao-gomes-edson-gomes-escandurras-e-banjo-novo-no-carnaval-de-juazeiro-2026\/","og_site_name":"Portal MF","article_author":"https:\/\/www.facebook.com\/portalmfoficial","article_published_time":"2026-01-28T23:49:23+00:00","article_modified_time":"2026-01-28T23:49:24+00:00","og_image":[{"width":700,"height":525,"url":"https:\/\/portalmf.com.br\/wp-content\/uploads\/2024\/07\/edson-gomes-foto-divulgacao-salvador-bahia.jpg","type":"image\/jpeg"}],"author":"Reda\u00e7\u00e3o Portal MF","twitter_card":"summary_large_image","twitter_creator":"@https:\/\/x.com\/portalmfoficial","twitter_misc":{"Escrito por":"Reda\u00e7\u00e3o Portal MF","Est. tempo de leitura":"3 minutos"},"schema":{"@context":"https:\/\/schema.org","@graph":[{"@type":"WebPage","@id":"https:\/\/portalmf.com.br\/index.php\/2026\/01\/28\/palco-orla-destaca-joao-gomes-edson-gomes-escandurras-e-banjo-novo-no-carnaval-de-juazeiro-2026\/","url":"https:\/\/portalmf.com.br\/index.php\/2026\/01\/28\/palco-orla-destaca-joao-gomes-edson-gomes-escandurras-e-banjo-novo-no-carnaval-de-juazeiro-2026\/","name":"Palco Orla destaca Jo\u00e3o Gomes, Edson Gomes, Escandurras e Banjo Novo no Carnaval de Juazeiro 2026 - Portal MF","isPartOf":{"@id":"https:\/\/portalmf.com.br\/#website"},"primaryImageOfPage":{"@id":"https:\/\/portalmf.com.br\/index.php\/2026\/01\/28\/palco-orla-destaca-joao-gomes-edson-gomes-escandurras-e-banjo-novo-no-carnaval-de-juazeiro-2026\/#primaryimage"},"image":{"@id":"https:\/\/portalmf.com.br\/index.php\/2026\/01\/28\/palco-orla-destaca-joao-gomes-edson-gomes-escandurras-e-banjo-novo-no-carnaval-de-juazeiro-2026\/#primaryimage"},"thumbnailUrl":"https:\/\/portalmf.com.br\/wp-content\/uploads\/2024\/07\/edson-gomes-foto-divulgacao-salvador-bahia.jpg","datePublished":"2026-01-28T23:49:23+00:00","dateModified":"2026-01-28T23:49:24+00:00","author":{"@id":"https:\/\/portalmf.com.br\/#\/schema\/person\/9ec101baf56233e53520c26de5d6f6f0"},"breadcrumb":{"@id":"https:\/\/portalmf.com.br\/index.php\/2026\/01\/28\/palco-orla-destaca-joao-gomes-edson-gomes-escandurras-e-banjo-novo-no-carnaval-de-juazeiro-2026\/#breadcrumb"},"inLanguage":"pt-BR","potentialAction":[{"@type":"ReadAction","target":["https:\/\/portalmf.com.br\/index.php\/2026\/01\/28\/palco-orla-destaca-joao-gomes-edson-gomes-escandurras-e-banjo-novo-no-carnaval-de-juazeiro-2026\/"]}]},{"@type":"ImageObject","inLanguage":"pt-BR","@id":"https:\/\/portalmf.com.br\/index.php\/2026\/01\/28\/palco-orla-destaca-joao-gomes-edson-gomes-escandurras-e-banjo-novo-no-carnaval-de-juazeiro-2026\/#primaryimage","url":"https:\/\/portalmf.com.br\/wp-content\/uploads\/2024\/07\/edson-gomes-foto-divulgacao-salvador-bahia.jpg","contentUrl":"https:\/\/portalmf.com.br\/wp-content\/uploads\/2024\/07\/edson-gomes-foto-divulgacao-salvador-bahia.jpg","width":700,"height":525},{"@type":"BreadcrumbList","@id":"https:\/\/portalmf.com.br\/index.php\/2026\/01\/28\/palco-orla-destaca-joao-gomes-edson-gomes-escandurras-e-banjo-novo-no-carnaval-de-juazeiro-2026\/#breadcrumb","itemListElement":[{"@type":"ListItem","position":1,"name":"In\u00edcio","item":"https:\/\/portalmf.com.br\/"},{"@type":"ListItem","position":2,"name":"Palco Orla destaca Jo\u00e3o Gomes, Edson Gomes, Escandurras e Banjo Novo no Carnaval de Juazeiro 2026"}]},{"@type":"WebSite","@id":"https:\/\/portalmf.com.br\/#website","url":"https:\/\/portalmf.com.br\/","name":"Portal MF","description":"Voc\u00ea conectado com a informa\u00e7\u00e3o","potentialAction":[{"@type":"SearchAction","target":{"@type":"EntryPoint","urlTemplate":"https:\/\/portalmf.com.br\/?s={search_term_string}"},"query-input":"required name=search_term_string"}],"inLanguage":"pt-BR"},{"@type":"Person","@id":"https:\/\/portalmf.com.br\/#\/schema\/person\/9ec101baf56233e53520c26de5d6f6f0","name":"Reda\u00e7\u00e3o Portal MF","image":{"@type":"ImageObject","inLanguage":"pt-BR","@id":"https:\/\/portalmf.com.br\/#\/schema\/person\/image\/","url":"https:\/\/secure.gravatar.com\/avatar\/41b9aaeb2100835f7c64362330f74c7f?s=96&d=mm&r=g","contentUrl":"https:\/\/secure.gravatar.com\/avatar\/41b9aaeb2100835f7c64362330f74c7f?s=96&d=mm&r=g","caption":"Reda\u00e7\u00e3o Portal MF"},"description":"Sejam bem-vindos o portal de informa\u00e7\u00f5es de entretenimento de Feira de Santana, desde 2006 realiza coberturas dos principais eventos com entrevistas exclusivas com as principais personalidades mundiais. Fique conectado tamb\u00e9m nas redes sociais.","sameAs":["http:\/\/www.portalmf.com.br\/","https:\/\/www.facebook.com\/portalmfoficial","https:\/\/www.instagram.com\/portalmf\/","https:\/\/x.com\/https:\/\/x.com\/portalmfoficial","https:\/\/www.youtube.com\/@portalmfoficial"],"url":"https:\/\/portalmf.com.br\/index.php\/author\/junior\/"}]}},"_links":{"self":[{"href":"https:\/\/portalmf.com.br\/index.php\/wp-json\/wp\/v2\/posts\/41554"}],"collection":[{"href":"https:\/\/portalmf.com.br\/index.php\/wp-json\/wp\/v2\/posts"}],"about":[{"href":"https:\/\/portalmf.com.br\/index.php\/wp-json\/wp\/v2\/types\/post"}],"author":[{"embeddable":true,"href":"https:\/\/portalmf.com.br\/index.php\/wp-json\/wp\/v2\/users\/3"}],"replies":[{"embeddable":true,"href":"https:\/\/portalmf.com.br\/index.php\/wp-json\/wp\/v2\/comments?post=41554"}],"version-history":[{"count":1,"href":"https:\/\/portalmf.com.br\/index.php\/wp-json\/wp\/v2\/posts\/41554\/revisions"}],"predecessor-version":[{"id":41555,"href":"https:\/\/portalmf.com.br\/index.php\/wp-json\/wp\/v2\/posts\/41554\/revisions\/41555"}],"wp:featuredmedia":[{"embeddable":true,"href":"https:\/\/portalmf.com.br\/index.php\/wp-json\/wp\/v2\/media\/27541"}],"wp:attachment":[{"href":"https:\/\/portalmf.com.br\/index.php\/wp-json\/wp\/v2\/media?parent=41554"}],"wp:term":[{"taxonomy":"category","embeddable":true,"href":"https:\/\/portalmf.com.br\/index.php\/wp-json\/wp\/v2\/categories?post=41554"},{"taxonomy":"post_tag","embeddable":true,"href":"https:\/\/portalmf.com.br\/index.php\/wp-json\/wp\/v2\/tags?post=41554"}],"curies":[{"name":"wp","href":"https:\/\/api.w.org\/{rel}","templated":true}]}}