{"id":41517,"date":"2026-01-27T16:40:45","date_gmt":"2026-01-27T19:40:45","guid":{"rendered":"https:\/\/portalmf.com.br\/?p=41517"},"modified":"2026-01-27T16:40:48","modified_gmt":"2026-01-27T19:40:48","slug":"fiscalizacao-vistoria-camarotes-e-estruturas-montadas-para-o-carnaval-no-circuito-barra-ondina","status":"publish","type":"post","link":"https:\/\/portalmf.com.br\/index.php\/2026\/01\/27\/fiscalizacao-vistoria-camarotes-e-estruturas-montadas-para-o-carnaval-no-circuito-barra-ondina\/","title":{"rendered":"Fiscaliza\u00e7\u00e3o vistoria camarotes e estruturas montadas para o Carnaval no circuito Barra\/Ondina"},"content":{"rendered":"\n<p>Uma opera\u00e7\u00e3o de fiscaliza\u00e7\u00e3o da Prefeitura, realizada nesta ter\u00e7a-feira (27), vistoriou camarotes e estruturas montadas para o Carnaval de Salvador no Circuito Dod\u00f4 (Barra\/Ondina). Coordenada pela Secretaria Municipal de Desenvolvimento Urbano (Sedur), a iniciativa tem como intuito garantir o ordenamento urbano e a seguran\u00e7a do p\u00fablico que for curtir a festa, al\u00e9m de assegurar que as instala\u00e7\u00f5es estejam de acordo com a legisla\u00e7\u00e3o.<\/p>\n\n\n\n<p>Durante as vistorias, as equipes checaram se as estruturas contam com acompanhamento de profissional habilitado e se seguem os projetos previamente apresentados ao munic\u00edpio. Foram conferidas tamb\u00e9m quest\u00f5es relacionadas \u00e0 acessibilidade, aterramento e travamento das estruturas.<\/p>\n\n\n\n<p>Os respons\u00e1veis pelas montagens, inclusive, receberam orienta\u00e7\u00f5es sobre hor\u00e1rios adequados para carga e descarga de materiais, sobre proibi\u00e7\u00e3o de ocupa\u00e7\u00e3o irregular de espa\u00e7os p\u00fablicos e a necessidade de recompor eventuais \u00e1reas danificadas durante a instala\u00e7\u00e3o.<\/p>\n\n\n\n<figure class=\"wp-block-image size-large\"><img fetchpriority=\"high\" decoding=\"async\" width=\"1024\" height=\"620\" src=\"https:\/\/portalmf.com.br\/wp-content\/uploads\/2026\/01\/Fiscalizacao-vistoria-camarotes-e-estruturas-montadas-para-o-Carnaval-no-circuito-Barra_2-1024x620.jpg\" alt=\"\" class=\"wp-image-41519\" srcset=\"https:\/\/portalmf.com.br\/wp-content\/uploads\/2026\/01\/Fiscalizacao-vistoria-camarotes-e-estruturas-montadas-para-o-Carnaval-no-circuito-Barra_2-1024x620.jpg 1024w, https:\/\/portalmf.com.br\/wp-content\/uploads\/2026\/01\/Fiscalizacao-vistoria-camarotes-e-estruturas-montadas-para-o-Carnaval-no-circuito-Barra_2-300x182.jpg 300w, https:\/\/portalmf.com.br\/wp-content\/uploads\/2026\/01\/Fiscalizacao-vistoria-camarotes-e-estruturas-montadas-para-o-Carnaval-no-circuito-Barra_2-768x465.jpg 768w, https:\/\/portalmf.com.br\/wp-content\/uploads\/2026\/01\/Fiscalizacao-vistoria-camarotes-e-estruturas-montadas-para-o-Carnaval-no-circuito-Barra_2-1536x930.jpg 1536w, https:\/\/portalmf.com.br\/wp-content\/uploads\/2026\/01\/Fiscalizacao-vistoria-camarotes-e-estruturas-montadas-para-o-Carnaval-no-circuito-Barra_2-696x422.jpg 696w, https:\/\/portalmf.com.br\/wp-content\/uploads\/2026\/01\/Fiscalizacao-vistoria-camarotes-e-estruturas-montadas-para-o-Carnaval-no-circuito-Barra_2-1068x647.jpg 1068w, https:\/\/portalmf.com.br\/wp-content\/uploads\/2026\/01\/Fiscalizacao-vistoria-camarotes-e-estruturas-montadas-para-o-Carnaval-no-circuito-Barra_2.jpg 1600w\" sizes=\"(max-width: 1024px) 100vw, 1024px\" \/><figcaption class=\"wp-element-caption\"><strong>Fotos: Ot\u00e1vio Santos \/ Secom PMS<\/strong><\/figcaption><\/figure>\n\n\n\n<p>Os fiscais refor\u00e7aram ainda a import\u00e2ncia de crit\u00e9rios essenciais para o funcionamento dos equipamentos, como sistemas de prote\u00e7\u00e3o contra inc\u00eandio, rotas de fuga sinalizadas e itens como balizadores e extintores.<\/p>\n\n\n\n<p><em>\u201cTrabalhamos com preven\u00e7\u00e3o e, sobretudo, com a seguran\u00e7a. O Carnaval re\u00fane milhares de pessoas, mas tamb\u00e9m um h\u00e1 um staff de backstage que trabalha arduamente para que a festa ocorra da melhor forma. O objetivo maior \u00e9 esse, de que o per\u00edodo da festa seja positivo, gerando renda, economia e proporcionando o desenvolvimento na cidade\u201d,<\/em> disse o titular da Sedur, Sosthenes Mac\u00eado.<\/p>\n\n\n\n<p>O \u00f3rg\u00e3o j\u00e1 recebeu 22 solicita\u00e7\u00f5es de instala\u00e7\u00e3o de camarotes at\u00e9 o momento, al\u00e9m de pratic\u00e1veis e outras estruturas que ser\u00e3o utilizadas durante a festa. Mac\u00eado refor\u00e7a que toda e qualquer estrutura erguida no percurso e circuitos do Carnaval ter\u00e3o um olhar atento das equipes.<\/p>\n\n\n\n<p><em>\u201cNossos fiscais estar\u00e3o monitorando diuturnamente as estruturas, n\u00e3o s\u00f3 no per\u00edodo de pr\u00e9-Carnaval, mas durante a festa. Trata-se de um trabalho integrado e transversal com diversos \u00f3rg\u00e3os da Prefeitura e de outras empresas\u201d, <\/em>salientou. A opera\u00e7\u00e3o tamb\u00e9m contou com participa\u00e7\u00e3o de equipes da Defesa Civil de Salvador (Codesal) e da Neoenergia Coelba.<\/p>\n\n\n\n<p>Caso o cidad\u00e3o verifique alguma irregularidade nas montagens, den\u00fancias podem ser realizadas atrav\u00e9s do Disque Salvador 156 e do aplicativo Sonora Salvador.<\/p>\n","protected":false},"excerpt":{"rendered":"<p>Uma opera\u00e7\u00e3o de fiscaliza\u00e7\u00e3o da Prefeitura, realizada nesta ter\u00e7a-feira (27), vistoriou camarotes e estruturas montadas para o Carnaval de Salvador no Circuito Dod\u00f4 (Barra\/Ondina). Coordenada pela Secretaria Municipal de Desenvolvimento Urbano (Sedur), a iniciativa tem como intuito garantir o ordenamento urbano e a seguran\u00e7a do p\u00fablico que for curtir a festa, al\u00e9m de assegurar que [&hellip;]<\/p>\n","protected":false},"author":3,"featured_media":41518,"comment_status":"open","ping_status":"open","sticky":false,"template":"","format":"standard","meta":{"_monsterinsights_skip_tracking":false,"_monsterinsights_sitenote_active":false,"_monsterinsights_sitenote_note":"","_monsterinsights_sitenote_category":0,"footnotes":""},"categories":[44,48],"tags":[],"yoast_head":"<!-- This site is optimized with the Yoast SEO plugin v22.9 - https:\/\/yoast.com\/wordpress\/plugins\/seo\/ -->\n<title>Fiscaliza\u00e7\u00e3o vistoria camarotes e estruturas montadas para o Carnaval no circuito Barra\/Ondina - Portal MF<\/title>\n<meta name=\"robots\" content=\"index, follow, max-snippet:-1, max-image-preview:large, max-video-preview:-1\" \/>\n<link rel=\"canonical\" href=\"https:\/\/portalmf.com.br\/index.php\/2026\/01\/27\/fiscalizacao-vistoria-camarotes-e-estruturas-montadas-para-o-carnaval-no-circuito-barra-ondina\/\" \/>\n<meta property=\"og:locale\" content=\"pt_BR\" \/>\n<meta property=\"og:type\" content=\"article\" \/>\n<meta property=\"og:title\" content=\"Fiscaliza\u00e7\u00e3o vistoria camarotes e estruturas montadas para o Carnaval no circuito Barra\/Ondina - Portal MF\" \/>\n<meta property=\"og:description\" content=\"Uma opera\u00e7\u00e3o de fiscaliza\u00e7\u00e3o da Prefeitura, realizada nesta ter\u00e7a-feira (27), vistoriou camarotes e estruturas montadas para o Carnaval de Salvador no Circuito Dod\u00f4 (Barra\/Ondina). Coordenada pela Secretaria Municipal de Desenvolvimento Urbano (Sedur), a iniciativa tem como intuito garantir o ordenamento urbano e a seguran\u00e7a do p\u00fablico que for curtir a festa, al\u00e9m de assegurar que [&hellip;]\" \/>\n<meta property=\"og:url\" content=\"https:\/\/portalmf.com.br\/index.php\/2026\/01\/27\/fiscalizacao-vistoria-camarotes-e-estruturas-montadas-para-o-carnaval-no-circuito-barra-ondina\/\" \/>\n<meta property=\"og:site_name\" content=\"Portal MF\" \/>\n<meta property=\"article:author\" content=\"https:\/\/www.facebook.com\/portalmfoficial\" \/>\n<meta property=\"article:published_time\" content=\"2026-01-27T19:40:45+00:00\" \/>\n<meta property=\"article:modified_time\" content=\"2026-01-27T19:40:48+00:00\" \/>\n<meta property=\"og:image\" content=\"https:\/\/portalmf.com.br\/wp-content\/uploads\/2026\/01\/Fiscalizacao-vistoria-camarotes-e-estruturas-montadas-para-o-Carnaval-no-circuito-Barra_.jpg\" \/>\n\t<meta property=\"og:image:width\" content=\"1600\" \/>\n\t<meta property=\"og:image:height\" content=\"995\" \/>\n\t<meta property=\"og:image:type\" content=\"image\/jpeg\" \/>\n<meta name=\"author\" content=\"Reda\u00e7\u00e3o Portal MF\" \/>\n<meta name=\"twitter:card\" content=\"summary_large_image\" \/>\n<meta name=\"twitter:creator\" content=\"@https:\/\/x.com\/portalmfoficial\" \/>\n<meta name=\"twitter:label1\" content=\"Escrito por\" \/>\n\t<meta name=\"twitter:data1\" content=\"Reda\u00e7\u00e3o Portal MF\" \/>\n\t<meta name=\"twitter:label2\" content=\"Est. tempo de leitura\" \/>\n\t<meta name=\"twitter:data2\" content=\"3 minutos\" \/>\n<script type=\"application\/ld+json\" class=\"yoast-schema-graph\">{\"@context\":\"https:\/\/schema.org\",\"@graph\":[{\"@type\":\"WebPage\",\"@id\":\"https:\/\/portalmf.com.br\/index.php\/2026\/01\/27\/fiscalizacao-vistoria-camarotes-e-estruturas-montadas-para-o-carnaval-no-circuito-barra-ondina\/\",\"url\":\"https:\/\/portalmf.com.br\/index.php\/2026\/01\/27\/fiscalizacao-vistoria-camarotes-e-estruturas-montadas-para-o-carnaval-no-circuito-barra-ondina\/\",\"name\":\"Fiscaliza\u00e7\u00e3o vistoria camarotes e estruturas montadas para o Carnaval no circuito Barra\/Ondina - Portal MF\",\"isPartOf\":{\"@id\":\"https:\/\/portalmf.com.br\/#website\"},\"primaryImageOfPage\":{\"@id\":\"https:\/\/portalmf.com.br\/index.php\/2026\/01\/27\/fiscalizacao-vistoria-camarotes-e-estruturas-montadas-para-o-carnaval-no-circuito-barra-ondina\/#primaryimage\"},\"image\":{\"@id\":\"https:\/\/portalmf.com.br\/index.php\/2026\/01\/27\/fiscalizacao-vistoria-camarotes-e-estruturas-montadas-para-o-carnaval-no-circuito-barra-ondina\/#primaryimage\"},\"thumbnailUrl\":\"https:\/\/portalmf.com.br\/wp-content\/uploads\/2026\/01\/Fiscalizacao-vistoria-camarotes-e-estruturas-montadas-para-o-Carnaval-no-circuito-Barra_.jpg\",\"datePublished\":\"2026-01-27T19:40:45+00:00\",\"dateModified\":\"2026-01-27T19:40:48+00:00\",\"author\":{\"@id\":\"https:\/\/portalmf.com.br\/#\/schema\/person\/9ec101baf56233e53520c26de5d6f6f0\"},\"breadcrumb\":{\"@id\":\"https:\/\/portalmf.com.br\/index.php\/2026\/01\/27\/fiscalizacao-vistoria-camarotes-e-estruturas-montadas-para-o-carnaval-no-circuito-barra-ondina\/#breadcrumb\"},\"inLanguage\":\"pt-BR\",\"potentialAction\":[{\"@type\":\"ReadAction\",\"target\":[\"https:\/\/portalmf.com.br\/index.php\/2026\/01\/27\/fiscalizacao-vistoria-camarotes-e-estruturas-montadas-para-o-carnaval-no-circuito-barra-ondina\/\"]}]},{\"@type\":\"ImageObject\",\"inLanguage\":\"pt-BR\",\"@id\":\"https:\/\/portalmf.com.br\/index.php\/2026\/01\/27\/fiscalizacao-vistoria-camarotes-e-estruturas-montadas-para-o-carnaval-no-circuito-barra-ondina\/#primaryimage\",\"url\":\"https:\/\/portalmf.com.br\/wp-content\/uploads\/2026\/01\/Fiscalizacao-vistoria-camarotes-e-estruturas-montadas-para-o-Carnaval-no-circuito-Barra_.jpg\",\"contentUrl\":\"https:\/\/portalmf.com.br\/wp-content\/uploads\/2026\/01\/Fiscalizacao-vistoria-camarotes-e-estruturas-montadas-para-o-Carnaval-no-circuito-Barra_.jpg\",\"width\":1600,\"height\":995,\"caption\":\"Fotos: Ot\u00e1vio Santos \/ Secom PMS\"},{\"@type\":\"BreadcrumbList\",\"@id\":\"https:\/\/portalmf.com.br\/index.php\/2026\/01\/27\/fiscalizacao-vistoria-camarotes-e-estruturas-montadas-para-o-carnaval-no-circuito-barra-ondina\/#breadcrumb\",\"itemListElement\":[{\"@type\":\"ListItem\",\"position\":1,\"name\":\"In\u00edcio\",\"item\":\"https:\/\/portalmf.com.br\/\"},{\"@type\":\"ListItem\",\"position\":2,\"name\":\"Fiscaliza\u00e7\u00e3o vistoria camarotes e estruturas montadas para o Carnaval no circuito Barra\/Ondina\"}]},{\"@type\":\"WebSite\",\"@id\":\"https:\/\/portalmf.com.br\/#website\",\"url\":\"https:\/\/portalmf.com.br\/\",\"name\":\"Portal MF\",\"description\":\"Voc\u00ea conectado com a informa\u00e7\u00e3o\",\"potentialAction\":[{\"@type\":\"SearchAction\",\"target\":{\"@type\":\"EntryPoint\",\"urlTemplate\":\"https:\/\/portalmf.com.br\/?s={search_term_string}\"},\"query-input\":\"required name=search_term_string\"}],\"inLanguage\":\"pt-BR\"},{\"@type\":\"Person\",\"@id\":\"https:\/\/portalmf.com.br\/#\/schema\/person\/9ec101baf56233e53520c26de5d6f6f0\",\"name\":\"Reda\u00e7\u00e3o Portal MF\",\"image\":{\"@type\":\"ImageObject\",\"inLanguage\":\"pt-BR\",\"@id\":\"https:\/\/portalmf.com.br\/#\/schema\/person\/image\/\",\"url\":\"https:\/\/secure.gravatar.com\/avatar\/41b9aaeb2100835f7c64362330f74c7f?s=96&d=mm&r=g\",\"contentUrl\":\"https:\/\/secure.gravatar.com\/avatar\/41b9aaeb2100835f7c64362330f74c7f?s=96&d=mm&r=g\",\"caption\":\"Reda\u00e7\u00e3o Portal MF\"},\"description\":\"Sejam bem-vindos o portal de informa\u00e7\u00f5es de entretenimento de Feira de Santana, desde 2006 realiza coberturas dos principais eventos com entrevistas exclusivas com as principais personalidades mundiais. Fique conectado tamb\u00e9m nas redes sociais.\",\"sameAs\":[\"http:\/\/www.portalmf.com.br\/\",\"https:\/\/www.facebook.com\/portalmfoficial\",\"https:\/\/www.instagram.com\/portalmf\/\",\"https:\/\/x.com\/https:\/\/x.com\/portalmfoficial\",\"https:\/\/www.youtube.com\/@portalmfoficial\"],\"url\":\"https:\/\/portalmf.com.br\/index.php\/author\/junior\/\"}]}<\/script>\n<!-- \/ Yoast SEO plugin. -->","yoast_head_json":{"title":"Fiscaliza\u00e7\u00e3o vistoria camarotes e estruturas montadas para o Carnaval no circuito Barra\/Ondina - Portal MF","robots":{"index":"index","follow":"follow","max-snippet":"max-snippet:-1","max-image-preview":"max-image-preview:large","max-video-preview":"max-video-preview:-1"},"canonical":"https:\/\/portalmf.com.br\/index.php\/2026\/01\/27\/fiscalizacao-vistoria-camarotes-e-estruturas-montadas-para-o-carnaval-no-circuito-barra-ondina\/","og_locale":"pt_BR","og_type":"article","og_title":"Fiscaliza\u00e7\u00e3o vistoria camarotes e estruturas montadas para o Carnaval no circuito Barra\/Ondina - Portal MF","og_description":"Uma opera\u00e7\u00e3o de fiscaliza\u00e7\u00e3o da Prefeitura, realizada nesta ter\u00e7a-feira (27), vistoriou camarotes e estruturas montadas para o Carnaval de Salvador no Circuito Dod\u00f4 (Barra\/Ondina). Coordenada pela Secretaria Municipal de Desenvolvimento Urbano (Sedur), a iniciativa tem como intuito garantir o ordenamento urbano e a seguran\u00e7a do p\u00fablico que for curtir a festa, al\u00e9m de assegurar que [&hellip;]","og_url":"https:\/\/portalmf.com.br\/index.php\/2026\/01\/27\/fiscalizacao-vistoria-camarotes-e-estruturas-montadas-para-o-carnaval-no-circuito-barra-ondina\/","og_site_name":"Portal MF","article_author":"https:\/\/www.facebook.com\/portalmfoficial","article_published_time":"2026-01-27T19:40:45+00:00","article_modified_time":"2026-01-27T19:40:48+00:00","og_image":[{"width":1600,"height":995,"url":"https:\/\/portalmf.com.br\/wp-content\/uploads\/2026\/01\/Fiscalizacao-vistoria-camarotes-e-estruturas-montadas-para-o-Carnaval-no-circuito-Barra_.jpg","type":"image\/jpeg"}],"author":"Reda\u00e7\u00e3o Portal MF","twitter_card":"summary_large_image","twitter_creator":"@https:\/\/x.com\/portalmfoficial","twitter_misc":{"Escrito por":"Reda\u00e7\u00e3o Portal MF","Est. tempo de leitura":"3 minutos"},"schema":{"@context":"https:\/\/schema.org","@graph":[{"@type":"WebPage","@id":"https:\/\/portalmf.com.br\/index.php\/2026\/01\/27\/fiscalizacao-vistoria-camarotes-e-estruturas-montadas-para-o-carnaval-no-circuito-barra-ondina\/","url":"https:\/\/portalmf.com.br\/index.php\/2026\/01\/27\/fiscalizacao-vistoria-camarotes-e-estruturas-montadas-para-o-carnaval-no-circuito-barra-ondina\/","name":"Fiscaliza\u00e7\u00e3o vistoria camarotes e estruturas montadas para o Carnaval no circuito Barra\/Ondina - Portal MF","isPartOf":{"@id":"https:\/\/portalmf.com.br\/#website"},"primaryImageOfPage":{"@id":"https:\/\/portalmf.com.br\/index.php\/2026\/01\/27\/fiscalizacao-vistoria-camarotes-e-estruturas-montadas-para-o-carnaval-no-circuito-barra-ondina\/#primaryimage"},"image":{"@id":"https:\/\/portalmf.com.br\/index.php\/2026\/01\/27\/fiscalizacao-vistoria-camarotes-e-estruturas-montadas-para-o-carnaval-no-circuito-barra-ondina\/#primaryimage"},"thumbnailUrl":"https:\/\/portalmf.com.br\/wp-content\/uploads\/2026\/01\/Fiscalizacao-vistoria-camarotes-e-estruturas-montadas-para-o-Carnaval-no-circuito-Barra_.jpg","datePublished":"2026-01-27T19:40:45+00:00","dateModified":"2026-01-27T19:40:48+00:00","author":{"@id":"https:\/\/portalmf.com.br\/#\/schema\/person\/9ec101baf56233e53520c26de5d6f6f0"},"breadcrumb":{"@id":"https:\/\/portalmf.com.br\/index.php\/2026\/01\/27\/fiscalizacao-vistoria-camarotes-e-estruturas-montadas-para-o-carnaval-no-circuito-barra-ondina\/#breadcrumb"},"inLanguage":"pt-BR","potentialAction":[{"@type":"ReadAction","target":["https:\/\/portalmf.com.br\/index.php\/2026\/01\/27\/fiscalizacao-vistoria-camarotes-e-estruturas-montadas-para-o-carnaval-no-circuito-barra-ondina\/"]}]},{"@type":"ImageObject","inLanguage":"pt-BR","@id":"https:\/\/portalmf.com.br\/index.php\/2026\/01\/27\/fiscalizacao-vistoria-camarotes-e-estruturas-montadas-para-o-carnaval-no-circuito-barra-ondina\/#primaryimage","url":"https:\/\/portalmf.com.br\/wp-content\/uploads\/2026\/01\/Fiscalizacao-vistoria-camarotes-e-estruturas-montadas-para-o-Carnaval-no-circuito-Barra_.jpg","contentUrl":"https:\/\/portalmf.com.br\/wp-content\/uploads\/2026\/01\/Fiscalizacao-vistoria-camarotes-e-estruturas-montadas-para-o-Carnaval-no-circuito-Barra_.jpg","width":1600,"height":995,"caption":"Fotos: Ot\u00e1vio Santos \/ Secom PMS"},{"@type":"BreadcrumbList","@id":"https:\/\/portalmf.com.br\/index.php\/2026\/01\/27\/fiscalizacao-vistoria-camarotes-e-estruturas-montadas-para-o-carnaval-no-circuito-barra-ondina\/#breadcrumb","itemListElement":[{"@type":"ListItem","position":1,"name":"In\u00edcio","item":"https:\/\/portalmf.com.br\/"},{"@type":"ListItem","position":2,"name":"Fiscaliza\u00e7\u00e3o vistoria camarotes e estruturas montadas para o Carnaval no circuito Barra\/Ondina"}]},{"@type":"WebSite","@id":"https:\/\/portalmf.com.br\/#website","url":"https:\/\/portalmf.com.br\/","name":"Portal MF","description":"Voc\u00ea conectado com a informa\u00e7\u00e3o","potentialAction":[{"@type":"SearchAction","target":{"@type":"EntryPoint","urlTemplate":"https:\/\/portalmf.com.br\/?s={search_term_string}"},"query-input":"required name=search_term_string"}],"inLanguage":"pt-BR"},{"@type":"Person","@id":"https:\/\/portalmf.com.br\/#\/schema\/person\/9ec101baf56233e53520c26de5d6f6f0","name":"Reda\u00e7\u00e3o Portal MF","image":{"@type":"ImageObject","inLanguage":"pt-BR","@id":"https:\/\/portalmf.com.br\/#\/schema\/person\/image\/","url":"https:\/\/secure.gravatar.com\/avatar\/41b9aaeb2100835f7c64362330f74c7f?s=96&d=mm&r=g","contentUrl":"https:\/\/secure.gravatar.com\/avatar\/41b9aaeb2100835f7c64362330f74c7f?s=96&d=mm&r=g","caption":"Reda\u00e7\u00e3o Portal MF"},"description":"Sejam bem-vindos o portal de informa\u00e7\u00f5es de entretenimento de Feira de Santana, desde 2006 realiza coberturas dos principais eventos com entrevistas exclusivas com as principais personalidades mundiais. Fique conectado tamb\u00e9m nas redes sociais.","sameAs":["http:\/\/www.portalmf.com.br\/","https:\/\/www.facebook.com\/portalmfoficial","https:\/\/www.instagram.com\/portalmf\/","https:\/\/x.com\/https:\/\/x.com\/portalmfoficial","https:\/\/www.youtube.com\/@portalmfoficial"],"url":"https:\/\/portalmf.com.br\/index.php\/author\/junior\/"}]}},"_links":{"self":[{"href":"https:\/\/portalmf.com.br\/index.php\/wp-json\/wp\/v2\/posts\/41517"}],"collection":[{"href":"https:\/\/portalmf.com.br\/index.php\/wp-json\/wp\/v2\/posts"}],"about":[{"href":"https:\/\/portalmf.com.br\/index.php\/wp-json\/wp\/v2\/types\/post"}],"author":[{"embeddable":true,"href":"https:\/\/portalmf.com.br\/index.php\/wp-json\/wp\/v2\/users\/3"}],"replies":[{"embeddable":true,"href":"https:\/\/portalmf.com.br\/index.php\/wp-json\/wp\/v2\/comments?post=41517"}],"version-history":[{"count":1,"href":"https:\/\/portalmf.com.br\/index.php\/wp-json\/wp\/v2\/posts\/41517\/revisions"}],"predecessor-version":[{"id":41520,"href":"https:\/\/portalmf.com.br\/index.php\/wp-json\/wp\/v2\/posts\/41517\/revisions\/41520"}],"wp:featuredmedia":[{"embeddable":true,"href":"https:\/\/portalmf.com.br\/index.php\/wp-json\/wp\/v2\/media\/41518"}],"wp:attachment":[{"href":"https:\/\/portalmf.com.br\/index.php\/wp-json\/wp\/v2\/media?parent=41517"}],"wp:term":[{"taxonomy":"category","embeddable":true,"href":"https:\/\/portalmf.com.br\/index.php\/wp-json\/wp\/v2\/categories?post=41517"},{"taxonomy":"post_tag","embeddable":true,"href":"https:\/\/portalmf.com.br\/index.php\/wp-json\/wp\/v2\/tags?post=41517"}],"curies":[{"name":"wp","href":"https:\/\/api.w.org\/{rel}","templated":true}]}}