{"id":41480,"date":"2026-01-26T19:47:36","date_gmt":"2026-01-26T22:47:36","guid":{"rendered":"https:\/\/portalmf.com.br\/?p=41480"},"modified":"2026-01-26T19:47:38","modified_gmt":"2026-01-26T22:47:38","slug":"quero-ver-o-momo-leva-o-samba-junino-ao-circuito-batatinha","status":"publish","type":"post","link":"https:\/\/portalmf.com.br\/index.php\/2026\/01\/26\/quero-ver-o-momo-leva-o-samba-junino-ao-circuito-batatinha\/","title":{"rendered":"Quero\u00a0Ver\u00a0o\u00a0Momo\u00a0leva\u00a0o Samba Junino ao Circuito Batatinha"},"content":{"rendered":"\n<p>Celebrando as ra\u00edzes de Salvador e o melhor dos antigos carnavais, o Bloco&nbsp;Quero Ver o Momo leva ao Circuito Batatinha, no domingo de Carnaval,&nbsp;15&nbsp;de&nbsp;fevereiro&nbsp;de 2026, a tem\u00e1tica \u201cNo Batuque do Samba Junino\u201d, homenageando um dos ritmos mais emblem\u00e1ticos da cultura soteropolitana e reafirmando seu&nbsp;compromisso&nbsp;com&nbsp;a valoriza\u00e7\u00e3o das manifesta\u00e7\u00f5es culturais afro-baianas.<\/p>\n\n\n\n<p>Nesta edi\u00e7\u00e3o, o bloco&nbsp;adota&nbsp;o&nbsp;Samba&nbsp;Junino&nbsp;como&nbsp;eixo&nbsp;central&nbsp;do&nbsp;cortejo,&nbsp;exaltando a import\u00e2ncia do ritmo como patrim\u00f4nio imaterial da cidade, nascido nos bairros populares e nas experi\u00eancias comunit\u00e1rias. Para participar do desfile, os foli\u00f5es poder\u00e3o trocar 2 kg de alimentos n\u00e3o perec\u00edveis pelo kit oficial do bloco (abad\u00e1 e chap\u00e9u de sambista), no Balc\u00e3o Samba Vivo, localizado no Piso L4 do Shopping Piedade. Os alimentos arrecadados ser\u00e3o destinados, ao final do Carnaval, a uma institui\u00e7\u00e3o social parceira, fortalecendo a\u00e7\u00f5es solid\u00e1rias que fazem parte da identidade do bloco.<\/p>\n\n\n\n<p>O cortejo contar\u00e1 com o Samba Fogueir\u00e3o, grupo com ra\u00edzes fincadas no bairro da Federa\u00e7\u00e3o, territ\u00f3rio historicamente ligado \u00e0 resist\u00eancia cultural e ao fortalecimento do samba junino em Salvador. Fundado a partir das tradi\u00e7\u00f5es dos sambas de rua e das festas populares, o Samba Fogueir\u00e3o \u00e9 refer\u00eancia na preserva\u00e7\u00e3o e difus\u00e3o do chamado samba duro, mantendo viva a pulsa\u00e7\u00e3o r\u00edtmica, a batida marcada e o&nbsp;canto coletivo que atravessam gera\u00e7\u00f5es.<\/p>\n\n\n\n<p><em>\u201cO Samba Fogueir\u00e3o chega para somar, trazendo a alegria e a ess\u00eancia do samba junino que nasce nos bairros. Junto com os mestres que vamos homenagear, queremos fazer um carnaval vivo, representativo, que una gera\u00e7\u00f5es e fortale\u00e7a a cultura afro-brasileira\u201d,<\/em> compartilha a presidente do bloco, a produtora cultural Cris&nbsp;Santana.<\/p>\n\n\n\n<p>O desfile contar\u00e1 ainda com alas que reverenciam mestres e mestras da cultura popular, baianas de acaraj\u00e9, o tradicional mestre-sala e porta-bandeira, al\u00e9m da j\u00e1 consagrada Realeza Momesca da Melhor Idade, composta por mulheres idosas de&nbsp;Salvador.<\/p>\n\n\n\n<p>Fundado com o prop\u00f3sito de resgatar a alegria dos antigos carnavais e promover encontros intergeracionais, o Bloco Quero Ver o Momo consolidou-se como uma importante manifesta\u00e7\u00e3o cultural do Centro Hist\u00f3rico de Salvador, reunindo fam\u00edlias, idosos, juventudes e crian\u00e7as em um desfile marcado pelo afeto, pela mem\u00f3ria coletiva e pela celebra\u00e7\u00e3o da cultura popular.<\/p>\n\n\n\n<p>A Associa\u00e7\u00e3o Cultural e Carnavalesca Quero Ver o Momo \u00e9 uma entidade apoiada pelo Programa Ouro Negro, iniciativa do Governo da Bahia que fortalece a cultura popular e identit\u00e1ria do estado. Em 2026, o Ouro Negro tem investimento recorde na valoriza\u00e7\u00e3o de blocos afro, afox\u00e9s, grupos de samba, reggae e blocos de \u00edndio. Com esse apoio, a tradi\u00e7\u00e3o e a ancestralidade s\u00e3o protagonistas no carnaval e nas festas populares da Bahia.<\/p>\n","protected":false},"excerpt":{"rendered":"<p>Celebrando as ra\u00edzes de Salvador e o melhor dos antigos carnavais, o Bloco&nbsp;Quero Ver o Momo leva ao Circuito Batatinha, no domingo de Carnaval,&nbsp;15&nbsp;de&nbsp;fevereiro&nbsp;de 2026, a tem\u00e1tica \u201cNo Batuque do Samba Junino\u201d, homenageando um dos ritmos mais emblem\u00e1ticos da cultura soteropolitana e reafirmando seu&nbsp;compromisso&nbsp;com&nbsp;a valoriza\u00e7\u00e3o das manifesta\u00e7\u00f5es culturais afro-baianas. Nesta edi\u00e7\u00e3o, o bloco&nbsp;adota&nbsp;o&nbsp;Samba&nbsp;Junino&nbsp;como&nbsp;eixo&nbsp;central&nbsp;do&nbsp;cortejo,&nbsp;exaltando a import\u00e2ncia [&hellip;]<\/p>\n","protected":false},"author":3,"featured_media":41481,"comment_status":"open","ping_status":"open","sticky":false,"template":"","format":"standard","meta":{"_monsterinsights_skip_tracking":false,"_monsterinsights_sitenote_active":false,"_monsterinsights_sitenote_note":"","_monsterinsights_sitenote_category":0,"footnotes":""},"categories":[44],"tags":[],"yoast_head":"<!-- This site is optimized with the Yoast SEO plugin v22.9 - https:\/\/yoast.com\/wordpress\/plugins\/seo\/ -->\n<title>Quero\u00a0Ver\u00a0o\u00a0Momo\u00a0leva\u00a0o Samba Junino ao Circuito Batatinha - Portal MF<\/title>\n<meta name=\"robots\" content=\"index, follow, max-snippet:-1, max-image-preview:large, max-video-preview:-1\" \/>\n<link rel=\"canonical\" href=\"https:\/\/portalmf.com.br\/index.php\/2026\/01\/26\/quero-ver-o-momo-leva-o-samba-junino-ao-circuito-batatinha\/\" \/>\n<meta property=\"og:locale\" content=\"pt_BR\" \/>\n<meta property=\"og:type\" content=\"article\" \/>\n<meta property=\"og:title\" content=\"Quero\u00a0Ver\u00a0o\u00a0Momo\u00a0leva\u00a0o Samba Junino ao Circuito Batatinha - Portal MF\" \/>\n<meta property=\"og:description\" content=\"Celebrando as ra\u00edzes de Salvador e o melhor dos antigos carnavais, o Bloco&nbsp;Quero Ver o Momo leva ao Circuito Batatinha, no domingo de Carnaval,&nbsp;15&nbsp;de&nbsp;fevereiro&nbsp;de 2026, a tem\u00e1tica \u201cNo Batuque do Samba Junino\u201d, homenageando um dos ritmos mais emblem\u00e1ticos da cultura soteropolitana e reafirmando seu&nbsp;compromisso&nbsp;com&nbsp;a valoriza\u00e7\u00e3o das manifesta\u00e7\u00f5es culturais afro-baianas. Nesta edi\u00e7\u00e3o, o bloco&nbsp;adota&nbsp;o&nbsp;Samba&nbsp;Junino&nbsp;como&nbsp;eixo&nbsp;central&nbsp;do&nbsp;cortejo,&nbsp;exaltando a import\u00e2ncia [&hellip;]\" \/>\n<meta property=\"og:url\" content=\"https:\/\/portalmf.com.br\/index.php\/2026\/01\/26\/quero-ver-o-momo-leva-o-samba-junino-ao-circuito-batatinha\/\" \/>\n<meta property=\"og:site_name\" content=\"Portal MF\" \/>\n<meta property=\"article:author\" content=\"https:\/\/www.facebook.com\/portalmfoficial\" \/>\n<meta property=\"article:published_time\" content=\"2026-01-26T22:47:36+00:00\" \/>\n<meta property=\"article:modified_time\" content=\"2026-01-26T22:47:38+00:00\" \/>\n<meta property=\"og:image\" content=\"https:\/\/portalmf.com.br\/wp-content\/uploads\/2026\/01\/lucas-goncalves-estandarte.jpeg\" \/>\n\t<meta property=\"og:image:width\" content=\"1024\" \/>\n\t<meta property=\"og:image:height\" content=\"683\" \/>\n\t<meta property=\"og:image:type\" content=\"image\/jpeg\" \/>\n<meta name=\"author\" content=\"Reda\u00e7\u00e3o Portal MF\" \/>\n<meta name=\"twitter:card\" content=\"summary_large_image\" \/>\n<meta name=\"twitter:creator\" content=\"@https:\/\/x.com\/portalmfoficial\" \/>\n<meta name=\"twitter:label1\" content=\"Escrito por\" \/>\n\t<meta name=\"twitter:data1\" content=\"Reda\u00e7\u00e3o Portal MF\" \/>\n\t<meta name=\"twitter:label2\" content=\"Est. tempo de leitura\" \/>\n\t<meta name=\"twitter:data2\" content=\"3 minutos\" \/>\n<script type=\"application\/ld+json\" class=\"yoast-schema-graph\">{\"@context\":\"https:\/\/schema.org\",\"@graph\":[{\"@type\":\"WebPage\",\"@id\":\"https:\/\/portalmf.com.br\/index.php\/2026\/01\/26\/quero-ver-o-momo-leva-o-samba-junino-ao-circuito-batatinha\/\",\"url\":\"https:\/\/portalmf.com.br\/index.php\/2026\/01\/26\/quero-ver-o-momo-leva-o-samba-junino-ao-circuito-batatinha\/\",\"name\":\"Quero\u00a0Ver\u00a0o\u00a0Momo\u00a0leva\u00a0o Samba Junino ao Circuito Batatinha - Portal MF\",\"isPartOf\":{\"@id\":\"https:\/\/portalmf.com.br\/#website\"},\"primaryImageOfPage\":{\"@id\":\"https:\/\/portalmf.com.br\/index.php\/2026\/01\/26\/quero-ver-o-momo-leva-o-samba-junino-ao-circuito-batatinha\/#primaryimage\"},\"image\":{\"@id\":\"https:\/\/portalmf.com.br\/index.php\/2026\/01\/26\/quero-ver-o-momo-leva-o-samba-junino-ao-circuito-batatinha\/#primaryimage\"},\"thumbnailUrl\":\"https:\/\/portalmf.com.br\/wp-content\/uploads\/2026\/01\/lucas-goncalves-estandarte.jpeg\",\"datePublished\":\"2026-01-26T22:47:36+00:00\",\"dateModified\":\"2026-01-26T22:47:38+00:00\",\"author\":{\"@id\":\"https:\/\/portalmf.com.br\/#\/schema\/person\/9ec101baf56233e53520c26de5d6f6f0\"},\"breadcrumb\":{\"@id\":\"https:\/\/portalmf.com.br\/index.php\/2026\/01\/26\/quero-ver-o-momo-leva-o-samba-junino-ao-circuito-batatinha\/#breadcrumb\"},\"inLanguage\":\"pt-BR\",\"potentialAction\":[{\"@type\":\"ReadAction\",\"target\":[\"https:\/\/portalmf.com.br\/index.php\/2026\/01\/26\/quero-ver-o-momo-leva-o-samba-junino-ao-circuito-batatinha\/\"]}]},{\"@type\":\"ImageObject\",\"inLanguage\":\"pt-BR\",\"@id\":\"https:\/\/portalmf.com.br\/index.php\/2026\/01\/26\/quero-ver-o-momo-leva-o-samba-junino-ao-circuito-batatinha\/#primaryimage\",\"url\":\"https:\/\/portalmf.com.br\/wp-content\/uploads\/2026\/01\/lucas-goncalves-estandarte.jpeg\",\"contentUrl\":\"https:\/\/portalmf.com.br\/wp-content\/uploads\/2026\/01\/lucas-goncalves-estandarte.jpeg\",\"width\":1024,\"height\":683},{\"@type\":\"BreadcrumbList\",\"@id\":\"https:\/\/portalmf.com.br\/index.php\/2026\/01\/26\/quero-ver-o-momo-leva-o-samba-junino-ao-circuito-batatinha\/#breadcrumb\",\"itemListElement\":[{\"@type\":\"ListItem\",\"position\":1,\"name\":\"In\u00edcio\",\"item\":\"https:\/\/portalmf.com.br\/\"},{\"@type\":\"ListItem\",\"position\":2,\"name\":\"Quero\u00a0Ver\u00a0o\u00a0Momo\u00a0leva\u00a0o Samba Junino ao Circuito Batatinha\"}]},{\"@type\":\"WebSite\",\"@id\":\"https:\/\/portalmf.com.br\/#website\",\"url\":\"https:\/\/portalmf.com.br\/\",\"name\":\"Portal MF\",\"description\":\"Voc\u00ea conectado com a informa\u00e7\u00e3o\",\"potentialAction\":[{\"@type\":\"SearchAction\",\"target\":{\"@type\":\"EntryPoint\",\"urlTemplate\":\"https:\/\/portalmf.com.br\/?s={search_term_string}\"},\"query-input\":\"required name=search_term_string\"}],\"inLanguage\":\"pt-BR\"},{\"@type\":\"Person\",\"@id\":\"https:\/\/portalmf.com.br\/#\/schema\/person\/9ec101baf56233e53520c26de5d6f6f0\",\"name\":\"Reda\u00e7\u00e3o Portal MF\",\"image\":{\"@type\":\"ImageObject\",\"inLanguage\":\"pt-BR\",\"@id\":\"https:\/\/portalmf.com.br\/#\/schema\/person\/image\/\",\"url\":\"https:\/\/secure.gravatar.com\/avatar\/41b9aaeb2100835f7c64362330f74c7f?s=96&d=mm&r=g\",\"contentUrl\":\"https:\/\/secure.gravatar.com\/avatar\/41b9aaeb2100835f7c64362330f74c7f?s=96&d=mm&r=g\",\"caption\":\"Reda\u00e7\u00e3o Portal MF\"},\"description\":\"Sejam bem-vindos o portal de informa\u00e7\u00f5es de entretenimento de Feira de Santana, desde 2006 realiza coberturas dos principais eventos com entrevistas exclusivas com as principais personalidades mundiais. Fique conectado tamb\u00e9m nas redes sociais.\",\"sameAs\":[\"http:\/\/www.portalmf.com.br\/\",\"https:\/\/www.facebook.com\/portalmfoficial\",\"https:\/\/www.instagram.com\/portalmf\/\",\"https:\/\/x.com\/https:\/\/x.com\/portalmfoficial\",\"https:\/\/www.youtube.com\/@portalmfoficial\"],\"url\":\"https:\/\/portalmf.com.br\/index.php\/author\/junior\/\"}]}<\/script>\n<!-- \/ Yoast SEO plugin. -->","yoast_head_json":{"title":"Quero\u00a0Ver\u00a0o\u00a0Momo\u00a0leva\u00a0o Samba Junino ao Circuito Batatinha - Portal MF","robots":{"index":"index","follow":"follow","max-snippet":"max-snippet:-1","max-image-preview":"max-image-preview:large","max-video-preview":"max-video-preview:-1"},"canonical":"https:\/\/portalmf.com.br\/index.php\/2026\/01\/26\/quero-ver-o-momo-leva-o-samba-junino-ao-circuito-batatinha\/","og_locale":"pt_BR","og_type":"article","og_title":"Quero\u00a0Ver\u00a0o\u00a0Momo\u00a0leva\u00a0o Samba Junino ao Circuito Batatinha - Portal MF","og_description":"Celebrando as ra\u00edzes de Salvador e o melhor dos antigos carnavais, o Bloco&nbsp;Quero Ver o Momo leva ao Circuito Batatinha, no domingo de Carnaval,&nbsp;15&nbsp;de&nbsp;fevereiro&nbsp;de 2026, a tem\u00e1tica \u201cNo Batuque do Samba Junino\u201d, homenageando um dos ritmos mais emblem\u00e1ticos da cultura soteropolitana e reafirmando seu&nbsp;compromisso&nbsp;com&nbsp;a valoriza\u00e7\u00e3o das manifesta\u00e7\u00f5es culturais afro-baianas. Nesta edi\u00e7\u00e3o, o bloco&nbsp;adota&nbsp;o&nbsp;Samba&nbsp;Junino&nbsp;como&nbsp;eixo&nbsp;central&nbsp;do&nbsp;cortejo,&nbsp;exaltando a import\u00e2ncia [&hellip;]","og_url":"https:\/\/portalmf.com.br\/index.php\/2026\/01\/26\/quero-ver-o-momo-leva-o-samba-junino-ao-circuito-batatinha\/","og_site_name":"Portal MF","article_author":"https:\/\/www.facebook.com\/portalmfoficial","article_published_time":"2026-01-26T22:47:36+00:00","article_modified_time":"2026-01-26T22:47:38+00:00","og_image":[{"width":1024,"height":683,"url":"https:\/\/portalmf.com.br\/wp-content\/uploads\/2026\/01\/lucas-goncalves-estandarte.jpeg","type":"image\/jpeg"}],"author":"Reda\u00e7\u00e3o Portal MF","twitter_card":"summary_large_image","twitter_creator":"@https:\/\/x.com\/portalmfoficial","twitter_misc":{"Escrito por":"Reda\u00e7\u00e3o Portal MF","Est. tempo de leitura":"3 minutos"},"schema":{"@context":"https:\/\/schema.org","@graph":[{"@type":"WebPage","@id":"https:\/\/portalmf.com.br\/index.php\/2026\/01\/26\/quero-ver-o-momo-leva-o-samba-junino-ao-circuito-batatinha\/","url":"https:\/\/portalmf.com.br\/index.php\/2026\/01\/26\/quero-ver-o-momo-leva-o-samba-junino-ao-circuito-batatinha\/","name":"Quero\u00a0Ver\u00a0o\u00a0Momo\u00a0leva\u00a0o Samba Junino ao Circuito Batatinha - Portal MF","isPartOf":{"@id":"https:\/\/portalmf.com.br\/#website"},"primaryImageOfPage":{"@id":"https:\/\/portalmf.com.br\/index.php\/2026\/01\/26\/quero-ver-o-momo-leva-o-samba-junino-ao-circuito-batatinha\/#primaryimage"},"image":{"@id":"https:\/\/portalmf.com.br\/index.php\/2026\/01\/26\/quero-ver-o-momo-leva-o-samba-junino-ao-circuito-batatinha\/#primaryimage"},"thumbnailUrl":"https:\/\/portalmf.com.br\/wp-content\/uploads\/2026\/01\/lucas-goncalves-estandarte.jpeg","datePublished":"2026-01-26T22:47:36+00:00","dateModified":"2026-01-26T22:47:38+00:00","author":{"@id":"https:\/\/portalmf.com.br\/#\/schema\/person\/9ec101baf56233e53520c26de5d6f6f0"},"breadcrumb":{"@id":"https:\/\/portalmf.com.br\/index.php\/2026\/01\/26\/quero-ver-o-momo-leva-o-samba-junino-ao-circuito-batatinha\/#breadcrumb"},"inLanguage":"pt-BR","potentialAction":[{"@type":"ReadAction","target":["https:\/\/portalmf.com.br\/index.php\/2026\/01\/26\/quero-ver-o-momo-leva-o-samba-junino-ao-circuito-batatinha\/"]}]},{"@type":"ImageObject","inLanguage":"pt-BR","@id":"https:\/\/portalmf.com.br\/index.php\/2026\/01\/26\/quero-ver-o-momo-leva-o-samba-junino-ao-circuito-batatinha\/#primaryimage","url":"https:\/\/portalmf.com.br\/wp-content\/uploads\/2026\/01\/lucas-goncalves-estandarte.jpeg","contentUrl":"https:\/\/portalmf.com.br\/wp-content\/uploads\/2026\/01\/lucas-goncalves-estandarte.jpeg","width":1024,"height":683},{"@type":"BreadcrumbList","@id":"https:\/\/portalmf.com.br\/index.php\/2026\/01\/26\/quero-ver-o-momo-leva-o-samba-junino-ao-circuito-batatinha\/#breadcrumb","itemListElement":[{"@type":"ListItem","position":1,"name":"In\u00edcio","item":"https:\/\/portalmf.com.br\/"},{"@type":"ListItem","position":2,"name":"Quero\u00a0Ver\u00a0o\u00a0Momo\u00a0leva\u00a0o Samba Junino ao Circuito Batatinha"}]},{"@type":"WebSite","@id":"https:\/\/portalmf.com.br\/#website","url":"https:\/\/portalmf.com.br\/","name":"Portal MF","description":"Voc\u00ea conectado com a informa\u00e7\u00e3o","potentialAction":[{"@type":"SearchAction","target":{"@type":"EntryPoint","urlTemplate":"https:\/\/portalmf.com.br\/?s={search_term_string}"},"query-input":"required name=search_term_string"}],"inLanguage":"pt-BR"},{"@type":"Person","@id":"https:\/\/portalmf.com.br\/#\/schema\/person\/9ec101baf56233e53520c26de5d6f6f0","name":"Reda\u00e7\u00e3o Portal MF","image":{"@type":"ImageObject","inLanguage":"pt-BR","@id":"https:\/\/portalmf.com.br\/#\/schema\/person\/image\/","url":"https:\/\/secure.gravatar.com\/avatar\/41b9aaeb2100835f7c64362330f74c7f?s=96&d=mm&r=g","contentUrl":"https:\/\/secure.gravatar.com\/avatar\/41b9aaeb2100835f7c64362330f74c7f?s=96&d=mm&r=g","caption":"Reda\u00e7\u00e3o Portal MF"},"description":"Sejam bem-vindos o portal de informa\u00e7\u00f5es de entretenimento de Feira de Santana, desde 2006 realiza coberturas dos principais eventos com entrevistas exclusivas com as principais personalidades mundiais. Fique conectado tamb\u00e9m nas redes sociais.","sameAs":["http:\/\/www.portalmf.com.br\/","https:\/\/www.facebook.com\/portalmfoficial","https:\/\/www.instagram.com\/portalmf\/","https:\/\/x.com\/https:\/\/x.com\/portalmfoficial","https:\/\/www.youtube.com\/@portalmfoficial"],"url":"https:\/\/portalmf.com.br\/index.php\/author\/junior\/"}]}},"_links":{"self":[{"href":"https:\/\/portalmf.com.br\/index.php\/wp-json\/wp\/v2\/posts\/41480"}],"collection":[{"href":"https:\/\/portalmf.com.br\/index.php\/wp-json\/wp\/v2\/posts"}],"about":[{"href":"https:\/\/portalmf.com.br\/index.php\/wp-json\/wp\/v2\/types\/post"}],"author":[{"embeddable":true,"href":"https:\/\/portalmf.com.br\/index.php\/wp-json\/wp\/v2\/users\/3"}],"replies":[{"embeddable":true,"href":"https:\/\/portalmf.com.br\/index.php\/wp-json\/wp\/v2\/comments?post=41480"}],"version-history":[{"count":1,"href":"https:\/\/portalmf.com.br\/index.php\/wp-json\/wp\/v2\/posts\/41480\/revisions"}],"predecessor-version":[{"id":41482,"href":"https:\/\/portalmf.com.br\/index.php\/wp-json\/wp\/v2\/posts\/41480\/revisions\/41482"}],"wp:featuredmedia":[{"embeddable":true,"href":"https:\/\/portalmf.com.br\/index.php\/wp-json\/wp\/v2\/media\/41481"}],"wp:attachment":[{"href":"https:\/\/portalmf.com.br\/index.php\/wp-json\/wp\/v2\/media?parent=41480"}],"wp:term":[{"taxonomy":"category","embeddable":true,"href":"https:\/\/portalmf.com.br\/index.php\/wp-json\/wp\/v2\/categories?post=41480"},{"taxonomy":"post_tag","embeddable":true,"href":"https:\/\/portalmf.com.br\/index.php\/wp-json\/wp\/v2\/tags?post=41480"}],"curies":[{"name":"wp","href":"https:\/\/api.w.org\/{rel}","templated":true}]}}