{"id":41468,"date":"2026-01-26T16:15:18","date_gmt":"2026-01-26T19:15:18","guid":{"rendered":"https:\/\/portalmf.com.br\/?p=41468"},"modified":"2026-01-26T16:15:20","modified_gmt":"2026-01-26T19:15:20","slug":"leo-santana-volta-a-puxar-o-bloco-vem-com-o-gigante-no-carnaval-paulista","status":"publish","type":"post","link":"https:\/\/portalmf.com.br\/index.php\/2026\/01\/26\/leo-santana-volta-a-puxar-o-bloco-vem-com-o-gigante-no-carnaval-paulista\/","title":{"rendered":"L\u00e9o Santana volta a puxar o bloco \u201cVem com o Gigante\u201d no Carnaval paulista"},"content":{"rendered":"\n<p>O GG da Bahia levar\u00e1 seu Bloco \u201cVem com o Gigante\u201d mais uma vez para as ruas de S\u00e3o Paulo, dia 22 de fevereiro, domingo no Circuito Ibirapuera, com a concentra\u00e7\u00e3o a partir das 09h. L\u00e9o Santana promete sacudir e ferver as ruas da capital paulista encerrando os festejos carnavalescos da cidade que contar\u00e1 com mais de 10 dias de festa.<\/p>\n\n\n\n<p>No repert\u00f3rio que est\u00e1 sendo preparado especialmente para esse grande acontecimento, o Gigante vai apresentar grandes hits como, \u201cMarquinha de fitinha\u201d e \u201cDesliza\u201d, suas 02 aposta do ver\u00e3o e fortes candidatas a m\u00fasicas do carnaval estando entre as m\u00fasicas mais ouvidas nas plataformas de m\u00fasica, al\u00e9m de \u201cContatinho\u201d, \u201c Perna Bamba\u201d, \u201cSantinha\u201d, &#8220;Zona de Perigo&#8221;, &#8220;Posturado e Calmo&#8221;, &#8220;Golzinho Vermelho&#8221;, &#8220;Cama Repetida&#8221;, &#8220;Santinha&#8221;, \u201cSurra se Toma\u201d, \u201c\u00cata Novinha\u201d al\u00e9m de muitos outros can\u00e7\u00f5es de sucesso far\u00e3o parte do repert\u00f3rio preparado especialmente para o desfile.&nbsp;<\/p>\n\n\n\n<p><em>\u201cPoder levar o meu bloco \u201cVem com o Gigante\u201d na rua de gra\u00e7a para o povo no carnaval da maior capital do pa\u00eds pelo 2o ano consecutivo encerrando com chave de ouro o carnaval que \u00e9 uma festa que eu amo \u00e9 sem duvida mais uma grande ben\u00e7\u00e3o! Sou muito a grato a Deus e aos paulistas e turistas do brasil e do mundo que com certeza v\u00e3o comparecer em peso e vamos repetir o sucesso no ano passado. Estou mega feliz e ansioso n\u00e3o, al\u00e9m!!! (Risos). Estou preparando um repert\u00f3rio diferenciado e especial para esse dia e vamos juntos nos divertir muito, ferver e sacudir o Ibirapuera. \u201cVem com o Gigante\u201d que vai ser uma festa linda, cheguem cedo e vamos fechar o carnaval juntos e em grande estilo\u201d<\/em>, Leo Santana<\/p>\n\n\n\n<p>O cantor \u00e9 o \u00fanico artista baiano que tem duas m\u00fasicas eleitas pelo p\u00fablico concorrendo \u00e0 m\u00fasica do carnaval em 2026.<\/p>\n\n\n\n<p>Com mais de 11 milh\u00f5es de ouvintes nas plataformas digitais e 30 milh\u00f5es no YouTube, L\u00e9o Santana segue se consolidando como um dos nomes mais fortes da m\u00fasica e um dos \u00fanicos artistas a ocupar duas posi\u00e7\u00f5es no Spotify.<\/p>\n","protected":false},"excerpt":{"rendered":"<p>O GG da Bahia levar\u00e1 seu Bloco \u201cVem com o Gigante\u201d mais uma vez para as ruas de S\u00e3o Paulo, dia 22 de fevereiro, domingo no Circuito Ibirapuera, com a concentra\u00e7\u00e3o a partir das 09h. L\u00e9o Santana promete sacudir e ferver as ruas da capital paulista encerrando os festejos carnavalescos da cidade que contar\u00e1 com [&hellip;]<\/p>\n","protected":false},"author":3,"featured_media":34685,"comment_status":"open","ping_status":"open","sticky":false,"template":"","format":"standard","meta":{"_monsterinsights_skip_tracking":false,"_monsterinsights_sitenote_active":false,"_monsterinsights_sitenote_note":"","_monsterinsights_sitenote_category":0,"footnotes":""},"categories":[44,48],"tags":[],"yoast_head":"<!-- This site is optimized with the Yoast SEO plugin v22.9 - https:\/\/yoast.com\/wordpress\/plugins\/seo\/ -->\n<title>L\u00e9o Santana volta a puxar o bloco \u201cVem com o Gigante\u201d no Carnaval paulista - Portal MF<\/title>\n<meta name=\"robots\" content=\"index, follow, max-snippet:-1, max-image-preview:large, max-video-preview:-1\" \/>\n<link rel=\"canonical\" href=\"https:\/\/portalmf.com.br\/index.php\/2026\/01\/26\/leo-santana-volta-a-puxar-o-bloco-vem-com-o-gigante-no-carnaval-paulista\/\" \/>\n<meta property=\"og:locale\" content=\"pt_BR\" \/>\n<meta property=\"og:type\" content=\"article\" \/>\n<meta property=\"og:title\" content=\"L\u00e9o Santana volta a puxar o bloco \u201cVem com o Gigante\u201d no Carnaval paulista - Portal MF\" \/>\n<meta property=\"og:description\" content=\"O GG da Bahia levar\u00e1 seu Bloco \u201cVem com o Gigante\u201d mais uma vez para as ruas de S\u00e3o Paulo, dia 22 de fevereiro, domingo no Circuito Ibirapuera, com a concentra\u00e7\u00e3o a partir das 09h. L\u00e9o Santana promete sacudir e ferver as ruas da capital paulista encerrando os festejos carnavalescos da cidade que contar\u00e1 com [&hellip;]\" \/>\n<meta property=\"og:url\" content=\"https:\/\/portalmf.com.br\/index.php\/2026\/01\/26\/leo-santana-volta-a-puxar-o-bloco-vem-com-o-gigante-no-carnaval-paulista\/\" \/>\n<meta property=\"og:site_name\" content=\"Portal MF\" \/>\n<meta property=\"article:author\" content=\"https:\/\/www.facebook.com\/portalmfoficial\" \/>\n<meta property=\"article:published_time\" content=\"2026-01-26T19:15:18+00:00\" \/>\n<meta property=\"article:modified_time\" content=\"2026-01-26T19:15:20+00:00\" \/>\n<meta property=\"og:image\" content=\"https:\/\/portalmf.com.br\/wp-content\/uploads\/2025\/03\/Leo-Santana-arrasta-uma-multidao-de-folioes-no-Ibirapuera_.jpg\" \/>\n\t<meta property=\"og:image:width\" content=\"1600\" \/>\n\t<meta property=\"og:image:height\" content=\"900\" \/>\n\t<meta property=\"og:image:type\" content=\"image\/jpeg\" \/>\n<meta name=\"author\" content=\"Reda\u00e7\u00e3o Portal MF\" \/>\n<meta name=\"twitter:card\" content=\"summary_large_image\" \/>\n<meta name=\"twitter:creator\" content=\"@https:\/\/x.com\/portalmfoficial\" \/>\n<meta name=\"twitter:label1\" content=\"Escrito por\" \/>\n\t<meta name=\"twitter:data1\" content=\"Reda\u00e7\u00e3o Portal MF\" \/>\n\t<meta name=\"twitter:label2\" content=\"Est. tempo de leitura\" \/>\n\t<meta name=\"twitter:data2\" content=\"3 minutos\" \/>\n<script type=\"application\/ld+json\" class=\"yoast-schema-graph\">{\"@context\":\"https:\/\/schema.org\",\"@graph\":[{\"@type\":\"WebPage\",\"@id\":\"https:\/\/portalmf.com.br\/index.php\/2026\/01\/26\/leo-santana-volta-a-puxar-o-bloco-vem-com-o-gigante-no-carnaval-paulista\/\",\"url\":\"https:\/\/portalmf.com.br\/index.php\/2026\/01\/26\/leo-santana-volta-a-puxar-o-bloco-vem-com-o-gigante-no-carnaval-paulista\/\",\"name\":\"L\u00e9o Santana volta a puxar o bloco \u201cVem com o Gigante\u201d no Carnaval paulista - Portal MF\",\"isPartOf\":{\"@id\":\"https:\/\/portalmf.com.br\/#website\"},\"primaryImageOfPage\":{\"@id\":\"https:\/\/portalmf.com.br\/index.php\/2026\/01\/26\/leo-santana-volta-a-puxar-o-bloco-vem-com-o-gigante-no-carnaval-paulista\/#primaryimage\"},\"image\":{\"@id\":\"https:\/\/portalmf.com.br\/index.php\/2026\/01\/26\/leo-santana-volta-a-puxar-o-bloco-vem-com-o-gigante-no-carnaval-paulista\/#primaryimage\"},\"thumbnailUrl\":\"https:\/\/portalmf.com.br\/wp-content\/uploads\/2025\/03\/Leo-Santana-arrasta-uma-multidao-de-folioes-no-Ibirapuera_.jpg\",\"datePublished\":\"2026-01-26T19:15:18+00:00\",\"dateModified\":\"2026-01-26T19:15:20+00:00\",\"author\":{\"@id\":\"https:\/\/portalmf.com.br\/#\/schema\/person\/9ec101baf56233e53520c26de5d6f6f0\"},\"breadcrumb\":{\"@id\":\"https:\/\/portalmf.com.br\/index.php\/2026\/01\/26\/leo-santana-volta-a-puxar-o-bloco-vem-com-o-gigante-no-carnaval-paulista\/#breadcrumb\"},\"inLanguage\":\"pt-BR\",\"potentialAction\":[{\"@type\":\"ReadAction\",\"target\":[\"https:\/\/portalmf.com.br\/index.php\/2026\/01\/26\/leo-santana-volta-a-puxar-o-bloco-vem-com-o-gigante-no-carnaval-paulista\/\"]}]},{\"@type\":\"ImageObject\",\"inLanguage\":\"pt-BR\",\"@id\":\"https:\/\/portalmf.com.br\/index.php\/2026\/01\/26\/leo-santana-volta-a-puxar-o-bloco-vem-com-o-gigante-no-carnaval-paulista\/#primaryimage\",\"url\":\"https:\/\/portalmf.com.br\/wp-content\/uploads\/2025\/03\/Leo-Santana-arrasta-uma-multidao-de-folioes-no-Ibirapuera_.jpg\",\"contentUrl\":\"https:\/\/portalmf.com.br\/wp-content\/uploads\/2025\/03\/Leo-Santana-arrasta-uma-multidao-de-folioes-no-Ibirapuera_.jpg\",\"width\":1600,\"height\":900},{\"@type\":\"BreadcrumbList\",\"@id\":\"https:\/\/portalmf.com.br\/index.php\/2026\/01\/26\/leo-santana-volta-a-puxar-o-bloco-vem-com-o-gigante-no-carnaval-paulista\/#breadcrumb\",\"itemListElement\":[{\"@type\":\"ListItem\",\"position\":1,\"name\":\"In\u00edcio\",\"item\":\"https:\/\/portalmf.com.br\/\"},{\"@type\":\"ListItem\",\"position\":2,\"name\":\"L\u00e9o Santana volta a puxar o bloco \u201cVem com o Gigante\u201d no Carnaval paulista\"}]},{\"@type\":\"WebSite\",\"@id\":\"https:\/\/portalmf.com.br\/#website\",\"url\":\"https:\/\/portalmf.com.br\/\",\"name\":\"Portal MF\",\"description\":\"Voc\u00ea conectado com a informa\u00e7\u00e3o\",\"potentialAction\":[{\"@type\":\"SearchAction\",\"target\":{\"@type\":\"EntryPoint\",\"urlTemplate\":\"https:\/\/portalmf.com.br\/?s={search_term_string}\"},\"query-input\":\"required name=search_term_string\"}],\"inLanguage\":\"pt-BR\"},{\"@type\":\"Person\",\"@id\":\"https:\/\/portalmf.com.br\/#\/schema\/person\/9ec101baf56233e53520c26de5d6f6f0\",\"name\":\"Reda\u00e7\u00e3o Portal MF\",\"image\":{\"@type\":\"ImageObject\",\"inLanguage\":\"pt-BR\",\"@id\":\"https:\/\/portalmf.com.br\/#\/schema\/person\/image\/\",\"url\":\"https:\/\/secure.gravatar.com\/avatar\/41b9aaeb2100835f7c64362330f74c7f?s=96&d=mm&r=g\",\"contentUrl\":\"https:\/\/secure.gravatar.com\/avatar\/41b9aaeb2100835f7c64362330f74c7f?s=96&d=mm&r=g\",\"caption\":\"Reda\u00e7\u00e3o Portal MF\"},\"description\":\"Sejam bem-vindos o portal de informa\u00e7\u00f5es de entretenimento de Feira de Santana, desde 2006 realiza coberturas dos principais eventos com entrevistas exclusivas com as principais personalidades mundiais. Fique conectado tamb\u00e9m nas redes sociais.\",\"sameAs\":[\"http:\/\/www.portalmf.com.br\/\",\"https:\/\/www.facebook.com\/portalmfoficial\",\"https:\/\/www.instagram.com\/portalmf\/\",\"https:\/\/x.com\/https:\/\/x.com\/portalmfoficial\",\"https:\/\/www.youtube.com\/@portalmfoficial\"],\"url\":\"https:\/\/portalmf.com.br\/index.php\/author\/junior\/\"}]}<\/script>\n<!-- \/ Yoast SEO plugin. -->","yoast_head_json":{"title":"L\u00e9o Santana volta a puxar o bloco \u201cVem com o Gigante\u201d no Carnaval paulista - Portal MF","robots":{"index":"index","follow":"follow","max-snippet":"max-snippet:-1","max-image-preview":"max-image-preview:large","max-video-preview":"max-video-preview:-1"},"canonical":"https:\/\/portalmf.com.br\/index.php\/2026\/01\/26\/leo-santana-volta-a-puxar-o-bloco-vem-com-o-gigante-no-carnaval-paulista\/","og_locale":"pt_BR","og_type":"article","og_title":"L\u00e9o Santana volta a puxar o bloco \u201cVem com o Gigante\u201d no Carnaval paulista - Portal MF","og_description":"O GG da Bahia levar\u00e1 seu Bloco \u201cVem com o Gigante\u201d mais uma vez para as ruas de S\u00e3o Paulo, dia 22 de fevereiro, domingo no Circuito Ibirapuera, com a concentra\u00e7\u00e3o a partir das 09h. L\u00e9o Santana promete sacudir e ferver as ruas da capital paulista encerrando os festejos carnavalescos da cidade que contar\u00e1 com [&hellip;]","og_url":"https:\/\/portalmf.com.br\/index.php\/2026\/01\/26\/leo-santana-volta-a-puxar-o-bloco-vem-com-o-gigante-no-carnaval-paulista\/","og_site_name":"Portal MF","article_author":"https:\/\/www.facebook.com\/portalmfoficial","article_published_time":"2026-01-26T19:15:18+00:00","article_modified_time":"2026-01-26T19:15:20+00:00","og_image":[{"width":1600,"height":900,"url":"https:\/\/portalmf.com.br\/wp-content\/uploads\/2025\/03\/Leo-Santana-arrasta-uma-multidao-de-folioes-no-Ibirapuera_.jpg","type":"image\/jpeg"}],"author":"Reda\u00e7\u00e3o Portal MF","twitter_card":"summary_large_image","twitter_creator":"@https:\/\/x.com\/portalmfoficial","twitter_misc":{"Escrito por":"Reda\u00e7\u00e3o Portal MF","Est. tempo de leitura":"3 minutos"},"schema":{"@context":"https:\/\/schema.org","@graph":[{"@type":"WebPage","@id":"https:\/\/portalmf.com.br\/index.php\/2026\/01\/26\/leo-santana-volta-a-puxar-o-bloco-vem-com-o-gigante-no-carnaval-paulista\/","url":"https:\/\/portalmf.com.br\/index.php\/2026\/01\/26\/leo-santana-volta-a-puxar-o-bloco-vem-com-o-gigante-no-carnaval-paulista\/","name":"L\u00e9o Santana volta a puxar o bloco \u201cVem com o Gigante\u201d no Carnaval paulista - Portal MF","isPartOf":{"@id":"https:\/\/portalmf.com.br\/#website"},"primaryImageOfPage":{"@id":"https:\/\/portalmf.com.br\/index.php\/2026\/01\/26\/leo-santana-volta-a-puxar-o-bloco-vem-com-o-gigante-no-carnaval-paulista\/#primaryimage"},"image":{"@id":"https:\/\/portalmf.com.br\/index.php\/2026\/01\/26\/leo-santana-volta-a-puxar-o-bloco-vem-com-o-gigante-no-carnaval-paulista\/#primaryimage"},"thumbnailUrl":"https:\/\/portalmf.com.br\/wp-content\/uploads\/2025\/03\/Leo-Santana-arrasta-uma-multidao-de-folioes-no-Ibirapuera_.jpg","datePublished":"2026-01-26T19:15:18+00:00","dateModified":"2026-01-26T19:15:20+00:00","author":{"@id":"https:\/\/portalmf.com.br\/#\/schema\/person\/9ec101baf56233e53520c26de5d6f6f0"},"breadcrumb":{"@id":"https:\/\/portalmf.com.br\/index.php\/2026\/01\/26\/leo-santana-volta-a-puxar-o-bloco-vem-com-o-gigante-no-carnaval-paulista\/#breadcrumb"},"inLanguage":"pt-BR","potentialAction":[{"@type":"ReadAction","target":["https:\/\/portalmf.com.br\/index.php\/2026\/01\/26\/leo-santana-volta-a-puxar-o-bloco-vem-com-o-gigante-no-carnaval-paulista\/"]}]},{"@type":"ImageObject","inLanguage":"pt-BR","@id":"https:\/\/portalmf.com.br\/index.php\/2026\/01\/26\/leo-santana-volta-a-puxar-o-bloco-vem-com-o-gigante-no-carnaval-paulista\/#primaryimage","url":"https:\/\/portalmf.com.br\/wp-content\/uploads\/2025\/03\/Leo-Santana-arrasta-uma-multidao-de-folioes-no-Ibirapuera_.jpg","contentUrl":"https:\/\/portalmf.com.br\/wp-content\/uploads\/2025\/03\/Leo-Santana-arrasta-uma-multidao-de-folioes-no-Ibirapuera_.jpg","width":1600,"height":900},{"@type":"BreadcrumbList","@id":"https:\/\/portalmf.com.br\/index.php\/2026\/01\/26\/leo-santana-volta-a-puxar-o-bloco-vem-com-o-gigante-no-carnaval-paulista\/#breadcrumb","itemListElement":[{"@type":"ListItem","position":1,"name":"In\u00edcio","item":"https:\/\/portalmf.com.br\/"},{"@type":"ListItem","position":2,"name":"L\u00e9o Santana volta a puxar o bloco \u201cVem com o Gigante\u201d no Carnaval paulista"}]},{"@type":"WebSite","@id":"https:\/\/portalmf.com.br\/#website","url":"https:\/\/portalmf.com.br\/","name":"Portal MF","description":"Voc\u00ea conectado com a informa\u00e7\u00e3o","potentialAction":[{"@type":"SearchAction","target":{"@type":"EntryPoint","urlTemplate":"https:\/\/portalmf.com.br\/?s={search_term_string}"},"query-input":"required name=search_term_string"}],"inLanguage":"pt-BR"},{"@type":"Person","@id":"https:\/\/portalmf.com.br\/#\/schema\/person\/9ec101baf56233e53520c26de5d6f6f0","name":"Reda\u00e7\u00e3o Portal MF","image":{"@type":"ImageObject","inLanguage":"pt-BR","@id":"https:\/\/portalmf.com.br\/#\/schema\/person\/image\/","url":"https:\/\/secure.gravatar.com\/avatar\/41b9aaeb2100835f7c64362330f74c7f?s=96&d=mm&r=g","contentUrl":"https:\/\/secure.gravatar.com\/avatar\/41b9aaeb2100835f7c64362330f74c7f?s=96&d=mm&r=g","caption":"Reda\u00e7\u00e3o Portal MF"},"description":"Sejam bem-vindos o portal de informa\u00e7\u00f5es de entretenimento de Feira de Santana, desde 2006 realiza coberturas dos principais eventos com entrevistas exclusivas com as principais personalidades mundiais. Fique conectado tamb\u00e9m nas redes sociais.","sameAs":["http:\/\/www.portalmf.com.br\/","https:\/\/www.facebook.com\/portalmfoficial","https:\/\/www.instagram.com\/portalmf\/","https:\/\/x.com\/https:\/\/x.com\/portalmfoficial","https:\/\/www.youtube.com\/@portalmfoficial"],"url":"https:\/\/portalmf.com.br\/index.php\/author\/junior\/"}]}},"_links":{"self":[{"href":"https:\/\/portalmf.com.br\/index.php\/wp-json\/wp\/v2\/posts\/41468"}],"collection":[{"href":"https:\/\/portalmf.com.br\/index.php\/wp-json\/wp\/v2\/posts"}],"about":[{"href":"https:\/\/portalmf.com.br\/index.php\/wp-json\/wp\/v2\/types\/post"}],"author":[{"embeddable":true,"href":"https:\/\/portalmf.com.br\/index.php\/wp-json\/wp\/v2\/users\/3"}],"replies":[{"embeddable":true,"href":"https:\/\/portalmf.com.br\/index.php\/wp-json\/wp\/v2\/comments?post=41468"}],"version-history":[{"count":1,"href":"https:\/\/portalmf.com.br\/index.php\/wp-json\/wp\/v2\/posts\/41468\/revisions"}],"predecessor-version":[{"id":41469,"href":"https:\/\/portalmf.com.br\/index.php\/wp-json\/wp\/v2\/posts\/41468\/revisions\/41469"}],"wp:featuredmedia":[{"embeddable":true,"href":"https:\/\/portalmf.com.br\/index.php\/wp-json\/wp\/v2\/media\/34685"}],"wp:attachment":[{"href":"https:\/\/portalmf.com.br\/index.php\/wp-json\/wp\/v2\/media?parent=41468"}],"wp:term":[{"taxonomy":"category","embeddable":true,"href":"https:\/\/portalmf.com.br\/index.php\/wp-json\/wp\/v2\/categories?post=41468"},{"taxonomy":"post_tag","embeddable":true,"href":"https:\/\/portalmf.com.br\/index.php\/wp-json\/wp\/v2\/tags?post=41468"}],"curies":[{"name":"wp","href":"https:\/\/api.w.org\/{rel}","templated":true}]}}