{"id":41441,"date":"2026-01-24T08:05:01","date_gmt":"2026-01-24T11:05:01","guid":{"rendered":"https:\/\/portalmf.com.br\/?p=41441"},"modified":"2026-01-24T08:05:02","modified_gmt":"2026-01-24T11:05:02","slug":"leo-santana-anuncia-tema-para-o-carnaval-2026","status":"publish","type":"post","link":"https:\/\/portalmf.com.br\/index.php\/2026\/01\/24\/leo-santana-anuncia-tema-para-o-carnaval-2026\/","title":{"rendered":"L\u00e9o Santana anuncia tema para o Carnaval 2026"},"content":{"rendered":"\n<p>L\u00e9o Santana promete, mais uma vez, surpreender e encantar a todos na maior festa popular do planeta. O GG levar\u00e1 para as ruas do Carnaval 2026 o tema \u201cBrasileiraggem\u201d, celebrando tudo o que o ajudou a se tornar o artista gigante que \u00e9 hoje, em sua mais pura ess\u00eancia: o verdadeiro suco do Brasil.<\/p>\n\n\n\n<p>O tema refor\u00e7a a hist\u00f3ria que construiu L\u00e9o Santana como o GG conhecido por onde passa. Por meio da m\u00fasica, da dan\u00e7a, da arte e do afeto cotidiano, L\u00e9o mostrar\u00e1, durante os seis dias de festa, tudo o que comp\u00f5e o seu DNA de Gigante \u2014 aquilo que o torna um brasileiro tamanho GG.<\/p>\n\n\n\n<p>O artista tamb\u00e9m evidencia como a moda, a cultura, as riquezas naturais, a fauna, a flora, o estilo de vida e o comportamento social s\u00e3o fatores determinantes para que a BrasileiraGGem pulse em suas veias e o guie em cada passo.<\/p>\n\n\n\n<p><em>\u201cEu sou a mistura do que o meu pa\u00eds inventou. Eu sou o som da favela, da rua, do pagod\u00e3o, da Bahia. Esse tema \u00e9 o refor\u00e7o da minha hist\u00f3ria no Carnaval. Ele traz tudo o que me construiu: minha m\u00fasica, minha dan\u00e7a, minha verdade. E tudo isso s\u00f3 tem um nome: Brasileiraggem\u201d,<\/em> comenta o gigante L\u00e9o Santana.<\/p>\n\n\n\n<p>Com ritmo, resist\u00eancia e swing, embalado pelas batidas do pagod\u00e3o baiano, o tema apresenta tudo o que faz L\u00e9o ser gigante por natureza.<\/p>\n\n\n\n<p>Mostra que o artista \u00e9 gigante porque \u00e9 brasileiro, e que o sangue que corre em suas veias pulsa energia, luta, resist\u00eancia, cultura e muita m\u00fasica.<\/p>\n","protected":false},"excerpt":{"rendered":"<p>L\u00e9o Santana promete, mais uma vez, surpreender e encantar a todos na maior festa popular do planeta. O GG levar\u00e1 para as ruas do Carnaval 2026 o tema \u201cBrasileiraggem\u201d, celebrando tudo o que o ajudou a se tornar o artista gigante que \u00e9 hoje, em sua mais pura ess\u00eancia: o verdadeiro suco do Brasil. O [&hellip;]<\/p>\n","protected":false},"author":3,"featured_media":41442,"comment_status":"open","ping_status":"open","sticky":false,"template":"","format":"standard","meta":{"_monsterinsights_skip_tracking":false,"_monsterinsights_sitenote_active":false,"_monsterinsights_sitenote_note":"","_monsterinsights_sitenote_category":0,"footnotes":""},"categories":[44,48],"tags":[],"yoast_head":"<!-- This site is optimized with the Yoast SEO plugin v22.9 - https:\/\/yoast.com\/wordpress\/plugins\/seo\/ -->\n<title>L\u00e9o Santana anuncia tema para o Carnaval 2026 - Portal MF<\/title>\n<meta name=\"robots\" content=\"index, follow, max-snippet:-1, max-image-preview:large, max-video-preview:-1\" \/>\n<link rel=\"canonical\" href=\"https:\/\/portalmf.com.br\/index.php\/2026\/01\/24\/leo-santana-anuncia-tema-para-o-carnaval-2026\/\" \/>\n<meta property=\"og:locale\" content=\"pt_BR\" \/>\n<meta property=\"og:type\" content=\"article\" \/>\n<meta property=\"og:title\" content=\"L\u00e9o Santana anuncia tema para o Carnaval 2026 - Portal MF\" \/>\n<meta property=\"og:description\" content=\"L\u00e9o Santana promete, mais uma vez, surpreender e encantar a todos na maior festa popular do planeta. O GG levar\u00e1 para as ruas do Carnaval 2026 o tema \u201cBrasileiraggem\u201d, celebrando tudo o que o ajudou a se tornar o artista gigante que \u00e9 hoje, em sua mais pura ess\u00eancia: o verdadeiro suco do Brasil. O [&hellip;]\" \/>\n<meta property=\"og:url\" content=\"https:\/\/portalmf.com.br\/index.php\/2026\/01\/24\/leo-santana-anuncia-tema-para-o-carnaval-2026\/\" \/>\n<meta property=\"og:site_name\" content=\"Portal MF\" \/>\n<meta property=\"article:author\" content=\"https:\/\/www.facebook.com\/portalmfoficial\" \/>\n<meta property=\"article:published_time\" content=\"2026-01-24T11:05:01+00:00\" \/>\n<meta property=\"article:modified_time\" content=\"2026-01-24T11:05:02+00:00\" \/>\n<meta property=\"og:image\" content=\"https:\/\/portalmf.com.br\/wp-content\/uploads\/2026\/01\/Leo-Santana.jpg\" \/>\n\t<meta property=\"og:image:width\" content=\"1600\" \/>\n\t<meta property=\"og:image:height\" content=\"900\" \/>\n\t<meta property=\"og:image:type\" content=\"image\/jpeg\" \/>\n<meta name=\"author\" content=\"Reda\u00e7\u00e3o Portal MF\" \/>\n<meta name=\"twitter:card\" content=\"summary_large_image\" \/>\n<meta name=\"twitter:creator\" content=\"@https:\/\/x.com\/portalmfoficial\" \/>\n<meta name=\"twitter:label1\" content=\"Escrito por\" \/>\n\t<meta name=\"twitter:data1\" content=\"Reda\u00e7\u00e3o Portal MF\" \/>\n\t<meta name=\"twitter:label2\" content=\"Est. tempo de leitura\" \/>\n\t<meta name=\"twitter:data2\" content=\"2 minutos\" \/>\n<script type=\"application\/ld+json\" class=\"yoast-schema-graph\">{\"@context\":\"https:\/\/schema.org\",\"@graph\":[{\"@type\":\"WebPage\",\"@id\":\"https:\/\/portalmf.com.br\/index.php\/2026\/01\/24\/leo-santana-anuncia-tema-para-o-carnaval-2026\/\",\"url\":\"https:\/\/portalmf.com.br\/index.php\/2026\/01\/24\/leo-santana-anuncia-tema-para-o-carnaval-2026\/\",\"name\":\"L\u00e9o Santana anuncia tema para o Carnaval 2026 - Portal MF\",\"isPartOf\":{\"@id\":\"https:\/\/portalmf.com.br\/#website\"},\"primaryImageOfPage\":{\"@id\":\"https:\/\/portalmf.com.br\/index.php\/2026\/01\/24\/leo-santana-anuncia-tema-para-o-carnaval-2026\/#primaryimage\"},\"image\":{\"@id\":\"https:\/\/portalmf.com.br\/index.php\/2026\/01\/24\/leo-santana-anuncia-tema-para-o-carnaval-2026\/#primaryimage\"},\"thumbnailUrl\":\"https:\/\/portalmf.com.br\/wp-content\/uploads\/2026\/01\/Leo-Santana.jpg\",\"datePublished\":\"2026-01-24T11:05:01+00:00\",\"dateModified\":\"2026-01-24T11:05:02+00:00\",\"author\":{\"@id\":\"https:\/\/portalmf.com.br\/#\/schema\/person\/9ec101baf56233e53520c26de5d6f6f0\"},\"breadcrumb\":{\"@id\":\"https:\/\/portalmf.com.br\/index.php\/2026\/01\/24\/leo-santana-anuncia-tema-para-o-carnaval-2026\/#breadcrumb\"},\"inLanguage\":\"pt-BR\",\"potentialAction\":[{\"@type\":\"ReadAction\",\"target\":[\"https:\/\/portalmf.com.br\/index.php\/2026\/01\/24\/leo-santana-anuncia-tema-para-o-carnaval-2026\/\"]}]},{\"@type\":\"ImageObject\",\"inLanguage\":\"pt-BR\",\"@id\":\"https:\/\/portalmf.com.br\/index.php\/2026\/01\/24\/leo-santana-anuncia-tema-para-o-carnaval-2026\/#primaryimage\",\"url\":\"https:\/\/portalmf.com.br\/wp-content\/uploads\/2026\/01\/Leo-Santana.jpg\",\"contentUrl\":\"https:\/\/portalmf.com.br\/wp-content\/uploads\/2026\/01\/Leo-Santana.jpg\",\"width\":1600,\"height\":900},{\"@type\":\"BreadcrumbList\",\"@id\":\"https:\/\/portalmf.com.br\/index.php\/2026\/01\/24\/leo-santana-anuncia-tema-para-o-carnaval-2026\/#breadcrumb\",\"itemListElement\":[{\"@type\":\"ListItem\",\"position\":1,\"name\":\"In\u00edcio\",\"item\":\"https:\/\/portalmf.com.br\/\"},{\"@type\":\"ListItem\",\"position\":2,\"name\":\"L\u00e9o Santana anuncia tema para o Carnaval 2026\"}]},{\"@type\":\"WebSite\",\"@id\":\"https:\/\/portalmf.com.br\/#website\",\"url\":\"https:\/\/portalmf.com.br\/\",\"name\":\"Portal MF\",\"description\":\"Voc\u00ea conectado com a informa\u00e7\u00e3o\",\"potentialAction\":[{\"@type\":\"SearchAction\",\"target\":{\"@type\":\"EntryPoint\",\"urlTemplate\":\"https:\/\/portalmf.com.br\/?s={search_term_string}\"},\"query-input\":\"required name=search_term_string\"}],\"inLanguage\":\"pt-BR\"},{\"@type\":\"Person\",\"@id\":\"https:\/\/portalmf.com.br\/#\/schema\/person\/9ec101baf56233e53520c26de5d6f6f0\",\"name\":\"Reda\u00e7\u00e3o Portal MF\",\"image\":{\"@type\":\"ImageObject\",\"inLanguage\":\"pt-BR\",\"@id\":\"https:\/\/portalmf.com.br\/#\/schema\/person\/image\/\",\"url\":\"https:\/\/secure.gravatar.com\/avatar\/41b9aaeb2100835f7c64362330f74c7f?s=96&d=mm&r=g\",\"contentUrl\":\"https:\/\/secure.gravatar.com\/avatar\/41b9aaeb2100835f7c64362330f74c7f?s=96&d=mm&r=g\",\"caption\":\"Reda\u00e7\u00e3o Portal MF\"},\"description\":\"Sejam bem-vindos o portal de informa\u00e7\u00f5es de entretenimento de Feira de Santana, desde 2006 realiza coberturas dos principais eventos com entrevistas exclusivas com as principais personalidades mundiais. Fique conectado tamb\u00e9m nas redes sociais.\",\"sameAs\":[\"http:\/\/www.portalmf.com.br\/\",\"https:\/\/www.facebook.com\/portalmfoficial\",\"https:\/\/www.instagram.com\/portalmf\/\",\"https:\/\/x.com\/https:\/\/x.com\/portalmfoficial\",\"https:\/\/www.youtube.com\/@portalmfoficial\"],\"url\":\"https:\/\/portalmf.com.br\/index.php\/author\/junior\/\"}]}<\/script>\n<!-- \/ Yoast SEO plugin. -->","yoast_head_json":{"title":"L\u00e9o Santana anuncia tema para o Carnaval 2026 - Portal MF","robots":{"index":"index","follow":"follow","max-snippet":"max-snippet:-1","max-image-preview":"max-image-preview:large","max-video-preview":"max-video-preview:-1"},"canonical":"https:\/\/portalmf.com.br\/index.php\/2026\/01\/24\/leo-santana-anuncia-tema-para-o-carnaval-2026\/","og_locale":"pt_BR","og_type":"article","og_title":"L\u00e9o Santana anuncia tema para o Carnaval 2026 - Portal MF","og_description":"L\u00e9o Santana promete, mais uma vez, surpreender e encantar a todos na maior festa popular do planeta. O GG levar\u00e1 para as ruas do Carnaval 2026 o tema \u201cBrasileiraggem\u201d, celebrando tudo o que o ajudou a se tornar o artista gigante que \u00e9 hoje, em sua mais pura ess\u00eancia: o verdadeiro suco do Brasil. O [&hellip;]","og_url":"https:\/\/portalmf.com.br\/index.php\/2026\/01\/24\/leo-santana-anuncia-tema-para-o-carnaval-2026\/","og_site_name":"Portal MF","article_author":"https:\/\/www.facebook.com\/portalmfoficial","article_published_time":"2026-01-24T11:05:01+00:00","article_modified_time":"2026-01-24T11:05:02+00:00","og_image":[{"width":1600,"height":900,"url":"https:\/\/portalmf.com.br\/wp-content\/uploads\/2026\/01\/Leo-Santana.jpg","type":"image\/jpeg"}],"author":"Reda\u00e7\u00e3o Portal MF","twitter_card":"summary_large_image","twitter_creator":"@https:\/\/x.com\/portalmfoficial","twitter_misc":{"Escrito por":"Reda\u00e7\u00e3o Portal MF","Est. tempo de leitura":"2 minutos"},"schema":{"@context":"https:\/\/schema.org","@graph":[{"@type":"WebPage","@id":"https:\/\/portalmf.com.br\/index.php\/2026\/01\/24\/leo-santana-anuncia-tema-para-o-carnaval-2026\/","url":"https:\/\/portalmf.com.br\/index.php\/2026\/01\/24\/leo-santana-anuncia-tema-para-o-carnaval-2026\/","name":"L\u00e9o Santana anuncia tema para o Carnaval 2026 - Portal MF","isPartOf":{"@id":"https:\/\/portalmf.com.br\/#website"},"primaryImageOfPage":{"@id":"https:\/\/portalmf.com.br\/index.php\/2026\/01\/24\/leo-santana-anuncia-tema-para-o-carnaval-2026\/#primaryimage"},"image":{"@id":"https:\/\/portalmf.com.br\/index.php\/2026\/01\/24\/leo-santana-anuncia-tema-para-o-carnaval-2026\/#primaryimage"},"thumbnailUrl":"https:\/\/portalmf.com.br\/wp-content\/uploads\/2026\/01\/Leo-Santana.jpg","datePublished":"2026-01-24T11:05:01+00:00","dateModified":"2026-01-24T11:05:02+00:00","author":{"@id":"https:\/\/portalmf.com.br\/#\/schema\/person\/9ec101baf56233e53520c26de5d6f6f0"},"breadcrumb":{"@id":"https:\/\/portalmf.com.br\/index.php\/2026\/01\/24\/leo-santana-anuncia-tema-para-o-carnaval-2026\/#breadcrumb"},"inLanguage":"pt-BR","potentialAction":[{"@type":"ReadAction","target":["https:\/\/portalmf.com.br\/index.php\/2026\/01\/24\/leo-santana-anuncia-tema-para-o-carnaval-2026\/"]}]},{"@type":"ImageObject","inLanguage":"pt-BR","@id":"https:\/\/portalmf.com.br\/index.php\/2026\/01\/24\/leo-santana-anuncia-tema-para-o-carnaval-2026\/#primaryimage","url":"https:\/\/portalmf.com.br\/wp-content\/uploads\/2026\/01\/Leo-Santana.jpg","contentUrl":"https:\/\/portalmf.com.br\/wp-content\/uploads\/2026\/01\/Leo-Santana.jpg","width":1600,"height":900},{"@type":"BreadcrumbList","@id":"https:\/\/portalmf.com.br\/index.php\/2026\/01\/24\/leo-santana-anuncia-tema-para-o-carnaval-2026\/#breadcrumb","itemListElement":[{"@type":"ListItem","position":1,"name":"In\u00edcio","item":"https:\/\/portalmf.com.br\/"},{"@type":"ListItem","position":2,"name":"L\u00e9o Santana anuncia tema para o Carnaval 2026"}]},{"@type":"WebSite","@id":"https:\/\/portalmf.com.br\/#website","url":"https:\/\/portalmf.com.br\/","name":"Portal MF","description":"Voc\u00ea conectado com a informa\u00e7\u00e3o","potentialAction":[{"@type":"SearchAction","target":{"@type":"EntryPoint","urlTemplate":"https:\/\/portalmf.com.br\/?s={search_term_string}"},"query-input":"required name=search_term_string"}],"inLanguage":"pt-BR"},{"@type":"Person","@id":"https:\/\/portalmf.com.br\/#\/schema\/person\/9ec101baf56233e53520c26de5d6f6f0","name":"Reda\u00e7\u00e3o Portal MF","image":{"@type":"ImageObject","inLanguage":"pt-BR","@id":"https:\/\/portalmf.com.br\/#\/schema\/person\/image\/","url":"https:\/\/secure.gravatar.com\/avatar\/41b9aaeb2100835f7c64362330f74c7f?s=96&d=mm&r=g","contentUrl":"https:\/\/secure.gravatar.com\/avatar\/41b9aaeb2100835f7c64362330f74c7f?s=96&d=mm&r=g","caption":"Reda\u00e7\u00e3o Portal MF"},"description":"Sejam bem-vindos o portal de informa\u00e7\u00f5es de entretenimento de Feira de Santana, desde 2006 realiza coberturas dos principais eventos com entrevistas exclusivas com as principais personalidades mundiais. Fique conectado tamb\u00e9m nas redes sociais.","sameAs":["http:\/\/www.portalmf.com.br\/","https:\/\/www.facebook.com\/portalmfoficial","https:\/\/www.instagram.com\/portalmf\/","https:\/\/x.com\/https:\/\/x.com\/portalmfoficial","https:\/\/www.youtube.com\/@portalmfoficial"],"url":"https:\/\/portalmf.com.br\/index.php\/author\/junior\/"}]}},"_links":{"self":[{"href":"https:\/\/portalmf.com.br\/index.php\/wp-json\/wp\/v2\/posts\/41441"}],"collection":[{"href":"https:\/\/portalmf.com.br\/index.php\/wp-json\/wp\/v2\/posts"}],"about":[{"href":"https:\/\/portalmf.com.br\/index.php\/wp-json\/wp\/v2\/types\/post"}],"author":[{"embeddable":true,"href":"https:\/\/portalmf.com.br\/index.php\/wp-json\/wp\/v2\/users\/3"}],"replies":[{"embeddable":true,"href":"https:\/\/portalmf.com.br\/index.php\/wp-json\/wp\/v2\/comments?post=41441"}],"version-history":[{"count":1,"href":"https:\/\/portalmf.com.br\/index.php\/wp-json\/wp\/v2\/posts\/41441\/revisions"}],"predecessor-version":[{"id":41443,"href":"https:\/\/portalmf.com.br\/index.php\/wp-json\/wp\/v2\/posts\/41441\/revisions\/41443"}],"wp:featuredmedia":[{"embeddable":true,"href":"https:\/\/portalmf.com.br\/index.php\/wp-json\/wp\/v2\/media\/41442"}],"wp:attachment":[{"href":"https:\/\/portalmf.com.br\/index.php\/wp-json\/wp\/v2\/media?parent=41441"}],"wp:term":[{"taxonomy":"category","embeddable":true,"href":"https:\/\/portalmf.com.br\/index.php\/wp-json\/wp\/v2\/categories?post=41441"},{"taxonomy":"post_tag","embeddable":true,"href":"https:\/\/portalmf.com.br\/index.php\/wp-json\/wp\/v2\/tags?post=41441"}],"curies":[{"name":"wp","href":"https:\/\/api.w.org\/{rel}","templated":true}]}}