{"id":41439,"date":"2026-01-23T18:02:31","date_gmt":"2026-01-23T21:02:31","guid":{"rendered":"https:\/\/portalmf.com.br\/?p=41439"},"modified":"2026-01-23T18:02:31","modified_gmt":"2026-01-23T21:02:31","slug":"jau-pierre-onassis-e-tonho-materia-participam-da-bencao-do-olodum-no-pelourinho","status":"publish","type":"post","link":"https:\/\/portalmf.com.br\/index.php\/2026\/01\/23\/jau-pierre-onassis-e-tonho-materia-participam-da-bencao-do-olodum-no-pelourinho\/","title":{"rendered":"Jau, Pierre Onassis e Tonho Mat\u00e9ria participam da Ben\u00e7\u00e3o do Olodum no Pelourinho"},"content":{"rendered":"\n<p>O Olodum realiza, no dia 27 de janeiro, a pen\u00faltima edi\u00e7\u00e3o da temporada da Ben\u00e7\u00e3o do Olodum, no Pelourinho, em Salvador. O ensaio acontece na Pra\u00e7a das Artes Mestre Neguinho do Samba, com acesso do p\u00fablico a partir das 19h, integrando a programa\u00e7\u00e3o do Ver\u00e3o do Olodum 2026.<\/p>\n\n\n\n<p>Nesta edi\u00e7\u00e3o, a banda recebe as participa\u00e7\u00f5es de Jau, Pierre Onassis e Tonho Mat\u00e9ria, que se apresentam ao lado da banda Olodum.<\/p>\n\n\n\n<p>A edi\u00e7\u00e3o marca um encontro entre diferentes gera\u00e7\u00f5es do Olodum, reunindo ex-cantores que fizeram parte da hist\u00f3ria do grupo com os m\u00fasicos que hoje conduzem o repert\u00f3rio da banda. A proposta refor\u00e7a a continuidade art\u00edstica do Olodum e promove o di\u00e1logo entre fases distintas da trajet\u00f3ria do bloco afro, no mesmo palco e diante do p\u00fablico do Pelourinho.<\/p>\n\n\n\n<p>A Ben\u00e7\u00e3o do Olodum \u00e9 um dos ensaios do ver\u00e3o de Salvador e tem reunido milhares de pessoas no Centro Hist\u00f3rico. O evento mant\u00e9m a presen\u00e7a regular do grupo no Pelourinho e integra o calend\u00e1rio de atividades do Olodum no per\u00edodo pr\u00e9-carnavalesco. A programa\u00e7\u00e3o segue at\u00e9 3 de fevereiro, com encontros sempre \u00e0s ter\u00e7as-feiras.<\/p>\n\n\n\n<p>O evento conta com patroc\u00ednio oficial do Atacad\u00e3o, patrocinador do Ver\u00e3o do Olodum. A realiza\u00e7\u00e3o \u00e9 do Olodum, com apoio do Governo do Estado da Bahia, por meio da Secretaria de Cultura, do IPAC e da Procultura Salvador. Os ingressos s\u00e3o comercializados na Casa do Olodum e pela plataforma Meu Bilhete.<\/p>\n","protected":false},"excerpt":{"rendered":"<p>O Olodum realiza, no dia 27 de janeiro, a pen\u00faltima edi\u00e7\u00e3o da temporada da Ben\u00e7\u00e3o do Olodum, no Pelourinho, em Salvador. O ensaio acontece na Pra\u00e7a das Artes Mestre Neguinho do Samba, com acesso do p\u00fablico a partir das 19h, integrando a programa\u00e7\u00e3o do Ver\u00e3o do Olodum 2026. Nesta edi\u00e7\u00e3o, a banda recebe as participa\u00e7\u00f5es [&hellip;]<\/p>\n","protected":false},"author":3,"featured_media":33829,"comment_status":"open","ping_status":"open","sticky":false,"template":"","format":"standard","meta":{"_monsterinsights_skip_tracking":false,"_monsterinsights_sitenote_active":false,"_monsterinsights_sitenote_note":"","_monsterinsights_sitenote_category":0,"footnotes":""},"categories":[44,45],"tags":[],"yoast_head":"<!-- This site is optimized with the Yoast SEO plugin v22.9 - https:\/\/yoast.com\/wordpress\/plugins\/seo\/ -->\n<title>Jau, Pierre Onassis e Tonho Mat\u00e9ria participam da Ben\u00e7\u00e3o do Olodum no Pelourinho - Portal MF<\/title>\n<meta name=\"robots\" content=\"index, follow, max-snippet:-1, max-image-preview:large, max-video-preview:-1\" \/>\n<link rel=\"canonical\" href=\"https:\/\/portalmf.com.br\/index.php\/2026\/01\/23\/jau-pierre-onassis-e-tonho-materia-participam-da-bencao-do-olodum-no-pelourinho\/\" \/>\n<meta property=\"og:locale\" content=\"pt_BR\" \/>\n<meta property=\"og:type\" content=\"article\" \/>\n<meta property=\"og:title\" content=\"Jau, Pierre Onassis e Tonho Mat\u00e9ria participam da Ben\u00e7\u00e3o do Olodum no Pelourinho - Portal MF\" \/>\n<meta property=\"og:description\" content=\"O Olodum realiza, no dia 27 de janeiro, a pen\u00faltima edi\u00e7\u00e3o da temporada da Ben\u00e7\u00e3o do Olodum, no Pelourinho, em Salvador. O ensaio acontece na Pra\u00e7a das Artes Mestre Neguinho do Samba, com acesso do p\u00fablico a partir das 19h, integrando a programa\u00e7\u00e3o do Ver\u00e3o do Olodum 2026. Nesta edi\u00e7\u00e3o, a banda recebe as participa\u00e7\u00f5es [&hellip;]\" \/>\n<meta property=\"og:url\" content=\"https:\/\/portalmf.com.br\/index.php\/2026\/01\/23\/jau-pierre-onassis-e-tonho-materia-participam-da-bencao-do-olodum-no-pelourinho\/\" \/>\n<meta property=\"og:site_name\" content=\"Portal MF\" \/>\n<meta property=\"article:author\" content=\"https:\/\/www.facebook.com\/portalmfoficial\" \/>\n<meta property=\"article:published_time\" content=\"2026-01-23T21:02:31+00:00\" \/>\n<meta property=\"og:image\" content=\"https:\/\/portalmf.com.br\/wp-content\/uploads\/2025\/02\/Bencao-do-Olodum-reune-artistas-e-publico-na-Praca-das-Artes_3.jpg\" \/>\n\t<meta property=\"og:image:width\" content=\"1600\" \/>\n\t<meta property=\"og:image:height\" content=\"900\" \/>\n\t<meta property=\"og:image:type\" content=\"image\/jpeg\" \/>\n<meta name=\"author\" content=\"Reda\u00e7\u00e3o Portal MF\" \/>\n<meta name=\"twitter:card\" content=\"summary_large_image\" \/>\n<meta name=\"twitter:creator\" content=\"@https:\/\/x.com\/portalmfoficial\" \/>\n<meta name=\"twitter:label1\" content=\"Escrito por\" \/>\n\t<meta name=\"twitter:data1\" content=\"Reda\u00e7\u00e3o Portal MF\" \/>\n\t<meta name=\"twitter:label2\" content=\"Est. tempo de leitura\" \/>\n\t<meta name=\"twitter:data2\" content=\"2 minutos\" \/>\n<script type=\"application\/ld+json\" class=\"yoast-schema-graph\">{\"@context\":\"https:\/\/schema.org\",\"@graph\":[{\"@type\":\"WebPage\",\"@id\":\"https:\/\/portalmf.com.br\/index.php\/2026\/01\/23\/jau-pierre-onassis-e-tonho-materia-participam-da-bencao-do-olodum-no-pelourinho\/\",\"url\":\"https:\/\/portalmf.com.br\/index.php\/2026\/01\/23\/jau-pierre-onassis-e-tonho-materia-participam-da-bencao-do-olodum-no-pelourinho\/\",\"name\":\"Jau, Pierre Onassis e Tonho Mat\u00e9ria participam da Ben\u00e7\u00e3o do Olodum no Pelourinho - Portal MF\",\"isPartOf\":{\"@id\":\"https:\/\/portalmf.com.br\/#website\"},\"primaryImageOfPage\":{\"@id\":\"https:\/\/portalmf.com.br\/index.php\/2026\/01\/23\/jau-pierre-onassis-e-tonho-materia-participam-da-bencao-do-olodum-no-pelourinho\/#primaryimage\"},\"image\":{\"@id\":\"https:\/\/portalmf.com.br\/index.php\/2026\/01\/23\/jau-pierre-onassis-e-tonho-materia-participam-da-bencao-do-olodum-no-pelourinho\/#primaryimage\"},\"thumbnailUrl\":\"https:\/\/portalmf.com.br\/wp-content\/uploads\/2025\/02\/Bencao-do-Olodum-reune-artistas-e-publico-na-Praca-das-Artes_3.jpg\",\"datePublished\":\"2026-01-23T21:02:31+00:00\",\"dateModified\":\"2026-01-23T21:02:31+00:00\",\"author\":{\"@id\":\"https:\/\/portalmf.com.br\/#\/schema\/person\/9ec101baf56233e53520c26de5d6f6f0\"},\"breadcrumb\":{\"@id\":\"https:\/\/portalmf.com.br\/index.php\/2026\/01\/23\/jau-pierre-onassis-e-tonho-materia-participam-da-bencao-do-olodum-no-pelourinho\/#breadcrumb\"},\"inLanguage\":\"pt-BR\",\"potentialAction\":[{\"@type\":\"ReadAction\",\"target\":[\"https:\/\/portalmf.com.br\/index.php\/2026\/01\/23\/jau-pierre-onassis-e-tonho-materia-participam-da-bencao-do-olodum-no-pelourinho\/\"]}]},{\"@type\":\"ImageObject\",\"inLanguage\":\"pt-BR\",\"@id\":\"https:\/\/portalmf.com.br\/index.php\/2026\/01\/23\/jau-pierre-onassis-e-tonho-materia-participam-da-bencao-do-olodum-no-pelourinho\/#primaryimage\",\"url\":\"https:\/\/portalmf.com.br\/wp-content\/uploads\/2025\/02\/Bencao-do-Olodum-reune-artistas-e-publico-na-Praca-das-Artes_3.jpg\",\"contentUrl\":\"https:\/\/portalmf.com.br\/wp-content\/uploads\/2025\/02\/Bencao-do-Olodum-reune-artistas-e-publico-na-Praca-das-Artes_3.jpg\",\"width\":1600,\"height\":900},{\"@type\":\"BreadcrumbList\",\"@id\":\"https:\/\/portalmf.com.br\/index.php\/2026\/01\/23\/jau-pierre-onassis-e-tonho-materia-participam-da-bencao-do-olodum-no-pelourinho\/#breadcrumb\",\"itemListElement\":[{\"@type\":\"ListItem\",\"position\":1,\"name\":\"In\u00edcio\",\"item\":\"https:\/\/portalmf.com.br\/\"},{\"@type\":\"ListItem\",\"position\":2,\"name\":\"Jau, Pierre Onassis e Tonho Mat\u00e9ria participam da Ben\u00e7\u00e3o do Olodum no Pelourinho\"}]},{\"@type\":\"WebSite\",\"@id\":\"https:\/\/portalmf.com.br\/#website\",\"url\":\"https:\/\/portalmf.com.br\/\",\"name\":\"Portal MF\",\"description\":\"Voc\u00ea conectado com a informa\u00e7\u00e3o\",\"potentialAction\":[{\"@type\":\"SearchAction\",\"target\":{\"@type\":\"EntryPoint\",\"urlTemplate\":\"https:\/\/portalmf.com.br\/?s={search_term_string}\"},\"query-input\":\"required name=search_term_string\"}],\"inLanguage\":\"pt-BR\"},{\"@type\":\"Person\",\"@id\":\"https:\/\/portalmf.com.br\/#\/schema\/person\/9ec101baf56233e53520c26de5d6f6f0\",\"name\":\"Reda\u00e7\u00e3o Portal MF\",\"image\":{\"@type\":\"ImageObject\",\"inLanguage\":\"pt-BR\",\"@id\":\"https:\/\/portalmf.com.br\/#\/schema\/person\/image\/\",\"url\":\"https:\/\/secure.gravatar.com\/avatar\/41b9aaeb2100835f7c64362330f74c7f?s=96&d=mm&r=g\",\"contentUrl\":\"https:\/\/secure.gravatar.com\/avatar\/41b9aaeb2100835f7c64362330f74c7f?s=96&d=mm&r=g\",\"caption\":\"Reda\u00e7\u00e3o Portal MF\"},\"description\":\"Sejam bem-vindos o portal de informa\u00e7\u00f5es de entretenimento de Feira de Santana, desde 2006 realiza coberturas dos principais eventos com entrevistas exclusivas com as principais personalidades mundiais. Fique conectado tamb\u00e9m nas redes sociais.\",\"sameAs\":[\"http:\/\/www.portalmf.com.br\/\",\"https:\/\/www.facebook.com\/portalmfoficial\",\"https:\/\/www.instagram.com\/portalmf\/\",\"https:\/\/x.com\/https:\/\/x.com\/portalmfoficial\",\"https:\/\/www.youtube.com\/@portalmfoficial\"],\"url\":\"https:\/\/portalmf.com.br\/index.php\/author\/junior\/\"}]}<\/script>\n<!-- \/ Yoast SEO plugin. -->","yoast_head_json":{"title":"Jau, Pierre Onassis e Tonho Mat\u00e9ria participam da Ben\u00e7\u00e3o do Olodum no Pelourinho - Portal MF","robots":{"index":"index","follow":"follow","max-snippet":"max-snippet:-1","max-image-preview":"max-image-preview:large","max-video-preview":"max-video-preview:-1"},"canonical":"https:\/\/portalmf.com.br\/index.php\/2026\/01\/23\/jau-pierre-onassis-e-tonho-materia-participam-da-bencao-do-olodum-no-pelourinho\/","og_locale":"pt_BR","og_type":"article","og_title":"Jau, Pierre Onassis e Tonho Mat\u00e9ria participam da Ben\u00e7\u00e3o do Olodum no Pelourinho - Portal MF","og_description":"O Olodum realiza, no dia 27 de janeiro, a pen\u00faltima edi\u00e7\u00e3o da temporada da Ben\u00e7\u00e3o do Olodum, no Pelourinho, em Salvador. O ensaio acontece na Pra\u00e7a das Artes Mestre Neguinho do Samba, com acesso do p\u00fablico a partir das 19h, integrando a programa\u00e7\u00e3o do Ver\u00e3o do Olodum 2026. Nesta edi\u00e7\u00e3o, a banda recebe as participa\u00e7\u00f5es [&hellip;]","og_url":"https:\/\/portalmf.com.br\/index.php\/2026\/01\/23\/jau-pierre-onassis-e-tonho-materia-participam-da-bencao-do-olodum-no-pelourinho\/","og_site_name":"Portal MF","article_author":"https:\/\/www.facebook.com\/portalmfoficial","article_published_time":"2026-01-23T21:02:31+00:00","og_image":[{"width":1600,"height":900,"url":"https:\/\/portalmf.com.br\/wp-content\/uploads\/2025\/02\/Bencao-do-Olodum-reune-artistas-e-publico-na-Praca-das-Artes_3.jpg","type":"image\/jpeg"}],"author":"Reda\u00e7\u00e3o Portal MF","twitter_card":"summary_large_image","twitter_creator":"@https:\/\/x.com\/portalmfoficial","twitter_misc":{"Escrito por":"Reda\u00e7\u00e3o Portal MF","Est. tempo de leitura":"2 minutos"},"schema":{"@context":"https:\/\/schema.org","@graph":[{"@type":"WebPage","@id":"https:\/\/portalmf.com.br\/index.php\/2026\/01\/23\/jau-pierre-onassis-e-tonho-materia-participam-da-bencao-do-olodum-no-pelourinho\/","url":"https:\/\/portalmf.com.br\/index.php\/2026\/01\/23\/jau-pierre-onassis-e-tonho-materia-participam-da-bencao-do-olodum-no-pelourinho\/","name":"Jau, Pierre Onassis e Tonho Mat\u00e9ria participam da Ben\u00e7\u00e3o do Olodum no Pelourinho - Portal MF","isPartOf":{"@id":"https:\/\/portalmf.com.br\/#website"},"primaryImageOfPage":{"@id":"https:\/\/portalmf.com.br\/index.php\/2026\/01\/23\/jau-pierre-onassis-e-tonho-materia-participam-da-bencao-do-olodum-no-pelourinho\/#primaryimage"},"image":{"@id":"https:\/\/portalmf.com.br\/index.php\/2026\/01\/23\/jau-pierre-onassis-e-tonho-materia-participam-da-bencao-do-olodum-no-pelourinho\/#primaryimage"},"thumbnailUrl":"https:\/\/portalmf.com.br\/wp-content\/uploads\/2025\/02\/Bencao-do-Olodum-reune-artistas-e-publico-na-Praca-das-Artes_3.jpg","datePublished":"2026-01-23T21:02:31+00:00","dateModified":"2026-01-23T21:02:31+00:00","author":{"@id":"https:\/\/portalmf.com.br\/#\/schema\/person\/9ec101baf56233e53520c26de5d6f6f0"},"breadcrumb":{"@id":"https:\/\/portalmf.com.br\/index.php\/2026\/01\/23\/jau-pierre-onassis-e-tonho-materia-participam-da-bencao-do-olodum-no-pelourinho\/#breadcrumb"},"inLanguage":"pt-BR","potentialAction":[{"@type":"ReadAction","target":["https:\/\/portalmf.com.br\/index.php\/2026\/01\/23\/jau-pierre-onassis-e-tonho-materia-participam-da-bencao-do-olodum-no-pelourinho\/"]}]},{"@type":"ImageObject","inLanguage":"pt-BR","@id":"https:\/\/portalmf.com.br\/index.php\/2026\/01\/23\/jau-pierre-onassis-e-tonho-materia-participam-da-bencao-do-olodum-no-pelourinho\/#primaryimage","url":"https:\/\/portalmf.com.br\/wp-content\/uploads\/2025\/02\/Bencao-do-Olodum-reune-artistas-e-publico-na-Praca-das-Artes_3.jpg","contentUrl":"https:\/\/portalmf.com.br\/wp-content\/uploads\/2025\/02\/Bencao-do-Olodum-reune-artistas-e-publico-na-Praca-das-Artes_3.jpg","width":1600,"height":900},{"@type":"BreadcrumbList","@id":"https:\/\/portalmf.com.br\/index.php\/2026\/01\/23\/jau-pierre-onassis-e-tonho-materia-participam-da-bencao-do-olodum-no-pelourinho\/#breadcrumb","itemListElement":[{"@type":"ListItem","position":1,"name":"In\u00edcio","item":"https:\/\/portalmf.com.br\/"},{"@type":"ListItem","position":2,"name":"Jau, Pierre Onassis e Tonho Mat\u00e9ria participam da Ben\u00e7\u00e3o do Olodum no Pelourinho"}]},{"@type":"WebSite","@id":"https:\/\/portalmf.com.br\/#website","url":"https:\/\/portalmf.com.br\/","name":"Portal MF","description":"Voc\u00ea conectado com a informa\u00e7\u00e3o","potentialAction":[{"@type":"SearchAction","target":{"@type":"EntryPoint","urlTemplate":"https:\/\/portalmf.com.br\/?s={search_term_string}"},"query-input":"required name=search_term_string"}],"inLanguage":"pt-BR"},{"@type":"Person","@id":"https:\/\/portalmf.com.br\/#\/schema\/person\/9ec101baf56233e53520c26de5d6f6f0","name":"Reda\u00e7\u00e3o Portal MF","image":{"@type":"ImageObject","inLanguage":"pt-BR","@id":"https:\/\/portalmf.com.br\/#\/schema\/person\/image\/","url":"https:\/\/secure.gravatar.com\/avatar\/41b9aaeb2100835f7c64362330f74c7f?s=96&d=mm&r=g","contentUrl":"https:\/\/secure.gravatar.com\/avatar\/41b9aaeb2100835f7c64362330f74c7f?s=96&d=mm&r=g","caption":"Reda\u00e7\u00e3o Portal MF"},"description":"Sejam bem-vindos o portal de informa\u00e7\u00f5es de entretenimento de Feira de Santana, desde 2006 realiza coberturas dos principais eventos com entrevistas exclusivas com as principais personalidades mundiais. Fique conectado tamb\u00e9m nas redes sociais.","sameAs":["http:\/\/www.portalmf.com.br\/","https:\/\/www.facebook.com\/portalmfoficial","https:\/\/www.instagram.com\/portalmf\/","https:\/\/x.com\/https:\/\/x.com\/portalmfoficial","https:\/\/www.youtube.com\/@portalmfoficial"],"url":"https:\/\/portalmf.com.br\/index.php\/author\/junior\/"}]}},"_links":{"self":[{"href":"https:\/\/portalmf.com.br\/index.php\/wp-json\/wp\/v2\/posts\/41439"}],"collection":[{"href":"https:\/\/portalmf.com.br\/index.php\/wp-json\/wp\/v2\/posts"}],"about":[{"href":"https:\/\/portalmf.com.br\/index.php\/wp-json\/wp\/v2\/types\/post"}],"author":[{"embeddable":true,"href":"https:\/\/portalmf.com.br\/index.php\/wp-json\/wp\/v2\/users\/3"}],"replies":[{"embeddable":true,"href":"https:\/\/portalmf.com.br\/index.php\/wp-json\/wp\/v2\/comments?post=41439"}],"version-history":[{"count":1,"href":"https:\/\/portalmf.com.br\/index.php\/wp-json\/wp\/v2\/posts\/41439\/revisions"}],"predecessor-version":[{"id":41440,"href":"https:\/\/portalmf.com.br\/index.php\/wp-json\/wp\/v2\/posts\/41439\/revisions\/41440"}],"wp:featuredmedia":[{"embeddable":true,"href":"https:\/\/portalmf.com.br\/index.php\/wp-json\/wp\/v2\/media\/33829"}],"wp:attachment":[{"href":"https:\/\/portalmf.com.br\/index.php\/wp-json\/wp\/v2\/media?parent=41439"}],"wp:term":[{"taxonomy":"category","embeddable":true,"href":"https:\/\/portalmf.com.br\/index.php\/wp-json\/wp\/v2\/categories?post=41439"},{"taxonomy":"post_tag","embeddable":true,"href":"https:\/\/portalmf.com.br\/index.php\/wp-json\/wp\/v2\/tags?post=41439"}],"curies":[{"name":"wp","href":"https:\/\/api.w.org\/{rel}","templated":true}]}}