{"id":41435,"date":"2026-01-23T18:00:17","date_gmt":"2026-01-23T21:00:17","guid":{"rendered":"https:\/\/portalmf.com.br\/?p=41435"},"modified":"2026-01-23T18:01:08","modified_gmt":"2026-01-23T21:01:08","slug":"juazeiro-abre-o-carnaval-do-brasil-em-2026-com-programacao-antecipada","status":"publish","type":"post","link":"https:\/\/portalmf.com.br\/index.php\/2026\/01\/23\/juazeiro-abre-o-carnaval-do-brasil-em-2026-com-programacao-antecipada\/","title":{"rendered":"Juazeiro abre o Carnaval do Brasil em 2026 com programa\u00e7\u00e3o antecipada"},"content":{"rendered":"\n<p>A cidade de Juazeiro recebe, entre os dias 29 de janeiro e 1\u00ba de fevereiro de 2026, a festa que abre oficialmente o Carnaval do Brasil. O evento acontece na orla do munic\u00edpio, com programa\u00e7\u00e3o antecipada, tr\u00eas circuitos e estrutura ampliada para receber moradores e turistas.<\/p>\n\n\n\n<p>A abertura ocorre na quinta-feira (29), a partir das 19h. Na sexta-feira (30), a programa\u00e7\u00e3o come\u00e7a \u00e0s 16h. No s\u00e1bado (31) e no domingo (1\u00ba), os trios el\u00e9tricos entram na avenida a partir das 15h. A antecipa\u00e7\u00e3o dos hor\u00e1rios busca ampliar o tempo de divers\u00e3o, garantir mais conforto aos foli\u00f5es e melhorar a ocupa\u00e7\u00e3o da orla e dos espa\u00e7os p\u00fablicos ao longo do dia, aproveitando as paisagens do Rio S\u00e3o Francisco.<\/p>\n\n\n\n<h2 class=\"wp-block-heading\"><strong>Circuitos e diversidade musical<\/strong><\/h2>\n\n\n\n<p>A festa se organiza em tr\u00eas grandes circuitos. O Circuito Ivete Sangalo, localizado na Orla I e na Avenida Adolfo Viana, mant\u00e9m o percurso tradicional, com sa\u00edda nas imedia\u00e7\u00f5es do \u00c1guas Center e encerramento no ponto hist\u00f3rico de finaliza\u00e7\u00e3o do som dos trios el\u00e9tricos. A defini\u00e7\u00e3o foi confirmada ap\u00f3s vistoria t\u00e9cnica e valida\u00e7\u00e3o dos \u00f3rg\u00e3os envolvidos na organiza\u00e7\u00e3o do evento.<br>No Circuito Ivete Sangalo, mais de 50 atra\u00e7\u00f5es se apresentam entre quinta e domingo, reunindo diferentes estilos da m\u00fasica brasileira. Est\u00e3o confirmados nomes como Ivete Sangalo, Bell Marques, Psirico, Parangol\u00e9, Pagodart, Luiz Caldas, Rafa e Pipo Marques, Tony Salles, Thiago Aquino e Edson Gomes, al\u00e9m de Armandinho, Jammil, Filhos de Jorge, Vina Calmon, Saiddy Bamba, Guig Ghetto, Pierre Onassis, Rubinho e Michele Andrade.<\/p>\n\n\n\n<p>J\u00e1 o Circuito Luiz Galv\u00e3o, instalado na Orla II, conta com palco fixo e programa\u00e7\u00e3o que valoriza a produ\u00e7\u00e3o cultural local e dialoga com diferentes linguagens musicais, ampliando o alcance art\u00edstico do evento e fortalecendo a identidade cultural de Juazeiro.<\/p>\n\n\n\n<p>O evento tamb\u00e9m contempla o p\u00fablico infantil com o Circuito Folia Kids, montado no Pa\u00e7o Municipal, ao lado da Seculte. A programa\u00e7\u00e3o acontece no per\u00edodo da tarde, com atra\u00e7\u00f5es voltadas para crian\u00e7as e fam\u00edlias, como Tio Diego, D\u00f3 R\u00e9 Mi e Banda Pirulito, garantindo um espa\u00e7o seguro, acess\u00edvel e dedicado \u00e0 conviv\u00eancia familiar.<\/p>\n\n\n\n<h2 class=\"wp-block-heading\"><strong>Estrutura, seguran\u00e7a e impacto econ\u00f4mico<\/strong><\/h2>\n\n\n\n<p>A montagem da estrutura segue em ritmo acelerado, com camarotes no Circuito Ivete Sangalo, dezenas de trios el\u00e9tricos, palco fixo na Orla II e refor\u00e7o nos sistemas de ilumina\u00e7\u00e3o, sonoriza\u00e7\u00e3o e servi\u00e7os de apoio. A opera\u00e7\u00e3o envolve for\u00e7as de seguran\u00e7a, Minist\u00e9rio P\u00fablico, Tribunal de Justi\u00e7a e secretarias municipais, assegurando organiza\u00e7\u00e3o e seguran\u00e7a durante todos os dias da festa.<\/p>\n\n\n\n<p>Com expectativa de p\u00fablico em torno de 100 mil pessoas por noite, o evento movimenta a economia local, fortalece o turismo e consolida Juazeiro como refer\u00eancia nacional no calend\u00e1rio das grandes festas populares. \u00c0s margens do Velho Chico, a cidade mostra que a folia come\u00e7a mais cedo e com planejamento.<\/p>\n\n\n\n<p>A festa \u00e9 realizada pela Prefeitura de Juazeiro, por meio da Secretaria de Cultura, Turismo e Esportes de Juazeiro, em parceria com o Governo do Estado da Bahia, atrav\u00e9s da Superintend\u00eancia de Fomento ao Turismo e da Secretaria de Turismo da Bahia, com apoio do Minist\u00e9rio do Turismo.<\/p>\n","protected":false},"excerpt":{"rendered":"<p>A cidade de Juazeiro recebe, entre os dias 29 de janeiro e 1\u00ba de fevereiro de 2026, a festa que abre oficialmente o Carnaval do Brasil. O evento acontece na orla do munic\u00edpio, com programa\u00e7\u00e3o antecipada, tr\u00eas circuitos e estrutura ampliada para receber moradores e turistas. A abertura ocorre na quinta-feira (29), a partir das [&hellip;]<\/p>\n","protected":false},"author":3,"featured_media":41436,"comment_status":"open","ping_status":"open","sticky":false,"template":"","format":"standard","meta":{"_monsterinsights_skip_tracking":false,"_monsterinsights_sitenote_active":false,"_monsterinsights_sitenote_note":"","_monsterinsights_sitenote_category":0,"footnotes":""},"categories":[44],"tags":[],"yoast_head":"<!-- This site is optimized with the Yoast SEO plugin v22.9 - https:\/\/yoast.com\/wordpress\/plugins\/seo\/ -->\n<title>Juazeiro abre o Carnaval do Brasil em 2026 com programa\u00e7\u00e3o antecipada - Portal MF<\/title>\n<meta name=\"robots\" content=\"index, follow, max-snippet:-1, max-image-preview:large, max-video-preview:-1\" \/>\n<link rel=\"canonical\" href=\"https:\/\/portalmf.com.br\/index.php\/2026\/01\/23\/juazeiro-abre-o-carnaval-do-brasil-em-2026-com-programacao-antecipada\/\" \/>\n<meta property=\"og:locale\" content=\"pt_BR\" \/>\n<meta property=\"og:type\" content=\"article\" \/>\n<meta property=\"og:title\" content=\"Juazeiro abre o Carnaval do Brasil em 2026 com programa\u00e7\u00e3o antecipada - Portal MF\" \/>\n<meta property=\"og:description\" content=\"A cidade de Juazeiro recebe, entre os dias 29 de janeiro e 1\u00ba de fevereiro de 2026, a festa que abre oficialmente o Carnaval do Brasil. O evento acontece na orla do munic\u00edpio, com programa\u00e7\u00e3o antecipada, tr\u00eas circuitos e estrutura ampliada para receber moradores e turistas. A abertura ocorre na quinta-feira (29), a partir das [&hellip;]\" \/>\n<meta property=\"og:url\" content=\"https:\/\/portalmf.com.br\/index.php\/2026\/01\/23\/juazeiro-abre-o-carnaval-do-brasil-em-2026-com-programacao-antecipada\/\" \/>\n<meta property=\"og:site_name\" content=\"Portal MF\" \/>\n<meta property=\"article:author\" content=\"https:\/\/www.facebook.com\/portalmfoficial\" \/>\n<meta property=\"article:published_time\" content=\"2026-01-23T21:00:17+00:00\" \/>\n<meta property=\"article:modified_time\" content=\"2026-01-23T21:01:08+00:00\" \/>\n<meta property=\"og:image\" content=\"https:\/\/portalmf.com.br\/wp-content\/uploads\/2026\/01\/carnaval-jua-2024.jpg\" \/>\n\t<meta property=\"og:image:width\" content=\"696\" \/>\n\t<meta property=\"og:image:height\" content=\"392\" \/>\n\t<meta property=\"og:image:type\" content=\"image\/jpeg\" \/>\n<meta name=\"author\" content=\"Reda\u00e7\u00e3o Portal MF\" \/>\n<meta name=\"twitter:card\" content=\"summary_large_image\" \/>\n<meta name=\"twitter:creator\" content=\"@https:\/\/x.com\/portalmfoficial\" \/>\n<meta name=\"twitter:label1\" content=\"Escrito por\" \/>\n\t<meta name=\"twitter:data1\" content=\"Reda\u00e7\u00e3o Portal MF\" \/>\n\t<meta name=\"twitter:label2\" content=\"Est. tempo de leitura\" \/>\n\t<meta name=\"twitter:data2\" content=\"3 minutos\" \/>\n<script type=\"application\/ld+json\" class=\"yoast-schema-graph\">{\"@context\":\"https:\/\/schema.org\",\"@graph\":[{\"@type\":\"WebPage\",\"@id\":\"https:\/\/portalmf.com.br\/index.php\/2026\/01\/23\/juazeiro-abre-o-carnaval-do-brasil-em-2026-com-programacao-antecipada\/\",\"url\":\"https:\/\/portalmf.com.br\/index.php\/2026\/01\/23\/juazeiro-abre-o-carnaval-do-brasil-em-2026-com-programacao-antecipada\/\",\"name\":\"Juazeiro abre o Carnaval do Brasil em 2026 com programa\u00e7\u00e3o antecipada - Portal MF\",\"isPartOf\":{\"@id\":\"https:\/\/portalmf.com.br\/#website\"},\"primaryImageOfPage\":{\"@id\":\"https:\/\/portalmf.com.br\/index.php\/2026\/01\/23\/juazeiro-abre-o-carnaval-do-brasil-em-2026-com-programacao-antecipada\/#primaryimage\"},\"image\":{\"@id\":\"https:\/\/portalmf.com.br\/index.php\/2026\/01\/23\/juazeiro-abre-o-carnaval-do-brasil-em-2026-com-programacao-antecipada\/#primaryimage\"},\"thumbnailUrl\":\"https:\/\/portalmf.com.br\/wp-content\/uploads\/2026\/01\/carnaval-jua-2024.jpg\",\"datePublished\":\"2026-01-23T21:00:17+00:00\",\"dateModified\":\"2026-01-23T21:01:08+00:00\",\"author\":{\"@id\":\"https:\/\/portalmf.com.br\/#\/schema\/person\/9ec101baf56233e53520c26de5d6f6f0\"},\"breadcrumb\":{\"@id\":\"https:\/\/portalmf.com.br\/index.php\/2026\/01\/23\/juazeiro-abre-o-carnaval-do-brasil-em-2026-com-programacao-antecipada\/#breadcrumb\"},\"inLanguage\":\"pt-BR\",\"potentialAction\":[{\"@type\":\"ReadAction\",\"target\":[\"https:\/\/portalmf.com.br\/index.php\/2026\/01\/23\/juazeiro-abre-o-carnaval-do-brasil-em-2026-com-programacao-antecipada\/\"]}]},{\"@type\":\"ImageObject\",\"inLanguage\":\"pt-BR\",\"@id\":\"https:\/\/portalmf.com.br\/index.php\/2026\/01\/23\/juazeiro-abre-o-carnaval-do-brasil-em-2026-com-programacao-antecipada\/#primaryimage\",\"url\":\"https:\/\/portalmf.com.br\/wp-content\/uploads\/2026\/01\/carnaval-jua-2024.jpg\",\"contentUrl\":\"https:\/\/portalmf.com.br\/wp-content\/uploads\/2026\/01\/carnaval-jua-2024.jpg\",\"width\":696,\"height\":392},{\"@type\":\"BreadcrumbList\",\"@id\":\"https:\/\/portalmf.com.br\/index.php\/2026\/01\/23\/juazeiro-abre-o-carnaval-do-brasil-em-2026-com-programacao-antecipada\/#breadcrumb\",\"itemListElement\":[{\"@type\":\"ListItem\",\"position\":1,\"name\":\"In\u00edcio\",\"item\":\"https:\/\/portalmf.com.br\/\"},{\"@type\":\"ListItem\",\"position\":2,\"name\":\"Juazeiro abre o Carnaval do Brasil em 2026 com programa\u00e7\u00e3o antecipada\"}]},{\"@type\":\"WebSite\",\"@id\":\"https:\/\/portalmf.com.br\/#website\",\"url\":\"https:\/\/portalmf.com.br\/\",\"name\":\"Portal MF\",\"description\":\"Voc\u00ea conectado com a informa\u00e7\u00e3o\",\"potentialAction\":[{\"@type\":\"SearchAction\",\"target\":{\"@type\":\"EntryPoint\",\"urlTemplate\":\"https:\/\/portalmf.com.br\/?s={search_term_string}\"},\"query-input\":\"required name=search_term_string\"}],\"inLanguage\":\"pt-BR\"},{\"@type\":\"Person\",\"@id\":\"https:\/\/portalmf.com.br\/#\/schema\/person\/9ec101baf56233e53520c26de5d6f6f0\",\"name\":\"Reda\u00e7\u00e3o Portal MF\",\"image\":{\"@type\":\"ImageObject\",\"inLanguage\":\"pt-BR\",\"@id\":\"https:\/\/portalmf.com.br\/#\/schema\/person\/image\/\",\"url\":\"https:\/\/secure.gravatar.com\/avatar\/41b9aaeb2100835f7c64362330f74c7f?s=96&d=mm&r=g\",\"contentUrl\":\"https:\/\/secure.gravatar.com\/avatar\/41b9aaeb2100835f7c64362330f74c7f?s=96&d=mm&r=g\",\"caption\":\"Reda\u00e7\u00e3o Portal MF\"},\"description\":\"Sejam bem-vindos o portal de informa\u00e7\u00f5es de entretenimento de Feira de Santana, desde 2006 realiza coberturas dos principais eventos com entrevistas exclusivas com as principais personalidades mundiais. Fique conectado tamb\u00e9m nas redes sociais.\",\"sameAs\":[\"http:\/\/www.portalmf.com.br\/\",\"https:\/\/www.facebook.com\/portalmfoficial\",\"https:\/\/www.instagram.com\/portalmf\/\",\"https:\/\/x.com\/https:\/\/x.com\/portalmfoficial\",\"https:\/\/www.youtube.com\/@portalmfoficial\"],\"url\":\"https:\/\/portalmf.com.br\/index.php\/author\/junior\/\"}]}<\/script>\n<!-- \/ Yoast SEO plugin. -->","yoast_head_json":{"title":"Juazeiro abre o Carnaval do Brasil em 2026 com programa\u00e7\u00e3o antecipada - Portal MF","robots":{"index":"index","follow":"follow","max-snippet":"max-snippet:-1","max-image-preview":"max-image-preview:large","max-video-preview":"max-video-preview:-1"},"canonical":"https:\/\/portalmf.com.br\/index.php\/2026\/01\/23\/juazeiro-abre-o-carnaval-do-brasil-em-2026-com-programacao-antecipada\/","og_locale":"pt_BR","og_type":"article","og_title":"Juazeiro abre o Carnaval do Brasil em 2026 com programa\u00e7\u00e3o antecipada - Portal MF","og_description":"A cidade de Juazeiro recebe, entre os dias 29 de janeiro e 1\u00ba de fevereiro de 2026, a festa que abre oficialmente o Carnaval do Brasil. O evento acontece na orla do munic\u00edpio, com programa\u00e7\u00e3o antecipada, tr\u00eas circuitos e estrutura ampliada para receber moradores e turistas. A abertura ocorre na quinta-feira (29), a partir das [&hellip;]","og_url":"https:\/\/portalmf.com.br\/index.php\/2026\/01\/23\/juazeiro-abre-o-carnaval-do-brasil-em-2026-com-programacao-antecipada\/","og_site_name":"Portal MF","article_author":"https:\/\/www.facebook.com\/portalmfoficial","article_published_time":"2026-01-23T21:00:17+00:00","article_modified_time":"2026-01-23T21:01:08+00:00","og_image":[{"width":696,"height":392,"url":"https:\/\/portalmf.com.br\/wp-content\/uploads\/2026\/01\/carnaval-jua-2024.jpg","type":"image\/jpeg"}],"author":"Reda\u00e7\u00e3o Portal MF","twitter_card":"summary_large_image","twitter_creator":"@https:\/\/x.com\/portalmfoficial","twitter_misc":{"Escrito por":"Reda\u00e7\u00e3o Portal MF","Est. tempo de leitura":"3 minutos"},"schema":{"@context":"https:\/\/schema.org","@graph":[{"@type":"WebPage","@id":"https:\/\/portalmf.com.br\/index.php\/2026\/01\/23\/juazeiro-abre-o-carnaval-do-brasil-em-2026-com-programacao-antecipada\/","url":"https:\/\/portalmf.com.br\/index.php\/2026\/01\/23\/juazeiro-abre-o-carnaval-do-brasil-em-2026-com-programacao-antecipada\/","name":"Juazeiro abre o Carnaval do Brasil em 2026 com programa\u00e7\u00e3o antecipada - Portal MF","isPartOf":{"@id":"https:\/\/portalmf.com.br\/#website"},"primaryImageOfPage":{"@id":"https:\/\/portalmf.com.br\/index.php\/2026\/01\/23\/juazeiro-abre-o-carnaval-do-brasil-em-2026-com-programacao-antecipada\/#primaryimage"},"image":{"@id":"https:\/\/portalmf.com.br\/index.php\/2026\/01\/23\/juazeiro-abre-o-carnaval-do-brasil-em-2026-com-programacao-antecipada\/#primaryimage"},"thumbnailUrl":"https:\/\/portalmf.com.br\/wp-content\/uploads\/2026\/01\/carnaval-jua-2024.jpg","datePublished":"2026-01-23T21:00:17+00:00","dateModified":"2026-01-23T21:01:08+00:00","author":{"@id":"https:\/\/portalmf.com.br\/#\/schema\/person\/9ec101baf56233e53520c26de5d6f6f0"},"breadcrumb":{"@id":"https:\/\/portalmf.com.br\/index.php\/2026\/01\/23\/juazeiro-abre-o-carnaval-do-brasil-em-2026-com-programacao-antecipada\/#breadcrumb"},"inLanguage":"pt-BR","potentialAction":[{"@type":"ReadAction","target":["https:\/\/portalmf.com.br\/index.php\/2026\/01\/23\/juazeiro-abre-o-carnaval-do-brasil-em-2026-com-programacao-antecipada\/"]}]},{"@type":"ImageObject","inLanguage":"pt-BR","@id":"https:\/\/portalmf.com.br\/index.php\/2026\/01\/23\/juazeiro-abre-o-carnaval-do-brasil-em-2026-com-programacao-antecipada\/#primaryimage","url":"https:\/\/portalmf.com.br\/wp-content\/uploads\/2026\/01\/carnaval-jua-2024.jpg","contentUrl":"https:\/\/portalmf.com.br\/wp-content\/uploads\/2026\/01\/carnaval-jua-2024.jpg","width":696,"height":392},{"@type":"BreadcrumbList","@id":"https:\/\/portalmf.com.br\/index.php\/2026\/01\/23\/juazeiro-abre-o-carnaval-do-brasil-em-2026-com-programacao-antecipada\/#breadcrumb","itemListElement":[{"@type":"ListItem","position":1,"name":"In\u00edcio","item":"https:\/\/portalmf.com.br\/"},{"@type":"ListItem","position":2,"name":"Juazeiro abre o Carnaval do Brasil em 2026 com programa\u00e7\u00e3o antecipada"}]},{"@type":"WebSite","@id":"https:\/\/portalmf.com.br\/#website","url":"https:\/\/portalmf.com.br\/","name":"Portal MF","description":"Voc\u00ea conectado com a informa\u00e7\u00e3o","potentialAction":[{"@type":"SearchAction","target":{"@type":"EntryPoint","urlTemplate":"https:\/\/portalmf.com.br\/?s={search_term_string}"},"query-input":"required name=search_term_string"}],"inLanguage":"pt-BR"},{"@type":"Person","@id":"https:\/\/portalmf.com.br\/#\/schema\/person\/9ec101baf56233e53520c26de5d6f6f0","name":"Reda\u00e7\u00e3o Portal MF","image":{"@type":"ImageObject","inLanguage":"pt-BR","@id":"https:\/\/portalmf.com.br\/#\/schema\/person\/image\/","url":"https:\/\/secure.gravatar.com\/avatar\/41b9aaeb2100835f7c64362330f74c7f?s=96&d=mm&r=g","contentUrl":"https:\/\/secure.gravatar.com\/avatar\/41b9aaeb2100835f7c64362330f74c7f?s=96&d=mm&r=g","caption":"Reda\u00e7\u00e3o Portal MF"},"description":"Sejam bem-vindos o portal de informa\u00e7\u00f5es de entretenimento de Feira de Santana, desde 2006 realiza coberturas dos principais eventos com entrevistas exclusivas com as principais personalidades mundiais. Fique conectado tamb\u00e9m nas redes sociais.","sameAs":["http:\/\/www.portalmf.com.br\/","https:\/\/www.facebook.com\/portalmfoficial","https:\/\/www.instagram.com\/portalmf\/","https:\/\/x.com\/https:\/\/x.com\/portalmfoficial","https:\/\/www.youtube.com\/@portalmfoficial"],"url":"https:\/\/portalmf.com.br\/index.php\/author\/junior\/"}]}},"_links":{"self":[{"href":"https:\/\/portalmf.com.br\/index.php\/wp-json\/wp\/v2\/posts\/41435"}],"collection":[{"href":"https:\/\/portalmf.com.br\/index.php\/wp-json\/wp\/v2\/posts"}],"about":[{"href":"https:\/\/portalmf.com.br\/index.php\/wp-json\/wp\/v2\/types\/post"}],"author":[{"embeddable":true,"href":"https:\/\/portalmf.com.br\/index.php\/wp-json\/wp\/v2\/users\/3"}],"replies":[{"embeddable":true,"href":"https:\/\/portalmf.com.br\/index.php\/wp-json\/wp\/v2\/comments?post=41435"}],"version-history":[{"count":2,"href":"https:\/\/portalmf.com.br\/index.php\/wp-json\/wp\/v2\/posts\/41435\/revisions"}],"predecessor-version":[{"id":41438,"href":"https:\/\/portalmf.com.br\/index.php\/wp-json\/wp\/v2\/posts\/41435\/revisions\/41438"}],"wp:featuredmedia":[{"embeddable":true,"href":"https:\/\/portalmf.com.br\/index.php\/wp-json\/wp\/v2\/media\/41436"}],"wp:attachment":[{"href":"https:\/\/portalmf.com.br\/index.php\/wp-json\/wp\/v2\/media?parent=41435"}],"wp:term":[{"taxonomy":"category","embeddable":true,"href":"https:\/\/portalmf.com.br\/index.php\/wp-json\/wp\/v2\/categories?post=41435"},{"taxonomy":"post_tag","embeddable":true,"href":"https:\/\/portalmf.com.br\/index.php\/wp-json\/wp\/v2\/tags?post=41435"}],"curies":[{"name":"wp","href":"https:\/\/api.w.org\/{rel}","templated":true}]}}