{"id":41425,"date":"2026-01-23T08:45:06","date_gmt":"2026-01-23T11:45:06","guid":{"rendered":"https:\/\/portalmf.com.br\/?p=41425"},"modified":"2026-01-23T08:45:07","modified_gmt":"2026-01-23T11:45:07","slug":"governador-prestigia-abertura-do-carnaval-antecipado-de-itabuna","status":"publish","type":"post","link":"https:\/\/portalmf.com.br\/index.php\/2026\/01\/23\/governador-prestigia-abertura-do-carnaval-antecipado-de-itabuna\/","title":{"rendered":"Governador prestigia abertura do Carnaval antecipado de Itabuna"},"content":{"rendered":"\n<p>Com o apoio do Governo da Bahia, por meio da Secretaria do Turismo (Setur-BA), Itabuna voltou a viver a anima\u00e7\u00e3o do Carnaval antecipado, realizado desta quinta-feira (22) at\u00e9 domingo (25). A festa, que estava suspensa desde 2020, movimenta o turismo, a economia e o com\u00e9rcio da cidade, localizada na zona tur\u00edstica da Costa do Cacau, no Sul do estado. O governador Jer\u00f4nimo Rodrigues participou da abertura oficial da folia, ao lado do vice-governador, Geraldo J\u00fanior.<\/p>\n\n\n\n<p><em>\u201cEstou muito feliz porque o Carnaval na Bahia \u00e9 muito forte. Itabuna, com uma festa dessa, se destaca. Aqui a prefeitura realiza um carnaval grandioso com seguran\u00e7a, com estrutura. Convido as pessoas para que venham curtir\u201d, <\/em>afirmou o governador, lembrando ainda que no interior, a folia tamb\u00e9m se destaca em outras grandes cidades, como Juazeiro e Vit\u00f3ria da Conquista.<\/p>\n\n\n\n<figure class=\"wp-block-image size-large\"><img fetchpriority=\"high\" decoding=\"async\" width=\"1024\" height=\"682\" src=\"https:\/\/portalmf.com.br\/wp-content\/uploads\/2026\/01\/image-6-1024x682.png\" alt=\"\" class=\"wp-image-41427\" srcset=\"https:\/\/portalmf.com.br\/wp-content\/uploads\/2026\/01\/image-6-1024x682.png 1024w, https:\/\/portalmf.com.br\/wp-content\/uploads\/2026\/01\/image-6-300x200.png 300w, https:\/\/portalmf.com.br\/wp-content\/uploads\/2026\/01\/image-6-768x512.png 768w, https:\/\/portalmf.com.br\/wp-content\/uploads\/2026\/01\/image-6-1536x1023.png 1536w, https:\/\/portalmf.com.br\/wp-content\/uploads\/2026\/01\/image-6-696x464.png 696w, https:\/\/portalmf.com.br\/wp-content\/uploads\/2026\/01\/image-6-1068x712.png 1068w, https:\/\/portalmf.com.br\/wp-content\/uploads\/2026\/01\/image-6.png 1600w\" sizes=\"(max-width: 1024px) 100vw, 1024px\" \/><\/figure>\n\n\n\n<p>Ao todo, 45 atra\u00e7\u00f5es se apresentam no Circuito Beira Rio montado nas avenidas M\u00e1rio Padre e Aziz Maron, no bairro G\u00f3es Calmon. Entre os nomes confirmados est\u00e3o Bell Marques, Claudia Leitte, L\u00e9o Santana, Xanddy Harmonia, Jau, Psirico, Timbalada, Filhos de Jorge, Durval Lelys, Tony Salles, O Kanalha e Escandurras, al\u00e9m das bandas La F\u00faria, Trio da Huanna e Guig Ghetto.<\/p>\n\n\n\n<figure class=\"wp-block-image size-large\"><img decoding=\"async\" width=\"1024\" height=\"682\" src=\"https:\/\/portalmf.com.br\/wp-content\/uploads\/2026\/01\/image-5-1024x682.png\" alt=\"\" class=\"wp-image-41426\" srcset=\"https:\/\/portalmf.com.br\/wp-content\/uploads\/2026\/01\/image-5-1024x682.png 1024w, https:\/\/portalmf.com.br\/wp-content\/uploads\/2026\/01\/image-5-300x200.png 300w, https:\/\/portalmf.com.br\/wp-content\/uploads\/2026\/01\/image-5-768x512.png 768w, https:\/\/portalmf.com.br\/wp-content\/uploads\/2026\/01\/image-5-1536x1023.png 1536w, https:\/\/portalmf.com.br\/wp-content\/uploads\/2026\/01\/image-5-696x464.png 696w, https:\/\/portalmf.com.br\/wp-content\/uploads\/2026\/01\/image-5-1068x712.png 1068w, https:\/\/portalmf.com.br\/wp-content\/uploads\/2026\/01\/image-5.png 1600w\" sizes=\"(max-width: 1024px) 100vw, 1024px\" \/><figcaption class=\"wp-element-caption\"><strong><em><strong>Foto: Jo\u00e1 Souza\/GOVBA<\/strong><\/em><\/strong><\/figcaption><\/figure>\n\n\n\n<p>Uma das novidades desta edi\u00e7\u00e3o \u00e9 que os trios el\u00e9tricos realizam duas voltas completas no circuito, ampliando a intera\u00e7\u00e3o dos artistas com o p\u00fablico. A diversidade de ritmos busca atender moradores da regi\u00e3o e turistas que passam o ver\u00e3o no Sul da Bahia.<\/p>\n\n\n\n<p>O aposentado Hamilton Gomes foi conferir a festa de perto e aprovou. \u201cHoje eu vi o pessoal brincando na avenida, muito bom. Maravilhoso! Uma festa bonita, organizada\u201d, disse. Teve ainda quem viesse de longe s\u00f3 para a festa, como o funcion\u00e1rio p\u00fablico Levi de Oliveira. <em>\u201cPrimeira vez que eu venho aqui. Eu sou do Esp\u00edrito Santo, foram 11 horas para chegar aqui, amei, Itabuna \u00e9 diferente. Parab\u00e9ns pelo evento. Tudo arrumadinho, nenhuma confus\u00e3o. Parab\u00e9ns para a Pol\u00edcia Militar, bombeiros<\/em>\u201d, contou.<\/p>\n\n\n\n<figure class=\"wp-block-image size-large\"><img decoding=\"async\" width=\"1024\" height=\"682\" src=\"https:\/\/portalmf.com.br\/wp-content\/uploads\/2026\/01\/image-8-1024x682.png\" alt=\"\" class=\"wp-image-41429\" srcset=\"https:\/\/portalmf.com.br\/wp-content\/uploads\/2026\/01\/image-8-1024x682.png 1024w, https:\/\/portalmf.com.br\/wp-content\/uploads\/2026\/01\/image-8-300x200.png 300w, https:\/\/portalmf.com.br\/wp-content\/uploads\/2026\/01\/image-8-768x512.png 768w, https:\/\/portalmf.com.br\/wp-content\/uploads\/2026\/01\/image-8-1536x1023.png 1536w, https:\/\/portalmf.com.br\/wp-content\/uploads\/2026\/01\/image-8-696x464.png 696w, https:\/\/portalmf.com.br\/wp-content\/uploads\/2026\/01\/image-8-1068x712.png 1068w, https:\/\/portalmf.com.br\/wp-content\/uploads\/2026\/01\/image-8.png 1600w\" sizes=\"(max-width: 1024px) 100vw, 1024px\" \/><figcaption class=\"wp-element-caption\"><strong><em><strong>Foto: Jo\u00e1 Souza\/GOVBA<\/strong><\/em><\/strong><\/figcaption><\/figure>\n\n\n\n<p>A expectativa da organiza\u00e7\u00e3o \u00e9 receber mais de 120 mil pessoas por dia. A proposta \u00e9 fortalecer o Carnaval antecipado de Itabuna e consolidar o evento como um dos maiores carnavais fora de \u00e9poca do pa\u00eds, impulsionando setores como hotelaria, alimenta\u00e7\u00e3o, transporte e com\u00e9rcio informal. A retomada da festa \u00e9 considerada estrat\u00e9gica para o desenvolvimento econ\u00f4mico do munic\u00edpio, segundo a Prefeitura.<\/p>\n\n\n\n<p><em>\u201cA prefeitura planejou e depois de cinco anos conseguimos realizar o maior carnaval fora de \u00e9poca do Brasil. N\u00e3o seria poss\u00edvel se n\u00e3o tivesse apoio do Governo do Estado. \u00c9 motivo de alegria receber milhares de pessoas da Bahia e de outros lugares\u201d,<\/em> destacou o prefeito Augusto Castro.<\/p>\n\n\n\n<figure class=\"wp-block-image size-large\"><img loading=\"lazy\" decoding=\"async\" width=\"1024\" height=\"682\" src=\"https:\/\/portalmf.com.br\/wp-content\/uploads\/2026\/01\/image-7-1024x682.png\" alt=\"\" class=\"wp-image-41428\" srcset=\"https:\/\/portalmf.com.br\/wp-content\/uploads\/2026\/01\/image-7-1024x682.png 1024w, https:\/\/portalmf.com.br\/wp-content\/uploads\/2026\/01\/image-7-300x200.png 300w, https:\/\/portalmf.com.br\/wp-content\/uploads\/2026\/01\/image-7-768x512.png 768w, https:\/\/portalmf.com.br\/wp-content\/uploads\/2026\/01\/image-7-1536x1023.png 1536w, https:\/\/portalmf.com.br\/wp-content\/uploads\/2026\/01\/image-7-696x464.png 696w, https:\/\/portalmf.com.br\/wp-content\/uploads\/2026\/01\/image-7-1068x712.png 1068w, https:\/\/portalmf.com.br\/wp-content\/uploads\/2026\/01\/image-7.png 1600w\" sizes=\"(max-width: 1024px) 100vw, 1024px\" \/><figcaption class=\"wp-element-caption\"><strong><em><strong>Foto: Jo\u00e1 Souza\/GOVBA<\/strong><\/em><\/strong><\/figcaption><\/figure>\n\n\n\n<p>Para o secret\u00e1rio de Cultura, Bruno Monteiro, o Carnaval antecipado de Itabuna \u00e9 mais uma demonstra\u00e7\u00e3o do quanto a cultura tem incentivo em todo o estado. \u201cO governo da Bahia tem apoiado e investido para que esses festejos aconte\u00e7am cada vez mais nos territ\u00f3rios e munic\u00edpios, com apoio \u00e0 cultura, mas tamb\u00e9m com a seguran\u00e7a p\u00fablica, com a sa\u00fade, com os servi\u00e7os que garantem festejos tranquilos, marcados pela alegria e que desenvolvem os munic\u00edpios\u201d.<\/p>\n\n\n\n<p><strong>Seguran\u00e7a<\/strong><br>Para garantir a seguran\u00e7a dos foli\u00f5es, a Secretaria da Seguran\u00e7a P\u00fablica (SSP) montou um esquema especial com 1.135 profissionais, entre policiais militares e civis, bombeiros militares e agentes do Departamento de Pol\u00edcia T\u00e9cnica. O planejamento inclui o uso de tecnologias de monitoramento, como c\u00e2meras instaladas ao longo do circuito, al\u00e9m da ativa\u00e7\u00e3o do Centro Integrado de Comando e Controle (CICC), que coordena as a\u00e7\u00f5es durante o evento.<\/p>\n","protected":false},"excerpt":{"rendered":"<p>Com o apoio do Governo da Bahia, por meio da Secretaria do Turismo (Setur-BA), Itabuna voltou a viver a anima\u00e7\u00e3o do Carnaval antecipado, realizado desta quinta-feira (22) at\u00e9 domingo (25). A festa, que estava suspensa desde 2020, movimenta o turismo, a economia e o com\u00e9rcio da cidade, localizada na zona tur\u00edstica da Costa do Cacau, [&hellip;]<\/p>\n","protected":false},"author":3,"featured_media":41430,"comment_status":"open","ping_status":"open","sticky":false,"template":"","format":"standard","meta":{"_monsterinsights_skip_tracking":false,"_monsterinsights_sitenote_active":false,"_monsterinsights_sitenote_note":"","_monsterinsights_sitenote_category":0,"footnotes":""},"categories":[44],"tags":[],"yoast_head":"<!-- This site is optimized with the Yoast SEO plugin v22.9 - https:\/\/yoast.com\/wordpress\/plugins\/seo\/ -->\n<title>Governador prestigia abertura do Carnaval antecipado de Itabuna - Portal MF<\/title>\n<meta name=\"robots\" content=\"index, follow, max-snippet:-1, max-image-preview:large, max-video-preview:-1\" \/>\n<link rel=\"canonical\" href=\"https:\/\/portalmf.com.br\/index.php\/2026\/01\/23\/governador-prestigia-abertura-do-carnaval-antecipado-de-itabuna\/\" \/>\n<meta property=\"og:locale\" content=\"pt_BR\" \/>\n<meta property=\"og:type\" content=\"article\" \/>\n<meta property=\"og:title\" content=\"Governador prestigia abertura do Carnaval antecipado de Itabuna - Portal MF\" \/>\n<meta property=\"og:description\" content=\"Com o apoio do Governo da Bahia, por meio da Secretaria do Turismo (Setur-BA), Itabuna voltou a viver a anima\u00e7\u00e3o do Carnaval antecipado, realizado desta quinta-feira (22) at\u00e9 domingo (25). A festa, que estava suspensa desde 2020, movimenta o turismo, a economia e o com\u00e9rcio da cidade, localizada na zona tur\u00edstica da Costa do Cacau, [&hellip;]\" \/>\n<meta property=\"og:url\" content=\"https:\/\/portalmf.com.br\/index.php\/2026\/01\/23\/governador-prestigia-abertura-do-carnaval-antecipado-de-itabuna\/\" \/>\n<meta property=\"og:site_name\" content=\"Portal MF\" \/>\n<meta property=\"article:author\" content=\"https:\/\/www.facebook.com\/portalmfoficial\" \/>\n<meta property=\"article:published_time\" content=\"2026-01-23T11:45:06+00:00\" \/>\n<meta property=\"article:modified_time\" content=\"2026-01-23T11:45:07+00:00\" \/>\n<meta property=\"og:image\" content=\"https:\/\/portalmf.com.br\/wp-content\/uploads\/2026\/01\/Itabuna.-Foto-Joa-SouzaGOVBA-1.jpeg\" \/>\n\t<meta property=\"og:image:width\" content=\"1600\" \/>\n\t<meta property=\"og:image:height\" content=\"1066\" \/>\n\t<meta property=\"og:image:type\" content=\"image\/jpeg\" \/>\n<meta name=\"author\" content=\"Reda\u00e7\u00e3o Portal MF\" \/>\n<meta name=\"twitter:card\" content=\"summary_large_image\" \/>\n<meta name=\"twitter:creator\" content=\"@https:\/\/x.com\/portalmfoficial\" \/>\n<meta name=\"twitter:label1\" content=\"Escrito por\" \/>\n\t<meta name=\"twitter:data1\" content=\"Reda\u00e7\u00e3o Portal MF\" \/>\n\t<meta name=\"twitter:label2\" content=\"Est. tempo de leitura\" \/>\n\t<meta name=\"twitter:data2\" content=\"5 minutos\" \/>\n<script type=\"application\/ld+json\" class=\"yoast-schema-graph\">{\"@context\":\"https:\/\/schema.org\",\"@graph\":[{\"@type\":\"WebPage\",\"@id\":\"https:\/\/portalmf.com.br\/index.php\/2026\/01\/23\/governador-prestigia-abertura-do-carnaval-antecipado-de-itabuna\/\",\"url\":\"https:\/\/portalmf.com.br\/index.php\/2026\/01\/23\/governador-prestigia-abertura-do-carnaval-antecipado-de-itabuna\/\",\"name\":\"Governador prestigia abertura do Carnaval antecipado de Itabuna - Portal MF\",\"isPartOf\":{\"@id\":\"https:\/\/portalmf.com.br\/#website\"},\"primaryImageOfPage\":{\"@id\":\"https:\/\/portalmf.com.br\/index.php\/2026\/01\/23\/governador-prestigia-abertura-do-carnaval-antecipado-de-itabuna\/#primaryimage\"},\"image\":{\"@id\":\"https:\/\/portalmf.com.br\/index.php\/2026\/01\/23\/governador-prestigia-abertura-do-carnaval-antecipado-de-itabuna\/#primaryimage\"},\"thumbnailUrl\":\"https:\/\/portalmf.com.br\/wp-content\/uploads\/2026\/01\/Itabuna.-Foto-Joa-SouzaGOVBA-1.jpeg\",\"datePublished\":\"2026-01-23T11:45:06+00:00\",\"dateModified\":\"2026-01-23T11:45:07+00:00\",\"author\":{\"@id\":\"https:\/\/portalmf.com.br\/#\/schema\/person\/9ec101baf56233e53520c26de5d6f6f0\"},\"breadcrumb\":{\"@id\":\"https:\/\/portalmf.com.br\/index.php\/2026\/01\/23\/governador-prestigia-abertura-do-carnaval-antecipado-de-itabuna\/#breadcrumb\"},\"inLanguage\":\"pt-BR\",\"potentialAction\":[{\"@type\":\"ReadAction\",\"target\":[\"https:\/\/portalmf.com.br\/index.php\/2026\/01\/23\/governador-prestigia-abertura-do-carnaval-antecipado-de-itabuna\/\"]}]},{\"@type\":\"ImageObject\",\"inLanguage\":\"pt-BR\",\"@id\":\"https:\/\/portalmf.com.br\/index.php\/2026\/01\/23\/governador-prestigia-abertura-do-carnaval-antecipado-de-itabuna\/#primaryimage\",\"url\":\"https:\/\/portalmf.com.br\/wp-content\/uploads\/2026\/01\/Itabuna.-Foto-Joa-SouzaGOVBA-1.jpeg\",\"contentUrl\":\"https:\/\/portalmf.com.br\/wp-content\/uploads\/2026\/01\/Itabuna.-Foto-Joa-SouzaGOVBA-1.jpeg\",\"width\":1600,\"height\":1066,\"caption\":\"Foto: Jo\u00e1 Souza\/GOVBA\"},{\"@type\":\"BreadcrumbList\",\"@id\":\"https:\/\/portalmf.com.br\/index.php\/2026\/01\/23\/governador-prestigia-abertura-do-carnaval-antecipado-de-itabuna\/#breadcrumb\",\"itemListElement\":[{\"@type\":\"ListItem\",\"position\":1,\"name\":\"In\u00edcio\",\"item\":\"https:\/\/portalmf.com.br\/\"},{\"@type\":\"ListItem\",\"position\":2,\"name\":\"Governador prestigia abertura do Carnaval antecipado de Itabuna\"}]},{\"@type\":\"WebSite\",\"@id\":\"https:\/\/portalmf.com.br\/#website\",\"url\":\"https:\/\/portalmf.com.br\/\",\"name\":\"Portal MF\",\"description\":\"Voc\u00ea conectado com a informa\u00e7\u00e3o\",\"potentialAction\":[{\"@type\":\"SearchAction\",\"target\":{\"@type\":\"EntryPoint\",\"urlTemplate\":\"https:\/\/portalmf.com.br\/?s={search_term_string}\"},\"query-input\":\"required name=search_term_string\"}],\"inLanguage\":\"pt-BR\"},{\"@type\":\"Person\",\"@id\":\"https:\/\/portalmf.com.br\/#\/schema\/person\/9ec101baf56233e53520c26de5d6f6f0\",\"name\":\"Reda\u00e7\u00e3o Portal MF\",\"image\":{\"@type\":\"ImageObject\",\"inLanguage\":\"pt-BR\",\"@id\":\"https:\/\/portalmf.com.br\/#\/schema\/person\/image\/\",\"url\":\"https:\/\/secure.gravatar.com\/avatar\/41b9aaeb2100835f7c64362330f74c7f?s=96&d=mm&r=g\",\"contentUrl\":\"https:\/\/secure.gravatar.com\/avatar\/41b9aaeb2100835f7c64362330f74c7f?s=96&d=mm&r=g\",\"caption\":\"Reda\u00e7\u00e3o Portal MF\"},\"description\":\"Sejam bem-vindos o portal de informa\u00e7\u00f5es de entretenimento de Feira de Santana, desde 2006 realiza coberturas dos principais eventos com entrevistas exclusivas com as principais personalidades mundiais. Fique conectado tamb\u00e9m nas redes sociais.\",\"sameAs\":[\"http:\/\/www.portalmf.com.br\/\",\"https:\/\/www.facebook.com\/portalmfoficial\",\"https:\/\/www.instagram.com\/portalmf\/\",\"https:\/\/x.com\/https:\/\/x.com\/portalmfoficial\",\"https:\/\/www.youtube.com\/@portalmfoficial\"],\"url\":\"https:\/\/portalmf.com.br\/index.php\/author\/junior\/\"}]}<\/script>\n<!-- \/ Yoast SEO plugin. -->","yoast_head_json":{"title":"Governador prestigia abertura do Carnaval antecipado de Itabuna - Portal MF","robots":{"index":"index","follow":"follow","max-snippet":"max-snippet:-1","max-image-preview":"max-image-preview:large","max-video-preview":"max-video-preview:-1"},"canonical":"https:\/\/portalmf.com.br\/index.php\/2026\/01\/23\/governador-prestigia-abertura-do-carnaval-antecipado-de-itabuna\/","og_locale":"pt_BR","og_type":"article","og_title":"Governador prestigia abertura do Carnaval antecipado de Itabuna - Portal MF","og_description":"Com o apoio do Governo da Bahia, por meio da Secretaria do Turismo (Setur-BA), Itabuna voltou a viver a anima\u00e7\u00e3o do Carnaval antecipado, realizado desta quinta-feira (22) at\u00e9 domingo (25). A festa, que estava suspensa desde 2020, movimenta o turismo, a economia e o com\u00e9rcio da cidade, localizada na zona tur\u00edstica da Costa do Cacau, [&hellip;]","og_url":"https:\/\/portalmf.com.br\/index.php\/2026\/01\/23\/governador-prestigia-abertura-do-carnaval-antecipado-de-itabuna\/","og_site_name":"Portal MF","article_author":"https:\/\/www.facebook.com\/portalmfoficial","article_published_time":"2026-01-23T11:45:06+00:00","article_modified_time":"2026-01-23T11:45:07+00:00","og_image":[{"width":1600,"height":1066,"url":"https:\/\/portalmf.com.br\/wp-content\/uploads\/2026\/01\/Itabuna.-Foto-Joa-SouzaGOVBA-1.jpeg","type":"image\/jpeg"}],"author":"Reda\u00e7\u00e3o Portal MF","twitter_card":"summary_large_image","twitter_creator":"@https:\/\/x.com\/portalmfoficial","twitter_misc":{"Escrito por":"Reda\u00e7\u00e3o Portal MF","Est. tempo de leitura":"5 minutos"},"schema":{"@context":"https:\/\/schema.org","@graph":[{"@type":"WebPage","@id":"https:\/\/portalmf.com.br\/index.php\/2026\/01\/23\/governador-prestigia-abertura-do-carnaval-antecipado-de-itabuna\/","url":"https:\/\/portalmf.com.br\/index.php\/2026\/01\/23\/governador-prestigia-abertura-do-carnaval-antecipado-de-itabuna\/","name":"Governador prestigia abertura do Carnaval antecipado de Itabuna - Portal MF","isPartOf":{"@id":"https:\/\/portalmf.com.br\/#website"},"primaryImageOfPage":{"@id":"https:\/\/portalmf.com.br\/index.php\/2026\/01\/23\/governador-prestigia-abertura-do-carnaval-antecipado-de-itabuna\/#primaryimage"},"image":{"@id":"https:\/\/portalmf.com.br\/index.php\/2026\/01\/23\/governador-prestigia-abertura-do-carnaval-antecipado-de-itabuna\/#primaryimage"},"thumbnailUrl":"https:\/\/portalmf.com.br\/wp-content\/uploads\/2026\/01\/Itabuna.-Foto-Joa-SouzaGOVBA-1.jpeg","datePublished":"2026-01-23T11:45:06+00:00","dateModified":"2026-01-23T11:45:07+00:00","author":{"@id":"https:\/\/portalmf.com.br\/#\/schema\/person\/9ec101baf56233e53520c26de5d6f6f0"},"breadcrumb":{"@id":"https:\/\/portalmf.com.br\/index.php\/2026\/01\/23\/governador-prestigia-abertura-do-carnaval-antecipado-de-itabuna\/#breadcrumb"},"inLanguage":"pt-BR","potentialAction":[{"@type":"ReadAction","target":["https:\/\/portalmf.com.br\/index.php\/2026\/01\/23\/governador-prestigia-abertura-do-carnaval-antecipado-de-itabuna\/"]}]},{"@type":"ImageObject","inLanguage":"pt-BR","@id":"https:\/\/portalmf.com.br\/index.php\/2026\/01\/23\/governador-prestigia-abertura-do-carnaval-antecipado-de-itabuna\/#primaryimage","url":"https:\/\/portalmf.com.br\/wp-content\/uploads\/2026\/01\/Itabuna.-Foto-Joa-SouzaGOVBA-1.jpeg","contentUrl":"https:\/\/portalmf.com.br\/wp-content\/uploads\/2026\/01\/Itabuna.-Foto-Joa-SouzaGOVBA-1.jpeg","width":1600,"height":1066,"caption":"Foto: Jo\u00e1 Souza\/GOVBA"},{"@type":"BreadcrumbList","@id":"https:\/\/portalmf.com.br\/index.php\/2026\/01\/23\/governador-prestigia-abertura-do-carnaval-antecipado-de-itabuna\/#breadcrumb","itemListElement":[{"@type":"ListItem","position":1,"name":"In\u00edcio","item":"https:\/\/portalmf.com.br\/"},{"@type":"ListItem","position":2,"name":"Governador prestigia abertura do Carnaval antecipado de Itabuna"}]},{"@type":"WebSite","@id":"https:\/\/portalmf.com.br\/#website","url":"https:\/\/portalmf.com.br\/","name":"Portal MF","description":"Voc\u00ea conectado com a informa\u00e7\u00e3o","potentialAction":[{"@type":"SearchAction","target":{"@type":"EntryPoint","urlTemplate":"https:\/\/portalmf.com.br\/?s={search_term_string}"},"query-input":"required name=search_term_string"}],"inLanguage":"pt-BR"},{"@type":"Person","@id":"https:\/\/portalmf.com.br\/#\/schema\/person\/9ec101baf56233e53520c26de5d6f6f0","name":"Reda\u00e7\u00e3o Portal MF","image":{"@type":"ImageObject","inLanguage":"pt-BR","@id":"https:\/\/portalmf.com.br\/#\/schema\/person\/image\/","url":"https:\/\/secure.gravatar.com\/avatar\/41b9aaeb2100835f7c64362330f74c7f?s=96&d=mm&r=g","contentUrl":"https:\/\/secure.gravatar.com\/avatar\/41b9aaeb2100835f7c64362330f74c7f?s=96&d=mm&r=g","caption":"Reda\u00e7\u00e3o Portal MF"},"description":"Sejam bem-vindos o portal de informa\u00e7\u00f5es de entretenimento de Feira de Santana, desde 2006 realiza coberturas dos principais eventos com entrevistas exclusivas com as principais personalidades mundiais. Fique conectado tamb\u00e9m nas redes sociais.","sameAs":["http:\/\/www.portalmf.com.br\/","https:\/\/www.facebook.com\/portalmfoficial","https:\/\/www.instagram.com\/portalmf\/","https:\/\/x.com\/https:\/\/x.com\/portalmfoficial","https:\/\/www.youtube.com\/@portalmfoficial"],"url":"https:\/\/portalmf.com.br\/index.php\/author\/junior\/"}]}},"_links":{"self":[{"href":"https:\/\/portalmf.com.br\/index.php\/wp-json\/wp\/v2\/posts\/41425"}],"collection":[{"href":"https:\/\/portalmf.com.br\/index.php\/wp-json\/wp\/v2\/posts"}],"about":[{"href":"https:\/\/portalmf.com.br\/index.php\/wp-json\/wp\/v2\/types\/post"}],"author":[{"embeddable":true,"href":"https:\/\/portalmf.com.br\/index.php\/wp-json\/wp\/v2\/users\/3"}],"replies":[{"embeddable":true,"href":"https:\/\/portalmf.com.br\/index.php\/wp-json\/wp\/v2\/comments?post=41425"}],"version-history":[{"count":1,"href":"https:\/\/portalmf.com.br\/index.php\/wp-json\/wp\/v2\/posts\/41425\/revisions"}],"predecessor-version":[{"id":41431,"href":"https:\/\/portalmf.com.br\/index.php\/wp-json\/wp\/v2\/posts\/41425\/revisions\/41431"}],"wp:featuredmedia":[{"embeddable":true,"href":"https:\/\/portalmf.com.br\/index.php\/wp-json\/wp\/v2\/media\/41430"}],"wp:attachment":[{"href":"https:\/\/portalmf.com.br\/index.php\/wp-json\/wp\/v2\/media?parent=41425"}],"wp:term":[{"taxonomy":"category","embeddable":true,"href":"https:\/\/portalmf.com.br\/index.php\/wp-json\/wp\/v2\/categories?post=41425"},{"taxonomy":"post_tag","embeddable":true,"href":"https:\/\/portalmf.com.br\/index.php\/wp-json\/wp\/v2\/tags?post=41425"}],"curies":[{"name":"wp","href":"https:\/\/api.w.org\/{rel}","templated":true}]}}