{"id":41411,"date":"2026-01-22T18:04:53","date_gmt":"2026-01-22T21:04:53","guid":{"rendered":"https:\/\/portalmf.com.br\/?p=41411"},"modified":"2026-01-22T18:04:53","modified_gmt":"2026-01-22T21:04:53","slug":"carnaval-do-santo-antonio-alem-do-carmo-divulga-programacao-oficial","status":"publish","type":"post","link":"https:\/\/portalmf.com.br\/index.php\/2026\/01\/22\/carnaval-do-santo-antonio-alem-do-carmo-divulga-programacao-oficial\/","title":{"rendered":"Carnaval do Santo Ant\u00f4nio Al\u00e9m do Carmo divulga programa\u00e7\u00e3o oficial"},"content":{"rendered":"\n<p>O Carnaval do Santo Ant\u00f4nio Al\u00e9m do Carmo tem data, hora e identidade reafirmadas. A folia no bairro mais bo\u00eamio do Centro Hist\u00f3rico de Salvador come\u00e7a na quinta-feira, 5 de fevereiro de 2026, \u00e0s 19 horas, e segue at\u00e9 a sexta-feira, 13, quando o Carnaval oficial da cidade j\u00e1 est\u00e1 a pleno vapor. Ao longo de sete dias, com dois dias para uma pausa de descanso (9 e 10), a programa\u00e7\u00e3o oficial re\u00fane 15 blocos tradicionais, reafirmando um modelo de festa comunit\u00e1ria, independente e profundamente conectado \u00e0 hist\u00f3ria e \u00e0 vida cotidiana do bairro.<\/p>\n\n\n\n<p>Quem abre oficialmente a programa\u00e7\u00e3o \u00e9 o Bloco Venha V\u00ea, na quinta-feira, 5 de fevereiro, com concentra\u00e7\u00e3o \u00e0s 19 horas, na Travessa do Santo Ant\u00f4nio. O encerramento do Pr\u00e9-Carnaval acontece na sexta-feira da outra semana, dia 13, com dois desfiles simult\u00e2neos: o Bloco Rivo-Trio, que sai \u00e0s 19 horas, do Largo do Quitandinha, e o Bloco Rodante, tamb\u00e9m no mesmo hor\u00e1rio, com sa\u00edda da Pra\u00e7a dos 15 Mist\u00e9rios. Os desfiles carnavalescos do bairro encerram todos os dias \u00e0s 23 horas, reiterando o compromisso e o cuidado com os moradores.<\/p>\n\n\n\n<p>Conhecido por seu carnaval sem cordas, sem abad\u00e1s e sem grandes estruturas, o Santo Ant\u00f4nio Al\u00e9m do Carmo preserva uma folia pautada pela proximidade entre m\u00fasicos, foli\u00f5es e moradores. \u00c9 um carnaval de rua, de fantasias criativas, de sambas autorais e de encontros que atravessam gera\u00e7\u00f5es. Segundo a Associa\u00e7\u00e3o de Blocos do Santo Ant\u00f4nio (Absanto), formada por moradores e representantes dos pr\u00f3prios blocos que organizam a programa\u00e7\u00e3o, a festa carrega um prop\u00f3sito claro: celebrar a identidade cultural do bairro, fortalecer la\u00e7os comunit\u00e1rios e resistir \u00e0 l\u00f3gica comercial que transformou outros circuitos da cidade.<\/p>\n\n\n\n<figure class=\"wp-block-image size-large\"><img fetchpriority=\"high\" decoding=\"async\" width=\"1024\" height=\"682\" src=\"https:\/\/portalmf.com.br\/wp-content\/uploads\/2026\/01\/Carnaval-do-Santo-Antonio-Alem-do-Carmo-divulga-programacao-oficial-e-reafirma-folia-livre-e-organizada-pela-propria-comunidade-2-1024x682.jpeg\" alt=\"\" class=\"wp-image-41412\" srcset=\"https:\/\/portalmf.com.br\/wp-content\/uploads\/2026\/01\/Carnaval-do-Santo-Antonio-Alem-do-Carmo-divulga-programacao-oficial-e-reafirma-folia-livre-e-organizada-pela-propria-comunidade-2-1024x682.jpeg 1024w, https:\/\/portalmf.com.br\/wp-content\/uploads\/2026\/01\/Carnaval-do-Santo-Antonio-Alem-do-Carmo-divulga-programacao-oficial-e-reafirma-folia-livre-e-organizada-pela-propria-comunidade-2-300x200.jpeg 300w, https:\/\/portalmf.com.br\/wp-content\/uploads\/2026\/01\/Carnaval-do-Santo-Antonio-Alem-do-Carmo-divulga-programacao-oficial-e-reafirma-folia-livre-e-organizada-pela-propria-comunidade-2-768x512.jpeg 768w, https:\/\/portalmf.com.br\/wp-content\/uploads\/2026\/01\/Carnaval-do-Santo-Antonio-Alem-do-Carmo-divulga-programacao-oficial-e-reafirma-folia-livre-e-organizada-pela-propria-comunidade-2-1536x1023.jpeg 1536w, https:\/\/portalmf.com.br\/wp-content\/uploads\/2026\/01\/Carnaval-do-Santo-Antonio-Alem-do-Carmo-divulga-programacao-oficial-e-reafirma-folia-livre-e-organizada-pela-propria-comunidade-2-696x464.jpeg 696w, https:\/\/portalmf.com.br\/wp-content\/uploads\/2026\/01\/Carnaval-do-Santo-Antonio-Alem-do-Carmo-divulga-programacao-oficial-e-reafirma-folia-livre-e-organizada-pela-propria-comunidade-2-1068x712.jpeg 1068w, https:\/\/portalmf.com.br\/wp-content\/uploads\/2026\/01\/Carnaval-do-Santo-Antonio-Alem-do-Carmo-divulga-programacao-oficial-e-reafirma-folia-livre-e-organizada-pela-propria-comunidade-2.jpeg 1600w\" sizes=\"(max-width: 1024px) 100vw, 1024px\" \/><\/figure>\n\n\n\n<p>Isso faz com que os blocos sejam autofinanciados, organizados majoritariamente por foli\u00f5es do pr\u00f3prio territ\u00f3rio, que busca reaproximar antigos frequentadores, valorizar a cultura popular e enfrentar os efeitos da gentrifica\u00e7\u00e3o, que avan\u00e7a sobre o Centro Hist\u00f3rico. Como objetivo diferenciado, n\u00e3o se trata de disputar \u201chype\u201d ou atrair p\u00fablicos vol\u00e1teis, mas manter viva uma experi\u00eancia de carnaval popular, comunit\u00e1ria, n\u00e3o comercial e n\u00e3o industrial, que n\u00e3o tem o lucro como finalidade.<\/p>\n\n\n\n<p>Os desfiles seguem normas r\u00edgidas de ordenamento urbano, uso do espa\u00e7o p\u00fablico e conviv\u00eancia com a vizinhan\u00e7a, sem estruturas fixas de grande porte. Para realizar a festa momesca, a Absanto trabalha em conjunto com a Prefeitura de Salvador e com o 18\u00ba Batalh\u00e3o de Pol\u00edcia Militar da Bahia e segue todas as orienta\u00e7\u00f5es t\u00e9cnicas exigidas pelo munic\u00edpio, colocando-se \u00e0 disposi\u00e7\u00e3o para ajustes sempre que necess\u00e1rio.<\/p>\n\n\n\n<p>Um dos pilares dessa organiza\u00e7\u00e3o \u00e9 o respeito \u00e0 tradi\u00e7\u00e3o e ao bairro. Em acordo firmado com o Minist\u00e9rio P\u00fablico e com a Prefeitura de Salvador, os blocos n\u00e3o se alteram de um ano para outro, n\u00e3o surgem novos desfiles de forma aleat\u00f3ria, nem h\u00e1 espa\u00e7o para blocos \u201cestrangeiros\u201d ao bairro. Cada agremia\u00e7\u00e3o tem local, percurso e hor\u00e1rio historicamente definidos, garantindo previsibilidade, seguran\u00e7a e respeito \u00e0 rotina dos moradores.<\/p>\n\n\n\n<p>A Absanto tamb\u00e9m reafirma que, atendendo aos cuidados com moradores e foli\u00f5es, tanto a Prefeitura de Salvador como o Minist\u00e9rio P\u00fablico estar\u00e3o atentos e fiscalizando de forma rigorosa caso blocos n\u00e3o integrantes da programa\u00e7\u00e3o oficial tentem entrar no Carnaval for\u00e7osamente, descaracterizando a ess\u00eancia da folia no Santo Ant\u00f4nio Al\u00e9m do Carmo.<\/p>\n\n\n\n<p>O evento conta com o patroc\u00ednio do Governo do Estado da Bahia, atrav\u00e9s da Secretaria de Cultura do Estado (Secult-BA), via Superintend\u00eancia de Fomento ao Turismo (Sufotur).<\/p>\n","protected":false},"excerpt":{"rendered":"<p>O Carnaval do Santo Ant\u00f4nio Al\u00e9m do Carmo tem data, hora e identidade reafirmadas. A folia no bairro mais bo\u00eamio do Centro Hist\u00f3rico de Salvador come\u00e7a na quinta-feira, 5 de fevereiro de 2026, \u00e0s 19 horas, e segue at\u00e9 a sexta-feira, 13, quando o Carnaval oficial da cidade j\u00e1 est\u00e1 a pleno vapor. Ao longo [&hellip;]<\/p>\n","protected":false},"author":3,"featured_media":41412,"comment_status":"open","ping_status":"open","sticky":false,"template":"","format":"standard","meta":{"_monsterinsights_skip_tracking":false,"_monsterinsights_sitenote_active":false,"_monsterinsights_sitenote_note":"","_monsterinsights_sitenote_category":0,"footnotes":""},"categories":[44],"tags":[],"yoast_head":"<!-- This site is optimized with the Yoast SEO plugin v22.9 - https:\/\/yoast.com\/wordpress\/plugins\/seo\/ -->\n<title>Carnaval do Santo Ant\u00f4nio Al\u00e9m do Carmo divulga programa\u00e7\u00e3o oficial - Portal MF<\/title>\n<meta name=\"robots\" content=\"index, follow, max-snippet:-1, max-image-preview:large, max-video-preview:-1\" \/>\n<link rel=\"canonical\" href=\"https:\/\/portalmf.com.br\/index.php\/2026\/01\/22\/carnaval-do-santo-antonio-alem-do-carmo-divulga-programacao-oficial\/\" \/>\n<meta property=\"og:locale\" content=\"pt_BR\" \/>\n<meta property=\"og:type\" content=\"article\" \/>\n<meta property=\"og:title\" content=\"Carnaval do Santo Ant\u00f4nio Al\u00e9m do Carmo divulga programa\u00e7\u00e3o oficial - Portal MF\" \/>\n<meta property=\"og:description\" content=\"O Carnaval do Santo Ant\u00f4nio Al\u00e9m do Carmo tem data, hora e identidade reafirmadas. A folia no bairro mais bo\u00eamio do Centro Hist\u00f3rico de Salvador come\u00e7a na quinta-feira, 5 de fevereiro de 2026, \u00e0s 19 horas, e segue at\u00e9 a sexta-feira, 13, quando o Carnaval oficial da cidade j\u00e1 est\u00e1 a pleno vapor. Ao longo [&hellip;]\" \/>\n<meta property=\"og:url\" content=\"https:\/\/portalmf.com.br\/index.php\/2026\/01\/22\/carnaval-do-santo-antonio-alem-do-carmo-divulga-programacao-oficial\/\" \/>\n<meta property=\"og:site_name\" content=\"Portal MF\" \/>\n<meta property=\"article:author\" content=\"https:\/\/www.facebook.com\/portalmfoficial\" \/>\n<meta property=\"article:published_time\" content=\"2026-01-22T21:04:53+00:00\" \/>\n<meta property=\"og:image\" content=\"https:\/\/portalmf.com.br\/wp-content\/uploads\/2026\/01\/Carnaval-do-Santo-Antonio-Alem-do-Carmo-divulga-programacao-oficial-e-reafirma-folia-livre-e-organizada-pela-propria-comunidade-2.jpeg\" \/>\n\t<meta property=\"og:image:width\" content=\"1600\" \/>\n\t<meta property=\"og:image:height\" content=\"1066\" \/>\n\t<meta property=\"og:image:type\" content=\"image\/jpeg\" \/>\n<meta name=\"author\" content=\"Reda\u00e7\u00e3o Portal MF\" \/>\n<meta name=\"twitter:card\" content=\"summary_large_image\" \/>\n<meta name=\"twitter:creator\" content=\"@https:\/\/x.com\/portalmfoficial\" \/>\n<meta name=\"twitter:label1\" content=\"Escrito por\" \/>\n\t<meta name=\"twitter:data1\" content=\"Reda\u00e7\u00e3o Portal MF\" \/>\n\t<meta name=\"twitter:label2\" content=\"Est. tempo de leitura\" \/>\n\t<meta name=\"twitter:data2\" content=\"4 minutos\" \/>\n<script type=\"application\/ld+json\" class=\"yoast-schema-graph\">{\"@context\":\"https:\/\/schema.org\",\"@graph\":[{\"@type\":\"WebPage\",\"@id\":\"https:\/\/portalmf.com.br\/index.php\/2026\/01\/22\/carnaval-do-santo-antonio-alem-do-carmo-divulga-programacao-oficial\/\",\"url\":\"https:\/\/portalmf.com.br\/index.php\/2026\/01\/22\/carnaval-do-santo-antonio-alem-do-carmo-divulga-programacao-oficial\/\",\"name\":\"Carnaval do Santo Ant\u00f4nio Al\u00e9m do Carmo divulga programa\u00e7\u00e3o oficial - Portal MF\",\"isPartOf\":{\"@id\":\"https:\/\/portalmf.com.br\/#website\"},\"primaryImageOfPage\":{\"@id\":\"https:\/\/portalmf.com.br\/index.php\/2026\/01\/22\/carnaval-do-santo-antonio-alem-do-carmo-divulga-programacao-oficial\/#primaryimage\"},\"image\":{\"@id\":\"https:\/\/portalmf.com.br\/index.php\/2026\/01\/22\/carnaval-do-santo-antonio-alem-do-carmo-divulga-programacao-oficial\/#primaryimage\"},\"thumbnailUrl\":\"https:\/\/portalmf.com.br\/wp-content\/uploads\/2026\/01\/Carnaval-do-Santo-Antonio-Alem-do-Carmo-divulga-programacao-oficial-e-reafirma-folia-livre-e-organizada-pela-propria-comunidade-2.jpeg\",\"datePublished\":\"2026-01-22T21:04:53+00:00\",\"dateModified\":\"2026-01-22T21:04:53+00:00\",\"author\":{\"@id\":\"https:\/\/portalmf.com.br\/#\/schema\/person\/9ec101baf56233e53520c26de5d6f6f0\"},\"breadcrumb\":{\"@id\":\"https:\/\/portalmf.com.br\/index.php\/2026\/01\/22\/carnaval-do-santo-antonio-alem-do-carmo-divulga-programacao-oficial\/#breadcrumb\"},\"inLanguage\":\"pt-BR\",\"potentialAction\":[{\"@type\":\"ReadAction\",\"target\":[\"https:\/\/portalmf.com.br\/index.php\/2026\/01\/22\/carnaval-do-santo-antonio-alem-do-carmo-divulga-programacao-oficial\/\"]}]},{\"@type\":\"ImageObject\",\"inLanguage\":\"pt-BR\",\"@id\":\"https:\/\/portalmf.com.br\/index.php\/2026\/01\/22\/carnaval-do-santo-antonio-alem-do-carmo-divulga-programacao-oficial\/#primaryimage\",\"url\":\"https:\/\/portalmf.com.br\/wp-content\/uploads\/2026\/01\/Carnaval-do-Santo-Antonio-Alem-do-Carmo-divulga-programacao-oficial-e-reafirma-folia-livre-e-organizada-pela-propria-comunidade-2.jpeg\",\"contentUrl\":\"https:\/\/portalmf.com.br\/wp-content\/uploads\/2026\/01\/Carnaval-do-Santo-Antonio-Alem-do-Carmo-divulga-programacao-oficial-e-reafirma-folia-livre-e-organizada-pela-propria-comunidade-2.jpeg\",\"width\":1600,\"height\":1066},{\"@type\":\"BreadcrumbList\",\"@id\":\"https:\/\/portalmf.com.br\/index.php\/2026\/01\/22\/carnaval-do-santo-antonio-alem-do-carmo-divulga-programacao-oficial\/#breadcrumb\",\"itemListElement\":[{\"@type\":\"ListItem\",\"position\":1,\"name\":\"In\u00edcio\",\"item\":\"https:\/\/portalmf.com.br\/\"},{\"@type\":\"ListItem\",\"position\":2,\"name\":\"Carnaval do Santo Ant\u00f4nio Al\u00e9m do Carmo divulga programa\u00e7\u00e3o oficial\"}]},{\"@type\":\"WebSite\",\"@id\":\"https:\/\/portalmf.com.br\/#website\",\"url\":\"https:\/\/portalmf.com.br\/\",\"name\":\"Portal MF\",\"description\":\"Voc\u00ea conectado com a informa\u00e7\u00e3o\",\"potentialAction\":[{\"@type\":\"SearchAction\",\"target\":{\"@type\":\"EntryPoint\",\"urlTemplate\":\"https:\/\/portalmf.com.br\/?s={search_term_string}\"},\"query-input\":\"required name=search_term_string\"}],\"inLanguage\":\"pt-BR\"},{\"@type\":\"Person\",\"@id\":\"https:\/\/portalmf.com.br\/#\/schema\/person\/9ec101baf56233e53520c26de5d6f6f0\",\"name\":\"Reda\u00e7\u00e3o Portal MF\",\"image\":{\"@type\":\"ImageObject\",\"inLanguage\":\"pt-BR\",\"@id\":\"https:\/\/portalmf.com.br\/#\/schema\/person\/image\/\",\"url\":\"https:\/\/secure.gravatar.com\/avatar\/41b9aaeb2100835f7c64362330f74c7f?s=96&d=mm&r=g\",\"contentUrl\":\"https:\/\/secure.gravatar.com\/avatar\/41b9aaeb2100835f7c64362330f74c7f?s=96&d=mm&r=g\",\"caption\":\"Reda\u00e7\u00e3o Portal MF\"},\"description\":\"Sejam bem-vindos o portal de informa\u00e7\u00f5es de entretenimento de Feira de Santana, desde 2006 realiza coberturas dos principais eventos com entrevistas exclusivas com as principais personalidades mundiais. Fique conectado tamb\u00e9m nas redes sociais.\",\"sameAs\":[\"http:\/\/www.portalmf.com.br\/\",\"https:\/\/www.facebook.com\/portalmfoficial\",\"https:\/\/www.instagram.com\/portalmf\/\",\"https:\/\/x.com\/https:\/\/x.com\/portalmfoficial\",\"https:\/\/www.youtube.com\/@portalmfoficial\"],\"url\":\"https:\/\/portalmf.com.br\/index.php\/author\/junior\/\"}]}<\/script>\n<!-- \/ Yoast SEO plugin. -->","yoast_head_json":{"title":"Carnaval do Santo Ant\u00f4nio Al\u00e9m do Carmo divulga programa\u00e7\u00e3o oficial - Portal MF","robots":{"index":"index","follow":"follow","max-snippet":"max-snippet:-1","max-image-preview":"max-image-preview:large","max-video-preview":"max-video-preview:-1"},"canonical":"https:\/\/portalmf.com.br\/index.php\/2026\/01\/22\/carnaval-do-santo-antonio-alem-do-carmo-divulga-programacao-oficial\/","og_locale":"pt_BR","og_type":"article","og_title":"Carnaval do Santo Ant\u00f4nio Al\u00e9m do Carmo divulga programa\u00e7\u00e3o oficial - Portal MF","og_description":"O Carnaval do Santo Ant\u00f4nio Al\u00e9m do Carmo tem data, hora e identidade reafirmadas. A folia no bairro mais bo\u00eamio do Centro Hist\u00f3rico de Salvador come\u00e7a na quinta-feira, 5 de fevereiro de 2026, \u00e0s 19 horas, e segue at\u00e9 a sexta-feira, 13, quando o Carnaval oficial da cidade j\u00e1 est\u00e1 a pleno vapor. Ao longo [&hellip;]","og_url":"https:\/\/portalmf.com.br\/index.php\/2026\/01\/22\/carnaval-do-santo-antonio-alem-do-carmo-divulga-programacao-oficial\/","og_site_name":"Portal MF","article_author":"https:\/\/www.facebook.com\/portalmfoficial","article_published_time":"2026-01-22T21:04:53+00:00","og_image":[{"width":1600,"height":1066,"url":"https:\/\/portalmf.com.br\/wp-content\/uploads\/2026\/01\/Carnaval-do-Santo-Antonio-Alem-do-Carmo-divulga-programacao-oficial-e-reafirma-folia-livre-e-organizada-pela-propria-comunidade-2.jpeg","type":"image\/jpeg"}],"author":"Reda\u00e7\u00e3o Portal MF","twitter_card":"summary_large_image","twitter_creator":"@https:\/\/x.com\/portalmfoficial","twitter_misc":{"Escrito por":"Reda\u00e7\u00e3o Portal MF","Est. tempo de leitura":"4 minutos"},"schema":{"@context":"https:\/\/schema.org","@graph":[{"@type":"WebPage","@id":"https:\/\/portalmf.com.br\/index.php\/2026\/01\/22\/carnaval-do-santo-antonio-alem-do-carmo-divulga-programacao-oficial\/","url":"https:\/\/portalmf.com.br\/index.php\/2026\/01\/22\/carnaval-do-santo-antonio-alem-do-carmo-divulga-programacao-oficial\/","name":"Carnaval do Santo Ant\u00f4nio Al\u00e9m do Carmo divulga programa\u00e7\u00e3o oficial - Portal MF","isPartOf":{"@id":"https:\/\/portalmf.com.br\/#website"},"primaryImageOfPage":{"@id":"https:\/\/portalmf.com.br\/index.php\/2026\/01\/22\/carnaval-do-santo-antonio-alem-do-carmo-divulga-programacao-oficial\/#primaryimage"},"image":{"@id":"https:\/\/portalmf.com.br\/index.php\/2026\/01\/22\/carnaval-do-santo-antonio-alem-do-carmo-divulga-programacao-oficial\/#primaryimage"},"thumbnailUrl":"https:\/\/portalmf.com.br\/wp-content\/uploads\/2026\/01\/Carnaval-do-Santo-Antonio-Alem-do-Carmo-divulga-programacao-oficial-e-reafirma-folia-livre-e-organizada-pela-propria-comunidade-2.jpeg","datePublished":"2026-01-22T21:04:53+00:00","dateModified":"2026-01-22T21:04:53+00:00","author":{"@id":"https:\/\/portalmf.com.br\/#\/schema\/person\/9ec101baf56233e53520c26de5d6f6f0"},"breadcrumb":{"@id":"https:\/\/portalmf.com.br\/index.php\/2026\/01\/22\/carnaval-do-santo-antonio-alem-do-carmo-divulga-programacao-oficial\/#breadcrumb"},"inLanguage":"pt-BR","potentialAction":[{"@type":"ReadAction","target":["https:\/\/portalmf.com.br\/index.php\/2026\/01\/22\/carnaval-do-santo-antonio-alem-do-carmo-divulga-programacao-oficial\/"]}]},{"@type":"ImageObject","inLanguage":"pt-BR","@id":"https:\/\/portalmf.com.br\/index.php\/2026\/01\/22\/carnaval-do-santo-antonio-alem-do-carmo-divulga-programacao-oficial\/#primaryimage","url":"https:\/\/portalmf.com.br\/wp-content\/uploads\/2026\/01\/Carnaval-do-Santo-Antonio-Alem-do-Carmo-divulga-programacao-oficial-e-reafirma-folia-livre-e-organizada-pela-propria-comunidade-2.jpeg","contentUrl":"https:\/\/portalmf.com.br\/wp-content\/uploads\/2026\/01\/Carnaval-do-Santo-Antonio-Alem-do-Carmo-divulga-programacao-oficial-e-reafirma-folia-livre-e-organizada-pela-propria-comunidade-2.jpeg","width":1600,"height":1066},{"@type":"BreadcrumbList","@id":"https:\/\/portalmf.com.br\/index.php\/2026\/01\/22\/carnaval-do-santo-antonio-alem-do-carmo-divulga-programacao-oficial\/#breadcrumb","itemListElement":[{"@type":"ListItem","position":1,"name":"In\u00edcio","item":"https:\/\/portalmf.com.br\/"},{"@type":"ListItem","position":2,"name":"Carnaval do Santo Ant\u00f4nio Al\u00e9m do Carmo divulga programa\u00e7\u00e3o oficial"}]},{"@type":"WebSite","@id":"https:\/\/portalmf.com.br\/#website","url":"https:\/\/portalmf.com.br\/","name":"Portal MF","description":"Voc\u00ea conectado com a informa\u00e7\u00e3o","potentialAction":[{"@type":"SearchAction","target":{"@type":"EntryPoint","urlTemplate":"https:\/\/portalmf.com.br\/?s={search_term_string}"},"query-input":"required name=search_term_string"}],"inLanguage":"pt-BR"},{"@type":"Person","@id":"https:\/\/portalmf.com.br\/#\/schema\/person\/9ec101baf56233e53520c26de5d6f6f0","name":"Reda\u00e7\u00e3o Portal MF","image":{"@type":"ImageObject","inLanguage":"pt-BR","@id":"https:\/\/portalmf.com.br\/#\/schema\/person\/image\/","url":"https:\/\/secure.gravatar.com\/avatar\/41b9aaeb2100835f7c64362330f74c7f?s=96&d=mm&r=g","contentUrl":"https:\/\/secure.gravatar.com\/avatar\/41b9aaeb2100835f7c64362330f74c7f?s=96&d=mm&r=g","caption":"Reda\u00e7\u00e3o Portal MF"},"description":"Sejam bem-vindos o portal de informa\u00e7\u00f5es de entretenimento de Feira de Santana, desde 2006 realiza coberturas dos principais eventos com entrevistas exclusivas com as principais personalidades mundiais. Fique conectado tamb\u00e9m nas redes sociais.","sameAs":["http:\/\/www.portalmf.com.br\/","https:\/\/www.facebook.com\/portalmfoficial","https:\/\/www.instagram.com\/portalmf\/","https:\/\/x.com\/https:\/\/x.com\/portalmfoficial","https:\/\/www.youtube.com\/@portalmfoficial"],"url":"https:\/\/portalmf.com.br\/index.php\/author\/junior\/"}]}},"_links":{"self":[{"href":"https:\/\/portalmf.com.br\/index.php\/wp-json\/wp\/v2\/posts\/41411"}],"collection":[{"href":"https:\/\/portalmf.com.br\/index.php\/wp-json\/wp\/v2\/posts"}],"about":[{"href":"https:\/\/portalmf.com.br\/index.php\/wp-json\/wp\/v2\/types\/post"}],"author":[{"embeddable":true,"href":"https:\/\/portalmf.com.br\/index.php\/wp-json\/wp\/v2\/users\/3"}],"replies":[{"embeddable":true,"href":"https:\/\/portalmf.com.br\/index.php\/wp-json\/wp\/v2\/comments?post=41411"}],"version-history":[{"count":1,"href":"https:\/\/portalmf.com.br\/index.php\/wp-json\/wp\/v2\/posts\/41411\/revisions"}],"predecessor-version":[{"id":41414,"href":"https:\/\/portalmf.com.br\/index.php\/wp-json\/wp\/v2\/posts\/41411\/revisions\/41414"}],"wp:featuredmedia":[{"embeddable":true,"href":"https:\/\/portalmf.com.br\/index.php\/wp-json\/wp\/v2\/media\/41412"}],"wp:attachment":[{"href":"https:\/\/portalmf.com.br\/index.php\/wp-json\/wp\/v2\/media?parent=41411"}],"wp:term":[{"taxonomy":"category","embeddable":true,"href":"https:\/\/portalmf.com.br\/index.php\/wp-json\/wp\/v2\/categories?post=41411"},{"taxonomy":"post_tag","embeddable":true,"href":"https:\/\/portalmf.com.br\/index.php\/wp-json\/wp\/v2\/tags?post=41411"}],"curies":[{"name":"wp","href":"https:\/\/api.w.org\/{rel}","templated":true}]}}