{"id":41332,"date":"2026-01-20T17:16:20","date_gmt":"2026-01-20T20:16:20","guid":{"rendered":"https:\/\/portalmf.com.br\/?p=41332"},"modified":"2026-01-20T17:16:21","modified_gmt":"2026-01-20T20:16:21","slug":"via-press-assume-assessoria-de-imprensa-nacional-do-camarote-expresso-2222-pela-12a-vez","status":"publish","type":"post","link":"https:\/\/portalmf.com.br\/index.php\/2026\/01\/20\/via-press-assume-assessoria-de-imprensa-nacional-do-camarote-expresso-2222-pela-12a-vez\/","title":{"rendered":"Via Press assume assessoria de imprensa nacional do Camarote Expresso 2222 pela 12\u00aa vez"},"content":{"rendered":"\n<p>A Via Press ser\u00e1, mais uma vez, a ag\u00eancia respons\u00e1vel pela assessoria de imprensa nacional do Camarote Expresso 2222. A CEO da ag\u00eancia, Elaine Hazin, ter\u00e1 ao seu lado uma equipe de profissionais encabe\u00e7ada pelo jornalista Gabriel Monteiro, respons\u00e1vel pelo atendimento da conta. Essa \u00e9 a 12\u00aa edi\u00e7\u00e3o em que a Via Press estar\u00e1 \u00e0 frente do setor de imprensa do camarote, produzindo not\u00edcias em tempo real, apoiando as coberturas jornal\u00edsticas e recebendo ve\u00edculos de comunica\u00e7\u00e3o de todo o Brasil.<\/p>\n\n\n\n<p>Em 2026, a Via Press completa 26 anos de atua\u00e7\u00e3o no mercado. Ao longo desse tempo, ela ampliou seus servi\u00e7os e passou a oferecer, al\u00e9m de assessoria de imprensa, desenvolvimento e gest\u00e3o de projetos culturais, produ\u00e7\u00e3o de eventos, marketing digital e relacionamento comunit\u00e1rio. Atualmente, a empresa possui mais de 100 colaboradores e est\u00e1 \u00e0 frente do gerenciamento de seis equipamentos culturais p\u00fablicos da cidade de Salvador.<\/p>\n\n\n\n<p>O tema escolhido para a 26\u00aa edi\u00e7\u00e3o do camarote foi \u201cPara Sempre Preta no 2222\u201d, em homenagem a Preta Gil, que faleceu precocemente em julho de 2025. Na ambienta\u00e7\u00e3o do espa\u00e7o, haver\u00e1 um painel de fotos da cantora, e o dourado, que ela tanto gostava, ser\u00e1 uma das cores predominantes na decora\u00e7\u00e3o. Cada noite da festa ser\u00e1 marcada por um brinde em homenagem a Preta Gil, feito pela fam\u00edlia e pelos muitos amigos que estar\u00e3o presentes. Um momento simb\u00f3lico que far\u00e1 parte do conjunto da homenagem. Como nos anos anteriores, o Expresso funcionar\u00e1 no ic\u00f4nico Edif\u00edcio Oceania, em frente ao Farol da Barra.<\/p>\n","protected":false},"excerpt":{"rendered":"<p>A Via Press ser\u00e1, mais uma vez, a ag\u00eancia respons\u00e1vel pela assessoria de imprensa nacional do Camarote Expresso 2222. A CEO da ag\u00eancia, Elaine Hazin, ter\u00e1 ao seu lado uma equipe de profissionais encabe\u00e7ada pelo jornalista Gabriel Monteiro, respons\u00e1vel pelo atendimento da conta. Essa \u00e9 a 12\u00aa edi\u00e7\u00e3o em que a Via Press estar\u00e1 \u00e0 [&hellip;]<\/p>\n","protected":false},"author":3,"featured_media":41333,"comment_status":"open","ping_status":"open","sticky":false,"template":"","format":"standard","meta":{"_monsterinsights_skip_tracking":false,"_monsterinsights_sitenote_active":false,"_monsterinsights_sitenote_note":"","_monsterinsights_sitenote_category":0,"footnotes":""},"categories":[44],"tags":[],"yoast_head":"<!-- This site is optimized with the Yoast SEO plugin v22.9 - https:\/\/yoast.com\/wordpress\/plugins\/seo\/ -->\n<title>Via Press assume assessoria de imprensa nacional do Camarote Expresso 2222 pela 12\u00aa vez - Portal MF<\/title>\n<meta name=\"robots\" content=\"index, follow, max-snippet:-1, max-image-preview:large, max-video-preview:-1\" \/>\n<link rel=\"canonical\" href=\"https:\/\/portalmf.com.br\/index.php\/2026\/01\/20\/via-press-assume-assessoria-de-imprensa-nacional-do-camarote-expresso-2222-pela-12a-vez\/\" \/>\n<meta property=\"og:locale\" content=\"pt_BR\" \/>\n<meta property=\"og:type\" content=\"article\" \/>\n<meta property=\"og:title\" content=\"Via Press assume assessoria de imprensa nacional do Camarote Expresso 2222 pela 12\u00aa vez - Portal MF\" \/>\n<meta property=\"og:description\" content=\"A Via Press ser\u00e1, mais uma vez, a ag\u00eancia respons\u00e1vel pela assessoria de imprensa nacional do Camarote Expresso 2222. A CEO da ag\u00eancia, Elaine Hazin, ter\u00e1 ao seu lado uma equipe de profissionais encabe\u00e7ada pelo jornalista Gabriel Monteiro, respons\u00e1vel pelo atendimento da conta. Essa \u00e9 a 12\u00aa edi\u00e7\u00e3o em que a Via Press estar\u00e1 \u00e0 [&hellip;]\" \/>\n<meta property=\"og:url\" content=\"https:\/\/portalmf.com.br\/index.php\/2026\/01\/20\/via-press-assume-assessoria-de-imprensa-nacional-do-camarote-expresso-2222-pela-12a-vez\/\" \/>\n<meta property=\"og:site_name\" content=\"Portal MF\" \/>\n<meta property=\"article:author\" content=\"https:\/\/www.facebook.com\/portalmfoficial\" \/>\n<meta property=\"article:published_time\" content=\"2026-01-20T20:16:20+00:00\" \/>\n<meta property=\"article:modified_time\" content=\"2026-01-20T20:16:21+00:00\" \/>\n<meta property=\"og:image\" content=\"https:\/\/portalmf.com.br\/wp-content\/uploads\/2026\/01\/WhatsApp-Image-2026-01-20-at-16.43.52-e1768940173525.jpeg\" \/>\n\t<meta property=\"og:image:width\" content=\"1200\" \/>\n\t<meta property=\"og:image:height\" content=\"776\" \/>\n\t<meta property=\"og:image:type\" content=\"image\/jpeg\" \/>\n<meta name=\"author\" content=\"Reda\u00e7\u00e3o Portal MF\" \/>\n<meta name=\"twitter:card\" content=\"summary_large_image\" \/>\n<meta name=\"twitter:creator\" content=\"@https:\/\/x.com\/portalmfoficial\" \/>\n<meta name=\"twitter:label1\" content=\"Escrito por\" \/>\n\t<meta name=\"twitter:data1\" content=\"Reda\u00e7\u00e3o Portal MF\" \/>\n\t<meta name=\"twitter:label2\" content=\"Est. tempo de leitura\" \/>\n\t<meta name=\"twitter:data2\" content=\"2 minutos\" \/>\n<script type=\"application\/ld+json\" class=\"yoast-schema-graph\">{\"@context\":\"https:\/\/schema.org\",\"@graph\":[{\"@type\":\"WebPage\",\"@id\":\"https:\/\/portalmf.com.br\/index.php\/2026\/01\/20\/via-press-assume-assessoria-de-imprensa-nacional-do-camarote-expresso-2222-pela-12a-vez\/\",\"url\":\"https:\/\/portalmf.com.br\/index.php\/2026\/01\/20\/via-press-assume-assessoria-de-imprensa-nacional-do-camarote-expresso-2222-pela-12a-vez\/\",\"name\":\"Via Press assume assessoria de imprensa nacional do Camarote Expresso 2222 pela 12\u00aa vez - Portal MF\",\"isPartOf\":{\"@id\":\"https:\/\/portalmf.com.br\/#website\"},\"primaryImageOfPage\":{\"@id\":\"https:\/\/portalmf.com.br\/index.php\/2026\/01\/20\/via-press-assume-assessoria-de-imprensa-nacional-do-camarote-expresso-2222-pela-12a-vez\/#primaryimage\"},\"image\":{\"@id\":\"https:\/\/portalmf.com.br\/index.php\/2026\/01\/20\/via-press-assume-assessoria-de-imprensa-nacional-do-camarote-expresso-2222-pela-12a-vez\/#primaryimage\"},\"thumbnailUrl\":\"https:\/\/portalmf.com.br\/wp-content\/uploads\/2026\/01\/WhatsApp-Image-2026-01-20-at-16.43.52-e1768940173525.jpeg\",\"datePublished\":\"2026-01-20T20:16:20+00:00\",\"dateModified\":\"2026-01-20T20:16:21+00:00\",\"author\":{\"@id\":\"https:\/\/portalmf.com.br\/#\/schema\/person\/9ec101baf56233e53520c26de5d6f6f0\"},\"breadcrumb\":{\"@id\":\"https:\/\/portalmf.com.br\/index.php\/2026\/01\/20\/via-press-assume-assessoria-de-imprensa-nacional-do-camarote-expresso-2222-pela-12a-vez\/#breadcrumb\"},\"inLanguage\":\"pt-BR\",\"potentialAction\":[{\"@type\":\"ReadAction\",\"target\":[\"https:\/\/portalmf.com.br\/index.php\/2026\/01\/20\/via-press-assume-assessoria-de-imprensa-nacional-do-camarote-expresso-2222-pela-12a-vez\/\"]}]},{\"@type\":\"ImageObject\",\"inLanguage\":\"pt-BR\",\"@id\":\"https:\/\/portalmf.com.br\/index.php\/2026\/01\/20\/via-press-assume-assessoria-de-imprensa-nacional-do-camarote-expresso-2222-pela-12a-vez\/#primaryimage\",\"url\":\"https:\/\/portalmf.com.br\/wp-content\/uploads\/2026\/01\/WhatsApp-Image-2026-01-20-at-16.43.52-e1768940173525.jpeg\",\"contentUrl\":\"https:\/\/portalmf.com.br\/wp-content\/uploads\/2026\/01\/WhatsApp-Image-2026-01-20-at-16.43.52-e1768940173525.jpeg\",\"width\":1200,\"height\":776},{\"@type\":\"BreadcrumbList\",\"@id\":\"https:\/\/portalmf.com.br\/index.php\/2026\/01\/20\/via-press-assume-assessoria-de-imprensa-nacional-do-camarote-expresso-2222-pela-12a-vez\/#breadcrumb\",\"itemListElement\":[{\"@type\":\"ListItem\",\"position\":1,\"name\":\"In\u00edcio\",\"item\":\"https:\/\/portalmf.com.br\/\"},{\"@type\":\"ListItem\",\"position\":2,\"name\":\"Via Press assume assessoria de imprensa nacional do Camarote Expresso 2222 pela 12\u00aa vez\"}]},{\"@type\":\"WebSite\",\"@id\":\"https:\/\/portalmf.com.br\/#website\",\"url\":\"https:\/\/portalmf.com.br\/\",\"name\":\"Portal MF\",\"description\":\"Voc\u00ea conectado com a informa\u00e7\u00e3o\",\"potentialAction\":[{\"@type\":\"SearchAction\",\"target\":{\"@type\":\"EntryPoint\",\"urlTemplate\":\"https:\/\/portalmf.com.br\/?s={search_term_string}\"},\"query-input\":\"required name=search_term_string\"}],\"inLanguage\":\"pt-BR\"},{\"@type\":\"Person\",\"@id\":\"https:\/\/portalmf.com.br\/#\/schema\/person\/9ec101baf56233e53520c26de5d6f6f0\",\"name\":\"Reda\u00e7\u00e3o Portal MF\",\"image\":{\"@type\":\"ImageObject\",\"inLanguage\":\"pt-BR\",\"@id\":\"https:\/\/portalmf.com.br\/#\/schema\/person\/image\/\",\"url\":\"https:\/\/secure.gravatar.com\/avatar\/41b9aaeb2100835f7c64362330f74c7f?s=96&d=mm&r=g\",\"contentUrl\":\"https:\/\/secure.gravatar.com\/avatar\/41b9aaeb2100835f7c64362330f74c7f?s=96&d=mm&r=g\",\"caption\":\"Reda\u00e7\u00e3o Portal MF\"},\"description\":\"Sejam bem-vindos o portal de informa\u00e7\u00f5es de entretenimento de Feira de Santana, desde 2006 realiza coberturas dos principais eventos com entrevistas exclusivas com as principais personalidades mundiais. Fique conectado tamb\u00e9m nas redes sociais.\",\"sameAs\":[\"http:\/\/www.portalmf.com.br\/\",\"https:\/\/www.facebook.com\/portalmfoficial\",\"https:\/\/www.instagram.com\/portalmf\/\",\"https:\/\/x.com\/https:\/\/x.com\/portalmfoficial\",\"https:\/\/www.youtube.com\/@portalmfoficial\"],\"url\":\"https:\/\/portalmf.com.br\/index.php\/author\/junior\/\"}]}<\/script>\n<!-- \/ Yoast SEO plugin. -->","yoast_head_json":{"title":"Via Press assume assessoria de imprensa nacional do Camarote Expresso 2222 pela 12\u00aa vez - Portal MF","robots":{"index":"index","follow":"follow","max-snippet":"max-snippet:-1","max-image-preview":"max-image-preview:large","max-video-preview":"max-video-preview:-1"},"canonical":"https:\/\/portalmf.com.br\/index.php\/2026\/01\/20\/via-press-assume-assessoria-de-imprensa-nacional-do-camarote-expresso-2222-pela-12a-vez\/","og_locale":"pt_BR","og_type":"article","og_title":"Via Press assume assessoria de imprensa nacional do Camarote Expresso 2222 pela 12\u00aa vez - Portal MF","og_description":"A Via Press ser\u00e1, mais uma vez, a ag\u00eancia respons\u00e1vel pela assessoria de imprensa nacional do Camarote Expresso 2222. A CEO da ag\u00eancia, Elaine Hazin, ter\u00e1 ao seu lado uma equipe de profissionais encabe\u00e7ada pelo jornalista Gabriel Monteiro, respons\u00e1vel pelo atendimento da conta. Essa \u00e9 a 12\u00aa edi\u00e7\u00e3o em que a Via Press estar\u00e1 \u00e0 [&hellip;]","og_url":"https:\/\/portalmf.com.br\/index.php\/2026\/01\/20\/via-press-assume-assessoria-de-imprensa-nacional-do-camarote-expresso-2222-pela-12a-vez\/","og_site_name":"Portal MF","article_author":"https:\/\/www.facebook.com\/portalmfoficial","article_published_time":"2026-01-20T20:16:20+00:00","article_modified_time":"2026-01-20T20:16:21+00:00","og_image":[{"width":1200,"height":776,"url":"https:\/\/portalmf.com.br\/wp-content\/uploads\/2026\/01\/WhatsApp-Image-2026-01-20-at-16.43.52-e1768940173525.jpeg","type":"image\/jpeg"}],"author":"Reda\u00e7\u00e3o Portal MF","twitter_card":"summary_large_image","twitter_creator":"@https:\/\/x.com\/portalmfoficial","twitter_misc":{"Escrito por":"Reda\u00e7\u00e3o Portal MF","Est. tempo de leitura":"2 minutos"},"schema":{"@context":"https:\/\/schema.org","@graph":[{"@type":"WebPage","@id":"https:\/\/portalmf.com.br\/index.php\/2026\/01\/20\/via-press-assume-assessoria-de-imprensa-nacional-do-camarote-expresso-2222-pela-12a-vez\/","url":"https:\/\/portalmf.com.br\/index.php\/2026\/01\/20\/via-press-assume-assessoria-de-imprensa-nacional-do-camarote-expresso-2222-pela-12a-vez\/","name":"Via Press assume assessoria de imprensa nacional do Camarote Expresso 2222 pela 12\u00aa vez - Portal MF","isPartOf":{"@id":"https:\/\/portalmf.com.br\/#website"},"primaryImageOfPage":{"@id":"https:\/\/portalmf.com.br\/index.php\/2026\/01\/20\/via-press-assume-assessoria-de-imprensa-nacional-do-camarote-expresso-2222-pela-12a-vez\/#primaryimage"},"image":{"@id":"https:\/\/portalmf.com.br\/index.php\/2026\/01\/20\/via-press-assume-assessoria-de-imprensa-nacional-do-camarote-expresso-2222-pela-12a-vez\/#primaryimage"},"thumbnailUrl":"https:\/\/portalmf.com.br\/wp-content\/uploads\/2026\/01\/WhatsApp-Image-2026-01-20-at-16.43.52-e1768940173525.jpeg","datePublished":"2026-01-20T20:16:20+00:00","dateModified":"2026-01-20T20:16:21+00:00","author":{"@id":"https:\/\/portalmf.com.br\/#\/schema\/person\/9ec101baf56233e53520c26de5d6f6f0"},"breadcrumb":{"@id":"https:\/\/portalmf.com.br\/index.php\/2026\/01\/20\/via-press-assume-assessoria-de-imprensa-nacional-do-camarote-expresso-2222-pela-12a-vez\/#breadcrumb"},"inLanguage":"pt-BR","potentialAction":[{"@type":"ReadAction","target":["https:\/\/portalmf.com.br\/index.php\/2026\/01\/20\/via-press-assume-assessoria-de-imprensa-nacional-do-camarote-expresso-2222-pela-12a-vez\/"]}]},{"@type":"ImageObject","inLanguage":"pt-BR","@id":"https:\/\/portalmf.com.br\/index.php\/2026\/01\/20\/via-press-assume-assessoria-de-imprensa-nacional-do-camarote-expresso-2222-pela-12a-vez\/#primaryimage","url":"https:\/\/portalmf.com.br\/wp-content\/uploads\/2026\/01\/WhatsApp-Image-2026-01-20-at-16.43.52-e1768940173525.jpeg","contentUrl":"https:\/\/portalmf.com.br\/wp-content\/uploads\/2026\/01\/WhatsApp-Image-2026-01-20-at-16.43.52-e1768940173525.jpeg","width":1200,"height":776},{"@type":"BreadcrumbList","@id":"https:\/\/portalmf.com.br\/index.php\/2026\/01\/20\/via-press-assume-assessoria-de-imprensa-nacional-do-camarote-expresso-2222-pela-12a-vez\/#breadcrumb","itemListElement":[{"@type":"ListItem","position":1,"name":"In\u00edcio","item":"https:\/\/portalmf.com.br\/"},{"@type":"ListItem","position":2,"name":"Via Press assume assessoria de imprensa nacional do Camarote Expresso 2222 pela 12\u00aa vez"}]},{"@type":"WebSite","@id":"https:\/\/portalmf.com.br\/#website","url":"https:\/\/portalmf.com.br\/","name":"Portal MF","description":"Voc\u00ea conectado com a informa\u00e7\u00e3o","potentialAction":[{"@type":"SearchAction","target":{"@type":"EntryPoint","urlTemplate":"https:\/\/portalmf.com.br\/?s={search_term_string}"},"query-input":"required name=search_term_string"}],"inLanguage":"pt-BR"},{"@type":"Person","@id":"https:\/\/portalmf.com.br\/#\/schema\/person\/9ec101baf56233e53520c26de5d6f6f0","name":"Reda\u00e7\u00e3o Portal MF","image":{"@type":"ImageObject","inLanguage":"pt-BR","@id":"https:\/\/portalmf.com.br\/#\/schema\/person\/image\/","url":"https:\/\/secure.gravatar.com\/avatar\/41b9aaeb2100835f7c64362330f74c7f?s=96&d=mm&r=g","contentUrl":"https:\/\/secure.gravatar.com\/avatar\/41b9aaeb2100835f7c64362330f74c7f?s=96&d=mm&r=g","caption":"Reda\u00e7\u00e3o Portal MF"},"description":"Sejam bem-vindos o portal de informa\u00e7\u00f5es de entretenimento de Feira de Santana, desde 2006 realiza coberturas dos principais eventos com entrevistas exclusivas com as principais personalidades mundiais. Fique conectado tamb\u00e9m nas redes sociais.","sameAs":["http:\/\/www.portalmf.com.br\/","https:\/\/www.facebook.com\/portalmfoficial","https:\/\/www.instagram.com\/portalmf\/","https:\/\/x.com\/https:\/\/x.com\/portalmfoficial","https:\/\/www.youtube.com\/@portalmfoficial"],"url":"https:\/\/portalmf.com.br\/index.php\/author\/junior\/"}]}},"_links":{"self":[{"href":"https:\/\/portalmf.com.br\/index.php\/wp-json\/wp\/v2\/posts\/41332"}],"collection":[{"href":"https:\/\/portalmf.com.br\/index.php\/wp-json\/wp\/v2\/posts"}],"about":[{"href":"https:\/\/portalmf.com.br\/index.php\/wp-json\/wp\/v2\/types\/post"}],"author":[{"embeddable":true,"href":"https:\/\/portalmf.com.br\/index.php\/wp-json\/wp\/v2\/users\/3"}],"replies":[{"embeddable":true,"href":"https:\/\/portalmf.com.br\/index.php\/wp-json\/wp\/v2\/comments?post=41332"}],"version-history":[{"count":1,"href":"https:\/\/portalmf.com.br\/index.php\/wp-json\/wp\/v2\/posts\/41332\/revisions"}],"predecessor-version":[{"id":41334,"href":"https:\/\/portalmf.com.br\/index.php\/wp-json\/wp\/v2\/posts\/41332\/revisions\/41334"}],"wp:featuredmedia":[{"embeddable":true,"href":"https:\/\/portalmf.com.br\/index.php\/wp-json\/wp\/v2\/media\/41333"}],"wp:attachment":[{"href":"https:\/\/portalmf.com.br\/index.php\/wp-json\/wp\/v2\/media?parent=41332"}],"wp:term":[{"taxonomy":"category","embeddable":true,"href":"https:\/\/portalmf.com.br\/index.php\/wp-json\/wp\/v2\/categories?post=41332"},{"taxonomy":"post_tag","embeddable":true,"href":"https:\/\/portalmf.com.br\/index.php\/wp-json\/wp\/v2\/tags?post=41332"}],"curies":[{"name":"wp","href":"https:\/\/api.w.org\/{rel}","templated":true}]}}