{"id":41150,"date":"2026-01-14T21:28:22","date_gmt":"2026-01-15T00:28:22","guid":{"rendered":"https:\/\/portalmf.com.br\/?p=41150"},"modified":"2026-01-14T21:28:23","modified_gmt":"2026-01-15T00:28:23","slug":"sergynho-pimenta-tem-agenda-de-verao-movimentada-com-shows-em-tres-estados","status":"publish","type":"post","link":"https:\/\/portalmf.com.br\/index.php\/2026\/01\/14\/sergynho-pimenta-tem-agenda-de-verao-movimentada-com-shows-em-tres-estados\/","title":{"rendered":"Sergynho Pimenta tem agenda de ver\u00e3o movimentada com shows em tr\u00eas estados"},"content":{"rendered":"\n<p>Do p\u00fablico nost\u00e1lgico \u00e0 nova gera\u00e7\u00e3o de f\u00e3s, Sergynho Pimenta promete arrastar multid\u00f5es ao som dos seus maiores sucessos neste ver\u00e3o 2026. O artista baiano percorre os estados de Alagoas, Rio Grande do Norte e Pernambuco em apresenta\u00e7\u00f5es p\u00fablicas e privadas trazendo o melhor do seu repert\u00f3rio dos seus 30 anos de carreira, que agora conta uma can\u00e7\u00e3o in\u00e9dita, lan\u00e7ada em novembro de 2025, e que ainda n\u00e3o foi executada ao vivo nos trios el\u00e9tricos.<\/p>\n\n\n\n<figure class=\"wp-block-embed is-type-video is-provider-youtube wp-block-embed-youtube wp-embed-aspect-4-3 wp-has-aspect-ratio\"><div class=\"wp-block-embed__wrapper\">\n<iframe title=\"Arco-\u00edris Sem Cor\" width=\"696\" height=\"522\" src=\"https:\/\/www.youtube.com\/embed\/JYJ8vWsm1WY?feature=oembed\" frameborder=\"0\" allow=\"accelerometer; autoplay; clipboard-write; encrypted-media; gyroscope; picture-in-picture; web-share\" referrerpolicy=\"strict-origin-when-cross-origin\" allowfullscreen><\/iframe>\n<\/div><\/figure>\n\n\n\n<p>O artista que abriu sua agenda de ver\u00e3o com show no dia 06\/12 com evento privado em Natal (RN), cantou tamb\u00e9m dia 20\/12, v\u00e9spera da chegada do ver\u00e3o, em Ba\u00eda Formosa, litoral sul do RN, fechou 2025 com apresenta\u00e7\u00e3o dia 31\/12 no R\u00e9veillon de S\u00e3o Miguel do Gostoso\/RN.<\/p>\n\n\n\n<p>Na volta ao Rio Grande do Norte, Pimenta se apresentou em Pirangi no dia 06\/01 com o projeto SambAx\u00e9, em que divide o palco os o grupo Quarteto Linha, j\u00e1 no dia 30\/01 tem dobradinha com evento privado em Natal e a nova edi\u00e7\u00e3o do tradicional pr\u00e9-carnaval \u201cAx\u00e9 Natal\u201d, onde o artista canta na Pra\u00e7a C\u00edvica, comandando seus foli\u00f5es do Bloco A Barca, ao som dos hits que marcaram carnavalescos desde a d\u00e9cada de 90, como \u2018Maria Joaquina\u2019, \u2018Me Sinto S\u00f3\u2019 e \u2018Tant\u00e3\u2019. Sergynho permanece na Cidade do Sol no dia 31\/01 para cumprir show privado.<\/p>\n\n\n\n<p>Dando boas-vindas a fevereiro, no dia 01\/02, o cantor desembarca em Macei\u00f3 para iniciar o esquente de carnaval com o Bloco Paparico. No dia 06 a uma festa pr\u00e9 carnavalesca em Serra de S\u00e3o Bento\/RN e no dia 07 do m\u00eas da folia, a lenda do ax\u00e9 vai para a terra do frevo promover a conex\u00e3o musical entre Bahia e Pernambuco, com show confirmado em Jaboat\u00e3o dos Guararapes, Regi\u00e3o Metropolitana de Recife.<\/p>\n\n\n\n<p><em>\u201cAi, pessoal! Ver\u00e3o chegando, espero que seja ardente e que a gente se encontre em muitos lugares!\u201d, d<\/em>isse Sergynho.<\/p>\n\n\n\n<p>Com mais de 30 anos de carreira, grande parte dela dedicada \u00e0 maior festa de rua do mundo, Sergynho Pimenta ficou conhecido nacionalmente ainda na d\u00e9cada de 90, sendo considerado o maior puxador de trio el\u00e9trico de sua \u00e9poca, quando integrava a banda Pimenta N\u2019Ativa. Sucessos como \u201cMaria Joaquina\u201d, \u201cTant\u00e3\u201d, \u201cD\u00ea um Sinal\u201d, \u201cEncontro Marcado\u201d e \u201cMe Sinto S\u00f3\u201d s\u00e3o reconhecidos ainda hoje como grandes sucessos das avenidas. Ap\u00f3s anos afastado do Carnaval de Salvador, o cantor fez retorno triunfante \u00e0 festa em 2025, durante a edi\u00e7\u00e3o comemorativa dos 40 anos de Ax\u00e9.<\/p>\n","protected":false},"excerpt":{"rendered":"<p>Do p\u00fablico nost\u00e1lgico \u00e0 nova gera\u00e7\u00e3o de f\u00e3s, Sergynho Pimenta promete arrastar multid\u00f5es ao som dos seus maiores sucessos neste ver\u00e3o 2026. O artista baiano percorre os estados de Alagoas, Rio Grande do Norte e Pernambuco em apresenta\u00e7\u00f5es p\u00fablicas e privadas trazendo o melhor do seu repert\u00f3rio dos seus 30 anos de carreira, que agora [&hellip;]<\/p>\n","protected":false},"author":3,"featured_media":41153,"comment_status":"open","ping_status":"open","sticky":false,"template":"","format":"standard","meta":{"_monsterinsights_skip_tracking":false,"_monsterinsights_sitenote_active":false,"_monsterinsights_sitenote_note":"","_monsterinsights_sitenote_category":0,"footnotes":""},"categories":[44,47],"tags":[],"yoast_head":"<!-- This site is optimized with the Yoast SEO plugin v22.9 - https:\/\/yoast.com\/wordpress\/plugins\/seo\/ -->\n<title>Sergynho Pimenta tem agenda de ver\u00e3o movimentada com shows em tr\u00eas estados - Portal MF<\/title>\n<meta name=\"robots\" content=\"index, follow, max-snippet:-1, max-image-preview:large, max-video-preview:-1\" \/>\n<link rel=\"canonical\" href=\"https:\/\/portalmf.com.br\/index.php\/2026\/01\/14\/sergynho-pimenta-tem-agenda-de-verao-movimentada-com-shows-em-tres-estados\/\" \/>\n<meta property=\"og:locale\" content=\"pt_BR\" \/>\n<meta property=\"og:type\" content=\"article\" \/>\n<meta property=\"og:title\" content=\"Sergynho Pimenta tem agenda de ver\u00e3o movimentada com shows em tr\u00eas estados - Portal MF\" \/>\n<meta property=\"og:description\" content=\"Do p\u00fablico nost\u00e1lgico \u00e0 nova gera\u00e7\u00e3o de f\u00e3s, Sergynho Pimenta promete arrastar multid\u00f5es ao som dos seus maiores sucessos neste ver\u00e3o 2026. O artista baiano percorre os estados de Alagoas, Rio Grande do Norte e Pernambuco em apresenta\u00e7\u00f5es p\u00fablicas e privadas trazendo o melhor do seu repert\u00f3rio dos seus 30 anos de carreira, que agora [&hellip;]\" \/>\n<meta property=\"og:url\" content=\"https:\/\/portalmf.com.br\/index.php\/2026\/01\/14\/sergynho-pimenta-tem-agenda-de-verao-movimentada-com-shows-em-tres-estados\/\" \/>\n<meta property=\"og:site_name\" content=\"Portal MF\" \/>\n<meta property=\"article:author\" content=\"https:\/\/www.facebook.com\/portalmfoficial\" \/>\n<meta property=\"article:published_time\" content=\"2026-01-15T00:28:22+00:00\" \/>\n<meta property=\"article:modified_time\" content=\"2026-01-15T00:28:23+00:00\" \/>\n<meta property=\"og:image\" content=\"https:\/\/portalmf.com.br\/wp-content\/uploads\/2026\/01\/Sergynho-Pimenta-tem-agenda-de-verao-movimentada-com-shows-em-tres-estados-1.jpeg\" \/>\n\t<meta property=\"og:image:width\" content=\"1100\" \/>\n\t<meta property=\"og:image:height\" content=\"791\" \/>\n\t<meta property=\"og:image:type\" content=\"image\/jpeg\" \/>\n<meta name=\"author\" content=\"Reda\u00e7\u00e3o Portal MF\" \/>\n<meta name=\"twitter:card\" content=\"summary_large_image\" \/>\n<meta name=\"twitter:creator\" content=\"@https:\/\/x.com\/portalmfoficial\" \/>\n<meta name=\"twitter:label1\" content=\"Escrito por\" \/>\n\t<meta name=\"twitter:data1\" content=\"Reda\u00e7\u00e3o Portal MF\" \/>\n\t<meta name=\"twitter:label2\" content=\"Est. tempo de leitura\" \/>\n\t<meta name=\"twitter:data2\" content=\"3 minutos\" \/>\n<script type=\"application\/ld+json\" class=\"yoast-schema-graph\">{\"@context\":\"https:\/\/schema.org\",\"@graph\":[{\"@type\":\"WebPage\",\"@id\":\"https:\/\/portalmf.com.br\/index.php\/2026\/01\/14\/sergynho-pimenta-tem-agenda-de-verao-movimentada-com-shows-em-tres-estados\/\",\"url\":\"https:\/\/portalmf.com.br\/index.php\/2026\/01\/14\/sergynho-pimenta-tem-agenda-de-verao-movimentada-com-shows-em-tres-estados\/\",\"name\":\"Sergynho Pimenta tem agenda de ver\u00e3o movimentada com shows em tr\u00eas estados - Portal MF\",\"isPartOf\":{\"@id\":\"https:\/\/portalmf.com.br\/#website\"},\"primaryImageOfPage\":{\"@id\":\"https:\/\/portalmf.com.br\/index.php\/2026\/01\/14\/sergynho-pimenta-tem-agenda-de-verao-movimentada-com-shows-em-tres-estados\/#primaryimage\"},\"image\":{\"@id\":\"https:\/\/portalmf.com.br\/index.php\/2026\/01\/14\/sergynho-pimenta-tem-agenda-de-verao-movimentada-com-shows-em-tres-estados\/#primaryimage\"},\"thumbnailUrl\":\"https:\/\/portalmf.com.br\/wp-content\/uploads\/2026\/01\/Sergynho-Pimenta-tem-agenda-de-verao-movimentada-com-shows-em-tres-estados-1.jpeg\",\"datePublished\":\"2026-01-15T00:28:22+00:00\",\"dateModified\":\"2026-01-15T00:28:23+00:00\",\"author\":{\"@id\":\"https:\/\/portalmf.com.br\/#\/schema\/person\/9ec101baf56233e53520c26de5d6f6f0\"},\"breadcrumb\":{\"@id\":\"https:\/\/portalmf.com.br\/index.php\/2026\/01\/14\/sergynho-pimenta-tem-agenda-de-verao-movimentada-com-shows-em-tres-estados\/#breadcrumb\"},\"inLanguage\":\"pt-BR\",\"potentialAction\":[{\"@type\":\"ReadAction\",\"target\":[\"https:\/\/portalmf.com.br\/index.php\/2026\/01\/14\/sergynho-pimenta-tem-agenda-de-verao-movimentada-com-shows-em-tres-estados\/\"]}]},{\"@type\":\"ImageObject\",\"inLanguage\":\"pt-BR\",\"@id\":\"https:\/\/portalmf.com.br\/index.php\/2026\/01\/14\/sergynho-pimenta-tem-agenda-de-verao-movimentada-com-shows-em-tres-estados\/#primaryimage\",\"url\":\"https:\/\/portalmf.com.br\/wp-content\/uploads\/2026\/01\/Sergynho-Pimenta-tem-agenda-de-verao-movimentada-com-shows-em-tres-estados-1.jpeg\",\"contentUrl\":\"https:\/\/portalmf.com.br\/wp-content\/uploads\/2026\/01\/Sergynho-Pimenta-tem-agenda-de-verao-movimentada-com-shows-em-tres-estados-1.jpeg\",\"width\":1100,\"height\":791},{\"@type\":\"BreadcrumbList\",\"@id\":\"https:\/\/portalmf.com.br\/index.php\/2026\/01\/14\/sergynho-pimenta-tem-agenda-de-verao-movimentada-com-shows-em-tres-estados\/#breadcrumb\",\"itemListElement\":[{\"@type\":\"ListItem\",\"position\":1,\"name\":\"In\u00edcio\",\"item\":\"https:\/\/portalmf.com.br\/\"},{\"@type\":\"ListItem\",\"position\":2,\"name\":\"Sergynho Pimenta tem agenda de ver\u00e3o movimentada com shows em tr\u00eas estados\"}]},{\"@type\":\"WebSite\",\"@id\":\"https:\/\/portalmf.com.br\/#website\",\"url\":\"https:\/\/portalmf.com.br\/\",\"name\":\"Portal MF\",\"description\":\"Voc\u00ea conectado com a informa\u00e7\u00e3o\",\"potentialAction\":[{\"@type\":\"SearchAction\",\"target\":{\"@type\":\"EntryPoint\",\"urlTemplate\":\"https:\/\/portalmf.com.br\/?s={search_term_string}\"},\"query-input\":\"required name=search_term_string\"}],\"inLanguage\":\"pt-BR\"},{\"@type\":\"Person\",\"@id\":\"https:\/\/portalmf.com.br\/#\/schema\/person\/9ec101baf56233e53520c26de5d6f6f0\",\"name\":\"Reda\u00e7\u00e3o Portal MF\",\"image\":{\"@type\":\"ImageObject\",\"inLanguage\":\"pt-BR\",\"@id\":\"https:\/\/portalmf.com.br\/#\/schema\/person\/image\/\",\"url\":\"https:\/\/secure.gravatar.com\/avatar\/41b9aaeb2100835f7c64362330f74c7f?s=96&d=mm&r=g\",\"contentUrl\":\"https:\/\/secure.gravatar.com\/avatar\/41b9aaeb2100835f7c64362330f74c7f?s=96&d=mm&r=g\",\"caption\":\"Reda\u00e7\u00e3o Portal MF\"},\"description\":\"Sejam bem-vindos o portal de informa\u00e7\u00f5es de entretenimento de Feira de Santana, desde 2006 realiza coberturas dos principais eventos com entrevistas exclusivas com as principais personalidades mundiais. Fique conectado tamb\u00e9m nas redes sociais.\",\"sameAs\":[\"http:\/\/www.portalmf.com.br\/\",\"https:\/\/www.facebook.com\/portalmfoficial\",\"https:\/\/www.instagram.com\/portalmf\/\",\"https:\/\/x.com\/https:\/\/x.com\/portalmfoficial\",\"https:\/\/www.youtube.com\/@portalmfoficial\"],\"url\":\"https:\/\/portalmf.com.br\/index.php\/author\/junior\/\"}]}<\/script>\n<!-- \/ Yoast SEO plugin. -->","yoast_head_json":{"title":"Sergynho Pimenta tem agenda de ver\u00e3o movimentada com shows em tr\u00eas estados - Portal MF","robots":{"index":"index","follow":"follow","max-snippet":"max-snippet:-1","max-image-preview":"max-image-preview:large","max-video-preview":"max-video-preview:-1"},"canonical":"https:\/\/portalmf.com.br\/index.php\/2026\/01\/14\/sergynho-pimenta-tem-agenda-de-verao-movimentada-com-shows-em-tres-estados\/","og_locale":"pt_BR","og_type":"article","og_title":"Sergynho Pimenta tem agenda de ver\u00e3o movimentada com shows em tr\u00eas estados - Portal MF","og_description":"Do p\u00fablico nost\u00e1lgico \u00e0 nova gera\u00e7\u00e3o de f\u00e3s, Sergynho Pimenta promete arrastar multid\u00f5es ao som dos seus maiores sucessos neste ver\u00e3o 2026. O artista baiano percorre os estados de Alagoas, Rio Grande do Norte e Pernambuco em apresenta\u00e7\u00f5es p\u00fablicas e privadas trazendo o melhor do seu repert\u00f3rio dos seus 30 anos de carreira, que agora [&hellip;]","og_url":"https:\/\/portalmf.com.br\/index.php\/2026\/01\/14\/sergynho-pimenta-tem-agenda-de-verao-movimentada-com-shows-em-tres-estados\/","og_site_name":"Portal MF","article_author":"https:\/\/www.facebook.com\/portalmfoficial","article_published_time":"2026-01-15T00:28:22+00:00","article_modified_time":"2026-01-15T00:28:23+00:00","og_image":[{"width":1100,"height":791,"url":"https:\/\/portalmf.com.br\/wp-content\/uploads\/2026\/01\/Sergynho-Pimenta-tem-agenda-de-verao-movimentada-com-shows-em-tres-estados-1.jpeg","type":"image\/jpeg"}],"author":"Reda\u00e7\u00e3o Portal MF","twitter_card":"summary_large_image","twitter_creator":"@https:\/\/x.com\/portalmfoficial","twitter_misc":{"Escrito por":"Reda\u00e7\u00e3o Portal MF","Est. tempo de leitura":"3 minutos"},"schema":{"@context":"https:\/\/schema.org","@graph":[{"@type":"WebPage","@id":"https:\/\/portalmf.com.br\/index.php\/2026\/01\/14\/sergynho-pimenta-tem-agenda-de-verao-movimentada-com-shows-em-tres-estados\/","url":"https:\/\/portalmf.com.br\/index.php\/2026\/01\/14\/sergynho-pimenta-tem-agenda-de-verao-movimentada-com-shows-em-tres-estados\/","name":"Sergynho Pimenta tem agenda de ver\u00e3o movimentada com shows em tr\u00eas estados - Portal MF","isPartOf":{"@id":"https:\/\/portalmf.com.br\/#website"},"primaryImageOfPage":{"@id":"https:\/\/portalmf.com.br\/index.php\/2026\/01\/14\/sergynho-pimenta-tem-agenda-de-verao-movimentada-com-shows-em-tres-estados\/#primaryimage"},"image":{"@id":"https:\/\/portalmf.com.br\/index.php\/2026\/01\/14\/sergynho-pimenta-tem-agenda-de-verao-movimentada-com-shows-em-tres-estados\/#primaryimage"},"thumbnailUrl":"https:\/\/portalmf.com.br\/wp-content\/uploads\/2026\/01\/Sergynho-Pimenta-tem-agenda-de-verao-movimentada-com-shows-em-tres-estados-1.jpeg","datePublished":"2026-01-15T00:28:22+00:00","dateModified":"2026-01-15T00:28:23+00:00","author":{"@id":"https:\/\/portalmf.com.br\/#\/schema\/person\/9ec101baf56233e53520c26de5d6f6f0"},"breadcrumb":{"@id":"https:\/\/portalmf.com.br\/index.php\/2026\/01\/14\/sergynho-pimenta-tem-agenda-de-verao-movimentada-com-shows-em-tres-estados\/#breadcrumb"},"inLanguage":"pt-BR","potentialAction":[{"@type":"ReadAction","target":["https:\/\/portalmf.com.br\/index.php\/2026\/01\/14\/sergynho-pimenta-tem-agenda-de-verao-movimentada-com-shows-em-tres-estados\/"]}]},{"@type":"ImageObject","inLanguage":"pt-BR","@id":"https:\/\/portalmf.com.br\/index.php\/2026\/01\/14\/sergynho-pimenta-tem-agenda-de-verao-movimentada-com-shows-em-tres-estados\/#primaryimage","url":"https:\/\/portalmf.com.br\/wp-content\/uploads\/2026\/01\/Sergynho-Pimenta-tem-agenda-de-verao-movimentada-com-shows-em-tres-estados-1.jpeg","contentUrl":"https:\/\/portalmf.com.br\/wp-content\/uploads\/2026\/01\/Sergynho-Pimenta-tem-agenda-de-verao-movimentada-com-shows-em-tres-estados-1.jpeg","width":1100,"height":791},{"@type":"BreadcrumbList","@id":"https:\/\/portalmf.com.br\/index.php\/2026\/01\/14\/sergynho-pimenta-tem-agenda-de-verao-movimentada-com-shows-em-tres-estados\/#breadcrumb","itemListElement":[{"@type":"ListItem","position":1,"name":"In\u00edcio","item":"https:\/\/portalmf.com.br\/"},{"@type":"ListItem","position":2,"name":"Sergynho Pimenta tem agenda de ver\u00e3o movimentada com shows em tr\u00eas estados"}]},{"@type":"WebSite","@id":"https:\/\/portalmf.com.br\/#website","url":"https:\/\/portalmf.com.br\/","name":"Portal MF","description":"Voc\u00ea conectado com a informa\u00e7\u00e3o","potentialAction":[{"@type":"SearchAction","target":{"@type":"EntryPoint","urlTemplate":"https:\/\/portalmf.com.br\/?s={search_term_string}"},"query-input":"required name=search_term_string"}],"inLanguage":"pt-BR"},{"@type":"Person","@id":"https:\/\/portalmf.com.br\/#\/schema\/person\/9ec101baf56233e53520c26de5d6f6f0","name":"Reda\u00e7\u00e3o Portal MF","image":{"@type":"ImageObject","inLanguage":"pt-BR","@id":"https:\/\/portalmf.com.br\/#\/schema\/person\/image\/","url":"https:\/\/secure.gravatar.com\/avatar\/41b9aaeb2100835f7c64362330f74c7f?s=96&d=mm&r=g","contentUrl":"https:\/\/secure.gravatar.com\/avatar\/41b9aaeb2100835f7c64362330f74c7f?s=96&d=mm&r=g","caption":"Reda\u00e7\u00e3o Portal MF"},"description":"Sejam bem-vindos o portal de informa\u00e7\u00f5es de entretenimento de Feira de Santana, desde 2006 realiza coberturas dos principais eventos com entrevistas exclusivas com as principais personalidades mundiais. Fique conectado tamb\u00e9m nas redes sociais.","sameAs":["http:\/\/www.portalmf.com.br\/","https:\/\/www.facebook.com\/portalmfoficial","https:\/\/www.instagram.com\/portalmf\/","https:\/\/x.com\/https:\/\/x.com\/portalmfoficial","https:\/\/www.youtube.com\/@portalmfoficial"],"url":"https:\/\/portalmf.com.br\/index.php\/author\/junior\/"}]}},"_links":{"self":[{"href":"https:\/\/portalmf.com.br\/index.php\/wp-json\/wp\/v2\/posts\/41150"}],"collection":[{"href":"https:\/\/portalmf.com.br\/index.php\/wp-json\/wp\/v2\/posts"}],"about":[{"href":"https:\/\/portalmf.com.br\/index.php\/wp-json\/wp\/v2\/types\/post"}],"author":[{"embeddable":true,"href":"https:\/\/portalmf.com.br\/index.php\/wp-json\/wp\/v2\/users\/3"}],"replies":[{"embeddable":true,"href":"https:\/\/portalmf.com.br\/index.php\/wp-json\/wp\/v2\/comments?post=41150"}],"version-history":[{"count":1,"href":"https:\/\/portalmf.com.br\/index.php\/wp-json\/wp\/v2\/posts\/41150\/revisions"}],"predecessor-version":[{"id":41154,"href":"https:\/\/portalmf.com.br\/index.php\/wp-json\/wp\/v2\/posts\/41150\/revisions\/41154"}],"wp:featuredmedia":[{"embeddable":true,"href":"https:\/\/portalmf.com.br\/index.php\/wp-json\/wp\/v2\/media\/41153"}],"wp:attachment":[{"href":"https:\/\/portalmf.com.br\/index.php\/wp-json\/wp\/v2\/media?parent=41150"}],"wp:term":[{"taxonomy":"category","embeddable":true,"href":"https:\/\/portalmf.com.br\/index.php\/wp-json\/wp\/v2\/categories?post=41150"},{"taxonomy":"post_tag","embeddable":true,"href":"https:\/\/portalmf.com.br\/index.php\/wp-json\/wp\/v2\/tags?post=41150"}],"curies":[{"name":"wp","href":"https:\/\/api.w.org\/{rel}","templated":true}]}}