{"id":4109,"date":"2022-09-09T14:53:58","date_gmt":"2022-09-09T17:53:58","guid":{"rendered":"http:\/\/portalmf.com.br\/?p=4109"},"modified":"2022-09-09T14:53:59","modified_gmt":"2022-09-09T17:53:59","slug":"os-baianos-depositam-em-nos-a-confianca-de-que-vamos-mudar-a-bahia-diz-acm-neto","status":"publish","type":"post","link":"https:\/\/portalmf.com.br\/index.php\/2022\/09\/09\/os-baianos-depositam-em-nos-a-confianca-de-que-vamos-mudar-a-bahia-diz-acm-neto\/","title":{"rendered":"&#8220;Os baianos depositam em n\u00f3s a confian\u00e7a de que vamos mudar a Bahia&#8221;, diz ACM Neto"},"content":{"rendered":"\n<p>O candidato a governador ACM Neto (Uni\u00e3o Brasil) afirmou nesta quinta-feira (8) que n\u00e3o vai fazer &#8220;pol\u00edtica de retrovisor&#8221; caso seja eleito e preservar\u00e1 coisas boas que foram feitas nos \u00faltimos 16 anos. No entanto, ressaltou que os baianos depositam na sua candidatura a confian\u00e7a de mudar quest\u00f5es b\u00e1sicas como seguran\u00e7a, educa\u00e7\u00e3o, sa\u00fade e gera\u00e7\u00e3o de emprego, que pioraram neste per\u00edodo.<\/p>\n\n\n\n<p>Pela tarde, o ex-prefeito de Salvador seguiu a sua intensa agenda pelas cidades do territ\u00f3rio da Bacia do Jacu\u00edpe. Realizou carreatas em Pintadas, Capela do Alto Alegre e Nova F\u00e1tima. Em todas, estava acompanhado do candidato a senador Cac\u00e1 Le\u00e3o (PP) e foi recebido por uma multid\u00e3o nas ruas, tanto a p\u00e9 quanto em carros.<\/p>\n\n\n\n<p>&#8220;\u00c9 isso que os baianos depositam em n\u00f3s: a confian\u00e7a de que vamos mudar a Bahia, de que vamos come\u00e7ar a escrever uma nova hist\u00f3ria a partir de 1\u00b0 de janeiro. E essa hist\u00f3ria n\u00e3o \u00e9 contra ningu\u00e9m, n\u00e3o \u00e9 para desfazer nada. Se Deus me der oportunidade de ser governador, vamos preservar as coisas boas que aconteceram em 16 anos. N\u00e3o vamos fazer pol\u00edtica de retrovisor, nem perseguir ningu\u00e9m&#8221;, discursou em Capela do Alto Alegre.<\/p>\n\n\n\n<p>No entanto, Neto lembrou aos capelenses algo que tem repetido em toda a Bahia: que n\u00e3o \u00e9 aceit\u00e1vel o estado ocupar o primeiro lugar do pa\u00eds no n\u00famero de homic\u00eddios, liderar o ranking nacional de desempregados e ter a pior nota do IDEB de todo o Brasil.<\/p>\n\n\n\n<p>&#8220;A Bahia pode ter um l\u00edder de verdade, que trabalhe de maneira incans\u00e1vel, que lute pelo nosso povo e que fa\u00e7a o melhor governo do pa\u00eds. Esse \u00e9 o meu compromisso com voc\u00eas. Um governador que vai estar aqui presente sempre, que vai trabalhar em todos os quatro anos de mandato e que vai estender as m\u00e3os a todos os 417 munic\u00edpios, para mudar a Bahia de verdade&#8221;, afirmou.<\/p>\n\n\n\n<p>Desde o come\u00e7o do ano, ACM Neto tem se dedicado a uma agenda intensa percorrendo o interior do estado. At\u00e9 domingo (11), ser\u00e3o 20 cidades visitadas de diferentes regi\u00f5es, o que aproximar\u00e1 de 300 o n\u00famero de munic\u00edpios visitados desde o come\u00e7o da pr\u00e9-campanha. S\u00f3 nesta quinta-feira, foram sete.<\/p>\n\n\n\n<p>&#8220;Nenhum outro candidato rodou tanto como eu rodei. \u00c9 importante caminhar pela Bahia para ouvir as pessoas, ver de perto os problemas e, claro, discutir quais s\u00e3o os caminhos para o nosso futuro. Porque a Bahia \u00e9 a soma de todos baianos. Ent\u00e3o, no dia 2 de outubro, \u00e9 importante que a gente pense direito no que n\u00f3s sonhamos para nossas vidas e para a vida do nosso estado&#8221;, disse<\/p>\n","protected":false},"excerpt":{"rendered":"<p>O candidato a governador ACM Neto (Uni\u00e3o Brasil) afirmou nesta quinta-feira (8) que n\u00e3o vai fazer &#8220;pol\u00edtica de retrovisor&#8221; caso seja eleito e preservar\u00e1 coisas boas que foram feitas nos \u00faltimos 16 anos. No entanto, ressaltou que os baianos depositam na sua candidatura a confian\u00e7a de mudar quest\u00f5es b\u00e1sicas como seguran\u00e7a, educa\u00e7\u00e3o, sa\u00fade e gera\u00e7\u00e3o [&hellip;]<\/p>\n","protected":false},"author":2,"featured_media":4110,"comment_status":"open","ping_status":"open","sticky":false,"template":"","format":"standard","meta":{"_monsterinsights_skip_tracking":false,"_monsterinsights_sitenote_active":false,"_monsterinsights_sitenote_note":"","_monsterinsights_sitenote_category":0,"footnotes":""},"categories":[34],"tags":[],"yoast_head":"<!-- This site is optimized with the Yoast SEO plugin v22.9 - https:\/\/yoast.com\/wordpress\/plugins\/seo\/ -->\n<title>&quot;Os baianos depositam em n\u00f3s a confian\u00e7a de que vamos mudar a Bahia&quot;, diz ACM Neto - Portal MF<\/title>\n<meta name=\"robots\" content=\"index, follow, max-snippet:-1, max-image-preview:large, max-video-preview:-1\" \/>\n<link rel=\"canonical\" href=\"https:\/\/portalmf.com.br\/index.php\/2022\/09\/09\/os-baianos-depositam-em-nos-a-confianca-de-que-vamos-mudar-a-bahia-diz-acm-neto\/\" \/>\n<meta property=\"og:locale\" content=\"pt_BR\" \/>\n<meta property=\"og:type\" content=\"article\" \/>\n<meta property=\"og:title\" content=\"&quot;Os baianos depositam em n\u00f3s a confian\u00e7a de que vamos mudar a Bahia&quot;, diz ACM Neto - Portal MF\" \/>\n<meta property=\"og:description\" content=\"O candidato a governador ACM Neto (Uni\u00e3o Brasil) afirmou nesta quinta-feira (8) que n\u00e3o vai fazer &#8220;pol\u00edtica de retrovisor&#8221; caso seja eleito e preservar\u00e1 coisas boas que foram feitas nos \u00faltimos 16 anos. No entanto, ressaltou que os baianos depositam na sua candidatura a confian\u00e7a de mudar quest\u00f5es b\u00e1sicas como seguran\u00e7a, educa\u00e7\u00e3o, sa\u00fade e gera\u00e7\u00e3o [&hellip;]\" \/>\n<meta property=\"og:url\" content=\"https:\/\/portalmf.com.br\/index.php\/2022\/09\/09\/os-baianos-depositam-em-nos-a-confianca-de-que-vamos-mudar-a-bahia-diz-acm-neto\/\" \/>\n<meta property=\"og:site_name\" content=\"Portal MF\" \/>\n<meta property=\"article:author\" content=\"reginaldojrfsa\" \/>\n<meta property=\"article:published_time\" content=\"2022-09-09T17:53:58+00:00\" \/>\n<meta property=\"article:modified_time\" content=\"2022-09-09T17:53:59+00:00\" \/>\n<meta property=\"og:image\" content=\"https:\/\/portalmf.com.br\/wp-content\/uploads\/2022\/09\/Os-baianos-depositam-em-nos-a-confianca-de-que-vamos-mudar-a-Bahia-diz-ACM-Neto.jpeg\" \/>\n\t<meta property=\"og:image:width\" content=\"1280\" \/>\n\t<meta property=\"og:image:height\" content=\"853\" \/>\n\t<meta property=\"og:image:type\" content=\"image\/jpeg\" \/>\n<meta name=\"author\" content=\"Reginaldo J\u00fanior\" \/>\n<meta name=\"twitter:card\" content=\"summary_large_image\" \/>\n<meta name=\"twitter:creator\" content=\"@reginaldojrmf\" \/>\n<meta name=\"twitter:label1\" content=\"Escrito por\" \/>\n\t<meta name=\"twitter:data1\" content=\"Reginaldo J\u00fanior\" \/>\n\t<meta name=\"twitter:label2\" content=\"Est. tempo de leitura\" \/>\n\t<meta name=\"twitter:data2\" content=\"3 minutos\" \/>\n<script type=\"application\/ld+json\" class=\"yoast-schema-graph\">{\"@context\":\"https:\/\/schema.org\",\"@graph\":[{\"@type\":\"WebPage\",\"@id\":\"https:\/\/portalmf.com.br\/index.php\/2022\/09\/09\/os-baianos-depositam-em-nos-a-confianca-de-que-vamos-mudar-a-bahia-diz-acm-neto\/\",\"url\":\"https:\/\/portalmf.com.br\/index.php\/2022\/09\/09\/os-baianos-depositam-em-nos-a-confianca-de-que-vamos-mudar-a-bahia-diz-acm-neto\/\",\"name\":\"\\\"Os baianos depositam em n\u00f3s a confian\u00e7a de que vamos mudar a Bahia\\\", diz ACM Neto - Portal MF\",\"isPartOf\":{\"@id\":\"https:\/\/portalmf.com.br\/#website\"},\"primaryImageOfPage\":{\"@id\":\"https:\/\/portalmf.com.br\/index.php\/2022\/09\/09\/os-baianos-depositam-em-nos-a-confianca-de-que-vamos-mudar-a-bahia-diz-acm-neto\/#primaryimage\"},\"image\":{\"@id\":\"https:\/\/portalmf.com.br\/index.php\/2022\/09\/09\/os-baianos-depositam-em-nos-a-confianca-de-que-vamos-mudar-a-bahia-diz-acm-neto\/#primaryimage\"},\"thumbnailUrl\":\"https:\/\/portalmf.com.br\/wp-content\/uploads\/2022\/09\/Os-baianos-depositam-em-nos-a-confianca-de-que-vamos-mudar-a-Bahia-diz-ACM-Neto.jpeg\",\"datePublished\":\"2022-09-09T17:53:58+00:00\",\"dateModified\":\"2022-09-09T17:53:59+00:00\",\"author\":{\"@id\":\"https:\/\/portalmf.com.br\/#\/schema\/person\/11c82086fe8abc05a19147e964587285\"},\"breadcrumb\":{\"@id\":\"https:\/\/portalmf.com.br\/index.php\/2022\/09\/09\/os-baianos-depositam-em-nos-a-confianca-de-que-vamos-mudar-a-bahia-diz-acm-neto\/#breadcrumb\"},\"inLanguage\":\"pt-BR\",\"potentialAction\":[{\"@type\":\"ReadAction\",\"target\":[\"https:\/\/portalmf.com.br\/index.php\/2022\/09\/09\/os-baianos-depositam-em-nos-a-confianca-de-que-vamos-mudar-a-bahia-diz-acm-neto\/\"]}]},{\"@type\":\"ImageObject\",\"inLanguage\":\"pt-BR\",\"@id\":\"https:\/\/portalmf.com.br\/index.php\/2022\/09\/09\/os-baianos-depositam-em-nos-a-confianca-de-que-vamos-mudar-a-bahia-diz-acm-neto\/#primaryimage\",\"url\":\"https:\/\/portalmf.com.br\/wp-content\/uploads\/2022\/09\/Os-baianos-depositam-em-nos-a-confianca-de-que-vamos-mudar-a-Bahia-diz-ACM-Neto.jpeg\",\"contentUrl\":\"https:\/\/portalmf.com.br\/wp-content\/uploads\/2022\/09\/Os-baianos-depositam-em-nos-a-confianca-de-que-vamos-mudar-a-Bahia-diz-ACM-Neto.jpeg\",\"width\":1280,\"height\":853},{\"@type\":\"BreadcrumbList\",\"@id\":\"https:\/\/portalmf.com.br\/index.php\/2022\/09\/09\/os-baianos-depositam-em-nos-a-confianca-de-que-vamos-mudar-a-bahia-diz-acm-neto\/#breadcrumb\",\"itemListElement\":[{\"@type\":\"ListItem\",\"position\":1,\"name\":\"In\u00edcio\",\"item\":\"https:\/\/portalmf.com.br\/\"},{\"@type\":\"ListItem\",\"position\":2,\"name\":\"&#8220;Os baianos depositam em n\u00f3s a confian\u00e7a de que vamos mudar a Bahia&#8221;, diz ACM Neto\"}]},{\"@type\":\"WebSite\",\"@id\":\"https:\/\/portalmf.com.br\/#website\",\"url\":\"https:\/\/portalmf.com.br\/\",\"name\":\"Portal MF\",\"description\":\"Voc\u00ea conectado com a informa\u00e7\u00e3o\",\"potentialAction\":[{\"@type\":\"SearchAction\",\"target\":{\"@type\":\"EntryPoint\",\"urlTemplate\":\"https:\/\/portalmf.com.br\/?s={search_term_string}\"},\"query-input\":\"required name=search_term_string\"}],\"inLanguage\":\"pt-BR\"},{\"@type\":\"Person\",\"@id\":\"https:\/\/portalmf.com.br\/#\/schema\/person\/11c82086fe8abc05a19147e964587285\",\"name\":\"Reginaldo J\u00fanior\",\"image\":{\"@type\":\"ImageObject\",\"inLanguage\":\"pt-BR\",\"@id\":\"https:\/\/portalmf.com.br\/#\/schema\/person\/image\/\",\"url\":\"https:\/\/secure.gravatar.com\/avatar\/32a3c797cd0ac47cc53b8644c62776f9?s=96&d=mm&r=g\",\"contentUrl\":\"https:\/\/secure.gravatar.com\/avatar\/32a3c797cd0ac47cc53b8644c62776f9?s=96&d=mm&r=g\",\"caption\":\"Reginaldo J\u00fanior\"},\"description\":\"Jornalista e idealizador Portal MF\",\"sameAs\":[\"https:\/\/portalmf.com.br\/index.php\/author\/reginaldojr\/\",\"reginaldojrfsa\",\"reginaldojuniormf\",\"https:\/\/x.com\/reginaldojrmf\"],\"url\":\"https:\/\/portalmf.com.br\/index.php\/author\/reginaldojr\/\"}]}<\/script>\n<!-- \/ Yoast SEO plugin. -->","yoast_head_json":{"title":"\"Os baianos depositam em n\u00f3s a confian\u00e7a de que vamos mudar a Bahia\", diz ACM Neto - Portal MF","robots":{"index":"index","follow":"follow","max-snippet":"max-snippet:-1","max-image-preview":"max-image-preview:large","max-video-preview":"max-video-preview:-1"},"canonical":"https:\/\/portalmf.com.br\/index.php\/2022\/09\/09\/os-baianos-depositam-em-nos-a-confianca-de-que-vamos-mudar-a-bahia-diz-acm-neto\/","og_locale":"pt_BR","og_type":"article","og_title":"\"Os baianos depositam em n\u00f3s a confian\u00e7a de que vamos mudar a Bahia\", diz ACM Neto - Portal MF","og_description":"O candidato a governador ACM Neto (Uni\u00e3o Brasil) afirmou nesta quinta-feira (8) que n\u00e3o vai fazer &#8220;pol\u00edtica de retrovisor&#8221; caso seja eleito e preservar\u00e1 coisas boas que foram feitas nos \u00faltimos 16 anos. No entanto, ressaltou que os baianos depositam na sua candidatura a confian\u00e7a de mudar quest\u00f5es b\u00e1sicas como seguran\u00e7a, educa\u00e7\u00e3o, sa\u00fade e gera\u00e7\u00e3o [&hellip;]","og_url":"https:\/\/portalmf.com.br\/index.php\/2022\/09\/09\/os-baianos-depositam-em-nos-a-confianca-de-que-vamos-mudar-a-bahia-diz-acm-neto\/","og_site_name":"Portal MF","article_author":"reginaldojrfsa","article_published_time":"2022-09-09T17:53:58+00:00","article_modified_time":"2022-09-09T17:53:59+00:00","og_image":[{"width":1280,"height":853,"url":"https:\/\/portalmf.com.br\/wp-content\/uploads\/2022\/09\/Os-baianos-depositam-em-nos-a-confianca-de-que-vamos-mudar-a-Bahia-diz-ACM-Neto.jpeg","type":"image\/jpeg"}],"author":"Reginaldo J\u00fanior","twitter_card":"summary_large_image","twitter_creator":"@reginaldojrmf","twitter_misc":{"Escrito por":"Reginaldo J\u00fanior","Est. tempo de leitura":"3 minutos"},"schema":{"@context":"https:\/\/schema.org","@graph":[{"@type":"WebPage","@id":"https:\/\/portalmf.com.br\/index.php\/2022\/09\/09\/os-baianos-depositam-em-nos-a-confianca-de-que-vamos-mudar-a-bahia-diz-acm-neto\/","url":"https:\/\/portalmf.com.br\/index.php\/2022\/09\/09\/os-baianos-depositam-em-nos-a-confianca-de-que-vamos-mudar-a-bahia-diz-acm-neto\/","name":"\"Os baianos depositam em n\u00f3s a confian\u00e7a de que vamos mudar a Bahia\", diz ACM Neto - Portal MF","isPartOf":{"@id":"https:\/\/portalmf.com.br\/#website"},"primaryImageOfPage":{"@id":"https:\/\/portalmf.com.br\/index.php\/2022\/09\/09\/os-baianos-depositam-em-nos-a-confianca-de-que-vamos-mudar-a-bahia-diz-acm-neto\/#primaryimage"},"image":{"@id":"https:\/\/portalmf.com.br\/index.php\/2022\/09\/09\/os-baianos-depositam-em-nos-a-confianca-de-que-vamos-mudar-a-bahia-diz-acm-neto\/#primaryimage"},"thumbnailUrl":"https:\/\/portalmf.com.br\/wp-content\/uploads\/2022\/09\/Os-baianos-depositam-em-nos-a-confianca-de-que-vamos-mudar-a-Bahia-diz-ACM-Neto.jpeg","datePublished":"2022-09-09T17:53:58+00:00","dateModified":"2022-09-09T17:53:59+00:00","author":{"@id":"https:\/\/portalmf.com.br\/#\/schema\/person\/11c82086fe8abc05a19147e964587285"},"breadcrumb":{"@id":"https:\/\/portalmf.com.br\/index.php\/2022\/09\/09\/os-baianos-depositam-em-nos-a-confianca-de-que-vamos-mudar-a-bahia-diz-acm-neto\/#breadcrumb"},"inLanguage":"pt-BR","potentialAction":[{"@type":"ReadAction","target":["https:\/\/portalmf.com.br\/index.php\/2022\/09\/09\/os-baianos-depositam-em-nos-a-confianca-de-que-vamos-mudar-a-bahia-diz-acm-neto\/"]}]},{"@type":"ImageObject","inLanguage":"pt-BR","@id":"https:\/\/portalmf.com.br\/index.php\/2022\/09\/09\/os-baianos-depositam-em-nos-a-confianca-de-que-vamos-mudar-a-bahia-diz-acm-neto\/#primaryimage","url":"https:\/\/portalmf.com.br\/wp-content\/uploads\/2022\/09\/Os-baianos-depositam-em-nos-a-confianca-de-que-vamos-mudar-a-Bahia-diz-ACM-Neto.jpeg","contentUrl":"https:\/\/portalmf.com.br\/wp-content\/uploads\/2022\/09\/Os-baianos-depositam-em-nos-a-confianca-de-que-vamos-mudar-a-Bahia-diz-ACM-Neto.jpeg","width":1280,"height":853},{"@type":"BreadcrumbList","@id":"https:\/\/portalmf.com.br\/index.php\/2022\/09\/09\/os-baianos-depositam-em-nos-a-confianca-de-que-vamos-mudar-a-bahia-diz-acm-neto\/#breadcrumb","itemListElement":[{"@type":"ListItem","position":1,"name":"In\u00edcio","item":"https:\/\/portalmf.com.br\/"},{"@type":"ListItem","position":2,"name":"&#8220;Os baianos depositam em n\u00f3s a confian\u00e7a de que vamos mudar a Bahia&#8221;, diz ACM Neto"}]},{"@type":"WebSite","@id":"https:\/\/portalmf.com.br\/#website","url":"https:\/\/portalmf.com.br\/","name":"Portal MF","description":"Voc\u00ea conectado com a informa\u00e7\u00e3o","potentialAction":[{"@type":"SearchAction","target":{"@type":"EntryPoint","urlTemplate":"https:\/\/portalmf.com.br\/?s={search_term_string}"},"query-input":"required name=search_term_string"}],"inLanguage":"pt-BR"},{"@type":"Person","@id":"https:\/\/portalmf.com.br\/#\/schema\/person\/11c82086fe8abc05a19147e964587285","name":"Reginaldo J\u00fanior","image":{"@type":"ImageObject","inLanguage":"pt-BR","@id":"https:\/\/portalmf.com.br\/#\/schema\/person\/image\/","url":"https:\/\/secure.gravatar.com\/avatar\/32a3c797cd0ac47cc53b8644c62776f9?s=96&d=mm&r=g","contentUrl":"https:\/\/secure.gravatar.com\/avatar\/32a3c797cd0ac47cc53b8644c62776f9?s=96&d=mm&r=g","caption":"Reginaldo J\u00fanior"},"description":"Jornalista e idealizador Portal MF","sameAs":["https:\/\/portalmf.com.br\/index.php\/author\/reginaldojr\/","reginaldojrfsa","reginaldojuniormf","https:\/\/x.com\/reginaldojrmf"],"url":"https:\/\/portalmf.com.br\/index.php\/author\/reginaldojr\/"}]}},"_links":{"self":[{"href":"https:\/\/portalmf.com.br\/index.php\/wp-json\/wp\/v2\/posts\/4109"}],"collection":[{"href":"https:\/\/portalmf.com.br\/index.php\/wp-json\/wp\/v2\/posts"}],"about":[{"href":"https:\/\/portalmf.com.br\/index.php\/wp-json\/wp\/v2\/types\/post"}],"author":[{"embeddable":true,"href":"https:\/\/portalmf.com.br\/index.php\/wp-json\/wp\/v2\/users\/2"}],"replies":[{"embeddable":true,"href":"https:\/\/portalmf.com.br\/index.php\/wp-json\/wp\/v2\/comments?post=4109"}],"version-history":[{"count":1,"href":"https:\/\/portalmf.com.br\/index.php\/wp-json\/wp\/v2\/posts\/4109\/revisions"}],"predecessor-version":[{"id":4111,"href":"https:\/\/portalmf.com.br\/index.php\/wp-json\/wp\/v2\/posts\/4109\/revisions\/4111"}],"wp:featuredmedia":[{"embeddable":true,"href":"https:\/\/portalmf.com.br\/index.php\/wp-json\/wp\/v2\/media\/4110"}],"wp:attachment":[{"href":"https:\/\/portalmf.com.br\/index.php\/wp-json\/wp\/v2\/media?parent=4109"}],"wp:term":[{"taxonomy":"category","embeddable":true,"href":"https:\/\/portalmf.com.br\/index.php\/wp-json\/wp\/v2\/categories?post=4109"},{"taxonomy":"post_tag","embeddable":true,"href":"https:\/\/portalmf.com.br\/index.php\/wp-json\/wp\/v2\/tags?post=4109"}],"curies":[{"name":"wp","href":"https:\/\/api.w.org\/{rel}","templated":true}]}}