{"id":41087,"date":"2026-01-13T21:33:08","date_gmt":"2026-01-14T00:33:08","guid":{"rendered":"https:\/\/portalmf.com.br\/?p=41087"},"modified":"2026-01-13T21:33:18","modified_gmt":"2026-01-14T00:33:18","slug":"olodum-retorna-a-lavagem-do-bonfim-apos-25-anos-com-grande-caminhada-percussiva","status":"publish","type":"post","link":"https:\/\/portalmf.com.br\/index.php\/2026\/01\/13\/olodum-retorna-a-lavagem-do-bonfim-apos-25-anos-com-grande-caminhada-percussiva\/","title":{"rendered":"Olodum retorna \u00e0 Lavagem do Bonfim ap\u00f3s 25 anos com grande caminhada percussiva"},"content":{"rendered":"\n<p>O Olodum retorna \u00e0 Lavagem do Bonfim em 2026, ap\u00f3s 25 anos de aus\u00eancia, e volta a integrar oficialmente o cortejo religioso na quinta-feira da festa. A concentra\u00e7\u00e3o est\u00e1 marcada para \u00e0s 9h, em frente ao Mercado Modelo, com sa\u00edda em caminhada at\u00e9 o Largo da Cal\u00e7ada, em Salvador.<br><br>A \u00faltima participa\u00e7\u00e3o do Olodum na Lavagem do Bonfim ocorreu em 2001. O retorno do bloco afro re\u00fane um grande cortejo cultural, formado por 120 percussionistas, 80 dan\u00e7arinos e mais de 20 alegorias, em apresenta\u00e7\u00e3o aberta ao p\u00fablico.<br><br>A presen\u00e7a do Olodum refor\u00e7a sua rela\u00e7\u00e3o hist\u00f3rica com as festas populares da Bahia e com a ocupa\u00e7\u00e3o cultural do espa\u00e7o p\u00fablico. A retomada do bloco \u00e0 Lavagem do Bonfim marca um momento simb\u00f3lico no calend\u00e1rio religioso e cultural do estado, em uma das celebra\u00e7\u00f5es de maior participa\u00e7\u00e3o popular da Bahia. O Olodum na Lavagem do Bonfim \u00e9 apoiado pelo Programa Ouro Negro, iniciativa do Governo do Estado, por meio da Secretaria de Cultura da Bahia (SecultBA) e da Secretaria de Promo\u00e7\u00e3o da Igualdade Racial e dos Povos e Comunidades Tradicionais (Sepromi).<\/p>\n\n\n\n<p>Criado em 2008, o Programa Ouro Negro \u00e9 uma consolida\u00e7\u00e3o do compromisso do Governo do Estado para o fortalecimento das manifesta\u00e7\u00f5es da cultura afro-brasileiras. O edital concede apoio financeiro a blocos afro, afox\u00e9s, grupos de samba, reggae e blocos de \u00edndio para a realiza\u00e7\u00e3o de desfiles e participa\u00e7\u00e3o em festas populares, sendo reconhecido e ampliado pela Lei n\u00ba 13.182\/2014, que instituiu o Estatuto da Igualdade Racial e de Combate \u00e0 Intoler\u00e2ncia Religiosa do Estado da Bahia.<\/p>\n","protected":false},"excerpt":{"rendered":"<p>O Olodum retorna \u00e0 Lavagem do Bonfim em 2026, ap\u00f3s 25 anos de aus\u00eancia, e volta a integrar oficialmente o cortejo religioso na quinta-feira da festa. A concentra\u00e7\u00e3o est\u00e1 marcada para \u00e0s 9h, em frente ao Mercado Modelo, com sa\u00edda em caminhada at\u00e9 o Largo da Cal\u00e7ada, em Salvador. A \u00faltima participa\u00e7\u00e3o do Olodum na [&hellip;]<\/p>\n","protected":false},"author":3,"featured_media":41088,"comment_status":"open","ping_status":"open","sticky":false,"template":"","format":"standard","meta":{"_monsterinsights_skip_tracking":false,"_monsterinsights_sitenote_active":false,"_monsterinsights_sitenote_note":"","_monsterinsights_sitenote_category":0,"footnotes":""},"categories":[44,48],"tags":[],"yoast_head":"<!-- This site is optimized with the Yoast SEO plugin v22.9 - https:\/\/yoast.com\/wordpress\/plugins\/seo\/ -->\n<title>Olodum retorna \u00e0 Lavagem do Bonfim ap\u00f3s 25 anos com grande caminhada percussiva - Portal MF<\/title>\n<meta name=\"robots\" content=\"index, follow, max-snippet:-1, max-image-preview:large, max-video-preview:-1\" \/>\n<link rel=\"canonical\" href=\"https:\/\/portalmf.com.br\/index.php\/2026\/01\/13\/olodum-retorna-a-lavagem-do-bonfim-apos-25-anos-com-grande-caminhada-percussiva\/\" \/>\n<meta property=\"og:locale\" content=\"pt_BR\" \/>\n<meta property=\"og:type\" content=\"article\" \/>\n<meta property=\"og:title\" content=\"Olodum retorna \u00e0 Lavagem do Bonfim ap\u00f3s 25 anos com grande caminhada percussiva - Portal MF\" \/>\n<meta property=\"og:description\" content=\"O Olodum retorna \u00e0 Lavagem do Bonfim em 2026, ap\u00f3s 25 anos de aus\u00eancia, e volta a integrar oficialmente o cortejo religioso na quinta-feira da festa. A concentra\u00e7\u00e3o est\u00e1 marcada para \u00e0s 9h, em frente ao Mercado Modelo, com sa\u00edda em caminhada at\u00e9 o Largo da Cal\u00e7ada, em Salvador. A \u00faltima participa\u00e7\u00e3o do Olodum na [&hellip;]\" \/>\n<meta property=\"og:url\" content=\"https:\/\/portalmf.com.br\/index.php\/2026\/01\/13\/olodum-retorna-a-lavagem-do-bonfim-apos-25-anos-com-grande-caminhada-percussiva\/\" \/>\n<meta property=\"og:site_name\" content=\"Portal MF\" \/>\n<meta property=\"article:author\" content=\"https:\/\/www.facebook.com\/portalmfoficial\" \/>\n<meta property=\"article:published_time\" content=\"2026-01-14T00:33:08+00:00\" \/>\n<meta property=\"article:modified_time\" content=\"2026-01-14T00:33:18+00:00\" \/>\n<meta property=\"og:image\" content=\"https:\/\/portalmf.com.br\/wp-content\/uploads\/2026\/01\/olodum.jpeg\" \/>\n\t<meta property=\"og:image:width\" content=\"1066\" \/>\n\t<meta property=\"og:image:height\" content=\"1600\" \/>\n\t<meta property=\"og:image:type\" content=\"image\/jpeg\" \/>\n<meta name=\"author\" content=\"Reda\u00e7\u00e3o Portal MF\" \/>\n<meta name=\"twitter:card\" content=\"summary_large_image\" \/>\n<meta name=\"twitter:creator\" content=\"@https:\/\/x.com\/portalmfoficial\" \/>\n<meta name=\"twitter:label1\" content=\"Escrito por\" \/>\n\t<meta name=\"twitter:data1\" content=\"Reda\u00e7\u00e3o Portal MF\" \/>\n\t<meta name=\"twitter:label2\" content=\"Est. tempo de leitura\" \/>\n\t<meta name=\"twitter:data2\" content=\"2 minutos\" \/>\n<script type=\"application\/ld+json\" class=\"yoast-schema-graph\">{\"@context\":\"https:\/\/schema.org\",\"@graph\":[{\"@type\":\"WebPage\",\"@id\":\"https:\/\/portalmf.com.br\/index.php\/2026\/01\/13\/olodum-retorna-a-lavagem-do-bonfim-apos-25-anos-com-grande-caminhada-percussiva\/\",\"url\":\"https:\/\/portalmf.com.br\/index.php\/2026\/01\/13\/olodum-retorna-a-lavagem-do-bonfim-apos-25-anos-com-grande-caminhada-percussiva\/\",\"name\":\"Olodum retorna \u00e0 Lavagem do Bonfim ap\u00f3s 25 anos com grande caminhada percussiva - Portal MF\",\"isPartOf\":{\"@id\":\"https:\/\/portalmf.com.br\/#website\"},\"primaryImageOfPage\":{\"@id\":\"https:\/\/portalmf.com.br\/index.php\/2026\/01\/13\/olodum-retorna-a-lavagem-do-bonfim-apos-25-anos-com-grande-caminhada-percussiva\/#primaryimage\"},\"image\":{\"@id\":\"https:\/\/portalmf.com.br\/index.php\/2026\/01\/13\/olodum-retorna-a-lavagem-do-bonfim-apos-25-anos-com-grande-caminhada-percussiva\/#primaryimage\"},\"thumbnailUrl\":\"https:\/\/portalmf.com.br\/wp-content\/uploads\/2026\/01\/olodum.jpeg\",\"datePublished\":\"2026-01-14T00:33:08+00:00\",\"dateModified\":\"2026-01-14T00:33:18+00:00\",\"author\":{\"@id\":\"https:\/\/portalmf.com.br\/#\/schema\/person\/9ec101baf56233e53520c26de5d6f6f0\"},\"breadcrumb\":{\"@id\":\"https:\/\/portalmf.com.br\/index.php\/2026\/01\/13\/olodum-retorna-a-lavagem-do-bonfim-apos-25-anos-com-grande-caminhada-percussiva\/#breadcrumb\"},\"inLanguage\":\"pt-BR\",\"potentialAction\":[{\"@type\":\"ReadAction\",\"target\":[\"https:\/\/portalmf.com.br\/index.php\/2026\/01\/13\/olodum-retorna-a-lavagem-do-bonfim-apos-25-anos-com-grande-caminhada-percussiva\/\"]}]},{\"@type\":\"ImageObject\",\"inLanguage\":\"pt-BR\",\"@id\":\"https:\/\/portalmf.com.br\/index.php\/2026\/01\/13\/olodum-retorna-a-lavagem-do-bonfim-apos-25-anos-com-grande-caminhada-percussiva\/#primaryimage\",\"url\":\"https:\/\/portalmf.com.br\/wp-content\/uploads\/2026\/01\/olodum.jpeg\",\"contentUrl\":\"https:\/\/portalmf.com.br\/wp-content\/uploads\/2026\/01\/olodum.jpeg\",\"width\":1066,\"height\":1600},{\"@type\":\"BreadcrumbList\",\"@id\":\"https:\/\/portalmf.com.br\/index.php\/2026\/01\/13\/olodum-retorna-a-lavagem-do-bonfim-apos-25-anos-com-grande-caminhada-percussiva\/#breadcrumb\",\"itemListElement\":[{\"@type\":\"ListItem\",\"position\":1,\"name\":\"In\u00edcio\",\"item\":\"https:\/\/portalmf.com.br\/\"},{\"@type\":\"ListItem\",\"position\":2,\"name\":\"Olodum retorna \u00e0 Lavagem do Bonfim ap\u00f3s 25 anos com grande caminhada percussiva\"}]},{\"@type\":\"WebSite\",\"@id\":\"https:\/\/portalmf.com.br\/#website\",\"url\":\"https:\/\/portalmf.com.br\/\",\"name\":\"Portal MF\",\"description\":\"Voc\u00ea conectado com a informa\u00e7\u00e3o\",\"potentialAction\":[{\"@type\":\"SearchAction\",\"target\":{\"@type\":\"EntryPoint\",\"urlTemplate\":\"https:\/\/portalmf.com.br\/?s={search_term_string}\"},\"query-input\":\"required name=search_term_string\"}],\"inLanguage\":\"pt-BR\"},{\"@type\":\"Person\",\"@id\":\"https:\/\/portalmf.com.br\/#\/schema\/person\/9ec101baf56233e53520c26de5d6f6f0\",\"name\":\"Reda\u00e7\u00e3o Portal MF\",\"image\":{\"@type\":\"ImageObject\",\"inLanguage\":\"pt-BR\",\"@id\":\"https:\/\/portalmf.com.br\/#\/schema\/person\/image\/\",\"url\":\"https:\/\/secure.gravatar.com\/avatar\/41b9aaeb2100835f7c64362330f74c7f?s=96&d=mm&r=g\",\"contentUrl\":\"https:\/\/secure.gravatar.com\/avatar\/41b9aaeb2100835f7c64362330f74c7f?s=96&d=mm&r=g\",\"caption\":\"Reda\u00e7\u00e3o Portal MF\"},\"description\":\"Sejam bem-vindos o portal de informa\u00e7\u00f5es de entretenimento de Feira de Santana, desde 2006 realiza coberturas dos principais eventos com entrevistas exclusivas com as principais personalidades mundiais. Fique conectado tamb\u00e9m nas redes sociais.\",\"sameAs\":[\"http:\/\/www.portalmf.com.br\/\",\"https:\/\/www.facebook.com\/portalmfoficial\",\"https:\/\/www.instagram.com\/portalmf\/\",\"https:\/\/x.com\/https:\/\/x.com\/portalmfoficial\",\"https:\/\/www.youtube.com\/@portalmfoficial\"],\"url\":\"https:\/\/portalmf.com.br\/index.php\/author\/junior\/\"}]}<\/script>\n<!-- \/ Yoast SEO plugin. -->","yoast_head_json":{"title":"Olodum retorna \u00e0 Lavagem do Bonfim ap\u00f3s 25 anos com grande caminhada percussiva - Portal MF","robots":{"index":"index","follow":"follow","max-snippet":"max-snippet:-1","max-image-preview":"max-image-preview:large","max-video-preview":"max-video-preview:-1"},"canonical":"https:\/\/portalmf.com.br\/index.php\/2026\/01\/13\/olodum-retorna-a-lavagem-do-bonfim-apos-25-anos-com-grande-caminhada-percussiva\/","og_locale":"pt_BR","og_type":"article","og_title":"Olodum retorna \u00e0 Lavagem do Bonfim ap\u00f3s 25 anos com grande caminhada percussiva - Portal MF","og_description":"O Olodum retorna \u00e0 Lavagem do Bonfim em 2026, ap\u00f3s 25 anos de aus\u00eancia, e volta a integrar oficialmente o cortejo religioso na quinta-feira da festa. A concentra\u00e7\u00e3o est\u00e1 marcada para \u00e0s 9h, em frente ao Mercado Modelo, com sa\u00edda em caminhada at\u00e9 o Largo da Cal\u00e7ada, em Salvador. A \u00faltima participa\u00e7\u00e3o do Olodum na [&hellip;]","og_url":"https:\/\/portalmf.com.br\/index.php\/2026\/01\/13\/olodum-retorna-a-lavagem-do-bonfim-apos-25-anos-com-grande-caminhada-percussiva\/","og_site_name":"Portal MF","article_author":"https:\/\/www.facebook.com\/portalmfoficial","article_published_time":"2026-01-14T00:33:08+00:00","article_modified_time":"2026-01-14T00:33:18+00:00","og_image":[{"width":1066,"height":1600,"url":"https:\/\/portalmf.com.br\/wp-content\/uploads\/2026\/01\/olodum.jpeg","type":"image\/jpeg"}],"author":"Reda\u00e7\u00e3o Portal MF","twitter_card":"summary_large_image","twitter_creator":"@https:\/\/x.com\/portalmfoficial","twitter_misc":{"Escrito por":"Reda\u00e7\u00e3o Portal MF","Est. tempo de leitura":"2 minutos"},"schema":{"@context":"https:\/\/schema.org","@graph":[{"@type":"WebPage","@id":"https:\/\/portalmf.com.br\/index.php\/2026\/01\/13\/olodum-retorna-a-lavagem-do-bonfim-apos-25-anos-com-grande-caminhada-percussiva\/","url":"https:\/\/portalmf.com.br\/index.php\/2026\/01\/13\/olodum-retorna-a-lavagem-do-bonfim-apos-25-anos-com-grande-caminhada-percussiva\/","name":"Olodum retorna \u00e0 Lavagem do Bonfim ap\u00f3s 25 anos com grande caminhada percussiva - Portal MF","isPartOf":{"@id":"https:\/\/portalmf.com.br\/#website"},"primaryImageOfPage":{"@id":"https:\/\/portalmf.com.br\/index.php\/2026\/01\/13\/olodum-retorna-a-lavagem-do-bonfim-apos-25-anos-com-grande-caminhada-percussiva\/#primaryimage"},"image":{"@id":"https:\/\/portalmf.com.br\/index.php\/2026\/01\/13\/olodum-retorna-a-lavagem-do-bonfim-apos-25-anos-com-grande-caminhada-percussiva\/#primaryimage"},"thumbnailUrl":"https:\/\/portalmf.com.br\/wp-content\/uploads\/2026\/01\/olodum.jpeg","datePublished":"2026-01-14T00:33:08+00:00","dateModified":"2026-01-14T00:33:18+00:00","author":{"@id":"https:\/\/portalmf.com.br\/#\/schema\/person\/9ec101baf56233e53520c26de5d6f6f0"},"breadcrumb":{"@id":"https:\/\/portalmf.com.br\/index.php\/2026\/01\/13\/olodum-retorna-a-lavagem-do-bonfim-apos-25-anos-com-grande-caminhada-percussiva\/#breadcrumb"},"inLanguage":"pt-BR","potentialAction":[{"@type":"ReadAction","target":["https:\/\/portalmf.com.br\/index.php\/2026\/01\/13\/olodum-retorna-a-lavagem-do-bonfim-apos-25-anos-com-grande-caminhada-percussiva\/"]}]},{"@type":"ImageObject","inLanguage":"pt-BR","@id":"https:\/\/portalmf.com.br\/index.php\/2026\/01\/13\/olodum-retorna-a-lavagem-do-bonfim-apos-25-anos-com-grande-caminhada-percussiva\/#primaryimage","url":"https:\/\/portalmf.com.br\/wp-content\/uploads\/2026\/01\/olodum.jpeg","contentUrl":"https:\/\/portalmf.com.br\/wp-content\/uploads\/2026\/01\/olodum.jpeg","width":1066,"height":1600},{"@type":"BreadcrumbList","@id":"https:\/\/portalmf.com.br\/index.php\/2026\/01\/13\/olodum-retorna-a-lavagem-do-bonfim-apos-25-anos-com-grande-caminhada-percussiva\/#breadcrumb","itemListElement":[{"@type":"ListItem","position":1,"name":"In\u00edcio","item":"https:\/\/portalmf.com.br\/"},{"@type":"ListItem","position":2,"name":"Olodum retorna \u00e0 Lavagem do Bonfim ap\u00f3s 25 anos com grande caminhada percussiva"}]},{"@type":"WebSite","@id":"https:\/\/portalmf.com.br\/#website","url":"https:\/\/portalmf.com.br\/","name":"Portal MF","description":"Voc\u00ea conectado com a informa\u00e7\u00e3o","potentialAction":[{"@type":"SearchAction","target":{"@type":"EntryPoint","urlTemplate":"https:\/\/portalmf.com.br\/?s={search_term_string}"},"query-input":"required name=search_term_string"}],"inLanguage":"pt-BR"},{"@type":"Person","@id":"https:\/\/portalmf.com.br\/#\/schema\/person\/9ec101baf56233e53520c26de5d6f6f0","name":"Reda\u00e7\u00e3o Portal MF","image":{"@type":"ImageObject","inLanguage":"pt-BR","@id":"https:\/\/portalmf.com.br\/#\/schema\/person\/image\/","url":"https:\/\/secure.gravatar.com\/avatar\/41b9aaeb2100835f7c64362330f74c7f?s=96&d=mm&r=g","contentUrl":"https:\/\/secure.gravatar.com\/avatar\/41b9aaeb2100835f7c64362330f74c7f?s=96&d=mm&r=g","caption":"Reda\u00e7\u00e3o Portal MF"},"description":"Sejam bem-vindos o portal de informa\u00e7\u00f5es de entretenimento de Feira de Santana, desde 2006 realiza coberturas dos principais eventos com entrevistas exclusivas com as principais personalidades mundiais. Fique conectado tamb\u00e9m nas redes sociais.","sameAs":["http:\/\/www.portalmf.com.br\/","https:\/\/www.facebook.com\/portalmfoficial","https:\/\/www.instagram.com\/portalmf\/","https:\/\/x.com\/https:\/\/x.com\/portalmfoficial","https:\/\/www.youtube.com\/@portalmfoficial"],"url":"https:\/\/portalmf.com.br\/index.php\/author\/junior\/"}]}},"_links":{"self":[{"href":"https:\/\/portalmf.com.br\/index.php\/wp-json\/wp\/v2\/posts\/41087"}],"collection":[{"href":"https:\/\/portalmf.com.br\/index.php\/wp-json\/wp\/v2\/posts"}],"about":[{"href":"https:\/\/portalmf.com.br\/index.php\/wp-json\/wp\/v2\/types\/post"}],"author":[{"embeddable":true,"href":"https:\/\/portalmf.com.br\/index.php\/wp-json\/wp\/v2\/users\/3"}],"replies":[{"embeddable":true,"href":"https:\/\/portalmf.com.br\/index.php\/wp-json\/wp\/v2\/comments?post=41087"}],"version-history":[{"count":1,"href":"https:\/\/portalmf.com.br\/index.php\/wp-json\/wp\/v2\/posts\/41087\/revisions"}],"predecessor-version":[{"id":41089,"href":"https:\/\/portalmf.com.br\/index.php\/wp-json\/wp\/v2\/posts\/41087\/revisions\/41089"}],"wp:featuredmedia":[{"embeddable":true,"href":"https:\/\/portalmf.com.br\/index.php\/wp-json\/wp\/v2\/media\/41088"}],"wp:attachment":[{"href":"https:\/\/portalmf.com.br\/index.php\/wp-json\/wp\/v2\/media?parent=41087"}],"wp:term":[{"taxonomy":"category","embeddable":true,"href":"https:\/\/portalmf.com.br\/index.php\/wp-json\/wp\/v2\/categories?post=41087"},{"taxonomy":"post_tag","embeddable":true,"href":"https:\/\/portalmf.com.br\/index.php\/wp-json\/wp\/v2\/tags?post=41087"}],"curies":[{"name":"wp","href":"https:\/\/api.w.org\/{rel}","templated":true}]}}