{"id":41080,"date":"2026-01-13T21:22:15","date_gmt":"2026-01-14T00:22:15","guid":{"rendered":"https:\/\/portalmf.com.br\/?p=41080"},"modified":"2026-01-13T21:22:16","modified_gmt":"2026-01-14T00:22:16","slug":"leo-santana-puxa-bloco-da-gold-vem-com-o-gigante-no-pre-carnaval-do-rio-de-janeiro","status":"publish","type":"post","link":"https:\/\/portalmf.com.br\/index.php\/2026\/01\/13\/leo-santana-puxa-bloco-da-gold-vem-com-o-gigante-no-pre-carnaval-do-rio-de-janeiro\/","title":{"rendered":"L\u00e9o Santana puxa Bloco da Gold Vem com o Gigante no Pr\u00e9 Carnaval do Rio de Janeiro"},"content":{"rendered":"\n<p>Ap\u00f3s animar milhares de pessoas e arrastar uma multid\u00e3o na edi\u00e7\u00e3o de 2025, o Gigante vai repetir a dose e se apresentar no dia 31 de janeiro, a partir de 08h da manh\u00e3, nas ruas cariocas no pr\u00e9 carnaval em janeiro de 2026.<\/p>\n\n\n\n<p>O GG da Bahia vai balan\u00e7ar e ferver o solo carioca! O cantor L\u00e9o Santana desembarca pelo 3o ano consecutivo no pr\u00e9-carnaval do Rio de Janeiro no Bloco da Gold Vem com o Gigante no circuito de mega bloco e vai sacudir tudo com os cariocas e turistas que curtem o melhor do carnaval de rua.<\/p>\n\n\n\n<p>Recorde de p\u00fablico nos anos anteriores, L\u00e9o Santana promete repetir mais uma vez o sucesso de puxar um trio nas ruas da cidade maravilhosa e arrastar uma multid\u00e3o ao som dos maiores sucessos da sua carreira. Can\u00e7\u00f5es como \u201cDesliza\u201d e \u201cMarquinha de Fitinha\u201d (mais conhecida como canudinho) as 2 can\u00e7\u00f5es do GG que concorrem a m\u00fasica do carnaval alem de hits consagrados como \u201cSurra se Toma\u201d, \u201c\u00cata Novinha\u201d, \u201cContatinho\u201d\u201c Perna Bamba\u201d, \u201c No Sigilo\u201d &#8220;Zona de Perigo&#8221;, &#8220;Posturado e Calmo&#8221;, &#8220;Golzinho Vermelho&#8221;, &#8220;Cama Repetida&#8221;, &#8220;Santinha&#8221; e muitos outros far\u00e3o parte do repert\u00f3rio preparado especialmente para o desfile.<\/p>\n\n\n\n<p>&#8220;Estou preparando um show super especial para a minha 3a edi\u00e7\u00e3o no pr\u00e9 carnaval de rua do Rio muita \u201cbagaceira\u201d e \u201cfuleragem\u201d vamos sacudir os cariocas e turistas do Brasil e do mundo misturando um<br>Pouco do repert\u00f3rio do DVD LS 20 anos onde trago medleys de sucessos da minha carreira e can\u00e7\u00f5es atuais de todos os g\u00eaneros na pegada e na suingueira da batida especial do GG. Estar mais uma vez com um trio nas ruas desse pr\u00e9 carnaval \u00e9 mais do que uma honra e uma felicidade, j\u00e1 virou tradi\u00e7\u00e3o e ja faz parte do meu calend\u00e1rio de shows anual. Estou muito animado e ansioso para repetir a dose de puxar o Bloco da Gold, tenho certeza que vai ser um dia muito especial e quem for vai viver comigo um momento hist\u00f3rico &#8220;,comentou animado, o gigante L\u00e9o Santana.<\/p>\n\n\n\n<p>O cantor \u00e9 o \u00fanico artista baiano que tem duas m\u00fasicas eleitas pelo p\u00fablico concorrendo \u00e0 m\u00fasica do carnaval em 2026.<\/p>\n\n\n\n<p>Com mais de 11 milh\u00f5es de ouvintes nas plataformas digitais e 30 milh\u00f5es no YouTube, L\u00e9o Santana segue se consolidando como um dos nomes mais fortes da m\u00fasica e um dos \u00fanicos artistas a ocupar duas posi\u00e7\u00f5es no Spotify.<\/p>\n","protected":false},"excerpt":{"rendered":"<p>Ap\u00f3s animar milhares de pessoas e arrastar uma multid\u00e3o na edi\u00e7\u00e3o de 2025, o Gigante vai repetir a dose e se apresentar no dia 31 de janeiro, a partir de 08h da manh\u00e3, nas ruas cariocas no pr\u00e9 carnaval em janeiro de 2026. O GG da Bahia vai balan\u00e7ar e ferver o solo carioca! O [&hellip;]<\/p>\n","protected":false},"author":3,"featured_media":33471,"comment_status":"open","ping_status":"open","sticky":false,"template":"","format":"standard","meta":{"_monsterinsights_skip_tracking":false,"_monsterinsights_sitenote_active":false,"_monsterinsights_sitenote_note":"","_monsterinsights_sitenote_category":0,"footnotes":""},"categories":[44,48],"tags":[],"yoast_head":"<!-- This site is optimized with the Yoast SEO plugin v22.9 - https:\/\/yoast.com\/wordpress\/plugins\/seo\/ -->\n<title>L\u00e9o Santana puxa Bloco da Gold Vem com o Gigante no Pr\u00e9 Carnaval do Rio de Janeiro - Portal MF<\/title>\n<meta name=\"robots\" content=\"index, follow, max-snippet:-1, max-image-preview:large, max-video-preview:-1\" \/>\n<link rel=\"canonical\" href=\"https:\/\/portalmf.com.br\/index.php\/2026\/01\/13\/leo-santana-puxa-bloco-da-gold-vem-com-o-gigante-no-pre-carnaval-do-rio-de-janeiro\/\" \/>\n<meta property=\"og:locale\" content=\"pt_BR\" \/>\n<meta property=\"og:type\" content=\"article\" \/>\n<meta property=\"og:title\" content=\"L\u00e9o Santana puxa Bloco da Gold Vem com o Gigante no Pr\u00e9 Carnaval do Rio de Janeiro - Portal MF\" \/>\n<meta property=\"og:description\" content=\"Ap\u00f3s animar milhares de pessoas e arrastar uma multid\u00e3o na edi\u00e7\u00e3o de 2025, o Gigante vai repetir a dose e se apresentar no dia 31 de janeiro, a partir de 08h da manh\u00e3, nas ruas cariocas no pr\u00e9 carnaval em janeiro de 2026. O GG da Bahia vai balan\u00e7ar e ferver o solo carioca! O [&hellip;]\" \/>\n<meta property=\"og:url\" content=\"https:\/\/portalmf.com.br\/index.php\/2026\/01\/13\/leo-santana-puxa-bloco-da-gold-vem-com-o-gigante-no-pre-carnaval-do-rio-de-janeiro\/\" \/>\n<meta property=\"og:site_name\" content=\"Portal MF\" \/>\n<meta property=\"article:author\" content=\"https:\/\/www.facebook.com\/portalmfoficial\" \/>\n<meta property=\"article:published_time\" content=\"2026-01-14T00:22:15+00:00\" \/>\n<meta property=\"article:modified_time\" content=\"2026-01-14T00:22:16+00:00\" \/>\n<meta property=\"og:image\" content=\"https:\/\/portalmf.com.br\/wp-content\/uploads\/2025\/01\/Leo-Santana-comando-o-Bloco-da-Gold-no-Pre-Carnaval-do-Rio-de-Janeiro.jpg\" \/>\n\t<meta property=\"og:image:width\" content=\"941\" \/>\n\t<meta property=\"og:image:height\" content=\"610\" \/>\n\t<meta property=\"og:image:type\" content=\"image\/jpeg\" \/>\n<meta name=\"author\" content=\"Reda\u00e7\u00e3o Portal MF\" \/>\n<meta name=\"twitter:card\" content=\"summary_large_image\" \/>\n<meta name=\"twitter:creator\" content=\"@https:\/\/x.com\/portalmfoficial\" \/>\n<meta name=\"twitter:label1\" content=\"Escrito por\" \/>\n\t<meta name=\"twitter:data1\" content=\"Reda\u00e7\u00e3o Portal MF\" \/>\n\t<meta name=\"twitter:label2\" content=\"Est. tempo de leitura\" \/>\n\t<meta name=\"twitter:data2\" content=\"3 minutos\" \/>\n<script type=\"application\/ld+json\" class=\"yoast-schema-graph\">{\"@context\":\"https:\/\/schema.org\",\"@graph\":[{\"@type\":\"WebPage\",\"@id\":\"https:\/\/portalmf.com.br\/index.php\/2026\/01\/13\/leo-santana-puxa-bloco-da-gold-vem-com-o-gigante-no-pre-carnaval-do-rio-de-janeiro\/\",\"url\":\"https:\/\/portalmf.com.br\/index.php\/2026\/01\/13\/leo-santana-puxa-bloco-da-gold-vem-com-o-gigante-no-pre-carnaval-do-rio-de-janeiro\/\",\"name\":\"L\u00e9o Santana puxa Bloco da Gold Vem com o Gigante no Pr\u00e9 Carnaval do Rio de Janeiro - Portal MF\",\"isPartOf\":{\"@id\":\"https:\/\/portalmf.com.br\/#website\"},\"primaryImageOfPage\":{\"@id\":\"https:\/\/portalmf.com.br\/index.php\/2026\/01\/13\/leo-santana-puxa-bloco-da-gold-vem-com-o-gigante-no-pre-carnaval-do-rio-de-janeiro\/#primaryimage\"},\"image\":{\"@id\":\"https:\/\/portalmf.com.br\/index.php\/2026\/01\/13\/leo-santana-puxa-bloco-da-gold-vem-com-o-gigante-no-pre-carnaval-do-rio-de-janeiro\/#primaryimage\"},\"thumbnailUrl\":\"https:\/\/portalmf.com.br\/wp-content\/uploads\/2025\/01\/Leo-Santana-comando-o-Bloco-da-Gold-no-Pre-Carnaval-do-Rio-de-Janeiro.jpg\",\"datePublished\":\"2026-01-14T00:22:15+00:00\",\"dateModified\":\"2026-01-14T00:22:16+00:00\",\"author\":{\"@id\":\"https:\/\/portalmf.com.br\/#\/schema\/person\/9ec101baf56233e53520c26de5d6f6f0\"},\"breadcrumb\":{\"@id\":\"https:\/\/portalmf.com.br\/index.php\/2026\/01\/13\/leo-santana-puxa-bloco-da-gold-vem-com-o-gigante-no-pre-carnaval-do-rio-de-janeiro\/#breadcrumb\"},\"inLanguage\":\"pt-BR\",\"potentialAction\":[{\"@type\":\"ReadAction\",\"target\":[\"https:\/\/portalmf.com.br\/index.php\/2026\/01\/13\/leo-santana-puxa-bloco-da-gold-vem-com-o-gigante-no-pre-carnaval-do-rio-de-janeiro\/\"]}]},{\"@type\":\"ImageObject\",\"inLanguage\":\"pt-BR\",\"@id\":\"https:\/\/portalmf.com.br\/index.php\/2026\/01\/13\/leo-santana-puxa-bloco-da-gold-vem-com-o-gigante-no-pre-carnaval-do-rio-de-janeiro\/#primaryimage\",\"url\":\"https:\/\/portalmf.com.br\/wp-content\/uploads\/2025\/01\/Leo-Santana-comando-o-Bloco-da-Gold-no-Pre-Carnaval-do-Rio-de-Janeiro.jpg\",\"contentUrl\":\"https:\/\/portalmf.com.br\/wp-content\/uploads\/2025\/01\/Leo-Santana-comando-o-Bloco-da-Gold-no-Pre-Carnaval-do-Rio-de-Janeiro.jpg\",\"width\":941,\"height\":610},{\"@type\":\"BreadcrumbList\",\"@id\":\"https:\/\/portalmf.com.br\/index.php\/2026\/01\/13\/leo-santana-puxa-bloco-da-gold-vem-com-o-gigante-no-pre-carnaval-do-rio-de-janeiro\/#breadcrumb\",\"itemListElement\":[{\"@type\":\"ListItem\",\"position\":1,\"name\":\"In\u00edcio\",\"item\":\"https:\/\/portalmf.com.br\/\"},{\"@type\":\"ListItem\",\"position\":2,\"name\":\"L\u00e9o Santana puxa Bloco da Gold Vem com o Gigante no Pr\u00e9 Carnaval do Rio de Janeiro\"}]},{\"@type\":\"WebSite\",\"@id\":\"https:\/\/portalmf.com.br\/#website\",\"url\":\"https:\/\/portalmf.com.br\/\",\"name\":\"Portal MF\",\"description\":\"Voc\u00ea conectado com a informa\u00e7\u00e3o\",\"potentialAction\":[{\"@type\":\"SearchAction\",\"target\":{\"@type\":\"EntryPoint\",\"urlTemplate\":\"https:\/\/portalmf.com.br\/?s={search_term_string}\"},\"query-input\":\"required name=search_term_string\"}],\"inLanguage\":\"pt-BR\"},{\"@type\":\"Person\",\"@id\":\"https:\/\/portalmf.com.br\/#\/schema\/person\/9ec101baf56233e53520c26de5d6f6f0\",\"name\":\"Reda\u00e7\u00e3o Portal MF\",\"image\":{\"@type\":\"ImageObject\",\"inLanguage\":\"pt-BR\",\"@id\":\"https:\/\/portalmf.com.br\/#\/schema\/person\/image\/\",\"url\":\"https:\/\/secure.gravatar.com\/avatar\/41b9aaeb2100835f7c64362330f74c7f?s=96&d=mm&r=g\",\"contentUrl\":\"https:\/\/secure.gravatar.com\/avatar\/41b9aaeb2100835f7c64362330f74c7f?s=96&d=mm&r=g\",\"caption\":\"Reda\u00e7\u00e3o Portal MF\"},\"description\":\"Sejam bem-vindos o portal de informa\u00e7\u00f5es de entretenimento de Feira de Santana, desde 2006 realiza coberturas dos principais eventos com entrevistas exclusivas com as principais personalidades mundiais. Fique conectado tamb\u00e9m nas redes sociais.\",\"sameAs\":[\"http:\/\/www.portalmf.com.br\/\",\"https:\/\/www.facebook.com\/portalmfoficial\",\"https:\/\/www.instagram.com\/portalmf\/\",\"https:\/\/x.com\/https:\/\/x.com\/portalmfoficial\",\"https:\/\/www.youtube.com\/@portalmfoficial\"],\"url\":\"https:\/\/portalmf.com.br\/index.php\/author\/junior\/\"}]}<\/script>\n<!-- \/ Yoast SEO plugin. -->","yoast_head_json":{"title":"L\u00e9o Santana puxa Bloco da Gold Vem com o Gigante no Pr\u00e9 Carnaval do Rio de Janeiro - Portal MF","robots":{"index":"index","follow":"follow","max-snippet":"max-snippet:-1","max-image-preview":"max-image-preview:large","max-video-preview":"max-video-preview:-1"},"canonical":"https:\/\/portalmf.com.br\/index.php\/2026\/01\/13\/leo-santana-puxa-bloco-da-gold-vem-com-o-gigante-no-pre-carnaval-do-rio-de-janeiro\/","og_locale":"pt_BR","og_type":"article","og_title":"L\u00e9o Santana puxa Bloco da Gold Vem com o Gigante no Pr\u00e9 Carnaval do Rio de Janeiro - Portal MF","og_description":"Ap\u00f3s animar milhares de pessoas e arrastar uma multid\u00e3o na edi\u00e7\u00e3o de 2025, o Gigante vai repetir a dose e se apresentar no dia 31 de janeiro, a partir de 08h da manh\u00e3, nas ruas cariocas no pr\u00e9 carnaval em janeiro de 2026. O GG da Bahia vai balan\u00e7ar e ferver o solo carioca! O [&hellip;]","og_url":"https:\/\/portalmf.com.br\/index.php\/2026\/01\/13\/leo-santana-puxa-bloco-da-gold-vem-com-o-gigante-no-pre-carnaval-do-rio-de-janeiro\/","og_site_name":"Portal MF","article_author":"https:\/\/www.facebook.com\/portalmfoficial","article_published_time":"2026-01-14T00:22:15+00:00","article_modified_time":"2026-01-14T00:22:16+00:00","og_image":[{"width":941,"height":610,"url":"https:\/\/portalmf.com.br\/wp-content\/uploads\/2025\/01\/Leo-Santana-comando-o-Bloco-da-Gold-no-Pre-Carnaval-do-Rio-de-Janeiro.jpg","type":"image\/jpeg"}],"author":"Reda\u00e7\u00e3o Portal MF","twitter_card":"summary_large_image","twitter_creator":"@https:\/\/x.com\/portalmfoficial","twitter_misc":{"Escrito por":"Reda\u00e7\u00e3o Portal MF","Est. tempo de leitura":"3 minutos"},"schema":{"@context":"https:\/\/schema.org","@graph":[{"@type":"WebPage","@id":"https:\/\/portalmf.com.br\/index.php\/2026\/01\/13\/leo-santana-puxa-bloco-da-gold-vem-com-o-gigante-no-pre-carnaval-do-rio-de-janeiro\/","url":"https:\/\/portalmf.com.br\/index.php\/2026\/01\/13\/leo-santana-puxa-bloco-da-gold-vem-com-o-gigante-no-pre-carnaval-do-rio-de-janeiro\/","name":"L\u00e9o Santana puxa Bloco da Gold Vem com o Gigante no Pr\u00e9 Carnaval do Rio de Janeiro - Portal MF","isPartOf":{"@id":"https:\/\/portalmf.com.br\/#website"},"primaryImageOfPage":{"@id":"https:\/\/portalmf.com.br\/index.php\/2026\/01\/13\/leo-santana-puxa-bloco-da-gold-vem-com-o-gigante-no-pre-carnaval-do-rio-de-janeiro\/#primaryimage"},"image":{"@id":"https:\/\/portalmf.com.br\/index.php\/2026\/01\/13\/leo-santana-puxa-bloco-da-gold-vem-com-o-gigante-no-pre-carnaval-do-rio-de-janeiro\/#primaryimage"},"thumbnailUrl":"https:\/\/portalmf.com.br\/wp-content\/uploads\/2025\/01\/Leo-Santana-comando-o-Bloco-da-Gold-no-Pre-Carnaval-do-Rio-de-Janeiro.jpg","datePublished":"2026-01-14T00:22:15+00:00","dateModified":"2026-01-14T00:22:16+00:00","author":{"@id":"https:\/\/portalmf.com.br\/#\/schema\/person\/9ec101baf56233e53520c26de5d6f6f0"},"breadcrumb":{"@id":"https:\/\/portalmf.com.br\/index.php\/2026\/01\/13\/leo-santana-puxa-bloco-da-gold-vem-com-o-gigante-no-pre-carnaval-do-rio-de-janeiro\/#breadcrumb"},"inLanguage":"pt-BR","potentialAction":[{"@type":"ReadAction","target":["https:\/\/portalmf.com.br\/index.php\/2026\/01\/13\/leo-santana-puxa-bloco-da-gold-vem-com-o-gigante-no-pre-carnaval-do-rio-de-janeiro\/"]}]},{"@type":"ImageObject","inLanguage":"pt-BR","@id":"https:\/\/portalmf.com.br\/index.php\/2026\/01\/13\/leo-santana-puxa-bloco-da-gold-vem-com-o-gigante-no-pre-carnaval-do-rio-de-janeiro\/#primaryimage","url":"https:\/\/portalmf.com.br\/wp-content\/uploads\/2025\/01\/Leo-Santana-comando-o-Bloco-da-Gold-no-Pre-Carnaval-do-Rio-de-Janeiro.jpg","contentUrl":"https:\/\/portalmf.com.br\/wp-content\/uploads\/2025\/01\/Leo-Santana-comando-o-Bloco-da-Gold-no-Pre-Carnaval-do-Rio-de-Janeiro.jpg","width":941,"height":610},{"@type":"BreadcrumbList","@id":"https:\/\/portalmf.com.br\/index.php\/2026\/01\/13\/leo-santana-puxa-bloco-da-gold-vem-com-o-gigante-no-pre-carnaval-do-rio-de-janeiro\/#breadcrumb","itemListElement":[{"@type":"ListItem","position":1,"name":"In\u00edcio","item":"https:\/\/portalmf.com.br\/"},{"@type":"ListItem","position":2,"name":"L\u00e9o Santana puxa Bloco da Gold Vem com o Gigante no Pr\u00e9 Carnaval do Rio de Janeiro"}]},{"@type":"WebSite","@id":"https:\/\/portalmf.com.br\/#website","url":"https:\/\/portalmf.com.br\/","name":"Portal MF","description":"Voc\u00ea conectado com a informa\u00e7\u00e3o","potentialAction":[{"@type":"SearchAction","target":{"@type":"EntryPoint","urlTemplate":"https:\/\/portalmf.com.br\/?s={search_term_string}"},"query-input":"required name=search_term_string"}],"inLanguage":"pt-BR"},{"@type":"Person","@id":"https:\/\/portalmf.com.br\/#\/schema\/person\/9ec101baf56233e53520c26de5d6f6f0","name":"Reda\u00e7\u00e3o Portal MF","image":{"@type":"ImageObject","inLanguage":"pt-BR","@id":"https:\/\/portalmf.com.br\/#\/schema\/person\/image\/","url":"https:\/\/secure.gravatar.com\/avatar\/41b9aaeb2100835f7c64362330f74c7f?s=96&d=mm&r=g","contentUrl":"https:\/\/secure.gravatar.com\/avatar\/41b9aaeb2100835f7c64362330f74c7f?s=96&d=mm&r=g","caption":"Reda\u00e7\u00e3o Portal MF"},"description":"Sejam bem-vindos o portal de informa\u00e7\u00f5es de entretenimento de Feira de Santana, desde 2006 realiza coberturas dos principais eventos com entrevistas exclusivas com as principais personalidades mundiais. Fique conectado tamb\u00e9m nas redes sociais.","sameAs":["http:\/\/www.portalmf.com.br\/","https:\/\/www.facebook.com\/portalmfoficial","https:\/\/www.instagram.com\/portalmf\/","https:\/\/x.com\/https:\/\/x.com\/portalmfoficial","https:\/\/www.youtube.com\/@portalmfoficial"],"url":"https:\/\/portalmf.com.br\/index.php\/author\/junior\/"}]}},"_links":{"self":[{"href":"https:\/\/portalmf.com.br\/index.php\/wp-json\/wp\/v2\/posts\/41080"}],"collection":[{"href":"https:\/\/portalmf.com.br\/index.php\/wp-json\/wp\/v2\/posts"}],"about":[{"href":"https:\/\/portalmf.com.br\/index.php\/wp-json\/wp\/v2\/types\/post"}],"author":[{"embeddable":true,"href":"https:\/\/portalmf.com.br\/index.php\/wp-json\/wp\/v2\/users\/3"}],"replies":[{"embeddable":true,"href":"https:\/\/portalmf.com.br\/index.php\/wp-json\/wp\/v2\/comments?post=41080"}],"version-history":[{"count":1,"href":"https:\/\/portalmf.com.br\/index.php\/wp-json\/wp\/v2\/posts\/41080\/revisions"}],"predecessor-version":[{"id":41081,"href":"https:\/\/portalmf.com.br\/index.php\/wp-json\/wp\/v2\/posts\/41080\/revisions\/41081"}],"wp:featuredmedia":[{"embeddable":true,"href":"https:\/\/portalmf.com.br\/index.php\/wp-json\/wp\/v2\/media\/33471"}],"wp:attachment":[{"href":"https:\/\/portalmf.com.br\/index.php\/wp-json\/wp\/v2\/media?parent=41080"}],"wp:term":[{"taxonomy":"category","embeddable":true,"href":"https:\/\/portalmf.com.br\/index.php\/wp-json\/wp\/v2\/categories?post=41080"},{"taxonomy":"post_tag","embeddable":true,"href":"https:\/\/portalmf.com.br\/index.php\/wp-json\/wp\/v2\/tags?post=41080"}],"curies":[{"name":"wp","href":"https:\/\/api.w.org\/{rel}","templated":true}]}}